

{"id":2470,"date":"2011-08-19T11:08:53","date_gmt":"2011-08-19T14:08:53","guid":{"rendered":"http:\/\/localhost\/multisites\/sead\/2011\/08\/19\/conselho-estadual-de-alimentacao-escolar\/"},"modified":"2023-10-18T16:30:14","modified_gmt":"2023-10-18T19:30:14","slug":"conselho-estadual-de-alimentacao-escolar","status":"publish","type":"post","link":"https:\/\/goias.gov.br\/administracao\/conselho-estadual-de-alimentacao-escolar\/","title":{"rendered":"Conselho de Alimenta\u00e7\u00e3o Escolar"},"content":{"rendered":"<table border=\"1\" cellpadding=\"1\" cellspacing=\"1\" style=\"width: 100%;\">\n<tbody>\n<tr>\n<td align=\"right\" colspan=\"8\"><a href=\"contatosiga\/ver\"><span style=\"color: #0000ff;\">Fale Conosco<\/span><\/a><\/td>\n<\/tr>\n<tr>\n<td align=\"center\" style=\"background-color: #ff9900;\" valign=\"center\"><strong><a href=\"https:\/\/goias.gov.br\/administracao\/siga-sistema-de-gestao-administrativa\/\" title=\"P\u00e1gina inicial do SIGA - Sistema de Gest\u00e3o Administrativa.\">SIGA<\/a><\/strong><\/td>\n<td align=\"center\" style=\"background-color: #bbe8ff; width: 14%;\" valign=\"center\"><a href=\"https:\/\/goias.gov.br\/administracao\/siga-governadoria\/\" title=\"Integrada por \u00f3rg\u00e3os de assessoramento e aux\u00edlio direto ao Chefe do Poder Executivo.\">Governadoria<\/a><\/td>\n<td align=\"center\" style=\"background-color: #bbe8ff; width: 14%;\" valign=\"center\"><a href=\"https:\/\/goias.gov.br\/administracao\/vg-1\/\" title=\"Exerce compet\u00eancias constitucionais, legais e regulamentares de aux\u00edlio ao Governador.\">Vice-Governadoria<\/a><\/td>\n<td align=\"center\" style=\"background-color: #bbe8ff; width: 14%;\" valign=\"center\"><a href=\"https:\/\/goias.gov.br\/administracao\/siga-secretarias\/\" title=\"\u00d3rg\u00e3os de primeiro escal\u00e3o, respons\u00e1veis pela supervis\u00e3o e articula\u00e7\u00e3o das atividades das respectivas \u00e1reas de atua\u00e7\u00e3o, cabendo-lhes especificamente exercerem dentro do seu espa\u00e7o institucional, pol\u00edtico e administrativo, a formula\u00e7\u00e3o das pol\u00edticas e diretrizes, a coordena\u00e7\u00e3o de sua execu\u00e7\u00e3o e a supervis\u00e3o geral das entidades jurisdicionadas.\">Secretarias<\/a><\/td>\n<td align=\"center\" style=\"background-color: #bbe8ff; width: 14%;\" valign=\"center\"><a href=\"https:\/\/goias.gov.br\/administracao\/siga-agencias\/\" title=\"Entidades com personalidade jur\u00eddica de direito p\u00fablico, patrim\u00f4nio e receita pr\u00f3prios e capacidade de auto-administra\u00e7\u00e3o sob controle estatal, para executar atividades e servi\u00e7os do Poder P\u00fablico que, para melhor desempenho, requeiram gest\u00e3o administrativa e financeira descentralizada.\">Ag&ecirc;ncias\/Autarquias<\/a><\/td>\n<td align=\"center\" style=\"background-color: #bbe8ff; width: 14%;\" valign=\"center\"><a href=\"?option=com_content&amp;view=article&amp;id=20126\" title=\"Entidade com personalidade jur\u00eddica de direito p\u00fablico, patrim\u00f4nio e receita pr\u00f3prios e capacidade de auto-administra\u00e7\u00e3o, sob controle estatal, para desenvolver atividades assistenciais, culturais, educacionais, de estudos e pesquisas, ou de apoio \u00e0s referidas atividades.\">Funda&ccedil;&atilde;o<\/a><\/td>\n<td align=\"center\" style=\"background-color: #bbe8ff; width: 14%;\" valign=\"center\"><a href=\"https:\/\/goias.gov.br\/administracao\/siga-sociedades\/\" title=\"Entidades institu\u00eddas sob a forma de sociedade por a\u00e7\u00f5es, tendo em sua denomina\u00e7\u00e3o \u2018Companhia\u2019 ou \u2018S.A.\u2019 (sociedade an\u00f4nima), com o objetivo de realizar atividade econ\u00f4mica ou servi\u00e7o de interesse coletivo.\">Sociedades de Economia Mista<\/a><\/td>\n<td align=\"center\" style=\"background-color: #bbe8ff; width: 14%;\" valign=\"center\"><a href=\"https:\/\/goias.gov.br\/administracao\/siga-conselhos\/\" title=\"\u00d3rg\u00e3os colegiados, que atuam e decidem pela manifesta\u00e7\u00e3o conjunta e majorit\u00e1ria da vontade de seus membros compostos por representantes do Poder P\u00fablico e da sociedade civil. S\u00e3o de natureza normativa, deliberativa, consultiva ou fiscalizadora.\">Conselhos Estaduais<\/a><\/td>\n<\/tr>\n<\/tbody>\n<\/table>\n<p>\n<strong>Conselho de Alimenta&ccedil;&atilde;o Escolar <\/strong><\/p>\n<p><strong>Site:&nbsp;<\/strong><u><a href=\"https:\/\/site.educacao.go.gov.br\/organograma\/conselho-estadual-de-alimentacao-escolar\/\" target=\"_blank\" rel=\"noopener\">hhttps:\/\/site.educacao.go.gov.br\/organograma\/conselho-estadual-de-alimentacao-escolar\/<\/a><\/u><\/p>\n<p><strong>Classifica&ccedil;&atilde;o:&nbsp; <\/strong>Fiscalizador Permanente, Deliberativo e de Assessoramento<\/p>\n<p><strong>Jurisdicionante:<\/strong> <span style=\"color: rgb(0, 0, 0); font-family: &quot;Open Sans&quot;; font-size: 14px; font-style: normal; font-variant-ligatures: normal; font-variant-caps: normal; font-weight: 400; letter-spacing: normal; orphans: 2; text-align: start; text-indent: 0px; text-transform: none; white-space: normal; widows: 2; word-spacing: 0px; -webkit-text-stroke-width: 0px; background-color: rgb(255, 255, 255); text-decoration-style: initial; text-decoration-color: initial; display: inline !important; float: none;\">&#8211;<span>&nbsp;<\/span><\/span><a href=\"http:\/\/www.segplan.go.gov.br\/?option=com_content&amp;view=article&amp;id=18682\" style=\"box-sizing: inherit; background: rgb(255, 255, 255); text-decoration: underline; color: rgb(37, 86, 194); outline: 0px; font-family: &quot;Open Sans&quot;; font-size: 14px; font-style: normal; font-variant-ligatures: normal; font-variant-caps: normal; font-weight: 400; letter-spacing: normal; orphans: 2; text-align: start; text-indent: 0px; text-transform: none; white-space: normal; widows: 2; word-spacing: 0px; -webkit-text-stroke-width: 0px;\">Secretaria de Estado da Educa&ccedil;&atilde;o &#8211; SEDUC<\/a><br \/>\n&nbsp;<\/p>\n<p>LEI DE CRIA&Ccedil;&Atilde;O: Decreto n&ordm; 4.546, de 27 de setembro de 1.995 &ndash; Cria o Conselho Estadual de Alimenta&ccedil;&atilde;o Escolar.<\/p>\n<p>Decreto n&ordm; 5.115, de 10 de setembro de 1999 &ndash; Disp&otilde;e sobre o Conselho Estadual de Alimenta&ccedil;&atilde;o Escolar. Cria o Conselho estadual de Alimenta&ccedil;&atilde;o Escolar, no &acirc;mbito da Secretaria da Educa&ccedil;&atilde;o, define suas atribui&ccedil;&otilde;es e sua composi&ccedil;&atilde;o (art. 1&ordm; e 2&ordm;).<\/p>\n<p>Decreto n&ordm; 6.922, de 15 de maio de 2009 &#8211; Introduz altera&ccedil;&otilde;es no Decreto no 4.546, de 27 de setembro de 1995, que cria o Conselho Estadual de Alimenta&ccedil;&atilde;o Escolar.<\/p>\n<p>Decreto n&ordm; 9.139, de 16 de janeiro de 2018 &#8211; Altera o Decreto n&ordm; 4.546, de 27 de setembro de 1995, que cria o Conselho Estadual de Alimenta&ccedil;&atilde;o Escolar.<\/p>\n<p>Regimento Interno &ndash; Publicado no Di&aacute;rio Oficial n&ordm; 22.885 de 03 de setembro de 2018.<\/p>\n<p>TELEFONE(S) DE CONTATO:32017422<\/p>\n<p>E-MAIL:cae@seduc.go.gov.br<\/p>\n<p>ENDERE&Ccedil;O:Av. Anhanguera, 5.110 &ndash; Ed. Moacir Teles -Centro, Goi&acirc;nia, Goi&aacute;s.<\/p>\n<p>QTDE MEMBROS TITULARES DO PODER EXECUTIVO:1<\/p>\n<p>QTDE MEMBROS TITULARES DA SOCIEDADE:&nbsp; 6<\/p>\n<p>QTDE REUNI&Otilde;ES M&Ecirc;S:10<\/p>\n<p>QTDE REUNI&Otilde;ES EXTRAS \/ANO:5<\/p>\n<p>DURA&Ccedil;&Atilde;O M&Eacute;DIA: 2 horas<\/p>\n<p>JETON:N&atilde;o<\/p>\n<p>VALOR REUNI&Atilde;O:N&atilde;o h&aacute;<\/p>\n<p>OBRIGA&Ccedil;&Atilde;O FEDERAL: N&atilde;o.<\/p>\n<p>C&Acirc;MARAS TEM&Aacute;TICAS: N&atilde;o.<\/p>\n<p>COMPET&Ecirc;NCIAS E MEMBROS:&nbsp;<a href=\"http:\/\/www.gabinetecivil.go.gov.br\/pagina_decretos.php?id=5636\" rel=\"noopener noreferrer\" target=\"_blank\"><span style=\"color: #0000ff;\">Decreto n&ordm; 4.546, de 27 de setembro de 1.995<\/span><\/a> &ndash; Cria o Conselho Estadual de Alimenta&ccedil;&atilde;o Escolar.<\/p>\n<p><strong><span style=\"font-family: Verdana;\">Legisla&ccedil;&atilde;o:<\/span><\/strong><\/p>\n<p>&nbsp;<a href=\"http:\/\/www.gabinetecivil.go.gov.br\/pagina_decretos.php?id=17659\" rel=\"noopener noreferrer\" target=\"_blank\">&#8211; Decreto n&ordm; 9.139, de 16 de janeiro de 2018 <\/a>&#8211; Altera o <a href=\"http:\/\/www.gabinetecivil.goias.gov.br\/decretos\/numerados\/1995\/decreto_4546.htm\">Decreto n&ordm; 4.546<\/a>, de 27 de setembro de 1995, que cria o Conselho Estadual de Alimenta&ccedil;&atilde;o Escolar.<\/p>\n<p style=\"text-align: justify;\">&nbsp;<\/p>\n<p class=\"MsoNormal\"><span style=\"color: black;\">&#8211; <a href=\"http:\/\/www.gabinetecivil.go.gov.br\/pagina_leis.php?id=21436\" rel=\"noopener noreferrer\" target=\"_blank\">Lei n&ordm; 19.574, de 15 de dezembro de 2016<\/a> &#8211; <\/span><span style=\"font-family: 'Arial','sans-serif';\">Disp&otilde;e sobre extin&ccedil;&atilde;o de cargos em comiss&atilde;o, altera&ccedil;&atilde;o de leis e d&aacute; outras provid&ecirc;ncias com vistas &agrave; implementa&ccedil;&atilde;o do novo regime fiscal a vigorar a partir de 1&ordm; de janeiro de 2017.<\/span><\/p>\n<p style=\"text-align: justify;\">&#8211;&nbsp;<a href=\"http:\/\/www.abc.go.gov.br\/arquivos\/diariooficial\/2016\/05\/11\/001.pdf\" rel=\"noopener noreferrer\" target=\"_blank\">Decreto de 09 de maio de 2016<\/a>&nbsp; &#8211;&nbsp;Designa o Assessor Especial da Governadoria, Jonathas Silva, para coordenar e supervisionar a atua&ccedil;&atilde;o dos Secret&aacute;rios Executivos nos respectivos colegiados.<\/p>\n<p style=\"text-align: justify;\">\n&#8211; <span style=\"font-family: Verdana;\"><a href=\"http:\/\/www.gabinetecivil.go.gov.br\/pagina_leis.php?id=9899\" rel=\"noopener noreferrer\" target=\"_blank\"><span style=\"color: #0000ff;\">Lei n&ordm; 17.257, de 25 de janeiro de 2011 &#8211; <\/span><\/a>Disp&otilde;e sobre a organiza&ccedil;&atilde;o da administrativa do Poder Executivo e d&aacute; outras provid&ecirc;ncias.<\/span><\/p>\n<p>&nbsp;<br \/>\n&#8211; <a href=\"http:\/\/www.gabinetecivil.go.gov.br\/pagina_decretos.php?id=6415\" rel=\"noopener noreferrer\" target=\"_blank\"><span style=\"color: #0000ff;\">Decreto n&ordm; 6.922 de 21-05-2009<\/span><\/a> &#8211; Introduz altera&ccedil;&otilde;es no <a href=\"http:\/\/www.gabinetecivil.go.gov.br\/pagina_decretos.php?id=5636\" rel=\"noopener noreferrer\" target=\"_blank\"><span style=\"color: #0000ff;\">Decreto n&ordm; 4.546, de 27 de setembro de 1995<\/span><\/a>, que cria o Conselho Estadual de Alimenta&ccedil;&atilde;o Escolar.<\/p>\n<p>&#8211; <a href=\"http:\/\/www.gabinetecivil.go.gov.br\/pagina_leis.php?id=7644\" rel=\"noopener noreferrer\" target=\"_blank\"><span style=\"color: #0000ff;\">Lei n&ordm; 16.272&nbsp;de 30 de maio de 2008<\/span><\/a> &#8211; Disp&otilde;e sobre a organiza&ccedil;&atilde;o da administra&ccedil;&atilde;o direta, aut&aacute;rquica e fundacional do Poder Executivo.<\/p>\n<p>&nbsp;<br \/>\n&#8211; <a href=\"http:\/\/www.gabinetecivil.go.gov.br\/pagina_decretos.php?id=1749\" rel=\"noopener noreferrer\" target=\"_blank\"><span style=\"color: #0000ff;\">Decreto n.&ordm; 5.317, de 22 de novembro de 2000<\/span><\/a> &ndash; disp&otilde;e sobre o Conselho Estadual de Alimenta&ccedil;&atilde;o Escolar.<\/p>\n<p>&bull; altera a constitui&ccedil;&atilde;o do Conselho (art. 2&ordm;).<\/p>\n<p>&nbsp;<br \/>\n&#8211; <a href=\"http:\/\/www.gabinetecivil.go.gov.br\/pagina_decretos.php?id=1904\" rel=\"noopener noreferrer\" target=\"_blank\"><span style=\"color: #0000ff;\">Decreto n&ordm; 5.115, de 10 de setembro de 1999<\/span><\/a> &ndash; Disp&otilde;e sobre o Conselho Estadual de Alimenta&ccedil;&atilde;o Escolar.<\/p>\n<p>&bull; cria o Conselho estadual de Alimenta&ccedil;&atilde;o Escolar, no &acirc;mbito da Secretaria da Educa&ccedil;&atilde;o, define suas atribui&ccedil;&otilde;es e sua composi&ccedil;&atilde;o (art. 1&ordm; e 2&ordm;).<\/p>\n<p>&nbsp;<br \/>\n&#8211; <a href=\"http:\/\/www.gabinetecivil.go.gov.br\/pagina_decretos.php?id=2146\" rel=\"noopener noreferrer\" target=\"_blank\"><span style=\"color: #0000ff;\">Decreto n&ordm; 4.808, de 04 de julho de 1.997<\/span><\/a> &ndash; Revoga o inc.V, artigo 2&ordm;, do <a href=\"http:\/\/www.gabinetecivil.go.gov.br\/pagina_decretos.php?id=5636\" rel=\"noopener noreferrer\" target=\"_blank\"><span style=\"color: #0000ff;\">Decreto n&ordm; 4.546, de 27 de dezembro de 1.995<\/span><\/a>.<\/p>\n<p>&bull; Minist&eacute;rio P&uacute;blico (inc.V,art. 1&ordm;)<\/p>\n<p>\n&#8211; <a href=\"http:\/\/www.gabinetecivil.go.gov.br\/pagina_decretos.php?id=5636\" rel=\"noopener noreferrer\" target=\"_blank\"><span style=\"color: #0000ff;\">Decreto n&ordm; 4.546, de 27 de setembro de 1.995<\/span><\/a> &ndash; Cria o Conselho Estadual de Alimenta&ccedil;&atilde;o Escolar.<\/p>\n<p>&bull; cria o Conselho Estadual de Alimenta&ccedil;&atilde;o Escolar, define suas atribui&ccedil;&otilde;es e composi&ccedil;&atilde;o (art. 1&ordm; e 2&ordm;).<\/p>\n<p style=\"text-align: justify;\">&nbsp;<\/p>\n<p><a>Voltar<\/a><\/p>\n","protected":false},"excerpt":{"rendered":"<p>Fale Conosco SIGA Governadoria Vice-Governadoria Secretarias Ag&ecirc;ncias\/Autarquias Funda&ccedil;&atilde;o Sociedades de Economia Mista Conselhos Estaduais Conselho de Alimenta&ccedil;&atilde;o Escolar Site:&nbsp;hhttps:\/\/site.educacao.go.gov.br\/organograma\/conselho-estadual-de-alimentacao-escolar\/ Classifica&ccedil;&atilde;o:&nbsp; Fiscalizador Permanente, Deliberativo e de Assessoramento Jurisdicionante: &#8211;&nbsp;Secretaria de Estado da Educa&ccedil;&atilde;o &#8211; SEDUC &nbsp; LEI DE CRIA&Ccedil;&Atilde;O: Decreto n&ordm; 4.546, de 27 de setembro de 1.995 &ndash; Cria o Conselho Estadual de Alimenta&ccedil;&atilde;o Escolar. [&hellip;]<\/p>\n","protected":false},"author":38,"featured_media":31,"comment_status":"closed","ping_status":"open","sticky":false,"template":"","format":"standard","meta":{"footnotes":""},"categories":[25],"tags":[],"class_list":["post-2470","post","type-post","status-publish","format-standard","has-post-thumbnail","hentry","category-conselhos-estaduais"],"rttpg_featured_image_url":{"full":["https:\/\/goias.gov.br\/administracao\/wp-content\/uploads\/sites\/27\/2011\/07\/logo_padrao-a16.jpg",200,110,false],"landscape":["https:\/\/goias.gov.br\/administracao\/wp-content\/uploads\/sites\/27\/2011\/07\/logo_padrao-a16.jpg",200,110,false],"portraits":["https:\/\/goias.gov.br\/administracao\/wp-content\/uploads\/sites\/27\/2011\/07\/logo_padrao-a16.jpg",200,110,false],"thumbnail":["https:\/\/goias.gov.br\/administracao\/wp-content\/uploads\/sites\/27\/2011\/07\/logo_padrao-a16-150x110.jpg",150,110,true],"medium":["https:\/\/goias.gov.br\/administracao\/wp-content\/uploads\/sites\/27\/2011\/07\/logo_padrao-a16.jpg",200,110,false],"large":["https:\/\/goias.gov.br\/administracao\/wp-content\/uploads\/sites\/27\/2011\/07\/logo_padrao-a16.jpg",200,110,false],"1536x1536":["https:\/\/goias.gov.br\/administracao\/wp-content\/uploads\/sites\/27\/2011\/07\/logo_padrao-a16.jpg",200,110,false],"2048x2048":["https:\/\/goias.gov.br\/administracao\/wp-content\/uploads\/sites\/27\/2011\/07\/logo_padrao-a16.jpg",200,110,false]},"rttpg_author":{"display_name":"gustavomartinsgomes","author_link":"https:\/\/goias.gov.br\/administracao\/author\/gustavomartinsgomes\/"},"rttpg_comment":0,"rttpg_category":"<a href=\"https:\/\/goias.gov.br\/administracao\/categoria\/siga\/conselhos-estaduais\/\" rel=\"category tag\">Conselhos Estaduais<\/a>","rttpg_excerpt":"Fale Conosco SIGA Governadoria Vice-Governadoria Secretarias Ag&ecirc;ncias\/Autarquias Funda&ccedil;&atilde;o Sociedades de Economia Mista Conselhos Estaduais Conselho de Alimenta&ccedil;&atilde;o Escolar Site:&nbsp;hhttps:\/\/site.educacao.go.gov.br\/organograma\/conselho-estadual-de-alimentacao-escolar\/ Classifica&ccedil;&atilde;o:&nbsp; Fiscalizador Permanente, Deliberativo e de Assessoramento Jurisdicionante: &#8211;&nbsp;Secretaria de Estado da Educa&ccedil;&atilde;o &#8211; SEDUC &nbsp; LEI DE CRIA&Ccedil;&Atilde;O: Decreto n&ordm; 4.546, de 27 de setembro de 1.995 &ndash; Cria o Conselho Estadual de Alimenta&ccedil;&atilde;o Escolar.&hellip;","_links":{"self":[{"href":"https:\/\/goias.gov.br\/administracao\/wp-json\/wp\/v2\/posts\/2470","targetHints":{"allow":["GET"]}}],"collection":[{"href":"https:\/\/goias.gov.br\/administracao\/wp-json\/wp\/v2\/posts"}],"about":[{"href":"https:\/\/goias.gov.br\/administracao\/wp-json\/wp\/v2\/types\/post"}],"author":[{"embeddable":true,"href":"https:\/\/goias.gov.br\/administracao\/wp-json\/wp\/v2\/users\/38"}],"replies":[{"embeddable":true,"href":"https:\/\/goias.gov.br\/administracao\/wp-json\/wp\/v2\/comments?post=2470"}],"version-history":[{"count":1,"href":"https:\/\/goias.gov.br\/administracao\/wp-json\/wp\/v2\/posts\/2470\/revisions"}],"predecessor-version":[{"id":13990,"href":"https:\/\/goias.gov.br\/administracao\/wp-json\/wp\/v2\/posts\/2470\/revisions\/13990"}],"wp:featuredmedia":[{"embeddable":true,"href":"https:\/\/goias.gov.br\/administracao\/wp-json\/wp\/v2\/media\/31"}],"wp:attachment":[{"href":"https:\/\/goias.gov.br\/administracao\/wp-json\/wp\/v2\/media?parent=2470"}],"wp:term":[{"taxonomy":"category","embeddable":true,"href":"https:\/\/goias.gov.br\/administracao\/wp-json\/wp\/v2\/categories?post=2470"},{"taxonomy":"post_tag","embeddable":true,"href":"https:\/\/goias.gov.br\/administracao\/wp-json\/wp\/v2\/tags?post=2470"}],"curies":[{"name":"wp","href":"https:\/\/api.w.org\/{rel}","templated":true}]}}