

{"id":2345,"date":"2012-01-06T14:01:35","date_gmt":"2012-01-06T16:01:35","guid":{"rendered":"http:\/\/localhost\/multisites\/sead\/2012\/01\/06\/equipe-tecnica\/"},"modified":"2023-10-18T16:29:43","modified_gmt":"2023-10-18T19:29:43","slug":"equipe-tecnica","status":"publish","type":"post","link":"https:\/\/goias.gov.br\/administracao\/equipe-tecnica\/","title":{"rendered":"Equipe T\u00e9cnica"},"content":{"rendered":"<p><strong>Superintend&ecirc;ncia de Moderniza&ccedil;&atilde;o Institucional<\/strong><br \/><strong>Ger&ecirc;ncia de Moderniza&ccedil;&atilde;o de Gest&atilde;o &ndash; GEMOG<\/strong><br \/>Telefone: (62)3201-5721<\/p>\n<p>&nbsp;<\/p>\n<p>Roberta Rodrigues Costa &ndash; <strong>Superintendente de Moderniza&ccedil;&atilde;o Institucional<\/strong><br \/>e-mail: roberta-rc@segplan.go.gov.br<\/p>\n<p>&nbsp;<\/p>\n<p>Ov&iacute;dio Alberto Rodriguez Laraich &ndash; <strong>Gerente de Moderniza&ccedil;&atilde;o de Gest&atilde;o<\/strong><br \/>e-mail: ovidio-arl@segplan.go.gov.br<\/p>\n<p>&nbsp;<\/p>\n<p>Jonathas Prado &#8211; <strong>Analista de Gest&atilde;o Administrativa<\/strong><br \/>e-mail: jonathas-p@segplan.go.gov.br<\/p>\n<p>&nbsp;<\/p>\n<p>Fabricio Mar&ccedil;al V. e Silva &#8211; <strong>Assistente de Gest&atilde;o Administrativa<\/strong><\/p>\n<p>e-mail: Fabricio-mvs@segplan.go.gov.br<\/p>\n<p>&nbsp;<\/p>\n<p>Maria Isabel Bittencourt de Freitas &#8211; <strong>Analista de Gest&atilde;o P&uacute;blica<\/strong><br \/>e-mail: <a href=\"mailto:maria-ibf@segplan.go.gov.br\">maria-ibf@segplan.go.gov.br<\/a><\/p>\n<p>&nbsp;<\/p>\n<p>&nbsp;<\/p>\n<p>&nbsp;<\/p>\n<p><a>Voltar<\/a><\/p>\n","protected":false},"excerpt":{"rendered":"<p>Superintend&ecirc;ncia de Moderniza&ccedil;&atilde;o InstitucionalGer&ecirc;ncia de Moderniza&ccedil;&atilde;o de Gest&atilde;o &ndash; GEMOGTelefone: (62)3201-5721 &nbsp; Roberta Rodrigues Costa &ndash; Superintendente de Moderniza&ccedil;&atilde;o Institucionale-mail: roberta-rc@segplan.go.gov.br &nbsp; Ov&iacute;dio Alberto Rodriguez Laraich &ndash; Gerente de Moderniza&ccedil;&atilde;o de Gest&atilde;oe-mail: ovidio-arl@segplan.go.gov.br &nbsp; Jonathas Prado &#8211; Analista de Gest&atilde;o Administrativae-mail: jonathas-p@segplan.go.gov.br &nbsp; Fabricio Mar&ccedil;al V. e Silva &#8211; Assistente de Gest&atilde;o Administrativa e-mail: Fabricio-mvs@segplan.go.gov.br [&hellip;]<\/p>\n","protected":false},"author":38,"featured_media":31,"comment_status":"closed","ping_status":"open","sticky":false,"template":"","format":"standard","meta":{"footnotes":""},"categories":[90],"tags":[],"class_list":["post-2345","post","type-post","status-publish","format-standard","has-post-thumbnail","hentry","category-modernizacao-de-gestao"],"rttpg_featured_image_url":{"full":["https:\/\/goias.gov.br\/administracao\/wp-content\/uploads\/sites\/27\/2011\/07\/logo_padrao-a16.jpg",200,110,false],"landscape":["https:\/\/goias.gov.br\/administracao\/wp-content\/uploads\/sites\/27\/2011\/07\/logo_padrao-a16.jpg",200,110,false],"portraits":["https:\/\/goias.gov.br\/administracao\/wp-content\/uploads\/sites\/27\/2011\/07\/logo_padrao-a16.jpg",200,110,false],"thumbnail":["https:\/\/goias.gov.br\/administracao\/wp-content\/uploads\/sites\/27\/2011\/07\/logo_padrao-a16-150x110.jpg",150,110,true],"medium":["https:\/\/goias.gov.br\/administracao\/wp-content\/uploads\/sites\/27\/2011\/07\/logo_padrao-a16.jpg",200,110,false],"large":["https:\/\/goias.gov.br\/administracao\/wp-content\/uploads\/sites\/27\/2011\/07\/logo_padrao-a16.jpg",200,110,false],"1536x1536":["https:\/\/goias.gov.br\/administracao\/wp-content\/uploads\/sites\/27\/2011\/07\/logo_padrao-a16.jpg",200,110,false],"2048x2048":["https:\/\/goias.gov.br\/administracao\/wp-content\/uploads\/sites\/27\/2011\/07\/logo_padrao-a16.jpg",200,110,false]},"rttpg_author":{"display_name":"gustavomartinsgomes","author_link":"https:\/\/goias.gov.br\/administracao\/author\/gustavomartinsgomes\/"},"rttpg_comment":0,"rttpg_category":"<a href=\"https:\/\/goias.gov.br\/administracao\/categoria\/gestao\/modernizacao\/modernizacao-de-gestao\/\" rel=\"category tag\">Moderniza\u00e7\u00e3o de Gest\u00e3o<\/a>","rttpg_excerpt":"Superintend&ecirc;ncia de Moderniza&ccedil;&atilde;o InstitucionalGer&ecirc;ncia de Moderniza&ccedil;&atilde;o de Gest&atilde;o &ndash; GEMOGTelefone: (62)3201-5721 &nbsp; Roberta Rodrigues Costa &ndash; Superintendente de Moderniza&ccedil;&atilde;o Institucionale-mail: roberta-rc@segplan.go.gov.br &nbsp; Ov&iacute;dio Alberto Rodriguez Laraich &ndash; Gerente de Moderniza&ccedil;&atilde;o de Gest&atilde;oe-mail: ovidio-arl@segplan.go.gov.br &nbsp; Jonathas Prado &#8211; Analista de Gest&atilde;o Administrativae-mail: jonathas-p@segplan.go.gov.br &nbsp; Fabricio Mar&ccedil;al V. e Silva &#8211; Assistente de Gest&atilde;o Administrativa e-mail: Fabricio-mvs@segplan.go.gov.br&hellip;","_links":{"self":[{"href":"https:\/\/goias.gov.br\/administracao\/wp-json\/wp\/v2\/posts\/2345","targetHints":{"allow":["GET"]}}],"collection":[{"href":"https:\/\/goias.gov.br\/administracao\/wp-json\/wp\/v2\/posts"}],"about":[{"href":"https:\/\/goias.gov.br\/administracao\/wp-json\/wp\/v2\/types\/post"}],"author":[{"embeddable":true,"href":"https:\/\/goias.gov.br\/administracao\/wp-json\/wp\/v2\/users\/38"}],"replies":[{"embeddable":true,"href":"https:\/\/goias.gov.br\/administracao\/wp-json\/wp\/v2\/comments?post=2345"}],"version-history":[{"count":1,"href":"https:\/\/goias.gov.br\/administracao\/wp-json\/wp\/v2\/posts\/2345\/revisions"}],"predecessor-version":[{"id":17368,"href":"https:\/\/goias.gov.br\/administracao\/wp-json\/wp\/v2\/posts\/2345\/revisions\/17368"}],"wp:featuredmedia":[{"embeddable":true,"href":"https:\/\/goias.gov.br\/administracao\/wp-json\/wp\/v2\/media\/31"}],"wp:attachment":[{"href":"https:\/\/goias.gov.br\/administracao\/wp-json\/wp\/v2\/media?parent=2345"}],"wp:term":[{"taxonomy":"category","embeddable":true,"href":"https:\/\/goias.gov.br\/administracao\/wp-json\/wp\/v2\/categories?post=2345"},{"taxonomy":"post_tag","embeddable":true,"href":"https:\/\/goias.gov.br\/administracao\/wp-json\/wp\/v2\/tags?post=2345"}],"curies":[{"name":"wp","href":"https:\/\/api.w.org\/{rel}","templated":true}]}}