

{"id":2300,"date":"2011-08-19T11:08:29","date_gmt":"2011-08-19T14:08:29","guid":{"rendered":"http:\/\/localhost\/multisites\/sead\/2011\/08\/19\/defi\/"},"modified":"2023-10-18T16:30:14","modified_gmt":"2023-10-18T19:30:14","slug":"defi","status":"publish","type":"post","link":"https:\/\/goias.gov.br\/administracao\/defi\/","title":{"rendered":"Conselho Estadual dos Direitos da Pessoa com Defici\u00eancia"},"content":{"rendered":"<table border=\"1\" cellpadding=\"1\" cellspacing=\"1\" style=\"width: 100%;\">\n<tbody>\n<tr>\n<td align=\"right\" colspan=\"8\"><a href=\"contatosiga\/ver\"><span style=\"color: #0000ff;\">Fale Conosco<\/span><\/a><\/td>\n<\/tr>\n<tr>\n<td align=\"center\" style=\"background-color: #ff9900;\" valign=\"center\"><strong><a href=\"https:\/\/goias.gov.br\/administracao\/siga-sistema-de-gestao-administrativa\/\" title=\"P\u00e1gina inicial do SIGA - Sistema de Gest\u00e3o Administrativa.\">SIGA<\/a><\/strong><\/td>\n<td align=\"center\" style=\"background-color: #bbe8ff; width: 14%;\" valign=\"center\"><a href=\"https:\/\/goias.gov.br\/administracao\/siga-governadoria\/\" title=\"Integrada por \u00f3rg\u00e3os de assessoramento e aux\u00edlio direto ao Chefe do Poder Executivo.\">Governadoria<\/a><\/td>\n<td align=\"center\" style=\"background-color: #bbe8ff; width: 14%;\" valign=\"center\"><a href=\"https:\/\/goias.gov.br\/administracao\/vg-1\/\" title=\"Exerce compet\u00eancias constitucionais, legais e regulamentares de aux\u00edlio ao Governador.\">Vice-Governadoria<\/a><\/td>\n<td align=\"center\" style=\"background-color: #bbe8ff; width: 14%;\" valign=\"center\"><a href=\"https:\/\/goias.gov.br\/administracao\/siga-secretarias\/\" title=\"\u00d3rg\u00e3os de primeiro escal\u00e3o, respons\u00e1veis pela supervis\u00e3o e articula\u00e7\u00e3o das atividades das respectivas \u00e1reas de atua\u00e7\u00e3o, cabendo-lhes especificamente exercerem dentro do seu espa\u00e7o institucional, pol\u00edtico e administrativo, a formula\u00e7\u00e3o das pol\u00edticas e diretrizes, a coordena\u00e7\u00e3o de sua execu\u00e7\u00e3o e a supervis\u00e3o geral das entidades jurisdicionadas.\">Secretarias<\/a><\/td>\n<td align=\"center\" style=\"background-color: #bbe8ff; width: 14%;\" valign=\"center\"><a href=\"https:\/\/goias.gov.br\/administracao\/siga-agencias\/\" title=\"Entidades com personalidade jur\u00eddica de direito p\u00fablico, patrim\u00f4nio e receita pr\u00f3prios e capacidade de auto-administra\u00e7\u00e3o sob controle estatal, para executar atividades e servi\u00e7os do Poder P\u00fablico que, para melhor desempenho, requeiram gest\u00e3o administrativa e financeira descentralizada.\">Ag&ecirc;ncias\/Autarquias<\/a><\/td>\n<td align=\"center\" style=\"background-color: #bbe8ff; width: 14%;\" valign=\"center\"><a href=\"?option=com_content&amp;view=article&amp;id=20126\" title=\"Entidade com personalidade jur\u00eddica de direito p\u00fablico, patrim\u00f4nio e receita pr\u00f3prios e capacidade de auto-administra\u00e7\u00e3o, sob controle estatal, para desenvolver atividades assistenciais, culturais, educacionais, de estudos e pesquisas, ou de apoio \u00e0s referidas atividades.\">Funda&ccedil;&atilde;o<\/a><\/td>\n<td align=\"center\" style=\"background-color: #bbe8ff; width: 14%;\" valign=\"center\"><a href=\"https:\/\/goias.gov.br\/administracao\/siga-sociedades\/\" title=\"Entidades institu\u00eddas sob a forma de sociedade por a\u00e7\u00f5es, tendo em sua denomina\u00e7\u00e3o \u2018Companhia\u2019 ou \u2018S.A.\u2019 (sociedade an\u00f4nima), com o objetivo de realizar atividade econ\u00f4mica ou servi\u00e7o de interesse coletivo.\">Sociedades de Economia Mista<\/a><\/td>\n<td align=\"center\" style=\"background-color: #bbe8ff; width: 14%;\" valign=\"center\"><a href=\"https:\/\/goias.gov.br\/administracao\/siga-conselhos\/\" title=\"\u00d3rg\u00e3os colegiados, que atuam e decidem pela manifesta\u00e7\u00e3o conjunta e majorit\u00e1ria da vontade de seus membros compostos por representantes do Poder P\u00fablico e da sociedade civil. S\u00e3o de natureza normativa, deliberativa, consultiva ou fiscalizadora.\">Conselhos Estaduais<\/a><\/td>\n<\/tr>\n<\/tbody>\n<\/table>\n<p>&nbsp;<\/p>\n<p><strong>Conselho Estadual dos Direitos da Pessoa com Defici&ecirc;ncia&nbsp;<\/strong><\/p>\n<p>&nbsp;<\/p>\n<p>SITE: <a href=\"http:\/\/www.sgc.goias.gov.br\/upload\/arquivos\/2015-09\/regimento-interno-do-cedd-go.pdf\" target=\"_blank\" rel=\"noopener\">Informativo<\/a><\/p>\n<p>LEI DE CRIA&Ccedil;&Atilde;O:LEI N&ordm; 12.695, DE 11 DE SETEMBRO DE 1995 &#8211; Cria a Pol&iacute;tica&nbsp; Estadual&nbsp;de Aten&ccedil;&atilde;o ao Deficiente, o Fundo&nbsp; Estadual de&nbsp; Apoio ao Deficiente, o Conselho Estadual dos Direitos da Pessoa com Defici&ecirc;ncia e d&aacute; outras provid&ecirc;ncias.<\/p>\n<p>Resolu&ccedil;&atilde;o n&ordm; 02 de 25 de setembro de 2019 &#8211; Institui o Novo Regimento Interno do Conselho Estadual dos Direitos da Pessoa com Defici&ecirc;ncia do Estado de Goi&aacute;s.<\/p>\n<p>TELEFONE(S) DE CONTATO: (62) 3201-8560&nbsp;&nbsp;&nbsp;&nbsp;&nbsp;&nbsp;&nbsp;&nbsp;&nbsp;<\/p>\n<p>E-MAIL: &nbsp;&nbsp;&nbsp;&nbsp; conselhoestadual.pcd.go@gmail.com&nbsp;&nbsp;&nbsp;&nbsp;&nbsp;&nbsp;&nbsp;&nbsp;&nbsp;&nbsp;&nbsp;&nbsp;<\/p>\n<p>ENDERE&Ccedil;O:&nbsp;&nbsp;&nbsp;&nbsp; AV. ANHANGUERA, 3463, ST. LESTE UNIVERSIT&Aacute;RIO, GOI&Acirc;NIA.<\/p>\n<p>QTDE MEMBROS EXECULTIVO:&nbsp;&nbsp;&nbsp;&nbsp; 12<\/p>\n<p>QTDE MEMBROS SOCIEDADE:&nbsp;&nbsp;&nbsp;&nbsp; 12<\/p>\n<p>QTDE REUNI&Otilde;ES M&Ecirc;S: 1<\/p>\n<p>QTDE REUNI&Otilde;ES EXTRAS \/ANO:&nbsp;&nbsp;&nbsp;&nbsp; 4<\/p>\n<p>DURA&Ccedil;&Atilde;O M&Eacute;DIA:&nbsp;&nbsp;&nbsp;&nbsp; 3h<\/p>\n<p>JETON:&nbsp;&nbsp;&nbsp;&nbsp; N&atilde;o<\/p>\n<p>VALOR REUNI&Atilde;O:&nbsp;&nbsp;&nbsp;&nbsp; N&atilde;o h&aacute;<\/p>\n<p>&nbsp;<\/p>\n<p>OBRIGA&Ccedil;&Atilde;O FEDERAL: &nbsp;&nbsp;&nbsp;<\/p>\n<p>Vide Lei n&ordm; 13.146, de 06 de junho de 2015. &ndash; Institui a Lei Brasileira de Inclus&atilde;o da Pessoa&nbsp;&nbsp;&nbsp;&nbsp;&nbsp;&nbsp; com Defici&ecirc;ncia (Estatuto da Pessoa com Defici&ecirc;ncia).<\/p>\n<p>&nbsp;<\/p>\n<p>C&Acirc;MARAS TEM&Aacute;TICAS: &ldquo;03 Comiss&otilde;es Permanentes:<\/p>\n<p>&#8211; Comiss&atilde;o de Pol&iacute;ticas P&uacute;blicas;<\/p>\n<p>&#8211; Comiss&atilde;o de Acompanhamento e Fiscaliza&ccedil;&atilde;o;<\/p>\n<p>&#8211; Comiss&atilde;o de Direito e Legisla&ccedil;&atilde;o.&rdquo;<\/p>\n<p>&nbsp;<\/p>\n<p>Compet&ecirc;ncias e membros:&nbsp;<u><a href=\"https:\/\/legislacao.presidencia.gov.br\/atos\/?tipo=LEI&amp;numero=13146&amp;ano=2015&amp;ato=c4aUTW65UNVpWT495\" target=\"_blank\" rel=\"noopener\">Lei n&ordm; 13.146, de 06 de junho de 2015<\/a><\/u>.<\/p>\n<p>&nbsp;<\/p>\n<p><strong><span style=\"font-family: Verdana;\">Legisla&ccedil;&atilde;o:<\/span><\/strong><\/p>\n<p>&nbsp;<\/p>\n<p class=\"MsoNormal\"><u><a href=\"https:\/\/goias.gov.br\/administracao\/wp-content\/uploads\/sites\/27\/2011\/08\/Resolucaon02de25desetembrode2019-6e9.pdf\" target=\"_blank\" rel=\"noopener\">&#8211; Resolu&ccedil;&atilde;o n&ordm; 02 de 25 de setembro de 2019,<\/a><\/u> &#8211; Institui o Novo Regimento Interno do Conselho Estadual dos Direitos da Pessoa com Defici&ecirc;ncia do Estado de Goi&aacute;s.<\/p>\n<p class=\"MsoNormal\"><span style=\"color: black;\"><a href=\"http:\/\/www.gabinetecivil.go.gov.br\/pagina_leis.php?id=21436\" rel=\"noopener noreferrer\" target=\"_blank\">&#8211; Lei n&ordm; 19.574, de 15 de dezembro de 2016<\/a> &#8211; <\/span><span style=\"font-family: 'Arial','sans-serif';\">Disp&otilde;e sobre extin&ccedil;&atilde;o de cargos em comiss&atilde;o, altera&ccedil;&atilde;o de leis e d&aacute; outras provid&ecirc;ncias com vistas &agrave; implementa&ccedil;&atilde;o do novo regime fiscal a vigorar a partir de 1&ordm; de janeiro de 2017<\/span><\/p>\n<p>&#8211;&nbsp;<a href=\"http:\/\/www.abc.go.gov.br\/arquivos\/diariooficial\/2016\/05\/11\/001.pdf\" rel=\"noopener noreferrer\" target=\"_blank\">Decreto de 09 de maio de 2016<\/a>&nbsp; &#8211;&nbsp;Designa o Assessor Especial da Governadoria, Jonathas Silva, para coordenar e supervisionar a atua&ccedil;&atilde;o dos Secret&aacute;rios Executivos nos respectivos colegiados.<\/p>\n<p style=\"text-align: justify;\"><span style=\"font-family: Verdana;\"><a href=\"http:\/\/www.gabinetecivil.go.gov.br\/pagina_leis.php?id=9899\" rel=\"noopener noreferrer\" target=\"_blank\"><span style=\"color: #0000ff;\">&#8211; Lei n&ordm; 17.257, de 25 de janeiro de 2011 &#8211; <\/span><\/a>Disp&otilde;e sobre a organiza&ccedil;&atilde;o da administrativa do Poder Executivo e d&aacute; outras provid&ecirc;ncias.<\/span><\/p>\n<p>&#8211; <a href=\"http:\/\/www.gabinetecivil.go.gov.br\/pagina_decretos.php?id=7473\" rel=\"noopener noreferrer\" target=\"_blank\"><span style=\"color: #0000ff;\">Decreto n&ordm; 6.973 de 11-09-2009 &#8211; <\/span><\/a>Restabelece o Conselho Estadual dos Direitos do Deficiente, criado pela&nbsp;<a href=\"http:\/\/www.gabinetecivil.go.gov.br\/pagina_leis.php?id=3182\" rel=\"noopener noreferrer\" target=\"_blank\"><span style=\"color: #0000ff;\">&#8211; Lei n&ordm; 12.695, de 11 de setembro de 1.995<\/span><\/a><\/p>\n<p><a href=\"http:\/\/www.gabinetecivil.go.gov.br\/pagina_leis.php?id=7644\" rel=\"noopener noreferrer\" target=\"_blank\"><span style=\"color: #0000ff;\">&#8211; Lei n&ordm; 16.272 de 30 de maio de 2008<\/span><\/a> &#8211; &nbsp;Disp&otilde;e sobre a organiza&ccedil;&atilde;o da administra&ccedil;&atilde;o direta, aut&aacute;rquica e fundacional do Poder Executivo.<\/p>\n<p><a href=\"http:\/\/www.gabinetecivil.go.gov.br\/pagina_leis.php?id=355\" rel=\"noopener noreferrer\" target=\"_blank\"><span style=\"color: #0000ff;\">&#8211; Lei n&ordm; 15.803, de 18 de setembro de 2006<\/span><\/a> &#8211; Altera dispositivo da &#8211; <a href=\"http:\/\/www.gabinetecivil.go.gov.br\/pagina_leis.php?id=3182\" rel=\"noopener noreferrer\" target=\"_blank\"><span style=\"color: #0000ff;\">Lei n&ordm; 12.695, de 11 de setembro de 1995<\/span><\/a>, que cria a Pol&iacute;tica Estadual de Aten&ccedil;&atilde;o ao Deficiente, o Fundo Estadual de Apoio ao Deficiente, o Conselho Estadual dos Direitos do Deficiente e d&aacute; outras provid&ecirc;ncias.<\/p>\n<p><a href=\"http:\/\/www.gabinetecivil.go.gov.br\/pagina_leis.php?id=995\" rel=\"noopener noreferrer\" target=\"_blank\"><span style=\"color: #0000ff;\">&#8211; Lei n&ordm; 15.440, de 16 de novembro de 2.005<\/span><\/a> &ndash; Introduz altera&ccedil;&otilde;es na <a href=\"http:\/\/www.gabinetecivil.go.gov.br\/pagina_leis.php?id=3182\" rel=\"noopener noreferrer\" target=\"_blank\"><span style=\"color: #0000ff;\">Lei n&ordm; 12.695, de 11 de setembro de 1.995<\/span><\/a> , que cria a Pol&iacute;tica Estadual de Aten&ccedil;&atilde;o ao Deficiente, o Fundo Estadual de Apoio ao Deficiente, o Conselho Estadual dos Direitos do Deficiente e d&aacute; outras provid&ecirc;ncias.<\/p>\n<p><a href=\"http:\/\/www.gabinetecivil.go.gov.br\/pagina_leis.php?id=1669\" rel=\"noopener noreferrer\" target=\"_blank\"><span style=\"color: #0000ff;\">&#8211; Lei n&ordm; 14.577, de 11 de novembro de 2.003<\/span><\/a> &ndash; Modifica a organiza&ccedil;&atilde;o do administrativa do Poder Executivo e d&aacute; outras provid&ecirc;ncias.<\/p>\n<p>&bull; o Conselho Estadual dos Direitos dos Deficientes passa a integrar a Secretaria de Cidadania ( al&iacute;nea &ldquo;d&rdquo;, inciso VIII, art.3&ordm;).<\/p>\n<p><a href=\"http:\/\/www.gabinetecivil.go.gov.br\/pagina_leis.php?id=7707\" rel=\"noopener noreferrer\" target=\"_blank\"><span style=\"color: #0000ff;\">&#8211; Lei n&ordm; 13.456, de 16 de abril de 1.999<\/span><\/a> &ndash; Disp&otilde;e sobre a organiza&ccedil;&atilde;o da administra&ccedil;&atilde;o direta, aut&aacute;rquica e fundacional do Poder Executivo e d&aacute; outras provid&ecirc;ncias.<\/p>\n<p>&bull; o Conselho Estadual dos Direitos dos Deficientes passa a integrar a Secretaria de Cidadania e Trabalho.(al&iacute;nea &ldquo;e&rdquo;, inc. VIII, art.4&ordm;).<\/p>\n<p><a href=\"http:\/\/www.gabinetecivil.go.gov.br\/pagina_leis.php?id=3182\" rel=\"noopener noreferrer\" target=\"_blank\"><span style=\"color: #0000ff;\">&#8211; Lei n&ordm; 12.695, de 11 de setembro de 1.995<\/span><\/a> &ndash; Cria a Pol&iacute;tica Estadual de aten&ccedil;&atilde;o ao Deficiente, o Fundo Estadual de Apoio ao Deficiente, o Conselho Estadual dos Direitos do Deficiente e d&aacute; outras provid&ecirc;ncias.<\/p>\n<p>&bull; cria o Conselho Estadual dos Direitos do Deficiente e define as suas compet&ecirc;ncias (Art.9&ordm;).<\/p>\n<p style=\"text-align: justify;\">&nbsp;<\/p>\n<p><a>Voltar<\/a><\/p>\n","protected":false},"excerpt":{"rendered":"<p>Fale Conosco SIGA Governadoria Vice-Governadoria Secretarias Ag&ecirc;ncias\/Autarquias Funda&ccedil;&atilde;o Sociedades de Economia Mista Conselhos Estaduais &nbsp; Conselho Estadual dos Direitos da Pessoa com Defici&ecirc;ncia&nbsp; &nbsp; SITE: Informativo LEI DE CRIA&Ccedil;&Atilde;O:LEI N&ordm; 12.695, DE 11 DE SETEMBRO DE 1995 &#8211; Cria a Pol&iacute;tica&nbsp; Estadual&nbsp;de Aten&ccedil;&atilde;o ao Deficiente, o Fundo&nbsp; Estadual de&nbsp; Apoio ao Deficiente, o Conselho Estadual [&hellip;]<\/p>\n","protected":false},"author":38,"featured_media":31,"comment_status":"closed","ping_status":"open","sticky":false,"template":"","format":"standard","meta":{"footnotes":""},"categories":[25],"tags":[],"class_list":["post-2300","post","type-post","status-publish","format-standard","has-post-thumbnail","hentry","category-conselhos-estaduais"],"rttpg_featured_image_url":{"full":["https:\/\/goias.gov.br\/administracao\/wp-content\/uploads\/sites\/27\/2011\/07\/logo_padrao-a16.jpg",200,110,false],"landscape":["https:\/\/goias.gov.br\/administracao\/wp-content\/uploads\/sites\/27\/2011\/07\/logo_padrao-a16.jpg",200,110,false],"portraits":["https:\/\/goias.gov.br\/administracao\/wp-content\/uploads\/sites\/27\/2011\/07\/logo_padrao-a16.jpg",200,110,false],"thumbnail":["https:\/\/goias.gov.br\/administracao\/wp-content\/uploads\/sites\/27\/2011\/07\/logo_padrao-a16-150x110.jpg",150,110,true],"medium":["https:\/\/goias.gov.br\/administracao\/wp-content\/uploads\/sites\/27\/2011\/07\/logo_padrao-a16.jpg",200,110,false],"large":["https:\/\/goias.gov.br\/administracao\/wp-content\/uploads\/sites\/27\/2011\/07\/logo_padrao-a16.jpg",200,110,false],"1536x1536":["https:\/\/goias.gov.br\/administracao\/wp-content\/uploads\/sites\/27\/2011\/07\/logo_padrao-a16.jpg",200,110,false],"2048x2048":["https:\/\/goias.gov.br\/administracao\/wp-content\/uploads\/sites\/27\/2011\/07\/logo_padrao-a16.jpg",200,110,false]},"rttpg_author":{"display_name":"gustavomartinsgomes","author_link":"https:\/\/goias.gov.br\/administracao\/author\/gustavomartinsgomes\/"},"rttpg_comment":0,"rttpg_category":"<a href=\"https:\/\/goias.gov.br\/administracao\/categoria\/siga\/conselhos-estaduais\/\" rel=\"category tag\">Conselhos Estaduais<\/a>","rttpg_excerpt":"Fale Conosco SIGA Governadoria Vice-Governadoria Secretarias Ag&ecirc;ncias\/Autarquias Funda&ccedil;&atilde;o Sociedades de Economia Mista Conselhos Estaduais &nbsp; Conselho Estadual dos Direitos da Pessoa com Defici&ecirc;ncia&nbsp; &nbsp; SITE: Informativo LEI DE CRIA&Ccedil;&Atilde;O:LEI N&ordm; 12.695, DE 11 DE SETEMBRO DE 1995 &#8211; Cria a Pol&iacute;tica&nbsp; Estadual&nbsp;de Aten&ccedil;&atilde;o ao Deficiente, o Fundo&nbsp; Estadual de&nbsp; Apoio ao Deficiente, o Conselho Estadual&hellip;","_links":{"self":[{"href":"https:\/\/goias.gov.br\/administracao\/wp-json\/wp\/v2\/posts\/2300","targetHints":{"allow":["GET"]}}],"collection":[{"href":"https:\/\/goias.gov.br\/administracao\/wp-json\/wp\/v2\/posts"}],"about":[{"href":"https:\/\/goias.gov.br\/administracao\/wp-json\/wp\/v2\/types\/post"}],"author":[{"embeddable":true,"href":"https:\/\/goias.gov.br\/administracao\/wp-json\/wp\/v2\/users\/38"}],"replies":[{"embeddable":true,"href":"https:\/\/goias.gov.br\/administracao\/wp-json\/wp\/v2\/comments?post=2300"}],"version-history":[{"count":1,"href":"https:\/\/goias.gov.br\/administracao\/wp-json\/wp\/v2\/posts\/2300\/revisions"}],"predecessor-version":[{"id":13859,"href":"https:\/\/goias.gov.br\/administracao\/wp-json\/wp\/v2\/posts\/2300\/revisions\/13859"}],"wp:featuredmedia":[{"embeddable":true,"href":"https:\/\/goias.gov.br\/administracao\/wp-json\/wp\/v2\/media\/31"}],"wp:attachment":[{"href":"https:\/\/goias.gov.br\/administracao\/wp-json\/wp\/v2\/media?parent=2300"}],"wp:term":[{"taxonomy":"category","embeddable":true,"href":"https:\/\/goias.gov.br\/administracao\/wp-json\/wp\/v2\/categories?post=2300"},{"taxonomy":"post_tag","embeddable":true,"href":"https:\/\/goias.gov.br\/administracao\/wp-json\/wp\/v2\/tags?post=2300"}],"curies":[{"name":"wp","href":"https:\/\/api.w.org\/{rel}","templated":true}]}}