

{"id":2236,"date":"2016-01-12T12:01:25","date_gmt":"2016-01-12T14:01:25","guid":{"rendered":"http:\/\/localhost\/multisites\/sead\/2016\/01\/12\/cidada-legislacao-2016\/"},"modified":"2023-10-18T16:25:08","modified_gmt":"2023-10-18T19:25:08","slug":"cidada-legislacao-2016","status":"publish","type":"post","link":"https:\/\/goias.gov.br\/administracao\/cidada-legislacao-2016\/","title":{"rendered":"CIDAD\u00c3 &#8211; Legisla\u00e7\u00e3o 2016 a 2018"},"content":{"rendered":"<table border=\"1\" cellpadding=\"1\" cellspacing=\"1\" style=\"width: 100%;\">\n<tbody>\n<tr style=\"height: 15px;\">\n<td align=\"right\" colspan=\"8\" style=\"height: 15px;\"><a href=\"https:\/\/goias.gov.br\/administracao\/tee-2\/\"><span style=\"color: #0000ff;\">Fale Conosco<\/span><\/a><\/td>\n<\/tr>\n<tr style=\"height: 15.8167px;\">\n<td align=\"center\" style=\"background-color: #ff9900; height: 15.8167px;\" valign=\"middle\"><strong><a href=\"https:\/\/goias.gov.br\/administracao\/siga-eng\/\" title=\"P\u00e1gina inicial do SIGA - Sistema de Gest\u00e3o Administrativa.\">SIGA<\/a><\/strong><\/td>\n<td align=\"center\" style=\"background-color: #bbe8ff; height: 15.8167px; width: 14%;\" valign=\"middle\"><a href=\"https:\/\/goias.gov.br\/administracao\/siga-governadoria\/\" title=\"Integrada por \u00f3rg\u00e3os de assessoramento e aux\u00edlio direto ao Chefe do Poder Executivo.\">Governadoria<\/a><\/td>\n<td align=\"center\" style=\"background-color: #bbe8ff; height: 15.8167px; width: 14%;\" valign=\"middle\"><a href=\"https:\/\/goias.gov.br\/administracao\/vg-1\/\" title=\"Exerce compet\u00eancias constitucionais, legais e regulamentares de aux\u00edlio ao Governador.\">Vice-Governadoria<\/a><\/td>\n<td align=\"center\" style=\"background-color: #bbe8ff; height: 15.8167px; width: 14%;\" valign=\"middle\"><a href=\"https:\/\/goias.gov.br\/administracao\/siga-secretarias\/\" title=\"\u00d3rg\u00e3os de primeiro escal\u00e3o, respons\u00e1veis pela supervis\u00e3o e articula\u00e7\u00e3o das atividades das respectivas \u00e1reas de atua\u00e7\u00e3o, cabendo-lhes especificamente exercerem dentro do seu espa\u00e7o institucional, pol\u00edtico e administrativo, a formula\u00e7\u00e3o das pol\u00edticas e diretrizes, a coordena\u00e7\u00e3o de sua execu\u00e7\u00e3o e a supervis\u00e3o geral das entidades jurisdicionadas.\">Secretarias<\/a><\/td>\n<td align=\"center\" style=\"background-color: #bbe8ff; height: 15.8167px; width: 14%;\" valign=\"middle\"><a href=\"https:\/\/goias.gov.br\/administracao\/siga-agencias\/\" title=\"Entidades com personalidade jur\u00eddica de direito p\u00fablico, patrim\u00f4nio e receita pr\u00f3prios e capacidade de auto-administra\u00e7\u00e3o sob controle estatal, para executar atividades e servi\u00e7os do Poder P\u00fablico que, para melhor desempenho, requeiram gest\u00e3o administrativa e financeira descentralizada.\">Ag&ecirc;ncias\/Autarquias<\/a><\/td>\n<td align=\"center\" style=\"background-color: #bbe8ff; height: 15.8167px; width: 14%;\" valign=\"middle\"><a href=\"https:\/\/goias.gov.br\/administracao\/fundacao-de-amparo-a-pesquisa-do-estado-de-goias-fapeg-dados-gerais\/\" title=\"Entidade com personalidade jur\u00eddica de direito p\u00fablico, patrim\u00f4nio e receita pr\u00f3prios e capacidade de auto-administra\u00e7\u00e3o, sob controle estatal, para desenvolver atividades assistenciais, culturais, educacionais, de estudos e pesquisas, ou de apoio \u00e0s referidas atividades\">Funda&ccedil;&atilde;o<\/a><\/td>\n<td align=\"center\" style=\"background-color: #bbe8ff; height: 15.8167px; width: 14%;\" valign=\"middle\"><a href=\"https:\/\/goias.gov.br\/administracao\/siga-sociedades\/\" title=\"Entidades institu\u00eddas sob a forma de sociedade por a\u00e7\u00f5es, tendo em sua denomina\u00e7\u00e3o \u2018Companhia\u2019 ou \u2018S.A.\u2019 (sociedade an\u00f4nima), com o objetivo de realizar atividade econ\u00f4mica ou servi\u00e7o de interesse coletivo.\">Sociedades de Economia Mista<\/a><\/td>\n<td align=\"center\" style=\"background-color: #bbe8ff; height: 15.8167px; width: 14%;\" valign=\"middle\"><a href=\"https:\/\/goias.gov.br\/administracao\/siga-conselhos\/\" title=\"\u00d3rg\u00e3os colegiados, que atuam e decidem pela manifesta\u00e7\u00e3o conjunta e majorit\u00e1ria da vontade de seus membros compostos por representantes do Poder P\u00fablico e da sociedade civil. S\u00e3o de natureza normativa, deliberativa, consultiva ou fiscalizadora.\">Conselhos Estaduais<\/a><\/td>\n<\/tr>\n<\/tbody>\n<\/table>\n<p>&nbsp;<\/p>\n<p><strong><strong><strong>Secretaria da Mulher, Desenvolvimento Social, Igualdade Racial e dos&nbsp; Direitos Humanos &#8211; CIDAD&Atilde;<\/strong><\/strong><\/strong><\/p>\n<p><a href=\"https:\/\/goias.gov.br\/administracao\/secreigualdade-taria-da-mulher-desenvolvimento-social-igualdade-racial-direitos-humanos-e-trabalho-dados-gerais\/\"><span style=\"color: #0000ff;\">Dados Gerais<\/span><\/a> | <a href=\"https:\/\/goias.gov.br\/administracao\/secretaria-de-estado-de-desenvolvimento-social-regulamento\/\"><span style=\"color: #0000ff;\">Compet&ecirc;ncias<\/span><\/a> | <a href=\"https:\/\/goias.gov.br\/administracao\/secretaria-da-mulher-desenvolvimento-social-igualdade-racial-direitos-humanos-e-trabalho-legislacao\/\"><span style=\"color: #0000ff;\">Legisla&ccedil;&atilde;o<\/span><\/a> | <a href=\"https:\/\/goias.gov.br\/administracao\/secretaria-da-mulher-desenvolvimento-social-igualdade-racial-direitos-humanos-e-trabalho-fundos\/\"><span style=\"color: #0000ff;\">Fundos<\/span><\/a> | <a href=\"http:\/\/www.sgc.goias.gov.br\/upload\/arquivos\/2018-05\/secretaria-cidadA-2.pdf\" rel=\"noopener noreferrer\" target=\"_blank\"><span style=\"color: #0000ff;\">Organograma<\/span><\/a>&nbsp; |&nbsp;<a href=\"https:\/\/goias.gov.br\/administracao\/2013\/10\/18\/secretaria-da-mulher-desenvolvimento-social-igualdade-racial-direitos-humanos-e-trabalho-grupo-executivo\/\"><span style=\"color: #0000ff;\">Grupos Executivos<\/span><\/a><\/p>\n<p><strong>&nbsp;<\/strong><\/p>\n<p><strong><strong>Legisla&ccedil;&atilde;o:<\/strong><\/strong><\/p>\n<p style=\"text-align: justify;\"><a href=\"https:\/\/goias.gov.br\/administracao\/wp-content\/uploads\/sites\/27\/2016\/01\/portariacidada-697.pdf\" target=\"_blank\" rel=\"noopener\">&#8211; Portaria 0327\/2018 &ndash; CIDAD&Atilde;<\/a> &#8211; RESOLVE: Art. 1&ordm;- Criar a Escola do Sistema &Uacute;nico de Assist&ecirc;ncia Social do Estado de Goi&aacute;s, doravante denominada &ldquo;Escola do SUAS&rdquo;, vinculada &agrave; Superintend&ecirc;ncia de Gest&atilde;o do Sistema &Uacute;nico de Assist&ecirc;ncia Social &#8211; SGSUAS, que por sua vez est&aacute; inserida na Superintend&ecirc;ncia Executiva de Desenvolvimento e Assist&ecirc;ncia Social &#8211; SEDAS, em conson&acirc;ncia com a Pol&iacute;tica Estadual de Assist&ecirc;ncia Social- PEAS-GO, Lei Org&acirc;nica de Assist&ecirc;ncia Social, Normas Operacionais B&aacute;sicas do SUAS e a Pol&iacute;tica Nacional de Capacita&ccedil;&atilde;o e Educa&ccedil;&atilde;o Permanente.<\/p>\n<p>&#8211; <a href=\"https:\/\/goias.gov.br\/administracao\/wp-content\/uploads\/sites\/27\/2016\/01\/Instruncao013-1-da4.pdf\" target=\"_blank\" rel=\"noopener\">Instru&ccedil;&atilde;o Normativa&nbsp;&nbsp;N&deg; 013\/2018<\/a>&nbsp;&ndash; Disp&otilde;es sobre as diretrizes e valores limites para contrata&ccedil;&atilde;o de servi&ccedil;os de vigil&acirc;ncia, limpeza e conserva&ccedil;&atilde;o.<\/p>\n<p>&#8211; <a href=\"http:\/\/www.gabinetecivil.go.gov.br\/pagina_decretos.php?id=18306\" rel=\"noopener noreferrer\" target=\"_blank\">Decreto n&deg; 9.252, de 25 de junho de 2018<\/a> &#8211;&nbsp;Institui o Pacto Goiano pelo Fim da Viol&ecirc;ncia contra a Mulher e a Rede Estadual pelo Fim da Viol&ecirc;ncia contra a Mulher.<\/p>\n<p>&#8211; <a href=\"Institui%20os%20Comit\u00eas%20Permanentes%20para%20Quest\u00f5es%20da%20Mulher%20e%20da%20Diversidade,%20no%20\u00e2mbito%20do%20Poder%20Executivo%20estadual.\" rel=\"noopener noreferrer\" target=\"_blank\">Decreto n&deg; 9.251, de 25 de junho de 2018<\/a> &#8211;&nbsp;Institui os Comit&ecirc;s Permanentes para Quest&otilde;es da Mulher e da Diversidade, no &acirc;mbito do Poder Executivo estadual.<\/p>\n<p><a href=\"http:\/\/www.gabinetecivil.go.gov.br\/pagina_leis.php?id=22608\" rel=\"noopener noreferrer\" target=\"_blank\">&#8211; Lei n&ordm; 20.070, de 04 de maio de 2018<\/a> &#8211; <span style=\"font-family: Arial; font-size: small;\"><span style=\"line-height: 150%;\">Promove altera&ccedil;&otilde;es na <a href=\"http:\/\/www.gabinetecivil.go.gov.br\/pagina_leis.php?id=19586\">Lei n&ordm; 17.257, de 25 de janeiro de 2011<\/a>, que disp&otilde;e sobre a organiza&ccedil;&atilde;o administrativa do Poder Executivo, e d&aacute; outras provid&ecirc;ncias. (Cria a Secretaria do Trabalho)<\/span><\/span><\/p>\n<p><a href=\"http:\/\/www.gabinetecivil.go.gov.br\/pagina_leis.php?id=22533\" rel=\"noopener noreferrer\" target=\"_blank\">&#8211; Lei n&ordm; 20.023, de 02 de abril de 2018<\/a> &#8211; <span style=\"line-height: 150%; font-family: Arial; color: black;\"><span style=\"line-height: 150%; font-family: Arial,sans-serif;\"><span style=\"font-size: small;\">Introduz altera&ccedil;&otilde;es na <a href=\"http:\/\/www.gabinetecivil.go.gov.br\/pagina_leis.php?id=4221\"> Lei n&ordm; 10.460, de 22 de fevereiro de 1988<\/a>, e d&aacute; outras provid&ecirc;ncias<\/span><\/span><\/span><\/p>\n<p><a href=\"http:\/\/www.gabinetecivil.go.gov.br\/pagina_decretos.php?id=17855\">&#8211; Decreto n&ordm; 9.182, de 12 de mar&ccedil;o de 2018<\/a> &#8211; <span style=\"line-height: 150%; font-family: Arial,sans-serif;\"><span style=\"font-size: small;\">Disp&otilde;e sobre o Conselho Estadual de Direitos Humanos e Combate ao Preconceito.<\/span><\/span><\/p>\n<p><span style=\"font-family: Arial; font-size: small;\"><a href=\"http:\/\/www.gabinetecivil.go.gov.br\/pagina_decretos.php?id=17741\" rel=\"noopener noreferrer\" target=\"_blank\">&#8211; Decreto n&ordm; 9.167, de 21 de fevereiro de 2018<\/a>&nbsp; &#8211;&nbsp; Altera dispositivos do <a href=\"http:\/\/www.gabinetecivil.go.gov.br\/pagina_decretos.php?id=12208\"> Decreto n&ordm; 8.089, de 04 de fevereiro de 2014<\/a>. <\/span><\/p>\n<p><a href=\"http:\/\/www.gabinetecivil.go.gov.br\/pagina_decretos.php?id=17700\" rel=\"noopener noreferrer\" target=\"_blank\">&#8211; Decreto n&ordm; 9.160, de 07 de fevereiro de 2018<\/a> &#8211; <span style=\"font-family: Arial,sans-serif;\"><span style=\"font-size: small;\">Aprova o Regulamento da Secretaria de Estado da Mulher, do Desenvolvimento Social, da Igualdade Racial, dos Direitos Humanos e do Trabalho e d&aacute; outras provid&ecirc;ncias.<\/span><\/span><\/p>\n<p><a href=\"http:\/\/www.gabinetecivil.go.gov.br\/pagina_decretos.php?id=17663\" rel=\"noopener noreferrer\" target=\"_blank\">&#8211; <span style=\"line-height: 107%; font-family: Arial;\"><span style=\"font-size: small;\">Decreto n&ordm; 9.143, de 22 de janeiro de&nbsp; 2018<\/span><\/span><\/a>&nbsp; &#8211; &nbsp;<span style=\"line-height: 107%; font-family: Arial;\"><span style=\"font-size: small;\">Estabelece normas complementares de programa&ccedil;&atilde;o e execu&ccedil;&atilde;o or&ccedil;ament&aacute;ria, financeira e cont&aacute;bil para o exerc&iacute;cio de 2018<\/span><\/span><\/p>\n<p><span style=\"font-family: Arial; font-size: small;\"><a href=\"http:\/\/www.gabinetecivil.go.gov.br\/pagina_leis.php?id=22490\" rel=\"noopener noreferrer\" target=\"_blank\">&#8211; Lei Complementar n&ordm; 138, de 18 de janeiro de 2018<\/a> &#8211; Disp&otilde;e sobre as responsabilidades e a efici&ecirc;ncia da gest&atilde;o p&uacute;blica no Estado de Goi&aacute;s, cria a Comiss&atilde;o de Efici&ecirc;ncia de Alto N&iacute;vel e d&aacute; outras provid&ecirc;ncias. <\/span><\/p>\n<p><span style=\"line-height: 115%; font-family: Arial;\"><span style=\"font-size: small;\"><a href=\"http:\/\/www.gabinetecivil.go.gov.br\/pagina_leis.php?id=22468\" rel=\"noopener noreferrer\" target=\"_blank\">&#8211; <span style=\"line-height: 115%; font-family: Arial; font-weight: 400;\"><span style=\"font-size: small;\">Lei n&ordm; 19.970, de 15 de janeiro de&nbsp; 2018<\/span><\/span><\/a>&nbsp; &#8211; Altera a Lei n&ordm; <a href=\"http:\/\/www.gabinetecivil.goias.gov.br\/leis_ordinarias\/2006\/lei_15694.htm\"> 15.694<\/a>, de 06 de junho de 2006, que disp&otilde;e sobre o Quadro Permanente de Pessoal e o Plano de Cargos e Remunera&ccedil;&atilde;o, dos servidores da ent&atilde;o Secretaria de Cidadania e Trabalho.<\/span><\/span><\/p>\n<p><a href=\"http:\/\/www.gabinetecivil.go.gov.br\/pagina_decretos.php?id=17654\" rel=\"noopener noreferrer\" target=\"_blank\">&#8211; Decreto n&ordm; 9.134, de 10 de janeiro de 2018<\/a> &#8211; <span style=\"color: #000000; font-size: medium; font-style: normal; font-weight: 400; letter-spacing: normal; orphans: 2; text-align: justify; text-indent: 0px; text-transform: none; white-space: normal; widows: 2; word-spacing: 0px; background-color: #ffffff; line-height: 24px; font-family: Arial;\"><span style=\"font-size: small;\">Introduz altera&ccedil;&otilde;es no&nbsp;<a href=\"http:\/\/www.gabinetecivil.go.gov.br\/pagina_decretos.php?id=16936\" style=\"text-decoration: none;\">Decreto n<span style=\"text-decoration: underline;\"><sup>o<\/sup><\/span>&nbsp;9.043,<\/a><\/span><\/span><span style=\"color: #000000; font-size: medium; font-style: normal; font-weight: 400; letter-spacing: normal; orphans: 2; text-align: justify; text-indent: 0px; text-transform: none; white-space: normal; widows: 2; word-spacing: 0px; background-color: #ffffff; line-height: 24px; font-family: Arial;\"><span style=\"font-size: small;\"><a href=\"http:\/\/www.gabinetecivil.go.gov.br\/pagina_decretos.php?id=16936\" style=\"text-decoration: none;\">&nbsp;<span style=\"letter-spacing: -0.3pt;\">de 12 de setembro de 2017<\/span><\/a><span style=\"letter-spacing: -0.3pt;\">, que disp&otilde;e sobre<\/span>&nbsp;<span style=\"letter-spacing: 0.3pt;\">a concess&atilde;o da Fun&ccedil;&atilde;o Comissionada de&nbsp;<\/span>Assessoramento Cont&aacute;bil &ndash; FCAC.<\/span><\/span><\/p>\n<p><a href=\"http:\/\/www.gabinetecivil.go.gov.br\/pagina_decretos.php?id=17609\" rel=\"noopener noreferrer\" target=\"_blank\">&#8211; Decreto n&ordm; 9.133, de 09 de janeiro de 2018<\/a> &#8211; <span style=\"font-family: Arial; font-size: small;\">Disp&otilde;e sobre a organiza&ccedil;&atilde;o administrativa da comunica&ccedil;&atilde;o da Administra&ccedil;&atilde;o Direta e Indireta do Estado de Goi&aacute;s e d&aacute; outra provid&ecirc;ncias.<\/span><\/p>\n<p><a href=\"http:\/\/www.gabinetecivil.goias.gov.br\/leis_ordinarias\/2017\/lei_19951.htm\" rel=\"noopener noreferrer\" style=\"list-style: outside none none; vertical-align: baseline; margin: 0px; padding: 0px; color: #0088cc; text-decoration: none; outline: medium none; font-family: open_sansregular,'Open Sans',Arial,Helvetica,sans-serif; font-size: 14px; font-style: normal; font-weight: 400; letter-spacing: normal; orphans: 2; text-align: start; text-indent: 0px; text-transform: none; white-space: normal; widows: 2; word-spacing: 0px; background-color: #ffffff;\" target=\"_blank\">&#8211; Lei n&ordm; 19.951, de 29 de dezembro de 2017&nbsp;<\/a><span style=\"color: #000000; font-family: open_sansregular,'Open Sans',Arial,Helvetica,sans-serif; font-size: 14px; font-style: normal; font-weight: 400; letter-spacing: normal; orphans: 2; text-align: start; text-indent: 0px; text-transform: none; white-space: normal; widows: 2; word-spacing: 0px; background-color: #ffffff; float: none;\">&#8211;&nbsp;<\/span><span style=\"list-style: outside none none; vertical-align: baseline; margin: 0px; padding: 0px; color: #000000; font-style: normal; font-weight: 400; letter-spacing: normal; orphans: 2; text-indent: 0px; text-transform: none; white-space: normal; widows: 2; word-spacing: 0px; background-color: #ffffff; font-family: Arial,sans-serif; font-size: small; text-align: justify; float: none;\"><span style=\"list-style: outside none none; vertical-align: baseline; margin: 0px; padding: 0px; color: #000000; font-family: Arial,sans-serif; font-size: small; font-style: normal; font-weight: 400; letter-spacing: normal; orphans: 2; text-align: justify; text-indent: 0px; text-transform: none; white-space: normal; widows: 2; word-spacing: 0px; float: none;\">Institui o programa de aux&iacute;lio-alimenta&ccedil;&atilde;o nos &oacute;rg&atilde;os e nas entidades que especifica<\/span><\/span><\/p>\n<p><a href=\"http:\/\/www.gabinetecivil.goias.gov.br\/leis_ordinarias\/2017\/lei_19929.htm\" rel=\"noopener noreferrer\" target=\"_blank\">&#8211; Lei n&ordm; 19.929, de 27 de dezembro de 2017 <\/a>&#8211; <span style=\"color: #000000; font-family: Arial,sans-serif; font-size: small; font-style: normal; font-weight: 400; letter-spacing: normal; orphans: 2; text-align: justify; text-indent: 0px; text-transform: none; white-space: normal; widows: 2; word-spacing: 0px; float: none;\">Altera a<\/span><a href=\"http:\/\/www.gabinetecivil.go.gov.br\/pagina_leis.php?id=9284\" style=\"text-decoration: none; font-family: Arial,sans-serif; font-size: small; font-style: normal; font-weight: 400; letter-spacing: normal; orphans: 2; text-align: justify; text-indent: 0px; text-transform: none; white-space: normal; widows: 2; word-spacing: 0px;\">&nbsp;Lei n&ordm; 16.921, de 08 de fevereiro de 2010<\/a><span style=\"color: #000000; font-family: Arial,sans-serif; font-size: small; font-style: normal; font-weight: 400; letter-spacing: normal; orphans: 2; text-align: justify; text-indent: 0px; text-transform: none; white-space: normal; widows: 2; word-spacing: 0px; float: none;\">, e d&aacute; outras provid&ecirc;ncias.<\/span> ( Carreira de Gestor Governamental)<\/p>\n<p><a href=\"http:\/\/www.gabinetecivil.goias.gov.br\/leis_ordinarias\/2017\/lei_19897.htm\" rel=\"noopener noreferrer\" target=\"_blank\">&#8211; Lei n&ordm; 19.897, de 11 de dezembro de 2017 <\/a>&#8211; <span style=\"font-family: Arial; font-size: small;\"><span style=\"line-height: 150%; font-family: Arial,sans-serif;\">Altera os valores dos subs&iacute;dios dos cargos em comiss&atilde;o que especifica.<\/span><\/span><\/p>\n<p><a href=\"http:\/\/www.gabinetecivil.goias.gov.br\/decretos\/numerados\/2017\/decreto_9081.htm\">&#8211; Decreto n&ordm; 9.081, de 31 de outubro de 2017 <\/a>&#8211; <span style=\"font-family: Arial,sans-serif; color: black;\"><span style=\"font-size: small;\">Institui o Observat&oacute;rio Social de Goi&aacute;s junto &agrave; Secretaria <span style=\"letter-spacing: 0.4pt;\">de Estado da Mulher, do Desenvolvimento Social, da <\/span><\/span> <span style=\"letter-spacing: 0.2pt;\"><span style=\"font-size: small;\">Igualdade Racial, dos Direitos Humanos e do Trabalho e d&aacute; outras provid&ecirc;ncias.<\/span><\/span><\/span><\/p>\n<p>&#8211; <a href=\"http:\/\/www.gabinetecivil.goias.gov.br\/decretos\/numerados\/2017\/decreto_9069.htm\" rel=\"noopener noreferrer\" target=\"_blank\">Decreto n&ordm;9.069, de 10 de outubro de 2017 &#8211;<\/a> <span style=\"color: #000000; font-family: Arial; font-size: small; font-style: normal; font-weight: 400; letter-spacing: normal; orphans: 2; text-align: justify; text-indent: 0px; text-transform: none; white-space: normal; widows: 2; word-spacing: 0px; float: none;\">Regulamenta o servi&ccedil;o de contabilidade p&uacute;blica nos &oacute;rg&atilde;os e nas entidades do Estado de Goi&aacute;s.<\/span><\/p>\n<p><a href=\"http:\/\/www.gabinetecivil.goias.gov.br\/decretos\/numerados\/2017\/decreto_9054.htm\" rel=\"noopener noreferrer\" target=\"_blank\">&#8211; Decreto n&ordm; 9.054, de 21 de setembro de 2017 <\/a>&#8211; <span class=\"Textodocorpo\"><span lang=\"PT\" style=\"line-height: 150%; color: black;\"><span style=\"font-size: small;\">Altera o Decreto n&deg; <a href=\"http:\/\/www.gabinetecivil.goias.gov.br\/decretos\/numerados\/2016\/decreto_8808.htm\"> 8.808<\/a>, de 25 de novembro de 2016, que institui o Sistema <\/span> <\/span><span style=\"line-height: 150%; color: black;\"><span style=\"font-size: small;\"> Eletr&ocirc;nico <\/span><\/span> <span lang=\"PT\" style=\"line-height: 150%; color: black;\"> <span style=\"font-size: small;\">de Informa&ccedil;&otilde;es &#8211; SEI e d&aacute; outras provid&ecirc;ncias.<\/span><\/span><\/span><\/p>\n<p>&#8211;<a href=\"http:\/\/www.gabinetecivil.go.gov.br\/pagina_decretos.php?id=16936\" rel=\"noopener noreferrer\" target=\"_blank\"> Decreto n&ordm; 9.053, de 12 de setembro de 2017<\/a> &#8211; <span style=\"line-height: 140%; font-family: Arial,sans-serif;\"><span style=\"font-size: small;\">Disp&otilde;e sobre a concess&atilde;o da Fun&ccedil;&atilde;o Comissionada de Assessoramento Cont&aacute;bil -FCAC-, e d&aacute; outras provid&ecirc;ncias.<\/span><\/span><\/p>\n<p>&#8211; <a href=\"http:\/\/www.gabinetecivil.goias.gov.br\/decretos\/numerados\/2017\/decreto_9026.htm\" rel=\"noopener noreferrer\" target=\"_blank\">Decreto n&ordm; 9.026, de 18 de agosto de 2017<\/a> &#8211; <span style=\"font-family: Arial; font-size: small;\"><span style=\"line-height: 150%;\">Altera o <a href=\"http:\/\/www.gabinetecivil.go.gov.br\/pagina_decretos.php?id=8018\"> Decreto n&ordm; 7.141, de 06 de agosto de 2010<\/a>, que disp&otilde;e sobre a concess&atilde;o de di&aacute;ria e de indeniza&ccedil;&atilde;o de transporte, no &acirc;mbito do Poder Executivo.<\/span><\/span><\/p>\n<p><a href=\"http:\/\/www.gabinetecivil.go.gov.br\/pagina_decretos.php?id=16873\" rel=\"noopener noreferrer\" target=\"_blank\">&#8211; Decreto n&ordm; 9.024, de 16 de agosto de 2017 <\/a>&#8211;<span style=\"color: #000000; font-family: Arial; font-size: small; font-style: normal; font-weight: normal; letter-spacing: normal; orphans: 2; text-align: justify; text-indent: 0px; text-transform: none; white-space: normal; widows: 2; word-spacing: 0px; background-color: #ffffff; float: none;\">Exclui do disposto no art. 5<\/span><span style=\"color: #000000; font-family: Arial; font-size: small; font-style: normal; font-weight: normal; letter-spacing: normal; orphans: 2; text-align: justify; text-indent: 0px; text-transform: none; white-space: normal; widows: 2; word-spacing: 0px; background-color: #ffffff; text-decoration: underline;\"><sup>o<\/sup><\/span><span style=\"color: #000000; font-family: Arial; font-size: small; font-style: normal; font-weight: normal; letter-spacing: normal; orphans: 2; text-align: justify; text-indent: 0px; text-transform: none; white-space: normal; widows: 2; word-spacing: 0px; background-color: #ffffff; float: none;\">, inciso VI, do&nbsp;<\/span><a href=\"http:\/\/www.gabinetecivil.go.gov.br\/pagina_decretos.php?id=13342\" style=\"text-decoration: none; font-family: Arial; font-size: small; font-style: normal; font-weight: normal; letter-spacing: normal; orphans: 2; text-align: justify; text-indent: 0px; text-transform: none; white-space: normal; widows: 2; word-spacing: 0px; background-color: #ffffff;\">Decreto n&ordm; 8.320, de 12 de fevereiro de 2015<\/a><span style=\"color: #000000; font-family: Arial; font-size: small; font-style: normal; font-weight: normal; letter-spacing: normal; orphans: 2; text-align: justify; text-indent: 0px; text-transform: none; white-space: normal; widows: 2; word-spacing: 0px; background-color: #ffffff; float: none;\">, as fun&ccedil;&otilde;es Comissionadas de Administra&ccedil;&atilde;o Geral &ndash; FCA &ndash; que especifica.<\/span><\/p>\n<p>&#8211; <a href=\"http:\/\/www.gabinetecivil.goias.gov.br\/leis_ordinarias\/2017\/lei_19684.htm\">Lei<\/a><span style=\"line-height: 150%; font-weight: 400;\"><span style=\"font-family: Arial; font-size: small;\"><a href=\"http:\/\/www.gabinetecivil.goias.gov.br\/leis_ordinarias\/2017\/lei_19684.htm\"> n&ordm; 19.684, de 21 de junho de&nbsp; 2017<\/a> &#8211; <span style=\"font-family: Arial; font-size: small;\"><span style=\"font-size: 10pt; font-family: Arial,sans-serif;\"><span style=\"font-size: small;\"><span style=\"line-height: 115%; font-family: Arial,sans-serif;\">Institui o Comit&ecirc; Estadual de Preven&ccedil;&atilde;o e Combate &agrave; Tortura em Goi&aacute;s &ndash;CEPCT\/GO&ndash; e d&aacute; outras provid&ecirc;ncias.<\/span><\/span><\/span><\/span><\/span><\/span><\/p>\n<p><a href=\"http:\/\/www.gabinetecivil.goias.gov.br\/emendas_constitucionais\/emenda_constitucional_n54.htm\">&#8211; Emenda Constitucional n&ordm; 54, de 02 de junho de 2017<\/a> &#8211; Altera o Ato das Disposi&ccedil;&otilde;es Constitucionais Transit&oacute;rias para limitar os gastos correntes dos Poderes do Estado e dos &oacute;rg&atilde;os governamentais aut&ocirc;nomos, at&eacute; 31 de dezembro de 2026<\/p>\n<p>&nbsp;<a href=\"http:\/\/www.gabinetecivil.goias.gov.br\/leis_ordinarias\/2017\/lei_19659.htm\" rel=\"noopener noreferrer\" target=\"_blank\">&#8211; Lei n&ordm; 19.659, de 01 de junho de 2017<\/a> &#8211; <span style=\"font-family: Arial; font-size: small;\"><span style=\"line-height: 150%;\">Disp&otilde;e sobre os cargos em comiss&atilde;o que especifica.<\/span><\/span><\/p>\n<p>&#8211; <a href=\"http:\/\/www.gabinetecivil.goias.gov.br\/decretos\/numerados\/2017\/decreto_8940.htm\" rel=\"noopener noreferrer\" target=\"_blank\">Decreto n&ordm; 8.940, de 17 de abril de 2017<\/a> &#8211; Regulamenta a avalia&ccedil;&atilde;o especial de desempenho do servidor p&uacute;blico civil em est&aacute;gio probat&oacute;rio na Administra&ccedil;&atilde;o P&uacute;blica direta, aut&aacute;rquica e fundacional do Poder Executivo<\/p>\n<p><span style=\"color: black;\">&#8211; <a href=\"http:\/\/www.gabinetecivil.goias.gov.br\/leis_ordinarias\/2017\/lei_19611.htm\" rel=\"noopener noreferrer\" target=\"_blank\">Lei n&ordm; 19.611, de 24 de mar&ccedil;o de 2017<\/a> &#8211; <\/span>Altera a <span style=\"color: #0000ff;\"><a href=\"http:\/\/www.gabinetecivil.goias.gov.br\/leis_ordinarias\/2011\/lei_17257.htm\" rel=\"noopener noreferrer\" target=\"_blank\"><span style=\"color: #0000ff;\">Lei n&ordm; 17.257, de 25 de janeiro de 2011<\/span><\/a><\/span>, que disp&otilde;e sobre a organiza&ccedil;&atilde;o administrativa do Poder Executivo.<\/p>\n<p><a href=\"http:\/\/www.gabinetecivil.go.gov.br\/pagina_decretos.php?id=16419\"><span style=\"color: black;\">&#8211; <\/span><\/a><a href=\"http:\/\/www.gabinetecivil.go.gov.br\/pagina_decretos.php?id=16419\">Decreto n&ordm; 8.920, de 22 de mar&ccedil;o de 2017<\/a><span style=\"color: black;\"><a href=\"http:\/\/www.gabinetecivil.goias.gov.br\/decretos\/numerados\/2017\/decreto_8915.htm\"><span style=\"color: black;\"> &#8211; <\/span><\/a><\/span><span style=\"font-family: Arial; font-size: small;\">Altera o <a href=\"http:\/\/www.gabinetecivil.go.gov.br\/pagina_decretos.php?id=16420\">Decreto n&ordm; 8.914<\/a>, de 13 de mar&ccedil;o de 2017, e d&aacute; outras provid&ecirc;ncias.<\/span><\/p>\n<p><span style=\"color: black;\">&#8211; <a href=\"http:\/\/www.gabinetecivil.goias.gov.br\/decretos\/numerados\/2017\/decreto_8915.htm\">Decreto n&ordm; 8.915, de 20 de mar&ccedil;o de 2017<\/a><\/span><span style=\"color: black;\"><a href=\"http:\/\/www.gabinetecivil.goias.gov.br\/decretos\/numerados\/2017\/decreto_8915.htm\"><span style=\"color: black;\"> de mar&ccedil;o de 2017<\/span><\/a> &#8211;&nbsp; <\/span><span style=\"font-family: Arial; font-size: small;\">Institui o Comit&ecirc; Gestor Estadual do Programa Crian&ccedil;a Feliz.<\/span><\/p>\n<p><span style=\"color: black;\">&#8211; <a href=\"http:\/\/www.gabinetecivil.goias.gov.br\/decretos\/numerados\/2017\/decreto_8914.htm\">Decreto n&ordm; 8.914, de 13 de mar&ccedil;o de 2017<\/a><\/span>&#8211;&nbsp; <span style=\"font-family: Arial; font-size: small;\">Altera o <a href=\"http:\/\/www.gabinetecivil.goias.gov.br\/decretos\/numerados\/2016\/decreto_8691.htm\">Decreto n&ordm; 8.691<\/a>, de 12 de julho de 2016.<\/span><\/p>\n<p><span style=\"color: black;\">&#8211; <a href=\"http:\/\/www.gabinetecivil.goias.gov.br\/decretos\/numerados\/2017\/decreto_8913.htm\" rel=\"noopener noreferrer\" target=\"_blank\">Decreto n&ordm; 8.913, de 13 de mar&ccedil;o de 2017 <\/a>&#8211;&nbsp; <\/span><span style=\"font-family: Arial; font-size: small;\">Altera dispositivos do <a href=\"http:\/\/www.gabinetecivil.goias.gov.br\/decretos\/numerados\/2012\/decreto_7754.htm\">Decreto n&ordm; 7.754<\/a>, de 29 de outubro de 2012.<\/span><\/p>\n<p><span style=\"color: black;\"><a href=\"http:\/\/www.gabinetecivil.go.gov.br\/pagina_leis.php?id=21463\" rel=\"noopener noreferrer\" target=\"_blank\">&#8211; Lei n&ordm; 19.599, de 13 de fevereiro de 2017 <\/a>&#8211; <\/span><span style=\"font-family: Arial;\"><span style=\"font-size: small;\">Altera a <a href=\"http:\/\/www.gabinetecivil.goias.gov.br\/leis_ordinarias\/2016\/lei_19319.htm\"> Lei n&ordm; 19.319<\/a>, de 23 de maio de 2016, que estabelece as bases do &quot;Novo Programa Renda Cidad&atilde;&quot; e d&aacute; outras provid&ecirc;ncias.<\/span><\/span><\/p>\n<p><a href=\"http:\/\/www.sgc.goias.gov.br\/upload\/arquivos\/2017-02\/sei---todos.pdf\" rel=\"noopener noreferrer\" target=\"_blank\">&#8211; Instru&ccedil;&atilde;o Normativa n&ordm; 001\/2017<\/a> &#8211; Estabelece os procedimentos relativos ao funcionamento e &agrave; utiliza&ccedil;&atilde;o do Sistema Eletr&ocirc;nico de Informa&ccedil;&otilde;es &#8211; SEI, no &acirc;mbito da administra&ccedil;&atilde;o direta, aut&aacute;rquica e Fundacional do Poder Executivo<\/p>\n<p>Normal 0 21 false false false PT-BR X-NONE X-NONE MicrosoftInternetExplorer4<\/p>\n<p>&nbsp;<\/p>\n<p><span style=\"color: black;\">&#8211; <a href=\"http:\/\/www.gabinetecivil.go.gov.br\/pagina_decretos.php?id=16311\" rel=\"noopener noreferrer\" target=\"_blank\">Decreto n&ordm; 8.861, de 29 de dezembro de 2016 <\/a>&#8211;&nbsp; <\/span><span style=\"font-family: 'Arial','sans-serif';\">Disp&otilde;e sobre medidas de redu&ccedil;&atilde;o de gastos com pessoal e d&aacute; outras provid&ecirc;ncias.<\/span><\/p>\n<p><span style=\"color: black;\">&#8211; <a href=\"http:\/\/www.gabinetecivil.go.gov.br\/pagina_decretos.php?id=16307\" rel=\"noopener noreferrer\" target=\"_blank\">Decreto n&ordm; 8.860, de 29 de dezembro de 2016 <\/a>&#8211;&nbsp; <\/span><span style=\"font-family: 'Arial','sans-serif';\">Exonera o pessoal que especifica dos respectivos cargos de provimento em comiss&atilde;o.<\/span><\/p>\n<p><span style=\"color: black;\">&#8211; <a href=\"http:\/\/www.gabinetecivil.go.gov.br\/pagina_leis.php?id=21436\" rel=\"noopener noreferrer\" target=\"_blank\">Lei n&ordm; 19.574, de 29 de dezembro de 2016<\/a> &#8211; <\/span><span style=\"font-family: 'Arial','sans-serif';\">Disp&otilde;e sobre extin&ccedil;&atilde;o de cargos em comiss&atilde;o, altera&ccedil;&atilde;o de leis e d&aacute; outras provid&ecirc;ncias com vistas &agrave; implementa&ccedil;&atilde;o do novo regime fiscal a vigorar a partir de 1&ordm; de janeiro de 2017.<\/span><\/p>\n<p><span style=\"color: black;\">&#8211; <a href=\"http:\/\/www.gabinetecivil.go.gov.br\/pagina_leis.php?id=21435\" rel=\"noopener noreferrer\" target=\"_blank\">Lei n&ordm; 19.573, de 29 de dezembro de 2016<\/a> &#8211; <\/span><span style=\"font-family: 'Arial','sans-serif';\">Disciplina, nos termos do art. 95, inciso XVII, da <a href=\"http:\/\/www.gabinetecivil.goias.gov.br\/constituicoes\/constituicao_1988.htm\">Constitui&ccedil;&atilde;o Estadual<\/a>, o pagamento dos adicionais de insalubridade e periculosidade aos servidores p&uacute;blicos do Estado de Goi&aacute;s.<\/span><\/p>\n<p><span style=\"color: black;\">&#8211; <a href=\"http:\/\/www.gabinetecivil.go.gov.br\/pagina_decretos.php?id=16223\" rel=\"noopener noreferrer\" target=\"_blank\">Decreto n&ordm; 8.808, de 25 de dezembro de 2016 <\/a>&#8211;&nbsp; <\/span><span style=\"font-family: 'Arial','sans-serif';\">Institui o Sistema Eletr&ocirc;nico de Informa&ccedil;&otilde;es -SEI- e d&aacute; outras provid&ecirc;ncias.<\/span><\/p>\n<p><span style=\"color: black;\">&#8211; <a href=\"http:\/\/www.gabinetecivil.go.gov.br\/pagina_leis.php?id=21411\" rel=\"noopener noreferrer\" target=\"_blank\">Lei n&ordm; 19.550, de 15 de dezembro de 2016<\/a> &#8211; <\/span><span style=\"font-family: 'Arial','sans-serif';\">Institui o servi&ccedil;o de contabilidade p&uacute;blica nos &oacute;rg&atilde;os e nas entidades do Poder Executivo e altera a Lei n&ordm; 17.257, de 25 de janeiro de 2016.<\/span><\/p>\n<p><a href=\"http:\/\/www.gabinetecivil.goias.gov.br\/leis_ordinarias\/2016\/lei_19493.htm\" rel=\"noopener noreferrer\" target=\"_blank\">&#8211; Lei n&ordm; 19.493, de 18 de novembro de 2016<\/a> &#8211; <span style=\"font-family: Arial; font-size: small;\">Cria a unidade administrativa complementar e o correspondente cargo de provimento em comiss&atilde;o que especifica, na Secretaria de Estado da Mulher, do Desenvolvimento Social, da Igualdade Racial, dos Direitos Humanos e do Trabalho.<\/span><\/p>\n<p><span style=\"color: #888888;\"><span style=\"color: #000000;\"><span style=\"color: #000000;\"><span style=\"font-family: Arial; font-size: x-small;\"><span style=\"color: #0000ff;\"><span style=\"color: #000000;\"><span style=\"color: #0000ff;\"><span style=\"color: #000000;\"><span style=\"color: #888888;\"><span style=\"color: #000000;\"><span style=\"color: #000000;\"><span style=\"font-family: Arial; font-size: x-small;\"><span style=\"color: #0000ff;\"><span style=\"color: #000000;\"><span style=\"color: #0000ff;\"><span style=\"color: #000000;\"><span style=\"color: #888888;\"><span style=\"color: #000000;\"><span style=\"color: #000000;\"><span style=\"font-family: Arial; font-size: x-small;\"><span style=\"color: #0000ff;\"><span style=\"color: #000000;\"><span style=\"color: #0000ff;\"><span style=\"color: #000000;\"><span style=\"color: #888888;\"><span style=\"color: #000000;\"><span style=\"color: #000000;\"><span style=\"font-family: Arial; font-size: x-small;\"><span style=\"color: #0000ff;\"><span style=\"color: #000000;\"><span style=\"color: #0000ff;\"><span style=\"color: #000000;\"><span style=\"color: #888888;\"><span style=\"color: #000000;\"><span style=\"color: #000000;\"><span style=\"font-family: Arial; font-size: x-small;\"><span style=\"color: #0000ff;\"><span style=\"color: #000000;\"><span style=\"color: #0000ff;\"><span style=\"color: #000000;\">&#8211;&nbsp;<\/span><\/span><\/span><\/span><\/span><\/span><\/span><\/span><\/span><\/span><\/span><\/span><\/span><\/span><\/span><\/span><\/span><\/span><\/span><\/span><\/span><\/span><\/span><\/span><\/span><\/span><\/span><\/span><\/span><\/span><\/span><\/span><\/span><\/span><\/span><\/span><span style=\"font-family: Arial; font-size: x-small; color: #0000ff;\"><span style=\"font-family: Arial; font-size: x-small;\"><span style=\"font-family: Arial; font-size: x-small;\"><span style=\"font-family: Arial; font-size: x-small;\"><a href=\"http:\/\/www.gabinetecivil.go.gov.br\/pagina_leis.php?id=21321\"><span style=\"color: #0000ff;\">Lei n&ordm; 19.465, de 27 de outubro de 2016<\/span><\/a><\/span><\/span><\/span><\/span><span style=\"color: #0000ff;\"><span style=\"color: #000000;\"><span style=\"color: #0000ff;\"><span style=\"color: #000000;\"><span style=\"color: #888888;\"><span style=\"color: #000000;\"><span style=\"color: #000000;\"><span style=\"font-family: Arial; font-size: x-small;\"><span style=\"color: #0000ff;\"><span style=\"color: #000000;\"><span style=\"color: #0000ff;\"><span style=\"color: #000000;\"><span style=\"color: #888888;\"><span style=\"color: #000000;\"><span style=\"color: #000000;\"><span style=\"font-family: Arial; font-size: x-small;\"><span style=\"color: #0000ff;\"><span style=\"color: #000000;\"><span style=\"color: #0000ff;\"><span style=\"color: #000000;\"><span style=\"color: #888888;\"><span style=\"color: #000000;\"><span style=\"color: #000000;\"><span style=\"font-family: Arial; font-size: x-small;\"><span style=\"color: #0000ff;\"><span style=\"color: #000000;\"><span style=\"color: #0000ff;\"><span style=\"color: #000000;\"><span style=\"color: #888888;\"><span style=\"color: #000000;\"><span style=\"color: #000000;\"><span style=\"font-family: Arial; font-size: x-small;\"><span style=\"color: #0000ff;\"><span style=\"color: #000000;\"><span style=\"color: #0000ff;\"><span style=\"color: #000000;\">&nbsp;&#8211;&nbsp;Altera a <\/span><\/span><\/span><\/span><\/span><\/span><\/span><\/span><\/span><\/span><\/span><\/span><\/span><\/span><\/span><\/span><\/span><\/span><\/span><\/span><\/span><\/span><\/span><\/span><\/span><\/span><\/span><\/span><\/span><\/span><\/span><\/span><\/span><\/span><\/span><\/span><span style=\"font-family: Arial; font-size: x-small; color: #0000ff;\"><span style=\"font-family: Arial; font-size: x-small;\"><span style=\"font-family: Arial; font-size: x-small;\"><span style=\"font-family: Arial; font-size: x-small;\"><a href=\"http:\/\/www.gabinetecivil.goias.gov.br\/leis_ordinarias\/2011\/lei_17257.htm\" rel=\"noopener noreferrer\" target=\"_blank\"><span style=\"color: #0000ff;\">Lei n&ordm; 17.257, de 25 de janeiro de 2011<\/span><\/a><\/span><\/span><\/span><\/span><span style=\"color: #0000ff;\"><span style=\"color: #000000;\"><span style=\"color: #0000ff;\"><span style=\"color: #000000;\"><span style=\"color: #888888;\"><span style=\"color: #000000;\"><span style=\"color: #000000;\"><span style=\"font-family: Arial; font-size: x-small;\"><span style=\"color: #0000ff;\"><span style=\"color: #000000;\"><span style=\"color: #0000ff;\"><span style=\"color: #000000;\"><span style=\"color: #888888;\"><span style=\"color: #000000;\"><span style=\"color: #000000;\"><span style=\"font-family: Arial; font-size: x-small;\"><span style=\"color: #0000ff;\"><span style=\"color: #000000;\"><span style=\"color: #0000ff;\"><span style=\"color: #000000;\"><span style=\"color: #888888;\"><span style=\"color: #000000;\"><span style=\"color: #000000;\"><span style=\"font-family: Arial; font-size: x-small;\"><span style=\"color: #0000ff;\"><span style=\"color: #000000;\"><span style=\"color: #0000ff;\"><span style=\"color: #000000;\"><span style=\"color: #888888;\"><span style=\"color: #000000;\"><span style=\"color: #000000;\"><span style=\"font-family: Arial; font-size: x-small;\"><span style=\"color: #0000ff;\"><span style=\"color: #000000;\"><span style=\"color: #0000ff;\"><span style=\"color: #000000;\">, que disp&otilde;e sobre a organiza&ccedil;&atilde;o administrativa do Poder Executivo e d&aacute; outras provid&ecirc;ncias.<\/p>\n<p>&#8211;&nbsp;<\/span><\/span><\/span><\/span><\/span><\/span><\/span><\/span><\/span><\/span><\/span><\/span><\/span><\/span><\/span><\/span><\/span><\/span><\/span><\/span><\/span><\/span><\/span><\/span><\/span><\/span><\/span><\/span><\/span><\/span><\/span><\/span><\/span><\/span><\/span><\/span><span style=\"font-family: Arial; font-size: x-small; color: #0000ff;\"><span style=\"font-family: Arial; font-size: x-small;\"><span style=\"font-family: Arial; font-size: x-small;\"><span style=\"font-family: Arial; font-size: x-small;\"><a href=\"http:\/\/www.gabinetecivil.go.gov.br\/pagina_decretos.php?id=15832http:\/\/www.gabinetecivil.go.gov.br\/pagina_decretos.php?id=15839\" rel=\"noopener noreferrer\" target=\"_blank\"><span style=\"color: #0000ff;\">Decreto n&ordm; 8.735, de 1&ordm; de setembro de 2016<\/span><\/a><\/span><\/span><\/span><\/span><span style=\"color: #0000ff;\"><span style=\"color: #000000;\"><span style=\"color: #0000ff;\"><span style=\"color: #000000;\"><span style=\"color: #888888;\"><span style=\"color: #000000;\"><span style=\"color: #000000;\"><span style=\"font-family: Arial; font-size: x-small;\"><span style=\"color: #0000ff;\"><span style=\"color: #000000;\"><span style=\"color: #0000ff;\"><span style=\"color: #000000;\"><span style=\"color: #888888;\"><span style=\"color: #000000;\"><span style=\"color: #000000;\"><span style=\"font-family: Arial; font-size: x-small;\"><span style=\"color: #0000ff;\"><span style=\"color: #000000;\"><span style=\"color: #0000ff;\"><span style=\"color: #000000;\"><span style=\"color: #888888;\"><span style=\"color: #000000;\"><span style=\"color: #000000;\"><span style=\"font-family: Arial; font-size: x-small;\"><span style=\"color: #0000ff;\"><span style=\"color: #000000;\"><span style=\"color: #0000ff;\"><span style=\"color: #000000;\"><span style=\"color: #888888;\"><span style=\"color: #000000;\"><span style=\"color: #000000;\"><span style=\"font-family: Arial; font-size: x-small;\"><span style=\"color: #0000ff;\"><span style=\"color: #000000;\"><span style=\"color: #0000ff;\"><span style=\"color: #000000;\">&nbsp;&#8211;&nbsp;Altera o <\/span><\/span><\/span><\/span><\/span><\/span><\/span><\/span><\/span><\/span><\/span><\/span><\/span><\/span><\/span><\/span><\/span><\/span><\/span><\/span><\/span><\/span><\/span><\/span><\/span><\/span><\/span><\/span><\/span><\/span><\/span><\/span><\/span><\/span><\/span><\/span><span style=\"font-family: Arial; font-size: x-small; color: #0000ff;\"><span style=\"font-family: Arial; font-size: x-small;\"><span style=\"font-family: Arial; font-size: x-small;\"><span style=\"font-family: Arial; font-size: x-small;\"><a href=\"http:\/\/www.gabinetecivil.goias.gov.br\/decretos\/numerados\/2014\/decreto_8089.htm\" rel=\"noopener noreferrer\" target=\"_blank\"><span style=\"color: #0000ff;\">Decreto n&ordm; 8.089, de 04 de fevereiro de 2014<\/span><\/a><\/span><\/span><\/span><\/span><span style=\"color: #0000ff;\"><span style=\"color: #000000;\"><span style=\"color: #0000ff;\"><span style=\"color: #000000;\"><span style=\"color: #888888;\"><span style=\"color: #000000;\"><span style=\"color: #000000;\"><span style=\"font-family: Arial; font-size: x-small;\"><span style=\"color: #0000ff;\"><span style=\"color: #000000;\"><span style=\"color: #0000ff;\"><span style=\"color: #000000;\"><span style=\"color: #888888;\"><span style=\"color: #000000;\"><span style=\"color: #000000;\"><span style=\"font-family: Arial; font-size: x-small;\"><span style=\"color: #0000ff;\"><span style=\"color: #000000;\"><span style=\"color: #0000ff;\"><span style=\"color: #000000;\"><span style=\"color: #888888;\"><span style=\"color: #000000;\"><span style=\"color: #000000;\"><span style=\"font-family: Arial; font-size: x-small;\"><span style=\"color: #0000ff;\"><span style=\"color: #000000;\"><span style=\"color: #0000ff;\"><span style=\"color: #000000;\"><span style=\"color: #888888;\"><span style=\"color: #000000;\"><span style=\"color: #000000;\"><span style=\"font-family: Arial; font-size: x-small;\"><span style=\"color: #0000ff;\"><span style=\"color: #000000;\"><span style=\"color: #0000ff;\"><span style=\"color: #000000;\">.<\/p>\n<p>&#8211;&nbsp;<\/span><\/span><\/span><\/span><\/span><\/span><\/span><\/span><\/span><\/span><\/span><\/span><\/span><\/span><\/span><\/span><\/span><\/span><\/span><\/span><\/span><\/span><\/span><\/span><\/span><\/span><\/span><\/span><\/span><\/span><\/span><\/span><\/span><\/span><\/span><\/span><span style=\"font-family: Arial; font-size: x-small; color: #0000ff;\"><span style=\"font-family: Arial; font-size: x-small;\"><span style=\"font-family: Arial; font-size: x-small;\"><span style=\"font-family: Arial; font-size: x-small;\"><a href=\"http:\/\/www.gabinetecivil.go.gov.br\/pagina_decretos.php?id=15832http:\/\/www.gabinetecivil.go.gov.br\/pagina_decretos.php?id=15839\" rel=\"noopener noreferrer\" target=\"_blank\"><span style=\"color: #0000ff;\">Decreto n&ordm; 8.713, de 28 de julho de 2016<\/span><\/a><\/span><\/span><\/span><\/span><span style=\"color: #0000ff;\"><span style=\"color: #000000;\"><span style=\"color: #0000ff;\"><span style=\"color: #000000;\"><span style=\"color: #888888;\"><span style=\"color: #000000;\"><span style=\"color: #000000;\"><span style=\"font-family: Arial; font-size: x-small;\"><span style=\"color: #0000ff;\"><span style=\"color: #000000;\"><span style=\"color: #0000ff;\"><span style=\"color: #000000;\"><span style=\"color: #888888;\"><span style=\"color: #000000;\"><span style=\"color: #000000;\"><span style=\"font-family: Arial; font-size: x-small;\"><span style=\"color: #0000ff;\"><span style=\"color: #000000;\"><span style=\"color: #0000ff;\"><span style=\"color: #000000;\"><span style=\"color: #888888;\"><span style=\"color: #000000;\"><span style=\"color: #000000;\"><span style=\"font-family: Arial; font-size: x-small;\"><span style=\"color: #0000ff;\"><span style=\"color: #000000;\"><span style=\"color: #0000ff;\"><span style=\"color: #000000;\"><span style=\"color: #888888;\"><span style=\"color: #000000;\"><span style=\"color: #000000;\"><span style=\"font-family: Arial; font-size: x-small;\"><span style=\"color: #0000ff;\"><span style=\"color: #000000;\"><span style=\"color: #0000ff;\"><span style=\"color: #000000;\">&nbsp;&#8211;&nbsp;Altera dispositivos do <\/span><\/span><\/span><\/span><\/span><\/span><\/span><\/span><\/span><\/span><\/span><\/span><\/span><\/span><\/span><\/span><\/span><\/span><\/span><\/span><\/span><\/span><\/span><\/span><\/span><\/span><\/span><\/span><\/span><\/span><\/span><\/span><\/span><\/span><\/span><\/span><span style=\"font-family: Arial; font-size: x-small; color: #0000ff;\"><span style=\"font-family: Arial; font-size: x-small;\"><span style=\"font-family: Arial; font-size: x-small;\"><span style=\"font-family: Arial; font-size: x-small;\"><a href=\"http:\/\/www.gabinetecivil.go.gov.br\/decretos\/numerados\/1999\/decreto_5101.htm\" rel=\"noopener noreferrer\" target=\"_blank\"><span style=\"color: #0000ff;\">Decreto n&ordm; 5.101, de 24 de agosto de 1.999<\/span><\/a><\/span><\/span><\/span><\/span><span style=\"color: #0000ff;\"><span style=\"color: #000000;\"><span style=\"color: #0000ff;\"><span style=\"color: #000000;\"><span style=\"color: #888888;\"><span style=\"color: #000000;\"><span style=\"color: #000000;\"><span style=\"font-family: Arial; font-size: x-small;\"><span style=\"color: #0000ff;\"><span style=\"color: #000000;\"><span style=\"color: #0000ff;\"><span style=\"color: #000000;\"><span style=\"color: #888888;\"><span style=\"color: #000000;\"><span style=\"color: #000000;\"><span style=\"font-family: Arial; font-size: x-small;\"><span style=\"color: #0000ff;\"><span style=\"color: #000000;\"><span style=\"color: #0000ff;\"><span style=\"color: #000000;\"><span style=\"color: #888888;\"><span style=\"color: #000000;\"><span style=\"color: #000000;\"><span style=\"font-family: Arial; font-size: x-small;\"><span style=\"color: #0000ff;\"><span style=\"color: #000000;\"><span style=\"color: #0000ff;\"><span style=\"color: #000000;\"><span style=\"color: #888888;\"><span style=\"color: #000000;\"><span style=\"color: #000000;\"><span style=\"font-family: Arial; font-size: x-small;\"><span style=\"color: #0000ff;\"><span style=\"color: #000000;\"><span style=\"color: #0000ff;\"><span style=\"color: #000000;\">.<\/p>\n<p>&#8211;&nbsp;<\/span><\/span><\/span><\/span><\/span><\/span><\/span><\/span><\/span><\/span><\/span><\/span><\/span><\/span><\/span><\/span><\/span><\/span><\/span><\/span><\/span><\/span><\/span><\/span><\/span><\/span><\/span><\/span><\/span><\/span><\/span><\/span><\/span><\/span><\/span><\/span><span style=\"font-family: Arial; font-size: x-small; color: #0000ff;\"><span style=\"font-family: Arial; font-size: x-small;\"><span style=\"font-family: Arial; font-size: x-small;\"><span style=\"font-family: Arial; font-size: x-small;\"><a href=\"http:\/\/www.gabinetecivil.go.gov.br\/pagina_decretos.php?id=15806\" rel=\"noopener noreferrer\" target=\"_blank\"><span style=\"color: #0000ff;\">Decreto n&ordm; 8.691, de 12 de julho de 2016<\/span><\/a><\/span><\/span><\/span><\/span><span style=\"color: #0000ff;\"><span style=\"color: #000000;\"><span style=\"color: #0000ff;\"><span style=\"color: #000000;\"><span style=\"color: #888888;\"><span style=\"color: #000000;\"><span style=\"color: #000000;\"><span style=\"font-family: Arial; font-size: x-small;\"><span style=\"color: #0000ff;\"><span style=\"color: #000000;\"><span style=\"color: #0000ff;\"><span style=\"color: #000000;\"><span style=\"color: #888888;\"><span style=\"color: #000000;\"><span style=\"color: #000000;\"><span style=\"font-family: Arial; font-size: x-small;\"><span style=\"color: #0000ff;\"><span style=\"color: #000000;\"><span style=\"color: #0000ff;\"><span style=\"color: #000000;\"><span style=\"color: #888888;\"><span style=\"color: #000000;\"><span style=\"color: #000000;\"><span style=\"font-family: Arial; font-size: x-small;\"><span style=\"color: #0000ff;\"><span style=\"color: #000000;\"><span style=\"color: #0000ff;\"><span style=\"color: #000000;\"><span style=\"color: #888888;\"><span style=\"color: #000000;\"><span style=\"color: #000000;\"><span style=\"font-family: Arial; font-size: x-small;\"><span style=\"color: #0000ff;\"><span style=\"color: #000000;\"><span style=\"color: #0000ff;\"><span style=\"color: #000000;\">&nbsp;&#8211;&nbsp;Institui o Comit&ecirc; Intersetorial de Pol&iacute;tica Estadual para Migra&ccedil;&atilde;o e V&iacute;timas de Tr&aacute;fico de Pessoas no Estado de Goi&aacute;s.<\/p>\n<p>&#8211;&nbsp;<\/span><\/span><\/span><\/span><\/span><\/span><\/span><\/span><\/span><\/span><\/span><\/span><\/span><\/span><\/span><\/span><\/span><\/span><\/span><\/span><\/span><\/span><\/span><\/span><\/span><\/span><\/span><\/span><\/span><\/span><\/span><\/span><\/span><\/span><\/span><\/span><span style=\"font-family: Arial; font-size: x-small; color: #0000ff;\"><span style=\"font-family: Arial; font-size: x-small;\"><span style=\"font-family: Arial; font-size: x-small;\"><span style=\"font-family: Arial; font-size: x-small;\"><a href=\"http:\/\/www.gabinetecivil.go.gov.br\/pagina_decretos.php?id=15805\" rel=\"noopener noreferrer\" target=\"_blank\"><span style=\"color: #0000ff;\">Decreto n&ordm; 8.690, de 12 de julho de 2016<\/span><\/a><\/span><\/span><\/span><\/span><span style=\"color: #0000ff;\"><span style=\"color: #000000;\"><span style=\"color: #0000ff;\"><span style=\"color: #000000;\"><span style=\"color: #888888;\"><span style=\"color: #000000;\"><span style=\"color: #000000;\"><span style=\"font-family: Arial; font-size: x-small;\"><span style=\"color: #0000ff;\"><span style=\"color: #000000;\"><span style=\"color: #0000ff;\"><span style=\"color: #000000;\"><span style=\"color: #888888;\"><span style=\"color: #000000;\"><span style=\"color: #000000;\"><span style=\"font-family: Arial; font-size: x-small;\"><span style=\"color: #0000ff;\"><span style=\"color: #000000;\"><span style=\"color: #0000ff;\"><span style=\"color: #000000;\"><span style=\"color: #888888;\"><span style=\"color: #000000;\"><span style=\"color: #000000;\"><span style=\"font-family: Arial; font-size: x-small;\"><span style=\"color: #0000ff;\"><span style=\"color: #000000;\"><span style=\"color: #0000ff;\"><span style=\"color: #000000;\"><span style=\"color: #888888;\"><span style=\"color: #000000;\"><span style=\"color: #000000;\"><span style=\"font-family: Arial; font-size: x-small;\"><span style=\"color: #0000ff;\"><span style=\"color: #000000;\"><span style=\"color: #0000ff;\"><span style=\"color: #000000;\">&nbsp;&#8211; Altera dispositivos do Regimento Interno do Conselho Estadual de Direitos Humanos.<\/p>\n<p>&#8211;&nbsp;<\/span><\/span><\/span><\/span><\/span><\/span><\/span><\/span><\/span><\/span><\/span><\/span><\/span><\/span><\/span><\/span><\/span><\/span><\/span><\/span><\/span><\/span><\/span><\/span><\/span><\/span><\/span><\/span><\/span><\/span><\/span><\/span><\/span><\/span><\/span><\/span><span style=\"font-family: Arial; font-size: x-small; color: #0000ff;\"><span style=\"font-family: Arial; font-size: x-small;\"><span style=\"font-family: Arial; font-size: x-small;\"><span style=\"font-family: Arial; font-size: x-small;\"><a href=\"http:\/\/www.gabinetecivil.go.gov.br\/pagina_leis.php?id=21207\" rel=\"noopener noreferrer\" target=\"_blank\"><span style=\"color: #0000ff;\">Lei n&ordm; 19.357, de 21 de junho de 2016<\/span><\/a><\/span><\/span><\/span><\/span><span style=\"color: #0000ff;\"><span style=\"color: #000000;\"><span style=\"color: #0000ff;\"><span style=\"color: #000000;\"><span style=\"color: #888888;\"><span style=\"color: #000000;\"><span style=\"color: #000000;\"><span style=\"font-family: Arial; font-size: x-small;\"><span style=\"color: #0000ff;\"><span style=\"color: #000000;\"><span style=\"color: #0000ff;\"><span style=\"color: #000000;\"><span style=\"color: #888888;\"><span style=\"color: #000000;\"><span style=\"color: #000000;\"><span style=\"font-family: Arial; font-size: x-small;\"><span style=\"color: #0000ff;\"><span style=\"color: #000000;\"><span style=\"color: #0000ff;\"><span style=\"color: #000000;\"><span style=\"color: #888888;\"><span style=\"color: #000000;\"><span style=\"color: #000000;\"><span style=\"font-family: Arial; font-size: x-small;\"><span style=\"color: #0000ff;\"><span style=\"color: #000000;\"><span style=\"color: #0000ff;\"><span style=\"color: #000000;\"><span style=\"color: #888888;\"><span style=\"color: #000000;\"><span style=\"color: #000000;\"><span style=\"font-family: Arial; font-size: x-small;\"><span style=\"color: #0000ff;\"><span style=\"color: #000000;\"><span style=\"color: #0000ff;\"><span style=\"color: #000000;\">&nbsp;&#8211;&nbsp;Disp&otilde;e sobre a institui&ccedil;&atilde;o, compet&ecirc;ncia, composi&ccedil;&atilde;o e estrutura&ccedil;&atilde;o do Conselho Estadual de Economia Solid&aacute;ria &#8211; CEES e d&aacute; outras provid&ecirc;ncias.<\/p>\n<p>&#8211;&nbsp;<\/span><\/span><\/span><\/span><\/span><\/span><\/span><\/span><\/span><\/span><\/span><\/span><\/span><\/span><\/span><\/span><\/span><\/span><\/span><\/span><\/span><\/span><\/span><\/span><\/span><\/span><\/span><\/span><\/span><\/span><\/span><\/span><\/span><\/span><\/span><\/span><span style=\"font-family: Arial; font-size: x-small; color: #0000ff;\"><span style=\"font-family: Arial; font-size: x-small;\"><span style=\"font-family: Arial; font-size: x-small;\"><span style=\"font-family: Arial; font-size: x-small;\"><a href=\"http:\/\/www.gabinetecivil.go.gov.br\/pagina_leis.php?id=21180\" rel=\"noopener noreferrer\" target=\"_blank\"><span style=\"color: #0000ff;\">Lei n&ordm; 19.332, de 03 de junho de 2016<\/span><\/a><\/span><\/span><\/span><\/span><span style=\"color: #0000ff;\"><span style=\"color: #000000;\"><span style=\"color: #0000ff;\"><span style=\"color: #000000;\"><span style=\"color: #888888;\"><span style=\"color: #000000;\"><span style=\"color: #000000;\"><span style=\"font-family: Arial; font-size: x-small;\"><span style=\"color: #0000ff;\"><span style=\"color: #000000;\"><span style=\"color: #0000ff;\"><span style=\"color: #000000;\"><span style=\"color: #888888;\"><span style=\"color: #000000;\"><span style=\"color: #000000;\"><span style=\"font-family: Arial; font-size: x-small;\"><span style=\"color: #0000ff;\"><span style=\"color: #000000;\"><span style=\"color: #0000ff;\"><span style=\"color: #000000;\"><span style=\"color: #888888;\"><span style=\"color: #000000;\"><span style=\"color: #000000;\"><span style=\"font-family: Arial; font-size: x-small;\"><span style=\"color: #0000ff;\"><span style=\"color: #000000;\"><span style=\"color: #0000ff;\"><span style=\"color: #000000;\"><span style=\"color: #888888;\"><span style=\"color: #000000;\"><span style=\"color: #000000;\"><span style=\"font-family: Arial; font-size: x-small;\"><span style=\"color: #0000ff;\"><span style=\"color: #000000;\"><span style=\"color: #0000ff;\"><span style=\"color: #000000;\">&nbsp;&#8211;&nbsp;Altera dispositivo da&nbsp;<a href=\"http:\/\/www.gabinetecivil.goias.gov.br\/leis_ordinarias\/2012\/lei_17683.htm\" rel=\"noopener noreferrer\" target=\"_blank\">Lei n&ordm; 17.683, de 28 de junho de 2012<\/a>.<\/p>\n<p>&#8211;&nbsp;<a href=\"http:\/\/www.gabinetecivil.go.gov.br\/pagina_leis.php?id=21177\" rel=\"noopener noreferrer\" target=\"_blank\">Lei n&ordm; 19.329, de 03 de junho de 2016<\/a>&nbsp;&#8211;&nbsp;Institui o Conselho Estadual dos Direitos da Pessoa Idosa -CEDPI\/GO- e o Fundo Estadual dos Direitos da Pessoa Idosa -FEDPI\/GO- e d&aacute; outras provid&ecirc;ncias.<\/p>\n<p>&#8211;&nbsp;<\/span><\/span><\/span><\/span><\/span><\/span><\/span><\/span><\/span><\/span><\/span><\/span><\/span><\/span><\/span><\/span><\/span><\/span><\/span><\/span><\/span><\/span><\/span><\/span><\/span><\/span><\/span><\/span><\/span><\/span><\/span><\/span><\/span><\/span><\/span><\/span><span style=\"font-family: Arial; font-size: x-small; color: #0000ff;\"><span style=\"font-family: Arial; font-size: x-small;\"><span style=\"font-family: Arial; font-size: x-small;\"><span style=\"font-family: Arial; font-size: x-small;\"><a href=\"http:\/\/www.gabinetecivil.go.gov.br\/pagina_leis.php?id=21168\" rel=\"noopener noreferrer\" target=\"_blank\"><span style=\"color: #0000ff;\">Lei n&ordm; 19.319, de 23 de maio de 2016<\/span><\/a><\/span><\/span><\/span><\/span><span style=\"color: #0000ff;\"><span style=\"color: #000000;\"><span style=\"color: #0000ff;\"><span style=\"color: #000000;\"><span style=\"color: #888888;\"><span style=\"color: #000000;\"><span style=\"color: #000000;\"><span style=\"font-family: Arial; font-size: x-small;\"><span style=\"color: #0000ff;\"><span style=\"color: #000000;\"><span style=\"color: #0000ff;\"><span style=\"color: #000000;\"><span style=\"color: #888888;\"><span style=\"color: #000000;\"><span style=\"color: #000000;\"><span style=\"font-family: Arial; font-size: x-small;\"><span style=\"color: #0000ff;\"><span style=\"color: #000000;\"><span style=\"color: #0000ff;\"><span style=\"color: #000000;\"><span style=\"color: #888888;\"><span style=\"color: #000000;\"><span style=\"color: #000000;\"><span style=\"font-family: Arial; font-size: x-small;\"><span style=\"color: #0000ff;\"><span style=\"color: #000000;\"><span style=\"color: #0000ff;\"><span style=\"color: #000000;\"><span style=\"color: #888888;\"><span style=\"color: #000000;\"><span style=\"color: #000000;\"><span style=\"font-family: Arial; font-size: x-small;\"><span style=\"color: #0000ff;\"><span style=\"color: #000000;\"><span style=\"color: #0000ff;\"><span style=\"color: #000000;\">&nbsp;&#8211;&nbsp;Estabelece as bases do &quot;Novo Programa Renda Cidad&atilde;&quot; e d&aacute; outras provid&ecirc;ncias.<\/p>\n<p>&#8211;&nbsp;<\/span><\/span><\/span><\/span><\/span><\/span><\/span><\/span><\/span><\/span><\/span><\/span><\/span><\/span><\/span><\/span><\/span><\/span><\/span><\/span><\/span><\/span><\/span><\/span><\/span><\/span><\/span><\/span><\/span><\/span><\/span><\/span><\/span><\/span><\/span><\/span><span style=\"font-family: Arial; font-size: x-small; color: #0000ff;\"><span style=\"font-family: Arial; font-size: x-small;\"><span style=\"font-family: Arial; font-size: x-small;\"><span style=\"font-family: Arial; font-size: x-small;\"><a href=\"http:\/\/www.gabinetecivil.go.gov.br\/pagina_leis.php?id=21095\" rel=\"noopener noreferrer\" target=\"_blank\"><span style=\"color: #0000ff;\">Lei n&ordm; 19.247, de 13 de abril de 2016<\/span><\/a><\/span><\/span><\/span><\/span><span style=\"color: #0000ff;\"><span style=\"color: #000000;\"><span style=\"color: #0000ff;\"><span style=\"color: #000000;\"><span style=\"color: #888888;\"><span style=\"color: #000000;\"><span style=\"color: #000000;\"><span style=\"font-family: Arial; font-size: x-small;\"><span style=\"color: #0000ff;\"><span style=\"color: #000000;\"><span style=\"color: #0000ff;\"><span style=\"color: #000000;\"><span style=\"color: #888888;\"><span style=\"color: #000000;\"><span style=\"color: #000000;\"><span style=\"font-family: Arial; font-size: x-small;\"><span style=\"color: #0000ff;\"><span style=\"color: #000000;\"><span style=\"color: #0000ff;\"><span style=\"color: #000000;\"><span style=\"color: #888888;\"><span style=\"color: #000000;\"><span style=\"color: #000000;\"><span style=\"font-family: Arial; font-size: x-small;\"><span style=\"color: #0000ff;\"><span style=\"color: #000000;\"><span style=\"color: #0000ff;\"><span style=\"color: #000000;\"><span style=\"color: #888888;\"><span style=\"color: #000000;\"><span style=\"color: #000000;\"><span style=\"font-family: Arial; font-size: x-small;\"><span style=\"color: #0000ff;\"><span style=\"color: #000000;\"><span style=\"color: #0000ff;\"><span style=\"color: #000000;\">&nbsp;&#8211;&nbsp;Altera dispositivo da <\/span><\/span><\/span><\/span><\/span><\/span><\/span><\/span><\/span><\/span><\/span><\/span><\/span><\/span><\/span><\/span><\/span><\/span><\/span><\/span><\/span><\/span><\/span><\/span><\/span><\/span><\/span><\/span><\/span><\/span><\/span><\/span><\/span><\/span><\/span><\/span><span style=\"font-family: Arial; font-size: x-small; color: #0000ff;\"><span style=\"font-family: Arial; font-size: x-small;\"><span style=\"font-family: Arial; font-size: x-small;\"><span style=\"font-family: Arial; font-size: x-small;\"><a href=\"http:\/\/www.gabinetecivil.goias.gov.br\/leis_ordinarias\/2005\/lei_15109.htm\" rel=\"noopener noreferrer\" target=\"_blank\"><span style=\"color: #0000ff;\">Lei n&ordm; 15.109, de 02 de fevereiro de 2005<\/span><\/a><\/span><\/span><\/span><\/span><span style=\"color: #0000ff;\"><span style=\"color: #000000;\"><span style=\"color: #0000ff;\"><span style=\"color: #000000;\"><span style=\"color: #888888;\"><span style=\"color: #000000;\"><span style=\"color: #000000;\"><span style=\"font-family: Arial; font-size: x-small;\"><span style=\"color: #0000ff;\"><span style=\"color: #000000;\"><span style=\"color: #0000ff;\"><span style=\"color: #000000;\"><span style=\"color: #888888;\"><span style=\"color: #000000;\"><span style=\"color: #000000;\"><span style=\"font-family: Arial; font-size: x-small;\"><span style=\"color: #0000ff;\"><span style=\"color: #000000;\"><span style=\"color: #0000ff;\"><span style=\"color: #000000;\"><span style=\"color: #888888;\"><span style=\"color: #000000;\"><span style=\"color: #000000;\"><span style=\"font-family: Arial; font-size: x-small;\"><span style=\"color: #0000ff;\"><span style=\"color: #000000;\"><span style=\"color: #0000ff;\"><span style=\"color: #000000;\"><span style=\"color: #888888;\"><span style=\"color: #000000;\"><span style=\"color: #000000;\"><span style=\"font-family: Arial; font-size: x-small;\"><span style=\"color: #0000ff;\"><span style=\"color: #000000;\"><span style=\"color: #0000ff;\"><span style=\"color: #000000;\">.<\/p>\n<p>&#8211; <\/span><\/span><\/span><\/span><\/span><\/span><\/span><\/span><\/span><\/span><\/span><\/span><\/span><\/span><\/span><\/span><\/span><\/span><\/span><\/span><\/span><\/span><\/span><\/span><\/span><\/span><\/span><\/span><\/span><\/span><\/span><\/span><\/span><\/span><\/span><\/span><span style=\"font-family: Arial; font-size: x-small; color: #0000ff;\"><span style=\"font-family: Arial; font-size: x-small;\"><span style=\"font-family: Arial; font-size: x-small;\"><a href=\"http:\/\/www.gabinetecivil.go.gov.br\/pagina_leis.php?id=21083\" rel=\"noopener noreferrer\" target=\"_blank\"><span style=\"font-family: Arial; font-size: x-small; color: #0000ff;\">Lei n&ordm; 19.237, de 06 de abril de 2016<\/span><\/a><\/span><\/span><\/span><span style=\"color: #0000ff;\"><span style=\"color: #000000;\"><span style=\"color: #0000ff;\"><span style=\"color: #000000;\"><span style=\"color: #888888;\"><span style=\"color: #000000;\"><span style=\"color: #000000;\"><span style=\"font-family: Arial; font-size: x-small;\"><span style=\"color: #0000ff;\"><span style=\"color: #000000;\"><span style=\"color: #0000ff;\"><span style=\"color: #000000;\"><span style=\"color: #888888;\"><span style=\"color: #000000;\"><span style=\"color: #000000;\"><span style=\"font-family: Arial; font-size: x-small;\"><span style=\"color: #0000ff;\"><span style=\"color: #000000;\"><span style=\"color: #0000ff;\"><span style=\"color: #000000;\"><span style=\"color: #888888;\"><span style=\"color: #000000;\"><span style=\"color: #000000;\"><span style=\"font-family: Arial; font-size: x-small;\"><span style=\"color: #0000ff;\"><span style=\"color: #000000;\"><span style=\"color: #0000ff;\"><span style=\"color: #000000;\"><span style=\"color: #888888;\"><span style=\"color: #000000;\"><span style=\"color: #000000;\"><span style=\"font-family: Arial; font-size: x-small;\"><span style=\"color: #0000ff;\"><span style=\"color: #000000;\"><span style=\"color: #0000ff;\"><span style=\"color: #000000;\">&nbsp;&#8211; <\/span><\/span><\/span><\/span><\/span><\/span><\/span><\/span><\/span><\/span><\/span><\/span><span style=\"color: #0000ff;\"><span style=\"color: #000000;\"><span style=\"color: #0000ff;\"><span style=\"color: #000000;\"><span style=\"color: #888888;\"><span style=\"color: #000000;\"><span style=\"color: #000000;\"><span style=\"font-family: Arial; font-size: x-small;\"><span style=\"color: #0000ff;\"><span style=\"color: #000000;\"><span style=\"color: #0000ff;\"><span style=\"color: #000000;\">Altera a denomina&ccedil;&atilde;o da unidade administrativa b&aacute;sica que especifica, da Secretaria de Estado da Mulher, do Desenvolvimento Social, da Igualdade Racial, dos Direitos Humanos e do Trabalho.<\/span><\/span><\/span><\/span><\/span><\/span><\/span><\/span><\/span><\/span><\/span><\/span><\/span><\/span><\/span><\/span><\/p>\n<p>&#8211; <\/span><\/span><\/span><\/span><\/span><\/span><\/span><\/span><\/span><\/span><\/span><\/span><span style=\"font-family: Arial; font-size: x-small; color: #0000ff;\"><a href=\"http:\/\/www.gabinetecivil.go.gov.br\/pagina_decretos.php?id=15232\" rel=\"noopener noreferrer\" target=\"_blank\"><span style=\"color: #0000ff;\">Decreto n&ordm; 8.615, de 28 de mar&ccedil;o de 2016<\/span><\/a><\/span><span style=\"color: #0000ff;\"><span style=\"color: #000000;\"><span style=\"color: #0000ff;\"><span style=\"color: #000000;\"><span style=\"color: #888888;\"><span style=\"color: #000000;\"><span style=\"color: #000000;\"><span style=\"font-family: Arial; font-size: x-small;\"><span style=\"color: #0000ff;\"><span style=\"color: #000000;\"><span style=\"color: #0000ff;\"><span style=\"color: #000000;\">&nbsp;&#8211; Introduz altera&ccedil;&otilde;es no <\/span><\/span><\/span><\/span><\/span><\/span><\/span><\/span><\/span><\/span><\/span><\/span><span style=\"font-family: Arial; font-size: x-small; color: #0000ff;\"><a href=\"http:\/\/www.gabinetecivil.goias.gov.br\/decretos\/numerados\/2010\/decreto_7141.htm\" rel=\"noopener noreferrer\" target=\"_blank\"><span style=\"color: #0000ff;\">Decreto n&ordm; 7.141, de 06 de agosto de 2010<\/span><\/a><\/span><span style=\"color: #0000ff;\"><span style=\"color: #000000;\"><span style=\"color: #0000ff;\"><span style=\"color: #000000;\"><span style=\"color: #888888;\"><span style=\"color: #000000;\"><span style=\"color: #000000;\"><span style=\"font-family: Arial; font-size: x-small;\"><span style=\"color: #0000ff;\"><span style=\"color: #000000;\"><span style=\"color: #0000ff;\"><span style=\"color: #000000;\">, que disp&otilde;e sobre a concess&atilde;o de di&aacute;ria e de indeniza&ccedil;&atilde;o de transporte, no &acirc;mbito do Poder Executivo, e d&aacute; outras provid&ecirc;ncias.<\/span><\/span><\/span><\/span><\/span><\/span><\/span><\/span><\/span><\/span><\/span><\/span><\/span><\/span><\/span><\/span><\/p>\n<p>&#8211; <span style=\"color: #0000ff;\"><a href=\"http:\/\/www.gabinetecivil.go.gov.br\/pagina_decretos.php?id=14607\" rel=\"noopener noreferrer\" target=\"_blank\"><span style=\"color: #0000ff;\">Decreto n&ordm; 8.587, de 04 de mar&ccedil;o de 2016<\/span><\/a><\/span>&nbsp;&#8211; Altera o <span style=\"color: #0000ff;\"><a href=\"http:\/\/www.gabinetecivil.go.gov.br\/pagina_decretos.php?id=13753\" rel=\"noopener noreferrer\" target=\"_blank\"><span style=\"color: #0000ff;\">Decreto n&ordm; 8.465, de 05 de outubro de 2015<\/span><\/a><\/span>, e d&aacute; outras provid&ecirc;ncias.<\/span><\/span><\/span><\/span><\/span><\/span><\/span><\/span><\/p>\n<p>&#8211; <span style=\"color: #0000ff;\"><a href=\"http:\/\/www.gabinetecivil.go.gov.br\/pagina_leis.php?id=19589\" rel=\"noopener noreferrer\" target=\"_blank\"><span style=\"color: #0000ff;\">Lei n&ordm; 19.196, de 07 de janeiro de 2016<\/span><\/a><\/span> &#8211; Altera a <span style=\"color: #0000ff;\"><a href=\"http:\/\/www.gabinetecivil.goias.gov.br\/leis_ordinarias\/2011\/lei_17257.htm\" rel=\"noopener noreferrer\" target=\"_blank\"><span style=\"color: #0000ff;\">Lei n&ordm; 17.257, de 25 de janeiro de 2011<\/span><\/a><\/span>, que disp&otilde;e sobre a organiza&ccedil;&atilde;o administrativa do Poder Executivo e d&aacute; outras provid&ecirc;ncias.<\/p>\n","protected":false},"excerpt":{"rendered":"<p>Fale Conosco SIGA Governadoria Vice-Governadoria Secretarias Ag&ecirc;ncias\/Autarquias Funda&ccedil;&atilde;o Sociedades de Economia Mista Conselhos Estaduais &nbsp; Secretaria da Mulher, Desenvolvimento Social, Igualdade Racial e dos&nbsp; Direitos Humanos &#8211; CIDAD&Atilde; Dados Gerais | Compet&ecirc;ncias | Legisla&ccedil;&atilde;o | Fundos | Organograma&nbsp; |&nbsp;Grupos Executivos &nbsp; Legisla&ccedil;&atilde;o: &#8211; Portaria 0327\/2018 &ndash; CIDAD&Atilde; &#8211; RESOLVE: Art. 1&ordm;- Criar a Escola do [&hellip;]<\/p>\n","protected":false},"author":38,"featured_media":31,"comment_status":"closed","ping_status":"open","sticky":false,"template":"","format":"standard","meta":{"footnotes":""},"categories":[117],"tags":[],"class_list":["post-2236","post","type-post","status-publish","format-standard","has-post-thumbnail","hentry","category-orgaos-do-poder-executivo"],"rttpg_featured_image_url":{"full":["https:\/\/goias.gov.br\/administracao\/wp-content\/uploads\/sites\/27\/2011\/07\/logo_padrao-a16.jpg",200,110,false],"landscape":["https:\/\/goias.gov.br\/administracao\/wp-content\/uploads\/sites\/27\/2011\/07\/logo_padrao-a16.jpg",200,110,false],"portraits":["https:\/\/goias.gov.br\/administracao\/wp-content\/uploads\/sites\/27\/2011\/07\/logo_padrao-a16.jpg",200,110,false],"thumbnail":["https:\/\/goias.gov.br\/administracao\/wp-content\/uploads\/sites\/27\/2011\/07\/logo_padrao-a16-150x110.jpg",150,110,true],"medium":["https:\/\/goias.gov.br\/administracao\/wp-content\/uploads\/sites\/27\/2011\/07\/logo_padrao-a16.jpg",200,110,false],"large":["https:\/\/goias.gov.br\/administracao\/wp-content\/uploads\/sites\/27\/2011\/07\/logo_padrao-a16.jpg",200,110,false],"1536x1536":["https:\/\/goias.gov.br\/administracao\/wp-content\/uploads\/sites\/27\/2011\/07\/logo_padrao-a16.jpg",200,110,false],"2048x2048":["https:\/\/goias.gov.br\/administracao\/wp-content\/uploads\/sites\/27\/2011\/07\/logo_padrao-a16.jpg",200,110,false]},"rttpg_author":{"display_name":"gustavomartinsgomes","author_link":"https:\/\/goias.gov.br\/administracao\/author\/gustavomartinsgomes\/"},"rttpg_comment":0,"rttpg_category":"<a href=\"https:\/\/goias.gov.br\/administracao\/categoria\/orgaos-do-poder-executivo\/\" rel=\"category tag\">\u00d3rg\u00e3os do Poder Executivo<\/a>","rttpg_excerpt":"Fale Conosco SIGA Governadoria Vice-Governadoria Secretarias Ag&ecirc;ncias\/Autarquias Funda&ccedil;&atilde;o Sociedades de Economia Mista Conselhos Estaduais &nbsp; Secretaria da Mulher, Desenvolvimento Social, Igualdade Racial e dos&nbsp; Direitos Humanos &#8211; CIDAD&Atilde; Dados Gerais | Compet&ecirc;ncias | Legisla&ccedil;&atilde;o | Fundos | Organograma&nbsp; |&nbsp;Grupos Executivos &nbsp; Legisla&ccedil;&atilde;o: &#8211; Portaria 0327\/2018 &ndash; CIDAD&Atilde; &#8211; RESOLVE: Art. 1&ordm;- Criar a Escola do&hellip;","_links":{"self":[{"href":"https:\/\/goias.gov.br\/administracao\/wp-json\/wp\/v2\/posts\/2236","targetHints":{"allow":["GET"]}}],"collection":[{"href":"https:\/\/goias.gov.br\/administracao\/wp-json\/wp\/v2\/posts"}],"about":[{"href":"https:\/\/goias.gov.br\/administracao\/wp-json\/wp\/v2\/types\/post"}],"author":[{"embeddable":true,"href":"https:\/\/goias.gov.br\/administracao\/wp-json\/wp\/v2\/users\/38"}],"replies":[{"embeddable":true,"href":"https:\/\/goias.gov.br\/administracao\/wp-json\/wp\/v2\/comments?post=2236"}],"version-history":[{"count":1,"href":"https:\/\/goias.gov.br\/administracao\/wp-json\/wp\/v2\/posts\/2236\/revisions"}],"predecessor-version":[{"id":13840,"href":"https:\/\/goias.gov.br\/administracao\/wp-json\/wp\/v2\/posts\/2236\/revisions\/13840"}],"wp:featuredmedia":[{"embeddable":true,"href":"https:\/\/goias.gov.br\/administracao\/wp-json\/wp\/v2\/media\/31"}],"wp:attachment":[{"href":"https:\/\/goias.gov.br\/administracao\/wp-json\/wp\/v2\/media?parent=2236"}],"wp:term":[{"taxonomy":"category","embeddable":true,"href":"https:\/\/goias.gov.br\/administracao\/wp-json\/wp\/v2\/categories?post=2236"},{"taxonomy":"post_tag","embeddable":true,"href":"https:\/\/goias.gov.br\/administracao\/wp-json\/wp\/v2\/tags?post=2236"}],"curies":[{"name":"wp","href":"https:\/\/api.w.org\/{rel}","templated":true}]}}