

{"id":211189,"date":"2026-03-12T14:33:00","date_gmt":"2026-03-12T17:33:00","guid":{"rendered":"https:\/\/goias.gov.br\/administracao\/?p=211189"},"modified":"2026-03-13T17:59:38","modified_gmt":"2026-03-13T20:59:38","slug":"governo-de-goias-envia-a-alego-projeto-de-revisao-salarial-para-servidores","status":"publish","type":"post","link":"https:\/\/goias.gov.br\/administracao\/governo-de-goias-envia-a-alego-projeto-de-revisao-salarial-para-servidores\/","title":{"rendered":"Governo de Goi\u00e1s envia \u00e0 Alego projeto de revis\u00e3o salarial para servidores"},"content":{"rendered":"\n<p><em>Proposta prev\u00ea recomposi\u00e7\u00e3o de 4,26%, com base no IPCA de 2025, e passa a valer a partir de 1\u00ba de maio<\/em><\/p>\n\n\n\n<figure class=\"wp-block-image size-large\"><img fetchpriority=\"high\" decoding=\"async\" width=\"1024\" height=\"681\" src=\"https:\/\/goias.gov.br\/administracao\/wp-content\/uploads\/sites\/27\/2026\/03\/WhatsApp-Image-2026-03-12-at-08.44.46-1024x681.jpeg\" alt=\"\" class=\"wp-image-211197\" srcset=\"https:\/\/goias.gov.br\/administracao\/wp-content\/uploads\/sites\/27\/2026\/03\/WhatsApp-Image-2026-03-12-at-08.44.46-1024x681.jpeg 1024w, https:\/\/goias.gov.br\/administracao\/wp-content\/uploads\/sites\/27\/2026\/03\/WhatsApp-Image-2026-03-12-at-08.44.46-300x200.jpeg 300w, https:\/\/goias.gov.br\/administracao\/wp-content\/uploads\/sites\/27\/2026\/03\/WhatsApp-Image-2026-03-12-at-08.44.46-768x511.jpeg 768w, https:\/\/goias.gov.br\/administracao\/wp-content\/uploads\/sites\/27\/2026\/03\/WhatsApp-Image-2026-03-12-at-08.44.46-1536x1021.jpeg 1536w, https:\/\/goias.gov.br\/administracao\/wp-content\/uploads\/sites\/27\/2026\/03\/WhatsApp-Image-2026-03-12-at-08.44.46.jpeg 1600w\" sizes=\"(max-width: 1024px) 100vw, 1024px\" \/><\/figure>\n\n\n\n<p>O Governo de Goi\u00e1s encaminhou \u00e0 Assembleia Legislativa do Estado de Goi\u00e1s (Alego) um projeto de lei que concede a revis\u00e3o geral anual (RGA) dos vencimentos, subs\u00eddios e proventos dos servidores civis e militares do Poder Executivo estadual. A proposta prev\u00ea recomposi\u00e7\u00e3o salarial de 4,26%, percentual correspondente ao \u00cdndice Nacional de Pre\u00e7os ao Consumidor Amplo (IPCA) de 2025, com vig\u00eancia a partir de 1\u00ba de maio. O objetivo \u00e9 recompor as perdas inflacion\u00e1rias e preservar o poder de compra do funcionalismo p\u00fablico.<\/p>\n\n\n\n<p>A revis\u00e3o se aplica aos servidores efetivos ativos e inativos, comissionados, aos empregados p\u00fablicos e aos pensionistas vinculados ao Executivo estadual, al\u00e9m das pens\u00f5es especiais concedidas a anistiados pol\u00edticos. O percentual ser\u00e1 incorporado \u00e0s tabelas de vencimento, subs\u00eddio e proventos, conforme previsto na legisla\u00e7\u00e3o estadual que regula a revis\u00e3o geral anual.<\/p>\n\n\n\n<p>O secret\u00e1rio de Estado da Administra\u00e7\u00e3o, Alan Tavares, destacou que a iniciativa refor\u00e7a o compromisso do governo com os servidores p\u00fablicos e garante a preserva\u00e7\u00e3o do poder de compra. \u201cA recomposi\u00e7\u00e3o salarial \u00e9 uma forma de reconhecer a import\u00e2ncia dos servidores e garantir a preserva\u00e7\u00e3o do poder de compra diante das perdas inflacion\u00e1rias. O Governo de Goi\u00e1s atua com responsabilidade fiscal, mas tamb\u00e9m com o compromisso de valorizar quem trabalha diariamente para entregar servi\u00e7os de qualidade \u00e0 popula\u00e7\u00e3o\u201d, afirmou.<\/p>\n\n\n\n<p>O projeto tamb\u00e9m prev\u00ea a atualiza\u00e7\u00e3o dos par\u00e2metros do programa de aux\u00edlio-alimenta\u00e7\u00e3o nos \u00f3rg\u00e3os e entidades do Executivo estadual. Com a aplica\u00e7\u00e3o do mesmo \u00edndice de 4,26%, o limite de renda para recebimento do benef\u00edcio passar\u00e1 de R$ 6.399,01 para R$ 6.671,61, ampliando a faixa de servidores que poder\u00e3o continuar sendo contemplados.<\/p>\n\n\n\n<p>A medida cumpre dispositivos da Constitui\u00e7\u00e3o Federal e da Constitui\u00e7\u00e3o do Estado, al\u00e9m de observar as normas da Lei de Responsabilidade Fiscal. A proposta agora ser\u00e1 analisada pelos deputados estaduais na Alego e integra a pol\u00edtica do Executivo de valoriza\u00e7\u00e3o do servidor p\u00fablico e fortalecimento da gest\u00e3o p\u00fablica em Goi\u00e1s.<\/p>\n\n\n\n<p><em>Foto: Secom<\/em><\/p>\n\n\n\n<p><strong>Secretaria da Administra\u00e7\u00e3o &#8211; Governo de Goi\u00e1s<\/strong><\/p>\n","protected":false},"excerpt":{"rendered":"<p>Proposta prev\u00ea recomposi\u00e7\u00e3o de 4,26%, com base no IPCA de 2025, e passa a valer a partir de 1\u00ba de maio O Governo de Goi\u00e1s encaminhou \u00e0 Assembleia Legislativa do Estado de Goi\u00e1s (Alego) um projeto de lei que concede a revis\u00e3o geral anual (RGA) dos vencimentos, subs\u00eddios e proventos dos servidores civis e militares [&hellip;]<\/p>\n","protected":false},"author":201,"featured_media":211197,"comment_status":"closed","ping_status":"open","sticky":false,"template":"","format":"standard","meta":{"footnotes":""},"categories":[121],"tags":[],"class_list":["post-211189","post","type-post","status-publish","format-standard","has-post-thumbnail","hentry","category-noticias-novas"],"rttpg_featured_image_url":{"full":["https:\/\/goias.gov.br\/administracao\/wp-content\/uploads\/sites\/27\/2026\/03\/WhatsApp-Image-2026-03-12-at-08.44.46.jpeg",1600,1064,false],"landscape":["https:\/\/goias.gov.br\/administracao\/wp-content\/uploads\/sites\/27\/2026\/03\/WhatsApp-Image-2026-03-12-at-08.44.46.jpeg",1600,1064,false],"portraits":["https:\/\/goias.gov.br\/administracao\/wp-content\/uploads\/sites\/27\/2026\/03\/WhatsApp-Image-2026-03-12-at-08.44.46.jpeg",1600,1064,false],"thumbnail":["https:\/\/goias.gov.br\/administracao\/wp-content\/uploads\/sites\/27\/2026\/03\/WhatsApp-Image-2026-03-12-at-08.44.46-150x150.jpeg",150,150,true],"medium":["https:\/\/goias.gov.br\/administracao\/wp-content\/uploads\/sites\/27\/2026\/03\/WhatsApp-Image-2026-03-12-at-08.44.46-300x200.jpeg",300,200,true],"large":["https:\/\/goias.gov.br\/administracao\/wp-content\/uploads\/sites\/27\/2026\/03\/WhatsApp-Image-2026-03-12-at-08.44.46-1024x681.jpeg",1024,681,true],"1536x1536":["https:\/\/goias.gov.br\/administracao\/wp-content\/uploads\/sites\/27\/2026\/03\/WhatsApp-Image-2026-03-12-at-08.44.46-1536x1021.jpeg",1536,1021,true],"2048x2048":["https:\/\/goias.gov.br\/administracao\/wp-content\/uploads\/sites\/27\/2026\/03\/WhatsApp-Image-2026-03-12-at-08.44.46.jpeg",1600,1064,false]},"rttpg_author":{"display_name":"thaisrcarvalho","author_link":"https:\/\/goias.gov.br\/administracao\/author\/thaisrcarvalho\/"},"rttpg_comment":0,"rttpg_category":"<a href=\"https:\/\/goias.gov.br\/administracao\/categoria\/noticias-novas\/\" rel=\"category tag\">Not\u00edcias<\/a>","rttpg_excerpt":"Proposta prev\u00ea recomposi\u00e7\u00e3o de 4,26%, com base no IPCA de 2025, e passa a valer a partir de 1\u00ba de maio O Governo de Goi\u00e1s encaminhou \u00e0 Assembleia Legislativa do Estado de Goi\u00e1s (Alego) um projeto de lei que concede a revis\u00e3o geral anual (RGA) dos vencimentos, subs\u00eddios e proventos dos servidores civis e militares&hellip;","_links":{"self":[{"href":"https:\/\/goias.gov.br\/administracao\/wp-json\/wp\/v2\/posts\/211189","targetHints":{"allow":["GET"]}}],"collection":[{"href":"https:\/\/goias.gov.br\/administracao\/wp-json\/wp\/v2\/posts"}],"about":[{"href":"https:\/\/goias.gov.br\/administracao\/wp-json\/wp\/v2\/types\/post"}],"author":[{"embeddable":true,"href":"https:\/\/goias.gov.br\/administracao\/wp-json\/wp\/v2\/users\/201"}],"replies":[{"embeddable":true,"href":"https:\/\/goias.gov.br\/administracao\/wp-json\/wp\/v2\/comments?post=211189"}],"version-history":[{"count":1,"href":"https:\/\/goias.gov.br\/administracao\/wp-json\/wp\/v2\/posts\/211189\/revisions"}],"predecessor-version":[{"id":211220,"href":"https:\/\/goias.gov.br\/administracao\/wp-json\/wp\/v2\/posts\/211189\/revisions\/211220"}],"wp:featuredmedia":[{"embeddable":true,"href":"https:\/\/goias.gov.br\/administracao\/wp-json\/wp\/v2\/media\/211197"}],"wp:attachment":[{"href":"https:\/\/goias.gov.br\/administracao\/wp-json\/wp\/v2\/media?parent=211189"}],"wp:term":[{"taxonomy":"category","embeddable":true,"href":"https:\/\/goias.gov.br\/administracao\/wp-json\/wp\/v2\/categories?post=211189"},{"taxonomy":"post_tag","embeddable":true,"href":"https:\/\/goias.gov.br\/administracao\/wp-json\/wp\/v2\/tags?post=211189"}],"curies":[{"name":"wp","href":"https:\/\/api.w.org\/{rel}","templated":true}]}}