

{"id":2023,"date":"2011-08-18T14:08:50","date_gmt":"2011-08-18T17:08:50","guid":{"rendered":"http:\/\/localhost\/multisites\/sead\/2011\/08\/18\/rural\/"},"modified":"2023-10-18T16:30:15","modified_gmt":"2023-10-18T19:30:15","slug":"rural","status":"publish","type":"post","link":"https:\/\/goias.gov.br\/administracao\/rural\/","title":{"rendered":"Conselho Estadual de Desenvolvimento Rural Sustent\u00e1vel"},"content":{"rendered":"<table style=\"width: 100%;\" border=\"1\" cellspacing=\"1\" cellpadding=\"1\">\n<tbody>\n<tr>\n<td colspan=\"8\" align=\"right\"><a href=\"contatosiga\/ver\"><span style=\"color: #0000ff;\">Fale Conosco<\/span><\/a><\/td>\n<\/tr>\n<tr>\n<td style=\"background-color: #ff9900;\" align=\"center\" valign=\"middle\"><strong><a title=\"P\u00e1gina inicial do SIGA - Sistema de Gest\u00e3o Administrativa.\" href=\"https:\/\/goias.gov.br\/administracao\/siga-sistema-de-gestao-administrativa\/\">SIGA<\/a><\/strong><\/td>\n<td style=\"background-color: #bbe8ff;\" align=\"center\" valign=\"middle\" width=\"14%\"><a title=\"Integrada por \u00f3rg\u00e3os de assessoramento e aux\u00edlio direto ao Chefe do Poder Executivo.\" href=\"https:\/\/goias.gov.br\/administracao\/siga-governadoria\/\">Governadoria<\/a><\/td>\n<td style=\"background-color: #bbe8ff;\" align=\"center\" valign=\"middle\" width=\"14%\"><a title=\"Exerce compet\u00eancias constitucionais, legais e regulamentares de aux\u00edlio ao Governador.\" href=\"https:\/\/goias.gov.br\/administracao\/vg-1\/\">Vice-Governadoria<\/a><\/td>\n<td style=\"background-color: #bbe8ff;\" align=\"center\" valign=\"middle\" width=\"14%\"><a title=\"\u00d3rg\u00e3os de primeiro escal\u00e3o, respons\u00e1veis pela supervis\u00e3o e articula\u00e7\u00e3o das atividades das respectivas \u00e1reas de atua\u00e7\u00e3o, cabendo-lhes especificamente exercerem dentro do seu espa\u00e7o institucional, pol\u00edtico e administrativo, a formula\u00e7\u00e3o das pol\u00edticas e diretrizes, a coordena\u00e7\u00e3o de sua execu\u00e7\u00e3o e a supervis\u00e3o geral das entidades jurisdicionadas.\" href=\"https:\/\/goias.gov.br\/administracao\/siga-secretarias\/\">Secretarias<\/a><\/td>\n<td style=\"background-color: #bbe8ff;\" align=\"center\" valign=\"middle\" width=\"14%\"><a title=\"Entidades com personalidade jur\u00eddica de direito p\u00fablico, patrim\u00f4nio e receita pr\u00f3prios e capacidade de auto-administra\u00e7\u00e3o sob controle estatal, para executar atividades e servi\u00e7os do Poder P\u00fablico que, para melhor desempenho, requeiram gest\u00e3o administrativa e financeira descentralizada.\" href=\"https:\/\/goias.gov.br\/administracao\/siga-agencias\/\">Ag\u00eancias\/Autarquias<\/a><\/td>\n<td style=\"background-color: #bbe8ff;\" align=\"center\" valign=\"middle\" width=\"14%\"><a title=\"Entidade com personalidade jur\u00eddica de direito p\u00fablico, patrim\u00f4nio e receita pr\u00f3prios e capacidade de auto-administra\u00e7\u00e3o, sob controle estatal, para desenvolver atividades assistenciais, culturais, educacionais, de estudos e pesquisas, ou de apoio \u00e0s referidas atividades.\" href=\"?option=com_content&amp;view=article&amp;id=20126\">Funda\u00e7\u00e3o<\/a><\/td>\n<td style=\"background-color: #bbe8ff;\" align=\"center\" valign=\"middle\" width=\"14%\"><a title=\"Entidades institu\u00eddas sob a forma de sociedade por a\u00e7\u00f5es, tendo em sua denomina\u00e7\u00e3o \u2018Companhia\u2019 ou \u2018S.A.\u2019 (sociedade an\u00f4nima), com o objetivo de realizar atividade econ\u00f4mica ou servi\u00e7o de interesse coletivo.\" href=\"https:\/\/goias.gov.br\/administracao\/siga-sociedades\/\">Sociedades de Economia Mista<\/a><\/td>\n<td style=\"background-color: #bbe8ff;\" align=\"center\" valign=\"middle\" width=\"14%\"><a title=\"\u00d3rg\u00e3os colegiados, que atuam e decidem pela manifesta\u00e7\u00e3o conjunta e majorit\u00e1ria da vontade de seus membros compostos por representantes do Poder P\u00fablico e da sociedade civil. S\u00e3o de natureza normativa, deliberativa, consultiva ou fiscalizadora.\" href=\"https:\/\/goias.gov.br\/administracao\/siga-conselhos\/\">Conselhos Estaduais<\/a><\/td>\n<\/tr>\n<\/tbody>\n<\/table>\n<p>\u00a0<\/p>\n<p><strong>Conselho Estadual de Desenvolvimento Rural Sustent\u00e1vel &#8211; CEDRUS<\/p>\n<p><\/strong><\/p>\n<p><strong>Classifica\u00e7\u00e3o: \u00a0<\/strong>Colegiado de Delibera\u00e7\u00e3o Coletiva<\/p>\n<p><strong>Jurisdicionante:<\/strong>\u00a0<span style=\"color: #0000ff;\"><a href=\"?option=com_content&amp;view=article&amp;id=20176\" target=\"_blank\" rel=\"noopener\"><span style=\"color: #0000ff;\">Secretaria de Desenvolvimento Econ\u00f4mico,Cient\u00edfico e Tecnol\u00f3gico, Agricultura, Pecu\u00e1ria e Irriga\u00e7\u00e3o &#8211; SED<\/p>\n<p><\/span><\/a><\/span><strong>Compet\u00eancias:<\/strong><\/p>\n<p><span style=\"font-family: Verdana;\">Promover o entrosamento operacional e o aperfei\u00e7oamento das rela\u00e7\u00f5es do Governo do Estado com as entidades e os \u00f3rg\u00e3os representativos dos segmentos sociais organizados, dentro da \u00e1rea de a\u00e7\u00e3o da Secretaria de Agricultura, Pecu\u00e1ria e Abastecimento;<\/span><\/p>\n<p style=\"text-align: justify;\"><span style=\"font-family: Verdana;\">&#8211; colaborar na implementa\u00e7\u00e3o em Goi\u00e1s da Lei n. 8.171, de 17 de janeiro de 1991, que disp\u00f5e sobre a pol\u00edtica agr\u00edcola, e do Decreto Presidencial n. 1946, de 28 de junho de 1.996, que cria o Programa Nacional de Fortalecimento da Agricultura Familiar \u2013 PRONAF, suas respectivas a\u00e7\u00f5es e instrumentos referentes \u00e0s atividades de planejamento agr\u00edcola, pesquisa agr\u00edcola tecnol\u00f3gica, assist\u00eancia t\u00e9cnica e extens\u00e3o rural, prote\u00e7\u00e3o ao meio ambiente, conserva\u00e7\u00e3o e recupera\u00e7\u00e3o dos recursos naturais, defesa agropecu\u00e1ria, informa\u00e7\u00e3o agr\u00edcola, produ\u00e7\u00e3o, comercializa\u00e7\u00e3o, abastecimento e armazenagem, associativismo e cooperativismo, forma\u00e7\u00e3o profissional e educa\u00e7\u00e3o rural, investimentos p\u00fablicos e privados, cr\u00e9dito rural, garantia da atividade agropecu\u00e1ria, seguro agr\u00edcola, tributa\u00e7\u00e3o e incentivos fiscais, irriga\u00e7\u00e3o e drenagem, habita\u00e7\u00e3o rural, mecaniza\u00e7\u00e3o agr\u00edcola, cr\u00e9dito fundi\u00e1rio, reforma agr\u00e1ria, agricultura familiar, sa\u00fade animal, inspe\u00e7\u00e3o e defesa agropecu\u00e1ria;<\/span><\/p>\n<p style=\"text-align: justify;\"><span style=\"font-family: Verdana;\">&#8211; deliberar sobre o Plano Estadual de Desenvolvimento Rural Sustent\u00e1vel, em articula\u00e7\u00e3o com o Plano Nacional de Desenvolvimento Rural Sustent\u00e1vel, constituindo-se das diretrizes, dos objetivos, das metas do Programa Estadual de Reforma Agr\u00e1ria e do Programa de Agricultura Familiar;<\/span><\/p>\n<p style=\"text-align: justify;\"><span style=\"font-family: Verdana;\">&#8211; desempenhar no Estado \u00e0s fun\u00e7\u00f5es do Conselho Estadual de Sa\u00fade Animal e de Inspe\u00e7\u00e3o e Defesa Agropecu\u00e1ria &#8211; Lei Estadual n. 13.456, e aquelas estabelecidas pelos Conselhos Nacionais de Pol\u00edtica Agr\u00edcola e de Desenvolvimento Rural Sustent\u00e1vel, previstas respectivamente nas Leis n. 8.171 e 3.508 e no Decreto Presidencial n. 1.946, integrado por C\u00e2maras T\u00e9cnicas especializadas em produtos, insumos, comercializa\u00e7\u00e3o, armazenamento, transporte, cr\u00e9dito, seguro, reforma agr\u00e1ria, agricultura familiar e demais componentes da atividade rural, em articula\u00e7\u00e3o com o Conselho Nacional de Pol\u00edtica Agr\u00edcola, com o Conselho Nacional de Desenvolvimento Rural Sustent\u00e1vel e com os Conselhos Municipais de Desenvolvimento Rural;<\/span><\/p>\n<p style=\"text-align: justify;\"><span style=\"font-family: Verdana;\">&#8211; possibilitar a ado\u00e7\u00e3o de pol\u00edtica que conduza ao desenvolvimento da economia agr\u00edcola competitiva, com crescimento harm\u00f4nico dos setores e atividades de produ\u00e7\u00e3o agropecu\u00e1ria, armazenagem, comercializa\u00e7\u00e3o, abastecimento, bem como de todas as a\u00e7\u00f5es correlatas com o processo do agroneg\u00f3cio integrado, tendo como refer\u00eancia as cadeias produtivas;<\/span><\/p>\n<p style=\"text-align: justify;\"><span style=\"font-family: Verdana;\">&#8211; colaborar com a Secretaria de Agricultura, Pecu\u00e1ria e Abastecimento e \u00f3rg\u00e3os vinculados ao setor, na consecu\u00e7\u00e3o de seus objetivos e metas;<\/span><\/p>\n<p style=\"text-align: justify;\"><span style=\"font-family: Verdana;\">&#8211; apreciar os planos macroecon\u00f4micos de desenvolvimento do agroneg\u00f3cio;<\/span><\/p>\n<p style=\"text-align: justify;\"><span style=\"font-family: Verdana;\">&#8211; estimular a forma\u00e7\u00e3o e o desenvolvimento de empresas rurais e agroind\u00fastrias;<\/span><\/p>\n<p style=\"text-align: justify;\"><span style=\"font-family: Verdana;\">&#8211; participar ativamente na elabora\u00e7\u00e3o do PPA, LDO e LOA do Estado;<\/span><\/p>\n<p style=\"text-align: justify;\"><span style=\"font-family: Verdana;\">&#8211; acompanhar a execu\u00e7\u00e3o do PPA, LDO e LOA;<\/span><\/p>\n<p style=\"text-align: justify;\"><span style=\"font-family: Verdana;\">&#8211; articular e propor adequa\u00e7\u00e3o de pol\u00edticas p\u00fablicas estaduais \u00e0s necessidades da reforma agr\u00e1ria e da agricultura familiar, na perspectiva do desenvolvimento rural sustent\u00e1vel.<\/p>\n<p><\/span><strong><span style=\"font-family: Verdana;\">Composi\u00e7\u00e3o:<\/p>\n<p><\/span><\/strong>I \u2013 Membros Natos, dirigentes de \u00f3rg\u00e3os, entidades e institui\u00e7\u00f5es da Administra\u00e7\u00e3o P\u00fablica:<\/p>\n<p>a) Secret\u00e1rio de Estado de Desenvolvimento Econ\u00f4mico, Cient\u00edfico e Tecnol\u00f3gico e de Agricultura, Pecu\u00e1ria e Irriga\u00e7\u00e3o<\/p>\n<p>b) Secret\u00e1rio de Estado de Meio Ambiente, Recursos H\u00eddricos, Infraestrutura, Cidades e Assuntos Metropolitanos;<\/p>\n<p>c) Reitor da Universidade Federal de Goi\u00e1s \u2013 UFG;<\/p>\n<p>d) Superintendente Federal do Minist\u00e9rio de Agricultura, Pecu\u00e1ria e Abastecimento em Goi\u00e1s;<\/p>\n<p>e) Superintendente Federal de Aquicultura e Pesca em Goi\u00e1s;<\/p>\n<p>f) Superintendente de Desenvolvimento Agr\u00e1rio e Fundi\u00e1rio da Secretaria de Estado de Desenvolvimento Econ\u00f4mico, Cient\u00edfico e Tecnol\u00f3gico e de Agricultura, Pecu\u00e1ria e Irriga\u00e7\u00e3o <\/p>\n<p>g) Delegado Federal do Desenvolvimento Agr\u00e1rio em Goi\u00e1s;<\/p>\n<p>h) Superintendente Regional do Instituto Nacional de Coloniza\u00e7\u00e3o e Reforma Agr\u00e1ria em Goi\u00e1s \u2013 INCRA;<\/p>\n<p>i) Superintendente Estadual do Banco do Brasil S. A. em Goi\u00e1s;<\/p>\n<p>j) Presidente da Ag\u00eancia Goiana de Assist\u00eancia T\u00e9cnica, Extens\u00e3o Rural e Pesquisa Agropecu\u00e1ria \u2013 EMATER;<\/p>\n<p>k) Superintendente Executivo de Desenvolvimento Regional da Secretaria de Estado de Desenvolvimento Econ\u00f4mico, Cient\u00edfico e Tecnol\u00f3gico e de Agricultura, Pecu\u00e1ria e Irriga\u00e7\u00e3o;<\/p>\n<p>l) Chefe-Geral da Embrapa Arroz e Feij\u00e3o da Empresa Brasileira de Pesquisa Agropecu\u00e1ria \u2013 EMBRAPA;<\/p>\n<p>II \u2013 Membros Titulares, dirigentes de entidades da sociedade civil organizada, institui\u00e7\u00f5es e funda\u00e7\u00e3o seguintes:<\/p>\n<p>a) Coordenador da Rede de Colegiados dos Territ\u00f3rios em Goi\u00e1s;<\/p>\n<p>b) Presidente da Federa\u00e7\u00e3o da Agricultura e Pecu\u00e1ria de Goi\u00e1s \u2013 FAEG;<\/p>\n<p>c) Presidente da Federa\u00e7\u00e3o dos Trabalhadores na Agricultura no Estado de Goi\u00e1s \u2013 FETAEG;<\/p>\n<p>d) Presidente da Federa\u00e7\u00e3o dos Trabalhadores na Agricultura do Distrito Federal \u2013 FETADF;<\/p>\n<p>e) Presidente do Sindicato e Organiza\u00e7\u00e3o das Cooperativas Brasileiras no Estado de Goi\u00e1s \u2013 OCB\/GO;<\/p>\n<p>f) Presidente da Central das Cooperativas da Agricultura Familiar e Economia Solid\u00e1ria de Goi\u00e1s \u2013 CECAF;<\/p>\n<p>g) Presidente do Conselho Regional de Engenharia, Arquitetura e Agronomia \u2013 CREA\/GO (C\u00e2mara de Agronomia);<\/p>\n<p>h) Presidente do Conselho Regional de Medicina Veterin\u00e1ria e Zootecnia do Estado de Goi\u00e1s \u2013 CRMV\/GO;<\/p>\n<p>i) Diretor-Superintendente do Servi\u00e7o Brasileiro de Apoio \u00e0s Micro e Pequenas Empresas em Goi\u00e1s \u2013 SEBRAE\/GO;<\/p>\n<p>j) Presidente da Federa\u00e7\u00e3o dos Agricultores Familiares do Estado de Goi\u00e1s \u2013 FETRAF\/GO;<\/p>\n<p>k) Presidente da Federa\u00e7\u00e3o das Ind\u00fastrias do Estado de Goi\u00e1s \u2013 FIEG;<\/p>\n<p>l) Presidente da Funda\u00e7\u00e3o de Desenvolvimento, Assist\u00eancia T\u00e9cnica e Extens\u00e3o Rural de Goi\u00e1s \u2013 FUNDATER<\/p>\n<p><strong><span style=\"font-family: Verdana;\">Legisla\u00e7\u00e3o:<\/p>\n<p><\/span><\/strong><span style=\"text-align: justify;\">&#8211;\u00a0<\/span><span style=\"text-align: justify; color: #0000ff;\"><a href=\"http:\/\/www.abc.go.gov.br\/arquivos\/diariooficial\/2016\/05\/11\/001.pdf\" target=\"_blank\" rel=\"noopener\"><span style=\"color: #0000ff;\">Decreto de 09 de maio de 2016<\/span><\/a><\/span><span style=\"text-align: justify;\">\u00a0 &#8211;\u00a0Designa o Assessor Especial da Governadoria, Jonathas Silva, para coordenar e supervisionar a atua\u00e7\u00e3o dos Secret\u00e1rios Executivos nos respectivos colegiados.<\/p>\n<p><\/span><span style=\"text-align: justify;\">&#8211;\u00a0<\/span><span style=\"color: #0000ff;\"><a style=\"text-align: justify;\" href=\"http:\/\/www.gabinetecivil.go.gov.br\/pagina_decretos.php?id=13639\" target=\"_blank\" rel=\"noopener\"><span style=\"color: #0000ff;\">Decreto n\u00ba 8.425, de 04 de agosto de 2015<\/span><\/a><\/span><span style=\"text-align: justify;\">\u00a0&#8211;\u00a0Introduz altera\u00e7\u00f5es no <\/span><span style=\"color: #0000ff;\"><a style=\"text-align: justify;\" href=\"http:\/\/www.gabinetecivil.go.gov.br\/pagina_decretos.php?id=11025\" target=\"_blank\" rel=\"noopener\"><span style=\"color: #0000ff;\">Decreto\u00a0n\u00ba 7.849, de\u00a020 de mar\u00e7o de 2013<\/span><\/a><\/span><span style=\"text-align: justify;\">, que disp\u00f5e sobre a composi\u00e7\u00e3o e o funcionamento do Conselho Estadual de Desenvolvimento Rural Sustent\u00e1vel \u2013 CEDRUS.<\/p>\n<p><\/span><span style=\"text-align: justify;\">&#8211; <\/span><span style=\"font-family: Verdana;\"><a href=\"http:\/\/www.gabinetecivil.go.gov.br\/pagina_leis.php?id=9899\" target=\"_blank\" rel=\"noopener\"><span style=\"color: #0000ff;\">Lei n\u00ba 17.257, de 25 de janeiro de 2011 &#8211; <\/span><\/a>Disp\u00f5e sobre a organiza\u00e7\u00e3o da administrativa do Poder Executivo e d\u00e1 outras provid\u00eancias<\/p>\n<p><\/span><span style=\"text-align: justify;\">&#8211; <\/span><span style=\"font-family: Verdana;\"><a href=\"http:\/\/www.gabinetecivil.go.gov.br\/pagina_leis.php?id=7644\" target=\"_blank\" rel=\"noopener\"><span style=\"color: #0000ff;\">Lei n\u00ba 16.272 de 30 de maio de 2008<\/span><\/a> &#8211; Disp\u00f5e sobre a organiza\u00e7\u00e3o da administra\u00e7\u00e3o direta, aut\u00e1rquica e fundacional do Poder Executivo.<\/p>\n<p><\/span>&#8211; <span style=\"font-family: Verdana;\"><a href=\"http:\/\/www.gabinetecivil.go.gov.br\/pagina_decretos.php?id=1243\" target=\"_blank\" rel=\"noopener\"><span style=\"color: #0000ff;\">Decreto n\u00ba 5.841, de 07 de outubro de 2.003<\/span><\/a>. D\u00e1 nova reda\u00e7\u00e3o ao inc.V do art. 1\u00ba do <a href=\"http:\/\/www.gabinetecivil.go.gov.br\/pagina_decretos.php?id=1299\" target=\"_blank\" rel=\"noopener\"><span style=\"color: #0000ff;\">Decreto n\u00ba 5.540, de 21 de janeiro de 2.002<\/span><\/a>.<\/span><\/p>\n<p style=\"text-align: justify;\"><span style=\"font-family: Verdana;\">\u2022 altera a Composi\u00e7\u00e3o do Conselho de Desenvolvimento Rural e Sustent\u00e1vel.<\/p>\n<p>&#8211; <a href=\"http:\/\/www.gabinetecivil.goias.gov.br\/decretos\/numerados\/2002\/decreto_5540.htm\" target=\"_blank\" rel=\"noopener\"><span style=\"color: #0000ff;\">Decreto n\u00ba 5.540, de 21 de janeiro de 2.002<\/span><\/a> &#8211; Disp\u00f5e sobre a composi\u00e7\u00e3o e o funcionamento do Conselho Estadual de Desenvolvimento Rural Sustent\u00e1vel \u2013 CERDS da Secretaria da Agricultura, Pecu\u00e1ria e Abastecimento do Estado de Goi\u00e1s.<\/p>\n<p>&#8211; <a href=\"http:\/\/www.gabinetecivil.go.gov.br\/pagina_leis.php?id=2129\" target=\"_blank\" rel=\"noopener\"><span style=\"color: #0000ff;\">Lei n\u00ba 14.022, de 21 de dezembro de 2.001<\/span><\/a> &#8211; Disp\u00f5e sobre altera\u00e7\u00e3o da al\u00ednea \u201ca\u201d, inc.VII, do art. 4\u00b0 da <a href=\"http:\/\/www.gabinetecivil.goias.gov.br\/leis_ordinarias\/1999\/lei_13456.htm\" target=\"_blank\" rel=\"noopener\"><span style=\"color: #0000ff;\">Lei N\u00ba 13.456, de 16 de abril de 1.999<\/span><\/a>. <\/span><\/p>\n<p style=\"text-align: justify;\"><span style=\"font-family: Verdana;\">\u2022 passa a denominar-se Conselho Estadual de Desenvolvimento Rural e Sustent\u00e1vel o Conselho de Desenvolvimento Agr\u00edcola (Art. 1\u00ba).<\/p>\n<p>&#8211; <a href=\"http:\/\/www.gabinetecivil.goias.gov.br\/leis_ordinarias\/1999\/lei_13456.htm\" target=\"_blank\" rel=\"noopener\"><span style=\"color: #0000ff;\">Lei n\u00ba 13.456, de 16 de abril de 1999<\/span><\/a> &#8211; Disp\u00f5e sobre a organiza\u00e7\u00e3o da administra\u00e7\u00e3o direta, aut\u00e1rquica e fundacional do Poder Executivo.<\/p>\n<p>&#8211; <a href=\"http:\/\/www.gabinetecivil.go.gov.br\/pagina_leis.php?id=3090\" target=\"_blank\" rel=\"noopener\"><span style=\"color: #0000ff;\">Lei n\u00ba 12.603, de 07 de abril de 1.995<\/span><\/a> &#8211; Introduz altera\u00e7\u00f5es na estrutura organizacional b\u00e1sica da administra\u00e7\u00e3o direta do Poder Executivo e d\u00e1 outras provid\u00eancias. <\/span><\/p>\n<p style=\"text-align: justify;\"><span style=\"font-family: Verdana;\">\u2022 cria o Conselho de Desenvolvimento Agr\u00edcola (item 2, do inc.II , art 2\u00b0).<\/span><\/p>\n<p><span style=\"font-family: Verdana;\">\u00a0<\/span><\/p>\n<p><a>Voltar<\/a><\/p>\n","protected":false},"excerpt":{"rendered":"<p>Fale Conosco SIGA Governadoria Vice-Governadoria Secretarias Ag\u00eancias\/Autarquias Funda\u00e7\u00e3o Sociedades de Economia Mista Conselhos Estaduais \u00a0 Conselho Estadual de Desenvolvimento Rural Sustent\u00e1vel &#8211; CEDRUS Classifica\u00e7\u00e3o: \u00a0Colegiado de Delibera\u00e7\u00e3o Coletiva Jurisdicionante:\u00a0Secretaria de Desenvolvimento Econ\u00f4mico,Cient\u00edfico e Tecnol\u00f3gico, Agricultura, Pecu\u00e1ria e Irriga\u00e7\u00e3o &#8211; SED Compet\u00eancias: Promover o entrosamento operacional e o aperfei\u00e7oamento das rela\u00e7\u00f5es do Governo do Estado com [&hellip;]<\/p>\n","protected":false},"author":38,"featured_media":31,"comment_status":"closed","ping_status":"open","sticky":false,"template":"","format":"standard","meta":{"footnotes":""},"categories":[25],"tags":[],"class_list":["post-2023","post","type-post","status-publish","format-standard","has-post-thumbnail","hentry","category-conselhos-estaduais"],"rttpg_featured_image_url":{"full":["https:\/\/goias.gov.br\/administracao\/wp-content\/uploads\/sites\/27\/2011\/07\/logo_padrao-a16.jpg",200,110,false],"landscape":["https:\/\/goias.gov.br\/administracao\/wp-content\/uploads\/sites\/27\/2011\/07\/logo_padrao-a16.jpg",200,110,false],"portraits":["https:\/\/goias.gov.br\/administracao\/wp-content\/uploads\/sites\/27\/2011\/07\/logo_padrao-a16.jpg",200,110,false],"thumbnail":["https:\/\/goias.gov.br\/administracao\/wp-content\/uploads\/sites\/27\/2011\/07\/logo_padrao-a16-150x110.jpg",150,110,true],"medium":["https:\/\/goias.gov.br\/administracao\/wp-content\/uploads\/sites\/27\/2011\/07\/logo_padrao-a16.jpg",200,110,false],"large":["https:\/\/goias.gov.br\/administracao\/wp-content\/uploads\/sites\/27\/2011\/07\/logo_padrao-a16.jpg",200,110,false],"1536x1536":["https:\/\/goias.gov.br\/administracao\/wp-content\/uploads\/sites\/27\/2011\/07\/logo_padrao-a16.jpg",200,110,false],"2048x2048":["https:\/\/goias.gov.br\/administracao\/wp-content\/uploads\/sites\/27\/2011\/07\/logo_padrao-a16.jpg",200,110,false]},"rttpg_author":{"display_name":"gustavomartinsgomes","author_link":"https:\/\/goias.gov.br\/administracao\/author\/gustavomartinsgomes\/"},"rttpg_comment":0,"rttpg_category":"<a href=\"https:\/\/goias.gov.br\/administracao\/categoria\/siga\/conselhos-estaduais\/\" rel=\"category tag\">Conselhos Estaduais<\/a>","rttpg_excerpt":"Fale Conosco SIGA Governadoria Vice-Governadoria Secretarias Ag\u00eancias\/Autarquias Funda\u00e7\u00e3o Sociedades de Economia Mista Conselhos Estaduais \u00a0 Conselho Estadual de Desenvolvimento Rural Sustent\u00e1vel &#8211; CEDRUS Classifica\u00e7\u00e3o: \u00a0Colegiado de Delibera\u00e7\u00e3o Coletiva Jurisdicionante:\u00a0Secretaria de Desenvolvimento Econ\u00f4mico,Cient\u00edfico e Tecnol\u00f3gico, Agricultura, Pecu\u00e1ria e Irriga\u00e7\u00e3o &#8211; SED Compet\u00eancias: Promover o entrosamento operacional e o aperfei\u00e7oamento das rela\u00e7\u00f5es do Governo do Estado com&hellip;","_links":{"self":[{"href":"https:\/\/goias.gov.br\/administracao\/wp-json\/wp\/v2\/posts\/2023","targetHints":{"allow":["GET"]}}],"collection":[{"href":"https:\/\/goias.gov.br\/administracao\/wp-json\/wp\/v2\/posts"}],"about":[{"href":"https:\/\/goias.gov.br\/administracao\/wp-json\/wp\/v2\/types\/post"}],"author":[{"embeddable":true,"href":"https:\/\/goias.gov.br\/administracao\/wp-json\/wp\/v2\/users\/38"}],"replies":[{"embeddable":true,"href":"https:\/\/goias.gov.br\/administracao\/wp-json\/wp\/v2\/comments?post=2023"}],"version-history":[{"count":1,"href":"https:\/\/goias.gov.br\/administracao\/wp-json\/wp\/v2\/posts\/2023\/revisions"}],"predecessor-version":[{"id":13768,"href":"https:\/\/goias.gov.br\/administracao\/wp-json\/wp\/v2\/posts\/2023\/revisions\/13768"}],"wp:featuredmedia":[{"embeddable":true,"href":"https:\/\/goias.gov.br\/administracao\/wp-json\/wp\/v2\/media\/31"}],"wp:attachment":[{"href":"https:\/\/goias.gov.br\/administracao\/wp-json\/wp\/v2\/media?parent=2023"}],"wp:term":[{"taxonomy":"category","embeddable":true,"href":"https:\/\/goias.gov.br\/administracao\/wp-json\/wp\/v2\/categories?post=2023"},{"taxonomy":"post_tag","embeddable":true,"href":"https:\/\/goias.gov.br\/administracao\/wp-json\/wp\/v2\/tags?post=2023"}],"curies":[{"name":"wp","href":"https:\/\/api.w.org\/{rel}","templated":true}]}}