

{"id":18582,"date":"2023-12-16T13:29:00","date_gmt":"2023-12-16T16:29:00","guid":{"rendered":"http:\/\/localhost\/wordpress\/administracao\/2023\/12\/16\/reducao-de-carga-horaria\/"},"modified":"2023-12-29T17:54:32","modified_gmt":"2023-12-29T20:54:32","slug":"reducao-de-carga-horaria-2","status":"publish","type":"post","link":"https:\/\/goias.gov.br\/administracao\/reducao-de-carga-horaria-2\/","title":{"rendered":"Redu\u00e7\u00e3o de carga hor\u00e1ria"},"content":{"rendered":"<p style=\"text-align: justify;\">O servidor efetivo que integra a administra\u00e7\u00e3o direta, aut\u00e1rquica e fundacional do Poder Executivo, submetido a uma jornada de trabalho di\u00e1ria de 8 (oito) horas, tem a possibilidade de reduzir sua carga hor\u00e1ria para 6 (seis) horas di\u00e1rias. Para efetuar essa altera\u00e7\u00e3o, \u00e9 necess\u00e1rio expressar a inten\u00e7\u00e3o por meio de um termo de op\u00e7\u00e3o, no qual o servidor declara seu desejo de aderir \u00e0 jornada reduzida. Al\u00e9m disso, o servidor\u00a0concorda com a aplica\u00e7\u00e3o de um redutor de \u00bc (um quarto) sobre sua remunera\u00e7\u00e3o ou subs\u00eddio durante a vig\u00eancia desse novo regime de trabalho.<\/p>\n<p style=\"text-align: justify;\">\n<strong>ACESSE:<\/strong><\/p>\n<ul>\n<li style=\"text-align: justify;\"><a href=\"https:\/\/goias.gov.br\/administracao\/wp-content\/uploads\/sites\/27\/files\/Requerimentos_GGDP\/reducao_carga_horaria\/ReducaodeCargaHoraria.pdf\" target=\"_blank\" rel=\"noopener\">Requerimento;<\/a><\/li>\n<\/ul>\n","protected":false},"excerpt":{"rendered":"<p>O servidor efetivo que integra a administra\u00e7\u00e3o direta, aut\u00e1rquica e fundacional do Poder Executivo, submetido a uma jornada de trabalho di\u00e1ria de 8 (oito) horas, tem a possibilidade de reduzir sua carga hor\u00e1ria para 6 (seis) horas di\u00e1rias. Para efetuar essa altera\u00e7\u00e3o, \u00e9 necess\u00e1rio expressar a inten\u00e7\u00e3o por meio de um termo de op\u00e7\u00e3o, no [&hellip;]<\/p>\n","protected":false},"author":1,"featured_media":0,"comment_status":"closed","ping_status":"open","sticky":false,"template":"","format":"standard","meta":{"footnotes":""},"categories":[133],"tags":[],"class_list":["post-18582","post","type-post","status-publish","format-standard","hentry","category-direitos-e-vantagens-mapa"],"rttpg_featured_image_url":null,"rttpg_author":{"display_name":"wagner.viana","author_link":"https:\/\/goias.gov.br\/administracao\/author\/wagner-viana\/"},"rttpg_comment":0,"rttpg_category":"<a href=\"https:\/\/goias.gov.br\/administracao\/categoria\/mapa\/direitos-e-vantagens-mapa\/\" rel=\"category tag\">Direitos e Vantagens - Mapa<\/a>","rttpg_excerpt":"O servidor efetivo que integra a administra\u00e7\u00e3o direta, aut\u00e1rquica e fundacional do Poder Executivo, submetido a uma jornada de trabalho di\u00e1ria de 8 (oito) horas, tem a possibilidade de reduzir sua carga hor\u00e1ria para 6 (seis) horas di\u00e1rias. Para efetuar essa altera\u00e7\u00e3o, \u00e9 necess\u00e1rio expressar a inten\u00e7\u00e3o por meio de um termo de op\u00e7\u00e3o, no&hellip;","_links":{"self":[{"href":"https:\/\/goias.gov.br\/administracao\/wp-json\/wp\/v2\/posts\/18582","targetHints":{"allow":["GET"]}}],"collection":[{"href":"https:\/\/goias.gov.br\/administracao\/wp-json\/wp\/v2\/posts"}],"about":[{"href":"https:\/\/goias.gov.br\/administracao\/wp-json\/wp\/v2\/types\/post"}],"author":[{"embeddable":true,"href":"https:\/\/goias.gov.br\/administracao\/wp-json\/wp\/v2\/users\/1"}],"replies":[{"embeddable":true,"href":"https:\/\/goias.gov.br\/administracao\/wp-json\/wp\/v2\/comments?post=18582"}],"version-history":[{"count":1,"href":"https:\/\/goias.gov.br\/administracao\/wp-json\/wp\/v2\/posts\/18582\/revisions"}],"predecessor-version":[{"id":18805,"href":"https:\/\/goias.gov.br\/administracao\/wp-json\/wp\/v2\/posts\/18582\/revisions\/18805"}],"wp:attachment":[{"href":"https:\/\/goias.gov.br\/administracao\/wp-json\/wp\/v2\/media?parent=18582"}],"wp:term":[{"taxonomy":"category","embeddable":true,"href":"https:\/\/goias.gov.br\/administracao\/wp-json\/wp\/v2\/categories?post=18582"},{"taxonomy":"post_tag","embeddable":true,"href":"https:\/\/goias.gov.br\/administracao\/wp-json\/wp\/v2\/tags?post=18582"}],"curies":[{"name":"wp","href":"https:\/\/api.w.org\/{rel}","templated":true}]}}