

{"id":18573,"date":"2023-11-22T18:01:51","date_gmt":"2023-11-22T21:01:51","guid":{"rendered":"http:\/\/localhost\/wordpress\/administracao\/2023\/11\/22\/aula-inaugural-abre-segunda-turma-da-pos-graduacao-em-gestao-pessoas-e-inovacao\/"},"modified":"2023-12-28T17:57:17","modified_gmt":"2023-12-28T20:57:17","slug":"aula-inaugural-abre-segunda-turma-da-pos-graduacao-em-gestao-pessoas-e-inovacao","status":"publish","type":"post","link":"https:\/\/goias.gov.br\/administracao\/aula-inaugural-abre-segunda-turma-da-pos-graduacao-em-gestao-pessoas-e-inovacao\/","title":{"rendered":"Aula inaugural abre segunda turma da p\u00f3s-gradua\u00e7\u00e3o em Gest\u00e3o, Pessoas e Inova\u00e7\u00e3o"},"content":{"rendered":"<p><img fetchpriority=\"high\" decoding=\"async\" class=\" size-full wp-image-51\" src=\"https:\/\/goias.gov.br\/administracao\/wp-content\/uploads\/sites\/27\/2023\/11\/aulaInaugural8-ec7-scaled.jpg\" alt=\"\" width=\"810\" height=\"1080\" \/><\/p>\n<p style=\"text-align: justify;\" data-pm-slice=\"1 1 []\"><em>Especializa\u00e7\u00e3o tem o objetivo de preparar servidores para promoverem melhorias na gest\u00e3o p\u00fablica; turma re\u00fane 65 servidores p\u00fablicos aprovados em processo seletivo<\/em><\/p>\n<p><!--more--><\/p>\n<p style=\"text-align: justify;\">O ano j\u00e1 est\u00e1 terminando, mas por aqui estamos iniciando novos projetos. Nesta segunda-feira (20\/11) a Escola de Governo realizou a aula inaugural da segunda turma da p\u00f3s-gradua\u00e7\u00e3o em Gest\u00e3o, Pessoas e Inova\u00e7\u00e3o. A abertura do curso foi marcada pela palestra \u2018Inova\u00e7\u00e3o no setor p\u00fablico: por que, o que, quem e como\u2019, ministrada pelo professor C\u00e2ndido Borges, Ph.D. em Administra\u00e7\u00e3o.<\/p>\n<p style=\"text-align: justify;\">O secret\u00e1rio da Administra\u00e7\u00e3o, S\u00e9rvulo Nogueira, deu boas-vindas aos servidores que participar\u00e3o da especializa\u00e7\u00e3o e destacou a responsabilidade de cada um a partir da forma\u00e7\u00e3o. \u201cVoc\u00eas devem ser agentes de mudan\u00e7as e melhorias na gest\u00e3o. Temos grandes expectativas sobre cada um de voc\u00eas. O Governo de Goi\u00e1s tem oferecido essas ferramentas para que voc\u00eas tenham condi\u00e7\u00f5es de oferecer aquilo que a administra\u00e7\u00e3o p\u00fablica necessita\u201d, destacou.<\/p>\n<p style=\"text-align: justify;\">O objetivo da p\u00f3s-gradua\u00e7\u00e3o, conduzida integralmente pela Escola de Governo, \u00e9 formar servidores p\u00fablicos para atuarem em prol de melhorias na gest\u00e3o p\u00fablica, desenvolvendo e aprimorando compet\u00eancias e habilidades essenciais para articular, gerir e pensar a a\u00e7\u00e3o governamental de forma profissional, estrat\u00e9gica e inovadora.<\/p>\n<p style=\"text-align: justify;\">O curso \u00e9 presencial, sem \u00f4nus para os servidores selecionados, com aulas realizadas na sede da Escola de Governo, \u00e0s segundas e quartas-feiras, das 19h \u00e0s 22h. A previs\u00e3o de t\u00e9rmino das aulas presenciais \u00e9 maio de 2025 e em seguida os alunos dever\u00e3o desenvolver seus projetos de conclus\u00e3o de curso. Para esta turma foram aprovados 65 servidores, em processo seletivo realizado em setembro.<\/p>\n<p style=\"text-align: justify;\"><strong>Inova\u00e7\u00e3o<\/strong><\/p>\n<p style=\"text-align: justify;\">A aula inaugural foi proferida pelo professor C\u00e2ndido Borges, Ph.D. em administra\u00e7\u00e3o pela HEC Montr\u00e9al &#8211; Canad\u00e1, com P\u00f3s-Doutorado pela EAESP-FGV. Ele \u00e9 coordenador do Laborat\u00f3rio de Pesquisa em Empreendedorismo e Inova\u00e7\u00e3o da UFG (LAPEI\/UFG) e professor da Faculdade de Administra\u00e7\u00e3o, Ci\u00eancias Cont\u00e1beis e Ci\u00eancias Econ\u00f4micas (FACE\/UFG). Com o tema \u2018Inova\u00e7\u00e3o no setor p\u00fablico\u2019, ele discorreu sobre a import\u00e2ncia do tema na administra\u00e7\u00e3o p\u00fablica e suas m\u00faltiplas formas, bem como dos protagonistas da inova\u00e7\u00e3o e os caminhos para torn\u00e1-la realidade.<\/p>\n<p style=\"text-align: justify;\">Logo ap\u00f3s a aula inaugural, os alunos iniciaram o primeiro m\u00f3dulo do curso: com o tema \u2018Gest\u00e3o Estrat\u00e9gica e Planejamento\u2019, conduzido pelo professor Lu\u00eds Maur\u00edcio Bessa Scartezini.<\/p>\n<p style=\"text-align: justify;\"><strong>Secretaria da Administra\u00e7\u00e3o \u2013 Governo de Goi\u00e1s<\/strong><\/p>\n","protected":false},"excerpt":{"rendered":"<p>Especializa\u00e7\u00e3o tem o objetivo de preparar servidores para promoverem melhorias na gest\u00e3o p\u00fablica; turma re\u00fane 65 servidores p\u00fablicos aprovados em processo seletivo<\/p>\n","protected":false},"author":1,"featured_media":18643,"comment_status":"closed","ping_status":"open","sticky":false,"template":"","format":"standard","meta":{"footnotes":""},"categories":[121],"tags":[],"class_list":["post-18573","post","type-post","status-publish","format-standard","has-post-thumbnail","hentry","category-noticias-novas"],"rttpg_featured_image_url":{"full":["https:\/\/goias.gov.br\/administracao\/wp-content\/uploads\/sites\/27\/2023\/12\/AulaInaugural1-bc2.jpg",3000,4000,false],"landscape":["https:\/\/goias.gov.br\/administracao\/wp-content\/uploads\/sites\/27\/2023\/12\/AulaInaugural1-bc2.jpg",3000,4000,false],"portraits":["https:\/\/goias.gov.br\/administracao\/wp-content\/uploads\/sites\/27\/2023\/12\/AulaInaugural1-bc2.jpg",3000,4000,false],"thumbnail":["https:\/\/goias.gov.br\/administracao\/wp-content\/uploads\/sites\/27\/2023\/12\/AulaInaugural1-bc2.jpg",113,150,false],"medium":["https:\/\/goias.gov.br\/administracao\/wp-content\/uploads\/sites\/27\/2023\/12\/AulaInaugural1-bc2.jpg",225,300,false],"large":["https:\/\/goias.gov.br\/administracao\/wp-content\/uploads\/sites\/27\/2023\/12\/AulaInaugural1-bc2.jpg",768,1024,false],"1536x1536":["https:\/\/goias.gov.br\/administracao\/wp-content\/uploads\/sites\/27\/2023\/12\/AulaInaugural1-bc2.jpg",1152,1536,false],"2048x2048":["https:\/\/goias.gov.br\/administracao\/wp-content\/uploads\/sites\/27\/2023\/12\/AulaInaugural1-bc2.jpg",1536,2048,false]},"rttpg_author":{"display_name":"wagner.viana","author_link":"https:\/\/goias.gov.br\/administracao\/author\/wagner-viana\/"},"rttpg_comment":0,"rttpg_category":"<a href=\"https:\/\/goias.gov.br\/administracao\/categoria\/noticias-novas\/\" rel=\"category tag\">Not\u00edcias<\/a>","rttpg_excerpt":"Especializa\u00e7\u00e3o tem o objetivo de preparar servidores para promoverem melhorias na gest\u00e3o p\u00fablica; turma re\u00fane 65 servidores p\u00fablicos aprovados em processo seletivo","_links":{"self":[{"href":"https:\/\/goias.gov.br\/administracao\/wp-json\/wp\/v2\/posts\/18573","targetHints":{"allow":["GET"]}}],"collection":[{"href":"https:\/\/goias.gov.br\/administracao\/wp-json\/wp\/v2\/posts"}],"about":[{"href":"https:\/\/goias.gov.br\/administracao\/wp-json\/wp\/v2\/types\/post"}],"author":[{"embeddable":true,"href":"https:\/\/goias.gov.br\/administracao\/wp-json\/wp\/v2\/users\/1"}],"replies":[{"embeddable":true,"href":"https:\/\/goias.gov.br\/administracao\/wp-json\/wp\/v2\/comments?post=18573"}],"version-history":[{"count":1,"href":"https:\/\/goias.gov.br\/administracao\/wp-json\/wp\/v2\/posts\/18573\/revisions"}],"predecessor-version":[{"id":18650,"href":"https:\/\/goias.gov.br\/administracao\/wp-json\/wp\/v2\/posts\/18573\/revisions\/18650"}],"wp:featuredmedia":[{"embeddable":true,"href":"https:\/\/goias.gov.br\/administracao\/wp-json\/wp\/v2\/media\/18643"}],"wp:attachment":[{"href":"https:\/\/goias.gov.br\/administracao\/wp-json\/wp\/v2\/media?parent=18573"}],"wp:term":[{"taxonomy":"category","embeddable":true,"href":"https:\/\/goias.gov.br\/administracao\/wp-json\/wp\/v2\/categories?post=18573"},{"taxonomy":"post_tag","embeddable":true,"href":"https:\/\/goias.gov.br\/administracao\/wp-json\/wp\/v2\/tags?post=18573"}],"curies":[{"name":"wp","href":"https:\/\/api.w.org\/{rel}","templated":true}]}}