

{"id":1595,"date":"2016-08-28T23:24:01","date_gmt":"2016-08-29T02:24:01","guid":{"rendered":"http:\/\/localhost\/multisites\/sead\/2016\/08\/28\/chefia-de-gabinete-da-governadoria\/"},"modified":"2023-10-18T16:24:34","modified_gmt":"2023-10-18T19:24:34","slug":"chefia-de-gabinete-da-governadoria","status":"publish","type":"post","link":"https:\/\/goias.gov.br\/administracao\/chefia-de-gabinete-da-governadoria\/","title":{"rendered":"Chefia de Gabinete da Governadoria"},"content":{"rendered":"<table border=\"1\" cellpadding=\"1\" cellspacing=\"1\" style=\"width: 100%;\">\n<tbody>\n<tr>\n<td align=\"right\" colspan=\"8\"><a href=\"contatosiga\/ver\"><span style=\"color: rgb(0, 0, 255);\">Fale Conosco<\/span><\/a><\/td>\n<\/tr>\n<tr>\n<td align=\"center\" style=\"background-color: rgb(255, 153, 0);\" valign=\"center\"><strong><a href=\"https:\/\/goias.gov.br\/administracao\/siga-sistema-de-gestao-administrativa\/\" title=\"P\u00e1gina inicial do SIGA - Sistema de Gest\u00e3o Administrativa.\">SIGA<\/a><\/strong><\/td>\n<td align=\"center\" style=\"background-color: rgb(187, 232, 255);\" valign=\"center\" width=\"14%\"><a href=\"https:\/\/goias.gov.br\/administracao\/siga-governadoria\/\" title=\"Integrada por \u00f3rg\u00e3os de assessoramento e aux\u00edlio direto ao Chefe do Poder Executivo.\">Governadoria<\/a><\/td>\n<td align=\"center\" style=\"background-color: rgb(187, 232, 255);\" valign=\"center\" width=\"14%\"><a href=\"https:\/\/goias.gov.br\/administracao\/vg-1\/\" title=\"Exerce compet\u00eancias constitucionais, legais e regulamentares de aux\u00edlio ao Governador.\">Vice-Governadoria<\/a><\/td>\n<td align=\"center\" style=\"background-color: rgb(187, 232, 255);\" valign=\"center\" width=\"14%\"><a href=\"https:\/\/goias.gov.br\/administracao\/siga-secretarias\/\" title=\"\u00d3rg\u00e3os de primeiro escal\u00e3o, respons\u00e1veis pela supervis\u00e3o e articula\u00e7\u00e3o das atividades das respectivas \u00e1reas de atua\u00e7\u00e3o, cabendo-lhes especificamente exercerem dentro do seu espa\u00e7o institucional, pol\u00edtico e administrativo, a formula\u00e7\u00e3o das pol\u00edticas e diretrizes, a coordena\u00e7\u00e3o de sua execu\u00e7\u00e3o e a supervis\u00e3o geral das entidades jurisdicionadas.\">Secretarias<\/a><\/td>\n<td align=\"center\" style=\"background-color: rgb(187, 232, 255);\" valign=\"center\" width=\"14%\"><a href=\"https:\/\/goias.gov.br\/administracao\/siga-agencias\/\" title=\"Entidades com personalidade jur\u00eddica de direito p\u00fablico, patrim\u00f4nio e receita pr\u00f3prios e capacidade de auto-administra\u00e7\u00e3o sob controle estatal, para executar atividades e servi\u00e7os do Poder P\u00fablico que, para melhor desempenho, requeiram gest\u00e3o administrativa e financeira descentralizada.\">Ag&ecirc;ncias\/Autarquias<\/a><\/td>\n<td align=\"center\" style=\"background-color: rgb(187, 232, 255);\" valign=\"center\" width=\"14%\"><a href=\"?option=com_content&amp;view=article&amp;id=20126\" title=\"Entidade com personalidade jur\u00eddica de direito p\u00fablico, patrim\u00f4nio e receita pr\u00f3prios e capacidade de auto-administra\u00e7\u00e3o, sob controle estatal, para desenvolver atividades assistenciais, culturais, educacionais, de estudos e pesquisas, ou de apoio \u00e0s referidas atividades\">Funda&ccedil;&atilde;o<\/a><\/td>\n<td align=\"center\" style=\"background-color: rgb(187, 232, 255);\" valign=\"center\" width=\"14%\"><a href=\"https:\/\/goias.gov.br\/administracao\/siga-sociedades\/\" title=\"Entidades institu\u00eddas sob a forma de sociedade por a\u00e7\u00f5es, tendo em sua denomina\u00e7\u00e3o \u2018Companhia\u2019 ou \u2018S.A.\u2019 (sociedade an\u00f4nima), com o objetivo de realizar atividade econ\u00f4mica ou servi\u00e7o de interesse coletivo.\">Sociedades de Economia Mista<\/a><\/td>\n<td align=\"center\" style=\"background-color: rgb(187, 232, 255);\" valign=\"center\" width=\"14%\"><a href=\"https:\/\/goias.gov.br\/administracao\/siga-conselhos\/\" title=\"\u00d3rg\u00e3os colegiados, que atuam e decidem pela manifesta\u00e7\u00e3o conjunta e majorit\u00e1ria da vontade de seus membros compostos por representantes do Poder P\u00fablico e da sociedade civil. S\u00e3o de natureza normativa, deliberativa, consultiva ou fiscalizadora.\">Conselhos Estaduais<\/a><\/td>\n<\/tr>\n<\/tbody>\n<\/table>\n<p>&nbsp;<\/p>\n<p><span style=\"color: rgb(0, 0, 0);\"><strong>Dados Gerais:&nbsp; <\/strong><\/span><\/p>\n<p><span style=\"color: rgb(0, 0, 0);\"><strong>Chefe de Gabinete da Governadoria:&nbsp;<\/strong><\/span><\/p>\n<p><span style=\"color: rgb(0, 0, 0);\">Lyvio Luciano carneiro de Queiroz <\/span><\/p>\n<p><span style=\"color: rgb(0, 0, 0);\"><br \/>\n<strong>Endere&ccedil;o \/ Sede:<\/strong> Pal&aacute;cio Pedro Ludovico Teixeira ,&nbsp; Rua 82 , No. 400 9&ordm;. Andar, Ala Oeste &#8211; Setor Central &ndash; GOI&Acirc;NIA &ndash; GO 74015-908<\/span><\/p>\n<p>&nbsp;&nbsp;&nbsp;&nbsp;<br \/>\n<strong>FONE:<\/strong>&nbsp;3201-5994 &nbsp; &nbsp; &nbsp; &nbsp; &nbsp; &nbsp; &nbsp;&nbsp;<\/p>\n<p>&nbsp;<\/p>\n<p><strong><a>Voltar<\/a><\/strong><\/p>\n","protected":false},"excerpt":{"rendered":"<p>Fale Conosco SIGA Governadoria Vice-Governadoria Secretarias Ag&ecirc;ncias\/Autarquias Funda&ccedil;&atilde;o Sociedades de Economia Mista Conselhos Estaduais &nbsp; Dados Gerais:&nbsp; Chefe de Gabinete da Governadoria:&nbsp; Lyvio Luciano carneiro de Queiroz Endere&ccedil;o \/ Sede: Pal&aacute;cio Pedro Ludovico Teixeira ,&nbsp; Rua 82 , No. 400 9&ordm;. Andar, Ala Oeste &#8211; Setor Central &ndash; GOI&Acirc;NIA &ndash; GO 74015-908 &nbsp;&nbsp;&nbsp;&nbsp; FONE:&nbsp;3201-5994 &nbsp; [&hellip;]<\/p>\n","protected":false},"author":38,"featured_media":0,"comment_status":"closed","ping_status":"open","sticky":false,"template":"","format":"standard","meta":{"footnotes":""},"categories":[117],"tags":[],"class_list":["post-1595","post","type-post","status-publish","format-standard","hentry","category-orgaos-do-poder-executivo"],"rttpg_featured_image_url":null,"rttpg_author":{"display_name":"gustavomartinsgomes","author_link":"https:\/\/goias.gov.br\/administracao\/author\/gustavomartinsgomes\/"},"rttpg_comment":0,"rttpg_category":"<a href=\"https:\/\/goias.gov.br\/administracao\/categoria\/orgaos-do-poder-executivo\/\" rel=\"category tag\">\u00d3rg\u00e3os do Poder Executivo<\/a>","rttpg_excerpt":"Fale Conosco SIGA Governadoria Vice-Governadoria Secretarias Ag&ecirc;ncias\/Autarquias Funda&ccedil;&atilde;o Sociedades de Economia Mista Conselhos Estaduais &nbsp; Dados Gerais:&nbsp; Chefe de Gabinete da Governadoria:&nbsp; Lyvio Luciano carneiro de Queiroz Endere&ccedil;o \/ Sede: Pal&aacute;cio Pedro Ludovico Teixeira ,&nbsp; Rua 82 , No. 400 9&ordm;. Andar, Ala Oeste &#8211; Setor Central &ndash; GOI&Acirc;NIA &ndash; GO 74015-908 &nbsp;&nbsp;&nbsp;&nbsp; FONE:&nbsp;3201-5994 &nbsp;&hellip;","_links":{"self":[{"href":"https:\/\/goias.gov.br\/administracao\/wp-json\/wp\/v2\/posts\/1595","targetHints":{"allow":["GET"]}}],"collection":[{"href":"https:\/\/goias.gov.br\/administracao\/wp-json\/wp\/v2\/posts"}],"about":[{"href":"https:\/\/goias.gov.br\/administracao\/wp-json\/wp\/v2\/types\/post"}],"author":[{"embeddable":true,"href":"https:\/\/goias.gov.br\/administracao\/wp-json\/wp\/v2\/users\/38"}],"replies":[{"embeddable":true,"href":"https:\/\/goias.gov.br\/administracao\/wp-json\/wp\/v2\/comments?post=1595"}],"version-history":[{"count":1,"href":"https:\/\/goias.gov.br\/administracao\/wp-json\/wp\/v2\/posts\/1595\/revisions"}],"predecessor-version":[{"id":13675,"href":"https:\/\/goias.gov.br\/administracao\/wp-json\/wp\/v2\/posts\/1595\/revisions\/13675"}],"wp:attachment":[{"href":"https:\/\/goias.gov.br\/administracao\/wp-json\/wp\/v2\/media?parent=1595"}],"wp:term":[{"taxonomy":"category","embeddable":true,"href":"https:\/\/goias.gov.br\/administracao\/wp-json\/wp\/v2\/categories?post=1595"},{"taxonomy":"post_tag","embeddable":true,"href":"https:\/\/goias.gov.br\/administracao\/wp-json\/wp\/v2\/tags?post=1595"}],"curies":[{"name":"wp","href":"https:\/\/api.w.org\/{rel}","templated":true}]}}