

{"id":149,"date":"2012-04-11T16:04:01","date_gmt":"2012-04-11T19:04:01","guid":{"rendered":"http:\/\/localhost\/multisites\/sead\/2012\/04\/11\/fesmap-download-das-apresentacoes\/"},"modified":"2023-10-18T16:29:37","modified_gmt":"2023-10-18T19:29:37","slug":"fesmap-download-das-apresentacoes","status":"publish","type":"post","link":"https:\/\/goias.gov.br\/administracao\/fesmap-download-das-apresentacoes\/","title":{"rendered":"FESMAP &#8211; Download das Apresenta\u00e7\u00f5es"},"content":{"rendered":"<p>Baixe os materiais apresentados no <strong>I F&oacute;rum Estadual de Secret&aacute;rios Municipais de Administra&ccedil;&atilde;o e Planejamento<\/strong>, realizado em Goi&acirc;nia-GO no dia 11\/04\/2012:<\/p>\n<p> <a title=\"Arquivo PowerPoint 520kb\" href=\"http:\/\/www.sgc.goias.gov.br\/upload\/arquivos\/2012-04\/apresentacao-giuseppe-vecci.ppt\" target=\"_blank\" rel=\"noopener\"><strong>Agenda de Gest&atilde;o Municipal<\/strong><br \/>GIUSEPPE VECCI &#8211; Secret&aacute;rio de Estado de Gest&atilde;o e Planejamento<\/a><\/p>\n<p><a title=\"Clique para acessar o conte&uacute;do da palestra\" href=\"http:\/\/www.sgc.goias.gov.br\/upload\/arquivos\/2012-04\/conferencia-senadora-lucia-vania.pdf\" target=\"_blank\" rel=\"noopener\"><strong>Palestra de Abertura<\/strong><br \/> Senadora L&uacute;cia V&acirc;nia<\/a><\/p>\n<p> <a title=\"Arquivo PowerPoint 5Mb\" href=\"http:\/\/www.sgc.goias.gov.br\/upload\/arquivos\/2012-04\/palestra-publix-caio-marini.ppt\" target=\"_blank\" rel=\"noopener\"><strong>Governan&ccedil;a para Resultados: O Desafio de Implementar a Gest&atilde;o Estrat&eacute;gica nos Munic&iacute;pios<\/strong><br \/>CAIO MARINI &#8211; Diretor do Instituto Publix<\/p>\n<p><\/a><br \/> <a title=\"Arquivo PowerPoint 250kb\" href=\"http:\/\/www.sgc.goias.gov.br\/upload\/arquivos\/2012-04\/apresentacao-olmo-xavier.pptx\" target=\"_blank\" rel=\"noopener\"><strong>Subchefia de Assuntos Federativos da Secretaria de Rela&ccedil;&otilde;es Institucionais da Presid&ecirc;ncia da Rep&uacute;blica<\/strong><br \/>OLMO XAVIER &#8211;&nbsp;Ger&ecirc;ncia Macroregional<\/a><\/p>\n<p><\/p>\n<table style=\"width: 100%;\" border=\"0\" align=\"center\">\n<tbody>\n<tr>\n<td><a title=\"Clique para acessar a galeria de fotos do 1&ordm; F&oacute;rum Estadual de Secret&aacute;rios Municipais de Administra&ccedil;&atilde;o e Planejamento\" href=\"https:\/\/goias.gov.br\/administracao\/2012\/04\/12\/1o-forum-estadual-de-secretarios-municipais-de-administracao-e-planejamento\/\"><img decoding=\"async\" src=\"http:\/\/www.sgc.goias.gov.br\/upload\/arquivos\/2012-04\/maz_0309.jpg\" alt=\"\" width=\"219\" height=\"144\" \/><\/a><\/td>\n<\/tr>\n<tr>\n<td>Clique para acessar a galeria de fotos do evento<\/td>\n<\/tr>\n<\/tbody>\n<\/table>\n<p>&nbsp;<\/p>\n<p><a href=\"javascript:history.back()\">Voltar<\/a><\/p>\n","protected":false},"excerpt":{"rendered":"<p>Baixe os materiais apresentados no I F&oacute;rum Estadual de Secret&aacute;rios Municipais de Administra&ccedil;&atilde;o e Planejamento, realizado em Goi&acirc;nia-GO no dia 11\/04\/2012: Agenda de Gest&atilde;o MunicipalGIUSEPPE VECCI &#8211; Secret&aacute;rio de Estado de Gest&atilde;o e Planejamento Palestra de Abertura Senadora L&uacute;cia V&acirc;nia Governan&ccedil;a para Resultados: O Desafio de Implementar a Gest&atilde;o Estrat&eacute;gica nos Munic&iacute;piosCAIO MARINI &#8211; Diretor [&hellip;]<\/p>\n","protected":false},"author":38,"featured_media":31,"comment_status":"closed","ping_status":"open","sticky":false,"template":"","format":"standard","meta":{"footnotes":""},"categories":[54],"tags":[],"class_list":["post-149","post","type-post","status-publish","format-standard","has-post-thumbnail","hentry","category-i-forum-estadual-de-secretarios-municipais-de-administracao-e-planejamento"],"rttpg_featured_image_url":{"full":["https:\/\/goias.gov.br\/administracao\/wp-content\/uploads\/sites\/27\/2011\/07\/logo_padrao-a16.jpg",200,110,false],"landscape":["https:\/\/goias.gov.br\/administracao\/wp-content\/uploads\/sites\/27\/2011\/07\/logo_padrao-a16.jpg",200,110,false],"portraits":["https:\/\/goias.gov.br\/administracao\/wp-content\/uploads\/sites\/27\/2011\/07\/logo_padrao-a16.jpg",200,110,false],"thumbnail":["https:\/\/goias.gov.br\/administracao\/wp-content\/uploads\/sites\/27\/2011\/07\/logo_padrao-a16-150x110.jpg",150,110,true],"medium":["https:\/\/goias.gov.br\/administracao\/wp-content\/uploads\/sites\/27\/2011\/07\/logo_padrao-a16.jpg",200,110,false],"large":["https:\/\/goias.gov.br\/administracao\/wp-content\/uploads\/sites\/27\/2011\/07\/logo_padrao-a16.jpg",200,110,false],"1536x1536":["https:\/\/goias.gov.br\/administracao\/wp-content\/uploads\/sites\/27\/2011\/07\/logo_padrao-a16.jpg",200,110,false],"2048x2048":["https:\/\/goias.gov.br\/administracao\/wp-content\/uploads\/sites\/27\/2011\/07\/logo_padrao-a16.jpg",200,110,false]},"rttpg_author":{"display_name":"gustavomartinsgomes","author_link":"https:\/\/goias.gov.br\/administracao\/author\/gustavomartinsgomes\/"},"rttpg_comment":0,"rttpg_category":"<a href=\"https:\/\/goias.gov.br\/administracao\/categoria\/i-forum-estadual-de-secretarios-municipais-de-administracao-e-planejamento\/\" rel=\"category tag\">I Forum Estadual de Secret\u00e1rios Municipais de Administra\u00e7\u00e3o e Planejamento<\/a>","rttpg_excerpt":"Baixe os materiais apresentados no I F&oacute;rum Estadual de Secret&aacute;rios Municipais de Administra&ccedil;&atilde;o e Planejamento, realizado em Goi&acirc;nia-GO no dia 11\/04\/2012: Agenda de Gest&atilde;o MunicipalGIUSEPPE VECCI &#8211; Secret&aacute;rio de Estado de Gest&atilde;o e Planejamento Palestra de Abertura Senadora L&uacute;cia V&acirc;nia Governan&ccedil;a para Resultados: O Desafio de Implementar a Gest&atilde;o Estrat&eacute;gica nos Munic&iacute;piosCAIO MARINI &#8211; Diretor&hellip;","_links":{"self":[{"href":"https:\/\/goias.gov.br\/administracao\/wp-json\/wp\/v2\/posts\/149","targetHints":{"allow":["GET"]}}],"collection":[{"href":"https:\/\/goias.gov.br\/administracao\/wp-json\/wp\/v2\/posts"}],"about":[{"href":"https:\/\/goias.gov.br\/administracao\/wp-json\/wp\/v2\/types\/post"}],"author":[{"embeddable":true,"href":"https:\/\/goias.gov.br\/administracao\/wp-json\/wp\/v2\/users\/38"}],"replies":[{"embeddable":true,"href":"https:\/\/goias.gov.br\/administracao\/wp-json\/wp\/v2\/comments?post=149"}],"version-history":[{"count":1,"href":"https:\/\/goias.gov.br\/administracao\/wp-json\/wp\/v2\/posts\/149\/revisions"}],"predecessor-version":[{"id":13041,"href":"https:\/\/goias.gov.br\/administracao\/wp-json\/wp\/v2\/posts\/149\/revisions\/13041"}],"wp:featuredmedia":[{"embeddable":true,"href":"https:\/\/goias.gov.br\/administracao\/wp-json\/wp\/v2\/media\/31"}],"wp:attachment":[{"href":"https:\/\/goias.gov.br\/administracao\/wp-json\/wp\/v2\/media?parent=149"}],"wp:term":[{"taxonomy":"category","embeddable":true,"href":"https:\/\/goias.gov.br\/administracao\/wp-json\/wp\/v2\/categories?post=149"},{"taxonomy":"post_tag","embeddable":true,"href":"https:\/\/goias.gov.br\/administracao\/wp-json\/wp\/v2\/tags?post=149"}],"curies":[{"name":"wp","href":"https:\/\/api.w.org\/{rel}","templated":true}]}}