

{"id":12909,"date":"2023-10-05T13:31:31","date_gmt":"2023-10-05T16:31:31","guid":{"rendered":"http:\/\/localhost\/multisites\/sead\/2023\/10\/05\/averbacao-de-tempo-de-contribuicao\/"},"modified":"2023-12-29T17:51:16","modified_gmt":"2023-12-29T20:51:16","slug":"averbacao-de-tempo-de-contribuicao","status":"publish","type":"post","link":"https:\/\/goias.gov.br\/administracao\/averbacao-de-tempo-de-contribuicao\/","title":{"rendered":"Averba\u00e7\u00e3o de Tempo de Contribui\u00e7\u00e3o"},"content":{"rendered":"<p style=\"text-align: justify;\">O processo de averba\u00e7\u00e3o de tempo de contribui\u00e7\u00e3o refere-se ao procedimento pelo qual o servidor p\u00fablico efetivo inclui no seu tempo de contribui\u00e7\u00e3o para fins previdenci\u00e1rios per\u00edodos trabalhados em outros regimes previdenci\u00e1rios ou atividades espec\u00edficas, como per\u00edodos de trabalho no setor privado, em regimes pr\u00f3prios de previd\u00eancia de outros entes federativos ou per\u00edodos relativos a outros cargos efetivos ocupados pelo servidor no Poder Executivo do Estado de Goi\u00e1s.<\/p>\n<p><strong>ACESSE:<\/strong><\/p>\n<ul>\n<li><a href=\"https:\/\/goias.gov.br\/administracao\/wp-content\/uploads\/sites\/27\/files\/Requerimentos_GGDP\/averbacao\/Averbacaodetempodecontribuicao.pdf\" target=\"_blank\" rel=\"noopener\">Requerimento;<\/a><\/li>\n<\/ul>\n","protected":false},"excerpt":{"rendered":"<p>O processo de averba\u00e7\u00e3o de tempo de contribui\u00e7\u00e3o refere-se ao procedimento pelo qual o servidor p\u00fablico efetivo inclui no seu tempo de contribui\u00e7\u00e3o para fins previdenci\u00e1rios per\u00edodos trabalhados em outros regimes previdenci\u00e1rios ou atividades espec\u00edficas, como per\u00edodos de trabalho no setor privado, em regimes pr\u00f3prios de previd\u00eancia de outros entes federativos ou per\u00edodos relativos a [&hellip;]<\/p>\n","protected":false},"author":69,"featured_media":0,"comment_status":"closed","ping_status":"open","sticky":false,"template":"","format":"standard","meta":{"footnotes":""},"categories":[133],"tags":[],"class_list":["post-12909","post","type-post","status-publish","format-standard","hentry","category-direitos-e-vantagens-mapa"],"rttpg_featured_image_url":null,"rttpg_author":{"display_name":"thiagodsb","author_link":"https:\/\/goias.gov.br\/administracao\/author\/thiagodsb\/"},"rttpg_comment":0,"rttpg_category":"<a href=\"https:\/\/goias.gov.br\/administracao\/categoria\/mapa\/direitos-e-vantagens-mapa\/\" rel=\"category tag\">Direitos e Vantagens - Mapa<\/a>","rttpg_excerpt":"O processo de averba\u00e7\u00e3o de tempo de contribui\u00e7\u00e3o refere-se ao procedimento pelo qual o servidor p\u00fablico efetivo inclui no seu tempo de contribui\u00e7\u00e3o para fins previdenci\u00e1rios per\u00edodos trabalhados em outros regimes previdenci\u00e1rios ou atividades espec\u00edficas, como per\u00edodos de trabalho no setor privado, em regimes pr\u00f3prios de previd\u00eancia de outros entes federativos ou per\u00edodos relativos a&hellip;","_links":{"self":[{"href":"https:\/\/goias.gov.br\/administracao\/wp-json\/wp\/v2\/posts\/12909","targetHints":{"allow":["GET"]}}],"collection":[{"href":"https:\/\/goias.gov.br\/administracao\/wp-json\/wp\/v2\/posts"}],"about":[{"href":"https:\/\/goias.gov.br\/administracao\/wp-json\/wp\/v2\/types\/post"}],"author":[{"embeddable":true,"href":"https:\/\/goias.gov.br\/administracao\/wp-json\/wp\/v2\/users\/69"}],"replies":[{"embeddable":true,"href":"https:\/\/goias.gov.br\/administracao\/wp-json\/wp\/v2\/comments?post=12909"}],"version-history":[{"count":2,"href":"https:\/\/goias.gov.br\/administracao\/wp-json\/wp\/v2\/posts\/12909\/revisions"}],"predecessor-version":[{"id":18802,"href":"https:\/\/goias.gov.br\/administracao\/wp-json\/wp\/v2\/posts\/12909\/revisions\/18802"}],"wp:attachment":[{"href":"https:\/\/goias.gov.br\/administracao\/wp-json\/wp\/v2\/media?parent=12909"}],"wp:term":[{"taxonomy":"category","embeddable":true,"href":"https:\/\/goias.gov.br\/administracao\/wp-json\/wp\/v2\/categories?post=12909"},{"taxonomy":"post_tag","embeddable":true,"href":"https:\/\/goias.gov.br\/administracao\/wp-json\/wp\/v2\/tags?post=12909"}],"curies":[{"name":"wp","href":"https:\/\/api.w.org\/{rel}","templated":true}]}}