

{"id":12895,"date":"2023-09-29T11:12:48","date_gmt":"2023-09-29T14:12:48","guid":{"rendered":"http:\/\/localhost\/multisites\/sead\/2023\/09\/29\/acordos-sem-transferencia-de-recursos\/"},"modified":"2025-10-09T09:07:21","modified_gmt":"2025-10-09T12:07:21","slug":"acordos-sem-transferencia-de-recursos","status":"publish","type":"post","link":"https:\/\/goias.gov.br\/administracao\/acordos-sem-transferencia-de-recursos\/","title":{"rendered":"Acordos sem Transfer\u00eancia de Recursos"},"content":{"rendered":"\n<table class=\"planilhaview display\" style=\"width:100%\"><thead><tr><th>N\u00ba \/ ANO<\/th><th>Part\u00edcipe 1<\/th><th>Part\u00edcipe 2<\/th><th>Objeto<\/th><th>Vig\u00eancia<\/th><th>Data Inicial de vig\u00eancia<\/th><th>Data Final de Vig\u00eancia<\/th><th>Inteiro Teor<\/th><\/tr><tr><th><input type=\"text\" placeholder=\"Filtrar N\u00ba \/ ANO\"><\/th><th><input type=\"text\" placeholder=\"Filtrar Part\u00edcipe 1\"><\/th><th><input type=\"text\" placeholder=\"Filtrar Part\u00edcipe 2\"><\/th><th><input type=\"text\" placeholder=\"Filtrar Objeto\"><\/th><th><input type=\"text\" placeholder=\"Filtrar Vig\u00eancia\"><\/th><th><input type=\"text\" placeholder=\"Filtrar Data Inicial de vig\u00eancia\"><\/th><th><input type=\"text\" placeholder=\"Filtrar Data Final de Vig\u00eancia\"><\/th><th><input type=\"text\" placeholder=\"Filtrar Inteiro Teor\"><\/th><\/tr><\/thead><tbody><tr><td style=\"color: #000000; background-color: #FFFFFF;\">018\/2025<\/td><td style=\"color: #000000; background-color: #FFFFFF;\">SEAD<\/td><td style=\"color: #000000; background-color: #FFFFFF;\">Companhia de Investimentos e Parcerias do Estado de Goi\u00e1s S\/A \u2013 GOI\u00c1SPARCERIA<\/td><td style=\"color: #000000; background-color: #FFFFFF;\">Participa\u00e7\u00e3o de funcion\u00e1rios e servidores da GOI\u00c1SPARCERIAS nas a\u00e7\u00f5es educacionais oferecidas pela Diretoria Executiva da Escola de Governo, unidade administrativa da Secretaria de Estado da Administra\u00e7\u00e3o \u2013 SEAD<\/td><td style=\"color: #000000; background-color: #FFFFFF;\">60 meses<\/td><td style=\"color: #000000; background-color: #FFFFFF;\">23\/06\/2025<\/td><td style=\"color: #000000; background-color: #FFFFFF;\">23\/06\/2027<\/td><td style=\"color: #467886; background-color: #FFFFFF;text-decoration: underline;\"><a href=\"https:\/\/goias.gov.br\/administracao\/wp-content\/uploads\/sites\/27\/2025\/06\/Termo-de-Cooperacao-018-2025.pdf\" target=\"_blank\">ABRIR<\/a><\/td><\/tr><tr><td style=\"color: #000000; background-color: #FFFFFF;\">017\/2025<\/td><td style=\"color: #000000; background-color: #FFFFFF;\">SEAD<\/td><td style=\"color: #000000; background-color: #FFFFFF;\">Instituto Metropolitano de Educa\u00e7\u00e3o e Cultura Ltda (Fama)<\/td><td style=\"color: #000000; background-color: #FFFFFF;\">Coopera\u00e7\u00e3o para a concess\u00e3o de est\u00e1gio curricular n\u00e3o obrigat\u00f3rio e remunerado.<\/td><td style=\"color: #000000; background-color: #FFFFFF;\">60 meses<\/td><td style=\"color: #000000; background-color: #FFFFFF;\">28\/04\/2025<\/td><td style=\"color: #000000; background-color: #FFFFFF;\">28\/04\/2030<\/td><td style=\"color: #467886; background-color: #FFFFFF;text-decoration: underline;\"><a href=\"https:\/\/goias.gov.br\/administracao\/wp-content\/uploads\/sites\/27\/2025\/04\/Termo-de-Cooperacao-016-2025.pdf\" target=\"_blank\">ABRIR<\/a><\/td><\/tr><tr><td style=\"color: #000000; background-color: #FFFFFF;\">016\/2025<\/td><td style=\"color: #000000; background-color: #FFFFFF;\">SEAD<\/td><td style=\"color: #000000; background-color: #FFFFFF;\">Uni\u00e3o Sul-Americana de Educa\u00e7\u00e3o Ltda<\/td><td style=\"color: #000000; background-color: #FFFFFF;\">Coopera\u00e7\u00e3o para a concess\u00e3o de est\u00e1gio curricular n\u00e3o obrigat\u00f3rio e remunerado.<\/td><td style=\"color: #000000; background-color: #FFFFFF;\">60 meses<\/td><td style=\"color: #000000; background-color: #FFFFFF;\">23\/04\/2025<\/td><td style=\"color: #000000; background-color: #FFFFFF;\">23\/04\/2030<\/td><td style=\"color: #467886; background-color: #FFFFFF;text-decoration: underline;\"><a href=\"https:\/\/goias.gov.br\/administracao\/wp-content\/uploads\/sites\/27\/2025\/04\/Termo-de-Cooperacao-016-2025.pdf\" target=\"_blank\">ABRIR<\/a><\/td><\/tr><tr><td style=\"color: #000000; background-color: #FFFFFF;\">015\/2025<\/td><td style=\"color: #000000; background-color: #FFFFFF;\">SEAD<\/td><td style=\"color: #000000; background-color: #FFFFFF;\">Sociedade Trindadense de Educa\u00e7\u00e3o e Cultura Ltda.<\/td><td style=\"color: #000000; background-color: #FFFFFF;\">cursos de gradua\u00e7\u00e3o oferecidos pela Sociedade Trindadense de Educa\u00e7\u00e3o e Cultura Ltda., oportunidade de realiza\u00e7\u00e3o de est\u00e1gio curricular n\u00e3o obrigat\u00f3rio e remunerado<\/td><td style=\"color: #000000; background-color: #FFFFFF;\">60 meses<\/td><td style=\"color: #000000; background-color: #FFFFFF;\">08\/04\/2025<\/td><td style=\"color: #000000; background-color: #FFFFFF;\">08\/04\/2030<\/td><td style=\"color: #467886; background-color: #FFFFFF;text-decoration: underline;\"><a href=\"https:\/\/goias.gov.br\/administracao\/wp-content\/uploads\/sites\/27\/2025\/04\/Termo-de-Cooperacao-no.-015-2025.pdf\" target=\"_blank\">ABRIR<\/a><\/td><\/tr><tr><td style=\"color: #000000; background-color: #FFFFFF;\">014\/2025<\/td><td style=\"color: #000000; background-color: #FFFFFF;\">SEAD<\/td><td style=\"color: #000000; background-color: #FFFFFF;\"> FACULDADE ASSEMBLEIANA DO BRASIL - FASSEB<\/td><td style=\"color: #000000; background-color: #FFFFFF;\">Cursos de gradua\u00e7\u00e3o oferecidos pela Organiza\u00e7\u00e3o Cultural Educacional Filantr\u00f3pica, oportunidade de realiza\u00e7\u00e3o de est\u00e1gio curricular n\u00e3o obrigat\u00f3rio e remunerado.<\/td><td style=\"color: #000000; background-color: #FFFFFF;\">60 meses<\/td><td style=\"color: #000000; background-color: #FFFFFF;\">10\/04\/2025<\/td><td style=\"color: #000000; background-color: #FFFFFF;\">10\/04\/2030<\/td><td style=\"color: #467886; background-color: #FFFFFF;text-decoration: underline;\"><a href=\"https:\/\/goias.gov.br\/administracao\/wp-content\/uploads\/sites\/27\/2025\/04\/Termo-de-Cooperacao-no.-014-2025.pdf\" target=\"_blank\">ABRIR<\/a><\/td><\/tr><tr><td style=\"color: #000000; background-color: #FFFFFF;\">013\/2025<\/td><td style=\"color: #000000; background-color: #FFFFFF;\">SEAD<\/td><td style=\"color: #000000; background-color: #FFFFFF;\">INSTITUTO CIDADE DE EDUCA\u00c7\u00c3O E CULTURA LTDA<\/td><td style=\"color: #000000; background-color: #FFFFFF;\">Coopera\u00e7\u00e3o para a concess\u00e3o de est\u00e1gio curricular n\u00e3o obrigat\u00f3rio e remunerado.<\/td><td style=\"color: #000000; background-color: #FFFFFF;\">60 meses<\/td><td style=\"color: #000000; background-color: #FFFFFF;\">30\/04\/2025<\/td><td style=\"color: #000000; background-color: #FFFFFF;\">03\/04\/2030<\/td><td style=\"color: #467886; background-color: #FFFFFF;text-decoration: underline;\"><a href=\"https:\/\/goias.gov.br\/administracao\/wp-content\/uploads\/sites\/27\/2025\/04\/Termo-de-Cooperacao-013-2025-1.pdf\" target=\"_blank\">ABRIR<\/a><\/td><\/tr><tr><td style=\"color: #000000; background-color: #FFFFFF;\">011\/2025<\/td><td style=\"color: #000000; background-color: #FFFFFF;\">SEAD<\/td><td style=\"color: #000000; background-color: #FFFFFF;\">SANEAMENTO DE GOI\u00c1S S.A. \u2013 SANEAGO<\/td><td style=\"color: #000000; background-color: #FFFFFF;\">Participa\u00e7\u00e3o de funcion\u00e1rios e servidores da Saneamento de Goi\u00e1s S\/A \u2013 SANEAGO nas a\u00e7\u00f5es educacionais oferecidas pela Diretoria Executiva da Escola de Governo<\/td><td style=\"color: #000000; background-color: #FFFFFF;\">36 meses<\/td><td style=\"color: #000000; background-color: #FFFFFF;\">10\/03\/2025<\/td><td style=\"color: #000000; background-color: #FFFFFF;\">10\/03\/2028<\/td><td style=\"color: #467886; background-color: #FFFFFF;text-decoration: underline;\"><a href=\"https:\/\/goias.gov.br\/administracao\/wp-content\/uploads\/sites\/27\/2025\/03\/Termo-de-Cooperacao-011-2025.pdf\" target=\"_blank\">ABRIR<\/a><\/td><\/tr><tr><td style=\"color: #000000; background-color: #FFFFFF;\">010\/2025<\/td><td style=\"color: #000000; background-color: #FFFFFF;\">SEAD<\/td><td style=\"color: #000000; background-color: #FFFFFF;\">SOCIEDADE GOIANA DE CULTURA (PUC GOI\u00c1S)<\/td><td style=\"color: #000000; background-color: #FFFFFF;\"> Concess\u00e3o de est\u00e1gio obrigat\u00f3rio n\u00e3o remunerado para estudantes regularmente matriculados em cursos superiores<\/td><td style=\"color: #000000; background-color: #FFFFFF;\">60 meses<\/td><td style=\"color: #000000; background-color: #FFFFFF;\">25\/03\/2025<\/td><td style=\"color: #000000; background-color: #FFFFFF;\">25\/03\/2030<\/td><td style=\"color: #467886; background-color: #FFFFFF;text-decoration: underline;\"><a href=\"https:\/\/goias.gov.br\/administracao\/wp-content\/uploads\/sites\/27\/2025\/03\/Termo-de-Cooperacao-no.-010-2025.pdf\" target=\"_blank\">ABRIR<\/a><\/td><\/tr><tr><td style=\"color: #000000; background-color: #FFFFFF;\">009\/2025<\/td><td style=\"color: #000000; background-color: #FFFFFF;\">SEAD<\/td><td style=\"color: #000000; background-color: #FFFFFF;\">UNIVERSIDADE FEDERAL DE GOI\u00c1S<\/td><td style=\"color: #000000; background-color: #FFFFFF;\">Concess\u00e3o de est\u00e1gio curricular n\u00e3o obrigat\u00f3rio, que entre si celebram a Institui\u00e7\u00e3o de Ensino e o Estado de Goi\u00e1s\/ SEAD<\/td><td style=\"color: #000000; background-color: #FFFFFF;\">60 meses<\/td><td style=\"color: #000000; background-color: #FFFFFF;\">10\/02\/2025<\/td><td style=\"color: #000000; background-color: #FFFFFF;\">10\/02\/2030<\/td><td style=\"color: #467886; background-color: #FFFFFF;text-decoration: underline;\"><a href=\"https:\/\/goias.gov.br\/administracao\/wp-content\/uploads\/sites\/27\/2025\/02\/termo-de-Cooperacao-no-009-2025-UFG.pdf\" target=\"_blank\">ABRIR<\/a><\/td><\/tr><tr><td style=\"color: #000000; background-color: #FFFFFF;\">008\/2025<\/td><td style=\"color: #000000; background-color: #FFFFFF;\">SEAD<\/td><td style=\"color: #000000; background-color: #FFFFFF;\">DEPARTAMENTO ESTADUAL DE TR\u00c2NSITO<\/td><td style=\"color: #000000; background-color: #FFFFFF;\">Jun\u00e7\u00e3o do CIRETRAN, de An\u00e1polis, e da Unidade Vapt Vupt An\u00e1polis Sul<\/td><td style=\"color: #000000; background-color: #FFFFFF;\">60 meses<\/td><td style=\"color: #000000; background-color: #FFFFFF;\">28\/01\/202<\/td><td style=\"color: #000000; background-color: #FFFFFF;\">28\/01\/2030<\/td><td style=\"color: #467886; background-color: #FFFFFF;text-decoration: underline;\"><a href=\"https:\/\/goias.gov.br\/administracao\/wp-content\/uploads\/sites\/27\/2025\/02\/SEI_GOVERNADORIA-69888012-Termo-de-Cooperacao.pdf\" target=\"_blank\">ABRIR<\/a><\/td><\/tr><tr><td style=\"color: #000000; background-color: #FFFFFF;\">007\/2025<\/td><td style=\"color: #000000; background-color: #FFFFFF;\">SEAD<\/td><td style=\"color: #000000; background-color: #FFFFFF;\">SECRETARIA DE ESTADO DA SEGURAN\u00c7A P\u00daBLICA-SSP<\/td><td style=\"color: #000000; background-color: #FFFFFF;\">Implanta\u00e7\u00e3o da Unidade Vapt Vupt Padr\u00e3o, nos servi\u00e7os operacionalizados pela Superintend\u00eancia de Prote\u00e7\u00e3o aos Direitos do Consumidor \u2013 PROCON.<\/td><td style=\"color: #000000; background-color: #FFFFFF;\">60 meses<\/td><td style=\"color: #000000; background-color: #FFFFFF;\">21\/01\/2025<\/td><td style=\"color: #000000; background-color: #FFFFFF;\">21\/01\/2030<\/td><td style=\"color: #467886; background-color: #FFFFFF;text-decoration: underline;\"><a href=\"https:\/\/goias.gov.br\/administracao\/wp-content\/uploads\/sites\/27\/2025\/01\/Termo-de-Cooperacao-no-007-2025.pdf\" target=\"_blank\">ABRIR<\/a><\/td><\/tr><tr><td style=\"color: #000000; background-color: #FFFFFF;\">006\/2025<\/td><td style=\"color: #000000; background-color: #FFFFFF;\">SEAD<\/td><td style=\"color: #000000; background-color: #FFFFFF;\">SECRETARIA DE ESTADO DA SEGURAN\u00c7A P\u00daBLICA-SSP<\/td><td style=\"color: #000000; background-color: #FFFFFF;\">Parceria entre os part\u00edcipes, visando a continuidade dos servi\u00e7os prestados pela Secretaria de Estado da Seguran\u00e7a P\u00fablica (Pol\u00edcia Civil e Corpo de Bombeiros Militar) nas Unidades Vapt Vupt.<\/td><td style=\"color: #000000; background-color: #FFFFFF;\">60 meses<\/td><td style=\"color: #000000; background-color: #FFFFFF;\">16\/01\/2025<\/td><td style=\"color: #000000; background-color: #FFFFFF;\">16\/01\/2030<\/td><td style=\"color: #467886; background-color: #FFFFFF;text-decoration: underline;\"><a href=\"https:\/\/goias.gov.br\/administracao\/wp-content\/uploads\/sites\/27\/2025\/01\/Termo-de-Cooperacao-no-006-2025.pdf\" target=\"_blank\">ABRIR<\/a><\/td><\/tr><tr><td style=\"color: #000000; background-color: #FFFFFF;\">005\/2025<\/td><td style=\"color: #000000; background-color: #FFFFFF;\">SEAD<\/td><td style=\"color: #000000; background-color: #FFFFFF;\"> CENTRO UNIVERSIT\u00c1RIO DE GOI\u00c1S - UNIGOI\u00c1S<\/td><td style=\"color: #000000; background-color: #FFFFFF;\">Coopera\u00e7\u00e3o para concess\u00e3o de est\u00e1gio n\u00e3o obrigat\u00f3rio entre o Estado de Goi\u00e1s e Sociedade Anhanguera de Ensino Ltda<\/td><td style=\"color: #000000; background-color: #FFFFFF;\">60 meses<\/td><td style=\"color: #000000; background-color: #FFFFFF;\">14\/01\/2025<\/td><td style=\"color: #000000; background-color: #FFFFFF;\">14\/01\/2030<\/td><td style=\"color: #467886; background-color: #FFFFFF;text-decoration: underline;\"><a href=\"https:\/\/goias.gov.br\/administracao\/wp-content\/uploads\/sites\/27\/2025\/01\/SEI_GOVERNADORIA-69225993-Termo-de-Cooperacao.pdf\" target=\"_blank\">ABRIR<\/a><\/td><\/tr><tr><td style=\"color: #000000; background-color: #FFFFFF;\">004\/2025<\/td><td style=\"color: #000000; background-color: #FFFFFF;\">SEAD<\/td><td style=\"color: #000000; background-color: #FFFFFF;\"> FACULDADE QUIRIN\u00d3POLIS - FAQUI<\/td><td style=\"color: #000000; background-color: #FFFFFF;\">Coopera\u00e7\u00e3o para a concess\u00e3o de est\u00e1gio curricular n\u00e3o obrigat\u00f3rio, que entre si celebram, o Centro de Ensino Superior do Sudoeste Goiano Ltda. e o Estado de Goi\u00e1s, por meio de sua Secretaria de Estado da Administra\u00e7\u00e3o \u2013 SEAD.<\/td><td style=\"color: #000000; background-color: #FFFFFF;\">60 meses<\/td><td style=\"color: #000000; background-color: #FFFFFF;\">24\/01\/2025<\/td><td style=\"color: #000000; background-color: #FFFFFF;\">24\/01\/2030<\/td><td style=\"color: #467886; background-color: #FFFFFF;text-decoration: underline;\"><a href=\"https:\/\/goias.gov.br\/administracao\/wp-content\/uploads\/sites\/27\/2025\/01\/Termo-de-Cooperacao-no-004-2025.pdf\" target=\"_blank\">ABRIR<\/a><\/td><\/tr><tr><td style=\"color: #000000; background-color: #FFFFFF;\">003\/2025<\/td><td style=\"color: #000000; background-color: #FFFFFF;\">SEAD<\/td><td style=\"color: #000000; background-color: #FFFFFF;\">CENTRO DE EDUCA\u00c7\u00c3O SERRA DA MESA LTDA - CESEM<\/td><td style=\"color: #000000; background-color: #FFFFFF;\">Coopera\u00e7\u00e3o para a concess\u00e3o de est\u00e1gio curricular n\u00e3o obrigat\u00f3rio.<\/td><td style=\"color: #000000; background-color: #FFFFFF;\">60 meses<\/td><td style=\"color: #000000; background-color: #FFFFFF;\">08\/01\/2025<\/td><td style=\"color: #000000; background-color: #FFFFFF;\">08\/01\/2030<\/td><td style=\"color: #467886; background-color: #FFFFFF;text-decoration: underline;\"><a href=\"https:\/\/goias.gov.br\/administracao\/wp-content\/uploads\/sites\/27\/2025\/01\/Termo-de-Cooperacao-no-002-2025.pdf\" target=\"_blank\">ABRIR<\/a><\/td><\/tr><tr><td style=\"color: #000000; background-color: #FFFFFF;\">002\/2025<\/td><td style=\"color: #000000; background-color: #FFFFFF;\">SEAD<\/td><td style=\"color: #000000; background-color: #FFFFFF;\">CENTRO DE EDUCA\u00c7\u00c3O SUPERIOR MAIS LTDA - FACMAIS<\/td><td style=\"color: #000000; background-color: #FFFFFF;\">Coopera\u00e7\u00e3o para a concess\u00e3o de est\u00e1gio curricular n\u00e3o obrigat\u00f3rio, que entre si celebram, o Centro de Educa\u00e7\u00e3o Superior Mais Ltda. e o Estado de Goi\u00e1s, atrav\u00e9s de sua Secretaria de Estado da Administra\u00e7\u00e3o \u2013 SEAD.<\/td><td style=\"color: #000000; background-color: #FFFFFF;\">60 meses<\/td><td style=\"color: #000000; background-color: #FFFFFF;\">23\/01\/2025<\/td><td style=\"color: #000000; background-color: #FFFFFF;\">23\/01\/2030<\/td><td style=\"color: #467886; background-color: #FFFFFF;text-decoration: underline;\"><a href=\"https:\/\/goias.gov.br\/administracao\/wp-content\/uploads\/sites\/27\/2025\/01\/Termo-de-Cooperacao-no-002-2025.pdf\" target=\"_blank\">ABRIR<\/a><\/td><\/tr><tr><td style=\"color: #000000; background-color: #FFFFFF;\">001\/2025<\/td><td style=\"color: #000000; background-color: #FFFFFF;\">SEAD<\/td><td style=\"color: #000000; background-color: #FFFFFF;\">SOCIEDADE DE ENSINO SUPERIOR FENIX LTDA \u2013 FACULDADES INTEGRADAS IESGO<\/td><td style=\"color: #000000; background-color: #FFFFFF;\">Coopera\u00e7\u00e3o para proporcionar aos estudantes, regularmente matriculados e com frequ\u00eancia efetiva nos cursos de gradua\u00e7\u00e3o oferecidos pela SOCIEDADE DE ENSINO SUPERIOR FENIX LTDA \u2013 FACULDADES INTEGRADAS IESGO, oportunidade de realiza\u00e7\u00e3o de est\u00e1gio curricular n\u00e3o obrigat\u00f3rio e remunerado nas diversas \u00e1reas de atua\u00e7\u00e3o do ESTADO DE GOI\u00c1S.<\/td><td style=\"color: #000000; background-color: #FFFFFF;\">60 meses<\/td><td style=\"color: #000000; background-color: #FFFFFF;\">28\/01\/2025<\/td><td style=\"color: #000000; background-color: #FFFFFF;\">28\/01\/2030<\/td><td style=\"color: #467886; background-color: #FFFFFF;text-decoration: underline;\"><a href=\"https:\/\/goias.gov.br\/administracao\/wp-content\/uploads\/sites\/27\/2025\/02\/Termo-de-Cooperacao-no.-001-2025.pdf\" target=\"_blank\">ABRIR<\/a><\/td><\/tr><tr><td style=\"color: #000000; background-color: #FFFFFF;\">023\/2024<\/td><td style=\"color: #000000; background-color: #FFFFFF;\">SEAD<\/td><td style=\"color: #000000; background-color: #FFFFFF;\">ASSOCIA\u00c7\u00c3O EDUCATIVA EVANG\u00c9LICA - AEE<\/td><td style=\"color: #000000; background-color: #FFFFFF;\">Coopera\u00e7\u00e3o para a concess\u00e3o de est\u00e1gio curricular n\u00e3o obrigat\u00f3rio, que entre si celebram, a Associa\u00e7\u00e3o Educativa Evang\u00e9lica e o Estado de Goi\u00e1s, por meio de sua Secretaria de Estado da Administra\u00e7\u00e3o \u2013 SEAD.<\/td><td style=\"color: #000000; background-color: #FFFFFF;\">60 meses<\/td><td style=\"color: #000000; background-color: #FFFFFF;\">17\/01\/2055<\/td><td style=\"color: #000000; background-color: #FFFFFF;\">17\/01\/2030<\/td><td style=\"color: #467886; background-color: #FFFFFF;text-decoration: underline;\"><a href=\"https:\/\/goias.gov.br\/administracao\/wp-content\/uploads\/sites\/27\/2025\/01\/SEI_GOVERNADORIA-68889290-Termo-de-Cooperacao.pdf\" target=\"_blank\">ABRIR<\/a><\/td><\/tr><tr><td style=\"color: #000000; background-color: #FFFFFF;\">022\/2024<\/td><td style=\"color: #000000; background-color: #FFFFFF;\">SEAD<\/td><td style=\"color: #000000; background-color: #FFFFFF;\">IND\u00daSTRIA QU\u00cdMICA DO ESTADO DE GOI\u00c1S S\/A \u2013 IQUEGO<\/td><td style=\"color: #000000; background-color: #FFFFFF;\">Participa\u00e7\u00e3o de funcion\u00e1rios\/servidores da Ind\u00fastria Qu\u00edmica do Estado de Goi\u00e1s \u2013 IQUEGO nas a\u00e7\u00f5es educacionais oferecidas pela Diretoria Executiva da Escola de Governo, <\/td><td style=\"color: #000000; background-color: #FFFFFF;\">36 meses<\/td><td style=\"color: #000000; background-color: #FFFFFF;\">08\/01\/2025<\/td><td style=\"color: #000000; background-color: #FFFFFF;\">08\/01\/2028<\/td><td style=\"color: #467886; background-color: #FFFFFF;text-decoration: underline;\"><a href=\"https:\/\/goias.gov.br\/administracao\/wp-content\/uploads\/sites\/27\/2025\/01\/Termo-de-Cooperacao-no-022-2024.pdf\" target=\"_blank\">ABRIR<\/a><\/td><\/tr><tr><td style=\"color: #000000; background-color: #FFFFFF;\">021\/2024<\/td><td style=\"color: #000000; background-color: #FFFFFF;\">SEAD<\/td><td style=\"color: #000000; background-color: #FFFFFF;\">SOCIEDADE DE ENSINO SUPERIOR EST\u00c1CIO DE S\u00c1 LTDA<\/td><td style=\"color: #000000; background-color: #FFFFFF;\">Coopera\u00e7\u00e3o para a concess\u00e3o de est\u00e1gio curricular n\u00e3o obrigat\u00f3rio que entre si celebram a Sociedade de Ensino Superior Est\u00e1cio de S\u00e1 Ltda, e o Estado de Goi\u00e1s, atrav\u00e9s de sua Secretaria de Estado da Administra\u00e7\u00e3o \u2013 SEAD.<\/td><td style=\"color: #000000; background-color: #FFFFFF;\">60 meses<\/td><td style=\"color: #000000; background-color: #FFFFFF;\">10\/01\/2025<\/td><td style=\"color: #000000; background-color: #FFFFFF;\">10\/01\/2030<\/td><td style=\"color: #467886; background-color: #FFFFFF;text-decoration: underline;\"><a href=\"https:\/\/goias.gov.br\/administracao\/wp-content\/uploads\/sites\/27\/2025\/01\/Termo-de-Cooperacao-no-021-2024.pdf\" target=\"_blank\">ABRIR<\/a><\/td><\/tr><tr><td style=\"color: #000000; background-color: #FFFFFF;\">20.1\/2024<\/td><td style=\"color: #000000; background-color: #FFFFFF;\">SEAD<\/td><td style=\"color: #000000; background-color: #FFFFFF;\">ANHANGUERA EDUCACIONAL PARTICIPA\u00c7\u00d5ES S\/A<\/td><td style=\"color: #000000; background-color: #FFFFFF;\">Coopera\u00e7\u00e3o para a concess\u00e3o de est\u00e1gio curricular n\u00e3o obrigat\u00f3rio, que entre si celebram, a Anhanguera Educacional Participa\u00e7\u00f5es S\/A e o Estado de Goi\u00e1s, atrav\u00e9s de sua Secretaria de Estado da Administra\u00e7\u00e3o \u2013 SEAD.<\/td><td style=\"color: #000000; background-color: #FFFFFF;\">60 meses<\/td><td style=\"color: #000000; background-color: #FFFFFF;\">16\/01\/2025<\/td><td style=\"color: #000000; background-color: #FFFFFF;\">16\/01\/2030<\/td><td style=\"color: #467886; background-color: #FFFFFF;text-decoration: underline;\"><a href=\"https:\/\/goias.gov.br\/administracao\/wp-content\/uploads\/sites\/27\/2025\/01\/SEI_GOVERNADORIA-68889290-Termo-de-Cooperacao.pdf\" target=\"_blank\">ABRIR<\/a><\/td><\/tr><tr><td style=\"color: #000000; background-color: #FFFFFF;\">020\/2024<\/td><td style=\"color: #000000; background-color: #FFFFFF;\">SEAD<\/td><td style=\"color: #000000; background-color: #FFFFFF;\">DEFENSORIA P\u00daBLICA DO ESTADO DE GOI\u00c1S - DPE\/GO<\/td><td style=\"color: #000000; background-color: #FFFFFF;\">O presente instrumento tem por objeto a participa\u00e7\u00e3o de funcion\u00e1rios\/servidores da Defensoria P\u00fablica do Estado de Goi\u00e1s nas a\u00e7\u00f5es educacionais oferecidas pela Diretoria Executiva da Escola de Governo.<\/td><td style=\"color: #000000; background-color: #FFFFFF;\">36 meses<\/td><td style=\"color: #000000; background-color: #FFFFFF;\">14\/01\/2025<\/td><td style=\"color: #000000; background-color: #FFFFFF;\">14\/01\/2028<\/td><td style=\"color: #467886; background-color: #FFFFFF;text-decoration: underline;\"><a href=\"https:\/\/goias.gov.br\/administracao\/wp-content\/uploads\/sites\/27\/2025\/01\/Termo-de-Cooperacao-no-020-2024.pdf\" target=\"_blank\">ABRIR<\/a><\/td><\/tr><tr><td style=\"color: #000000; background-color: #FFFFFF;\">019\/2024<\/td><td style=\"color: #000000; background-color: #FFFFFF;\">SEAD<\/td><td style=\"color: #000000; background-color: #FFFFFF;\">FACULDADE DE PRINC\u00cdPIOS MILITARES - FPM LTDA<\/td><td style=\"color: #000000; background-color: #FFFFFF;\">Coopera\u00e7\u00e3o para a concess\u00e3o de est\u00e1gio curricular n\u00e3o obrigat\u00f3rio que entre si celebram a Faculdade de Princ\u00edpios Militares - FPM Ltda e o Estado de Goi\u00e1s, atrav\u00e9s de sua Secretaria de Estado da Administra\u00e7\u00e3o \u2013 SEAD.<\/td><td style=\"color: #000000; background-color: #FFFFFF;\">60 meses<\/td><td style=\"color: #000000; background-color: #FFFFFF;\">14\/01\/2025<\/td><td style=\"color: #000000; background-color: #FFFFFF;\">14\/01\/2030<\/td><td style=\"color: #467886; background-color: #FFFFFF;text-decoration: underline;\"><a href=\"https:\/\/goias.gov.br\/administracao\/wp-content\/uploads\/sites\/27\/2025\/01\/Termo-de-Cooperacao-no-019-2024-1.pdf\" target=\"_blank\">ABRIR<\/a><\/td><\/tr><tr><td style=\"color: #000000; background-color: #FFFFFF;\">017\/2024<\/td><td style=\"color: #000000; background-color: #FFFFFF;\">SEAD<\/td><td style=\"color: #000000; background-color: #FFFFFF;\">CONSELHO DIRETOR DA ESCOLA DO FUTURO DO ESTADO DE GOI\u00c1S EM ARTES BASILEU FRAN\u00c7A - CDEFGABF<\/td><td style=\"color: #000000; background-color: #FFFFFF;\">Coopera\u00e7\u00e3o para a concess\u00e3o de est\u00e1gio curricular n\u00e3o obrigat\u00f3rio, que entre si celebram, o Conselho Diretor da Escola do Futuro do Estado de Goi\u00e1s em Artes Basileu Fran\u00e7a e o Estado de Goi\u00e1s, por meio de sua Secretaria de Estado da Administra\u00e7\u00e3o \u2013 SEAD.<\/td><td style=\"color: #000000; background-color: #FFFFFF;\">60 meses<\/td><td style=\"color: #000000; background-color: #FFFFFF;\">09\/12\/2024<\/td><td style=\"color: #000000; background-color: #FFFFFF;\">09\/12\/2029<\/td><td style=\"color: #467886; background-color: #FFFFFF;text-decoration: underline;\"><a href=\"https:\/\/goias.gov.br\/administracao\/wp-content\/uploads\/sites\/27\/2024\/12\/Termo-de-Cooperacao-no.-017-2024.pdf\" target=\"_blank\">ABRIR<\/a><\/td><\/tr><tr><td style=\"color: #000000; background-color: #FFFFFF;\">016\/2024<\/td><td style=\"color: #000000; background-color: #FFFFFF;\">SEAD<\/td><td style=\"color: #000000; background-color: #FFFFFF;\">UNIVERSIDADE DE RIO VERDE - UNIRV <\/td><td style=\"color: #000000; background-color: #FFFFFF;\">Coopera\u00e7\u00e3o para a concess\u00e3o de est\u00e1gio curricular n\u00e3o obrigat\u00f3rio que entre si celebram a Universidade de Rio Verde - FESURV e o Estado de Goi\u00e1s, atrav\u00e9s de sua Secretaria de Estado da Administra\u00e7\u00e3o \u2013 SEAD.<\/td><td style=\"color: #000000; background-color: #FFFFFF;\">60 meses<\/td><td style=\"color: #000000; background-color: #FFFFFF;\">14\/01\/2025<\/td><td style=\"color: #000000; background-color: #FFFFFF;\">14\/01\/2030<\/td><td style=\"color: #467886; background-color: #FFFFFF;text-decoration: underline;\"><a href=\"https:\/\/goias.gov.br\/administracao\/wp-content\/uploads\/sites\/27\/2025\/01\/Termo-de-Cooperacao-no-016-2024.pdf\" target=\"_blank\">ABRIR<\/a><\/td><\/tr><tr><td style=\"color: #000000; background-color: #FFFFFF;\">015\/2024<\/td><td style=\"color: #000000; background-color: #FFFFFF;\">SEAD<\/td><td style=\"color: #000000; background-color: #FFFFFF;\">ASSOCIA\u00c7\u00c3O EDUCACIONAL NOSSA SENHORA APARECIDA - AENSA (UNIFANAP)<\/td><td style=\"color: #000000; background-color: #FFFFFF;\">Coopera\u00e7\u00e3o para a concess\u00e3o de est\u00e1gio curricular n\u00e3o obrigat\u00f3rio, que entre si celebram, a Associa\u00e7\u00e3o Educacional Nossa Senhora Aparecida - AENSA e o Estado de Goi\u00e1s, por meio de sua Secretaria de Estado da Administra\u00e7\u00e3o \u2013 SEAD.<\/td><td style=\"color: #000000; background-color: #FFFFFF;\">60 meses<\/td><td style=\"color: #000000; background-color: #FFFFFF;\">29\/11\/2024<\/td><td style=\"color: #000000; background-color: #FFFFFF;\">29\/11\/2029<\/td><td style=\"color: #467886; background-color: #FFFFFF;text-decoration: underline;\"><a href=\"https:\/\/goias.gov.br\/administracao\/wp-content\/uploads\/sites\/27\/2024\/12\/Termo-de-Cooperacao-no.-015-2024.pdf\" target=\"_blank\">ABRIR<\/a><\/td><\/tr><tr><td style=\"color: #000000; background-color: #FFFFFF;\">014\/2024<\/td><td style=\"color: #000000; background-color: #FFFFFF;\">SEAD<\/td><td style=\"color: #000000; background-color: #FFFFFF;\">FACULDADE ALFREDO NASSER LTDA - UNIFAN<\/td><td style=\"color: #000000; background-color: #FFFFFF;\">Coopera\u00e7\u00e3o para a concess\u00e3o de est\u00e1gio curricular n\u00e3o obrigat\u00f3rio, que entre si celebram, a Faculdade Alfredo Nasser Ltda. e o Estado de Goi\u00e1s, atrav\u00e9s de sua Secretaria de Estado da Administra\u00e7\u00e3o \u2013 SEAD.<\/td><td style=\"color: #000000; background-color: #FFFFFF;\">60 meses<\/td><td style=\"color: #000000; background-color: #FFFFFF;\">03\/12\/2024<\/td><td style=\"color: #000000; background-color: #FFFFFF;\">03\/12\/2029<\/td><td style=\"color: #467886; background-color: #FFFFFF;text-decoration: underline;\"><a href=\"https:\/\/goias.gov.br\/administracao\/wp-content\/uploads\/sites\/27\/2024\/12\/Termo-de-Cooperacao-no.-014-2024.pdf\" target=\"_blank\">ABRIR<\/a><\/td><\/tr><tr><td style=\"color: #000000; background-color: #FFFFFF;\">013\/2024<\/td><td style=\"color: #000000; background-color: #FFFFFF;\">SEAD<\/td><td style=\"color: #000000; background-color: #FFFFFF;\">SOCIEDADE DE EDUCA\u00c7\u00c3O E CULTURA DE GOIAS S\/C LTDA<\/td><td style=\"color: #000000; background-color: #FFFFFF;\">Coopera\u00e7\u00e3o para a concess\u00e3o de est\u00e1gio extracurricular (n\u00e3o obrigat\u00f3rio), que entre si celebram, a SOCIEDADE DE EDUCA\u00c7\u00c3O E CULTURA DE GOI\u00c1S S\/C LTDA e o Estado de Goi\u00e1s, atrav\u00e9s de sua Secretaria de Estado da Administra\u00e7\u00e3o \u2013 SEAD.<\/td><td style=\"color: #000000; background-color: #FFFFFF;\">60 meses<\/td><td style=\"color: #000000; background-color: #FFFFFF;\">28\/11\/2024<\/td><td style=\"color: #000000; background-color: #FFFFFF;\">28\/11\/2029<\/td><td style=\"color: #467886; background-color: #FFFFFF;text-decoration: underline;\"><a href=\"https:\/\/goias.gov.br\/administracao\/wp-content\/uploads\/sites\/27\/2024\/12\/Termo-de-Cooperacao-no.-013-2024.pdf\" target=\"_blank\">ABRIR<\/a><\/td><\/tr><tr><td style=\"color: #000000; background-color: #FFFFFF;\">012\/2024<\/td><td style=\"color: #000000; background-color: #FFFFFF;\">SEAD<\/td><td style=\"color: #000000; background-color: #FFFFFF;\">ASSOBES ENSINO SUPERIOR LTDA - UNICEUG<\/td><td style=\"color: #000000; background-color: #FFFFFF;\">Coopera\u00e7\u00e3o para a concess\u00e3o de est\u00e1gio curricular n\u00e3o obrigat\u00f3rio, que entre si celebram a Assupero Ensino Superior LTDA., e o Estado de Goi\u00e1s, atrav\u00e9s de sua Secretaria de Estado da Administra\u00e7\u00e3o \u2013 SEAD.<\/td><td style=\"color: #000000; background-color: #FFFFFF;\">60 meses<\/td><td style=\"color: #000000; background-color: #FFFFFF;\">23\/01\/2025<\/td><td style=\"color: #000000; background-color: #FFFFFF;\">23\/01\/2030<\/td><td style=\"color: #467886; background-color: #FFFFFF;text-decoration: underline;\"><a href=\"https:\/\/goias.gov.br\/administracao\/wp-content\/uploads\/sites\/27\/2025\/01\/Termo-de-Cooperacao-no.-012-2024.pdf\" target=\"_blank\">ABRIR<\/a><\/td><\/tr><tr><td style=\"color: #000000; background-color: #FFFFFF;\">011\/2024<\/td><td style=\"color: #000000; background-color: #FFFFFF;\">SEAD<\/td><td style=\"color: #000000; background-color: #FFFFFF;\">ASSUPERO ENSINO SUPERIOR LTDA. (UNIP<\/td><td style=\"color: #000000; background-color: #FFFFFF;\">Coopera\u00e7\u00e3o para a concess\u00e3o de est\u00e1gio curricular n\u00e3o obrigat\u00f3rio, que entre si celebram a Assupero Ensino Superior LTDA., e o Estado de Goi\u00e1s, atrav\u00e9s de sua Secretaria de Estado da Administra\u00e7\u00e3o \u2013 SEAD.<\/td><td style=\"color: #000000; background-color: #FFFFFF;\">60 meses<\/td><td style=\"color: #000000; background-color: #FFFFFF;\">17\/01\/2025<\/td><td style=\"color: #000000; background-color: #FFFFFF;\">17\/01\/2030<\/td><td style=\"color: #467886; background-color: #FFFFFF;text-decoration: underline;\"><a href=\"https:\/\/goias.gov.br\/administracao\/wp-content\/uploads\/sites\/27\/2025\/01\/Termo-de-Cooperacao-no-011-2024.pdf\" target=\"_blank\">ABRIR<\/a><\/td><\/tr><tr><td style=\"color: #000000; background-color: #FFFFFF;\">010\/2024<\/td><td style=\"color: #000000; background-color: #FFFFFF;\">SEAD<\/td><td style=\"color: #000000; background-color: #FFFFFF;\">UNIVERSIDADE ESTADUAL DE GOI\u00c1S \u2013 UEG<\/td><td style=\"color: #000000; background-color: #FFFFFF;\">Coopera\u00e7\u00e3o para a concess\u00e3o de est\u00e1gio curricular n\u00e3o obrigat\u00f3rio que entre si celebram a Universidade Estadual de Goi\u00e1s e o Estado de Goi\u00e1s, atrav\u00e9s de sua Secretaria de Estado da Administra\u00e7\u00e3o \u2013 SEAD.<\/td><td style=\"color: #000000; background-color: #FFFFFF;\">60 meses<\/td><td style=\"color: #000000; background-color: #FFFFFF;\">21\/11\/2024<\/td><td style=\"color: #000000; background-color: #FFFFFF;\">21\/11\/2029<\/td><td style=\"color: #467886; background-color: #FFFFFF;text-decoration: underline;\"><a href=\"https:\/\/goias.gov.br\/administracao\/wp-content\/uploads\/sites\/27\/2024\/11\/Termo-de-Cooperacao-no.-010-2024.pdf\" target=\"_blank\">ABRIR<\/a><\/td><\/tr><tr><td style=\"color: #000000; background-color: #FFFFFF;\">009\/2024<\/td><td style=\"color: #000000; background-color: #FFFFFF;\">SEAD<\/td><td style=\"color: #000000; background-color: #FFFFFF;\">SECRETARIA DE ESTADO DE DESENVOLVIMENTO SOCIAL \u2013 SEDS<\/td><td style=\"color: #000000; background-color: #FFFFFF;\">Realiza\u00e7\u00e3o de processo seletivo simplificado para contrata\u00e7\u00e3o por tempo determinado de 14 (quatorze) profissionais selecionados e aprovados para firmar contrato com a Secretaria de Estado de Desenvolvimento Social - SEDS<\/td><td style=\"color: #000000; background-color: #FFFFFF;\">12 meses<\/td><td style=\"color: #000000; background-color: #FFFFFF;\">18\/11\/2024<\/td><td style=\"color: #000000; background-color: #FFFFFF;\">18\/11\/2025<\/td><td style=\"color: #467886; background-color: #FFFFFF;text-decoration: underline;\"><a href=\"https:\/\/goias.gov.br\/administracao\/wp-content\/uploads\/sites\/27\/2024\/11\/Termo-de-Cooperacao-no.-009-2024.pdf\" target=\"_blank\">ABRIR<\/a><\/td><\/tr><tr><td style=\"color: #000000; background-color: #FFFFFF;\">008\/2024<\/td><td style=\"color: #000000; background-color: #FFFFFF;\">SEAD<\/td><td style=\"color: #000000; background-color: #FFFFFF;\">PUC GOIAS<\/td><td style=\"color: #000000; background-color: #FFFFFF;\">\"Coopera\u00e7\u00e3o para a concess\u00e3o de est\u00e1gio curricular n\u00e3o obrigat\u00f3rio, que entre si celebram a Sociedade Goiana de Cultura e o Estado de Goi\u00e1s\"<\/td><td style=\"color: #000000; background-color: #FFFFFF;\">60 meses<\/td><td style=\"color: #000000; background-color: #FFFFFF;\">05\/11\/2024<\/td><td style=\"color: #000000; background-color: #FFFFFF;\">05\/11\/2029<\/td><td style=\"color: #467886; background-color: #FFFFFF;text-decoration: underline;\"><a href=\"https:\/\/goias.gov.br\/administracao\/wp-content\/uploads\/sites\/27\/2024\/11\/Termo-de-Cooperacao-No.-008-2024.pdf\" target=\"_blank\">ABRIR<\/a><\/td><\/tr><tr><td style=\"color: #000000; background-color: #FFFFFF;\">007\/2024<\/td><td style=\"color: #000000; background-color: #FFFFFF;\">SEAD<\/td><td style=\"color: #000000; background-color: #FFFFFF;\">DINAMICA E ASSESSORIA E CONSULTORIA EMPRESARIAL LTDA (FACUNICAMPS)<\/td><td style=\"color: #000000; background-color: #FFFFFF;\">Coopera\u00e7\u00e3o para a concess\u00e3o de est\u00e1gio extracurricular (n\u00e3o-obrigat\u00f3rio), que entre si celebram, a Din\u00e2mica e Assessoria e Consultoria Empresarial LTDA e o Estado de Goi\u00e1s<\/td><td style=\"color: #000000; background-color: #FFFFFF;\">60 meses<\/td><td style=\"color: #000000; background-color: #FFFFFF;\">21\/11\/2024<\/td><td style=\"color: #000000; background-color: #FFFFFF;\">21\/11\/2029<\/td><td style=\"color: #467886; background-color: #FFFFFF;text-decoration: underline;\"><a href=\"https:\/\/goias.gov.br\/administracao\/wp-content\/uploads\/sites\/27\/2024\/11\/Termo-de-Cooperacao-007-2024-1.pdf\" target=\"_blank\">ABRIR<\/a><\/td><\/tr><tr><td style=\"color: #000000; background-color: #FFFFFF;\">06.2\/2024<\/td><td style=\"color: #000000; background-color: #FFFFFF;\">SEAD<\/td><td style=\"color: #000000; background-color: #FFFFFF;\">DIN\u00c2MICA ADMINISTRA\u00c7\u00c3O CONSULTORIA E GEST\u00c3O S\/S LTDA (FACULDADE UNIDA DE CAMPINAS - FACUNICAMPS GOI\u00c2NIA)<\/td><td style=\"color: #000000; background-color: #FFFFFF;\">Coopera\u00e7\u00e3o para a concess\u00e3o de est\u00e1gio extracurricular (n\u00e3o-obrigat\u00f3rio), que entre si celebram, a Din\u00e2mica Administra\u00e7\u00e3o Consultoria e Gest\u00e3o S\/S LTDA e o Estado de Goi\u00e1s, por meio de sua Secretaria de Estado da Administra\u00e7\u00e3o \u2013 SEAD<\/td><td style=\"color: #000000; background-color: #FFFFFF;\">60 meses<\/td><td style=\"color: #000000; background-color: #FFFFFF;\">21\/11\/2024<\/td><td style=\"color: #000000; background-color: #FFFFFF;\">21\/11\/2029<\/td><td style=\"color: #467886; background-color: #FFFFFF;text-decoration: underline;\"><a href=\"https:\/\/goias.gov.br\/administracao\/wp-content\/uploads\/sites\/27\/2024\/11\/Termo-de-Cooperacao-no-006-2024.pdf\" target=\"_blank\">ABRIR<\/a><\/td><\/tr><tr><td style=\"color: #000000; background-color: #FFFFFF;\">006\/2024<\/td><td style=\"color: #000000; background-color: #FFFFFF;\">SEAD<\/td><td style=\"color: #000000; background-color: #FFFFFF;\">Minist\u00e9rio P\u00fablico do Estado de Goi\u00e1s - MP<\/td><td style=\"color: #000000; background-color: #FFFFFF;\">Implementa\u00e7\u00e3o de a\u00e7\u00f5es conjuntas em cursos, projetos, programas e outras atividades de treinamento, desenvolvimento e educa\u00e7\u00e3o, de interesse m\u00fatuo entre as partes.<\/td><td style=\"color: #000000; background-color: #FFFFFF;\">24 meses<\/td><td style=\"color: #000000; background-color: #FFFFFF;\">14\/08\/2024<\/td><td style=\"color: #000000; background-color: #FFFFFF;\">13\/08\/2026<\/td><td style=\"color: #467886; background-color: #FFFFFF;text-decoration: underline;\"><a href=\"https:\/\/goias.gov.br\/administracao\/wp-content\/uploads\/sites\/27\/2024\/09\/Termo-de-Cooperacao-no.-006-2024-MP.pdf\" target=\"_blank\">ABRIR<\/a><\/td><\/tr><tr><td style=\"color: #000000; background-color: #FFFFFF;\">005\/2024<\/td><td style=\"color: #000000; background-color: #FFFFFF;\">SEAD<\/td><td style=\"color: #000000; background-color: #FFFFFF;\">Tribunal de Justi\u00e7a do Estado de Goi\u00e1s - TJ<\/td><td style=\"color: #000000; background-color: #FFFFFF;\">Participa\u00e7\u00e3o de funcion\u00e1rios\/servidores do Tribunal de Justi\u00e7a do Estado de Goi\u00e1s nas a\u00e7\u00f5es educacionais oferecidas pela Diretoria Executiva da Escola de Governo<\/td><td style=\"color: #000000; background-color: #FFFFFF;\">36 meses<\/td><td style=\"color: #000000; background-color: #FFFFFF;\">29\/07\/2024<\/td><td style=\"color: #000000; background-color: #FFFFFF;\">28\/07\/2027<\/td><td style=\"color: #467886; background-color: #FFFFFF;text-decoration: underline;\"><a href=\"https:\/\/goias.gov.br\/administracao\/wp-content\/uploads\/sites\/27\/2024\/08\/TermodeCooperacaon0052024TJ.pdf\" target=\"_blank\">ABRIR<\/a><\/td><\/tr><tr><td style=\"color: #000000; background-color: #FFFFFF;\">004\/2024<\/td><td style=\"color: #000000; background-color: #FFFFFF;\">SEAD<\/td><td style=\"color: #000000; background-color: #FFFFFF;\">Centrais de Abastecimento de Goi\u00e1s S\/A \u2013 Ceasa\/Go<\/td><td style=\"color: #000000; background-color: #FFFFFF;\">Participa\u00e7\u00e3o de funcion\u00e1rios\/servidores da Centrais de Abastecimento de Goi\u00e1s S\/A \u2013 CEASA\/GO nas a\u00e7\u00f5es educacionais oferecidas pela Diretoria Executiva da Escola de Governo, unidade administrativa da Secretaria de Estado de Administra\u00e7\u00e3o \u2013 SEAD.<\/td><td style=\"color: #000000; background-color: #FFFFFF;\">36 meses<\/td><td style=\"color: #000000; background-color: #FFFFFF;\">06\/06\/2024<\/td><td style=\"color: #000000; background-color: #FFFFFF;\">05\/06\/2027<\/td><td style=\"color: #467886; background-color: #FFFFFF;text-decoration: underline;\"><a href=\"https:\/\/goias.gov.br\/administracao\/wp-content\/uploads\/sites\/27\/2024\/06\/TermodeCooperacaon042024Ceasa.pdf\" target=\"_blank\">ABRIR<\/a><\/td><\/tr><tr><td style=\"color: #000000; background-color: #FFFFFF;\">002\/2024<\/td><td style=\"color: #000000; background-color: #FFFFFF;\">SEAD<\/td><td style=\"color: #000000; background-color: #FFFFFF;\">Munic\u00edpio de Cristalina\/GO<\/td><td style=\"color: #000000; background-color: #FFFFFF;\">Implanta\u00e7\u00e3o, no Distrito de Campos Lindos, Munic\u00edpio de Cristalina\/GO, do Expresso Balc\u00e3o, canal de atendimento presencial de servi\u00e7os p\u00fablicos federais, estaduais e municipais, digitais e presenciais, com intermedia\u00e7\u00e3o de servidores p\u00fablicos municipais, sob orienta\u00e7\u00e3o e treinamento da Secretaria de Estado da Administra\u00e7\u00e3o.<\/td><td style=\"color: #000000; background-color: #FFFFFF;\">60 meses<\/td><td style=\"color: #000000; background-color: #FFFFFF;\">15\/02\/0224<\/td><td style=\"color: #000000; background-color: #FFFFFF;\">14\/02\/2029<\/td><td style=\"color: #467886; background-color: #FFFFFF;text-decoration: underline;\"><a href=\"https:\/\/goias.gov.br\/administracao\/wp-content\/uploads\/sites\/27\/2024\/02\/Convenion0022024Cristalina.pdf\" target=\"_blank\">ABRIR<\/a><\/td><\/tr><tr><td style=\"color: #000000; background-color: #FFFFFF;\">002\/2024<\/td><td style=\"color: #000000; background-color: #FFFFFF;\">SEAD<\/td><td style=\"color: #000000; background-color: #FFFFFF;\">Metrobus Transporte Coletivo S\/A - METROBUS<\/td><td style=\"color: #000000; background-color: #FFFFFF;\">participa\u00e7\u00e3o de funcion\u00e1rios\/servidores da Metrobus nas a\u00e7\u00f5es educacionais oferecidas pela Diretoria Executiva da Escola de Governo, unidade administrativa da SEAD, e em contrapartida, a Metrobus far\u00e1 a doa\u00e7\u00e3o de bens\/produtos\/materiais \u00e0 Diretoria Executiva da Escola de Governo<\/td><td style=\"color: #000000; background-color: #FFFFFF;\">36 meses<\/td><td style=\"color: #000000; background-color: #FFFFFF;\">05\/03\/0204<\/td><td style=\"color: #000000; background-color: #FFFFFF;\">04\/03\/2027<\/td><td style=\"color: #467886; background-color: #FFFFFF;text-decoration: underline;\"><a href=\"https:\/\/goias.gov.br\/administracao\/wp-content\/uploads\/sites\/27\/2024\/03\/TermoCooperacaon0022024Metrobus.pdf\" target=\"_blank\">ABRIR<\/a><\/td><\/tr><tr><td style=\"color: #000000; background-color: #FFFFFF;\">003\/2024<\/td><td style=\"color: #000000; background-color: #FFFFFF;\">SEAD<\/td><td style=\"color: #000000; background-color: #FFFFFF;\">Companhia de Desenvolvimento Econ\u00f4mico de Goi\u00e1s - CODEGO<\/td><td style=\"color: #000000; background-color: #FFFFFF;\">O presente ajuste visa a participa\u00e7\u00e3o de servidores da CODEGO nas a\u00e7\u00f5es educacionais oferecidas pela Diretoria Executiva da Escola de Governo, unidade administrativa da SEAD, e em contrapartida, a CODEGO doar\u00e1 servi\u00e7os para eventos \u00e0 Diretoria Executiva da Escola de Governo.<\/td><td style=\"color: #000000; background-color: #FFFFFF;\">24 meses<\/td><td style=\"color: #000000; background-color: #FFFFFF;\">26\/03\/2024<\/td><td style=\"color: #000000; background-color: #FFFFFF;\">25\/03\/2026<\/td><td style=\"color: #467886; background-color: #FFFFFF;text-decoration: underline;\"><a href=\"https:\/\/goias.gov.br\/administracao\/wp-content\/uploads\/sites\/27\/2024\/04\/TermodeCooperacaon0032024CODEGO.pdf\" target=\"_blank\">ABRIR<\/a><\/td><\/tr><tr><td style=\"color: #000000; background-color: #FFFFFF;\">001.2\/\/2024<\/td><td style=\"color: #000000; background-color: #FFFFFF;\">SEAD<\/td><td style=\"color: #000000; background-color: #FFFFFF;\">Ag\u00eancia de Fomento De Goi\u00e1s S\/A \u2013 GOI\u00c1SFOMENTO<\/td><td style=\"color: #000000; background-color: #FFFFFF;\">Participa\u00e7\u00e3o de funcion\u00e1rios\/servidores da Ag\u00eancia de Fomento de Goi\u00e1s S\/A - Goi\u00e1sFomento nas a\u00e7\u00f5es educacionais oferecidas pela Diretoria-Executiva da Escola de Governo, unidade administrativa da SEAD<\/td><td style=\"color: #000000; background-color: #FFFFFF;\">36 meses<\/td><td style=\"color: #000000; background-color: #FFFFFF;\">20\/02\/2024<\/td><td style=\"color: #000000; background-color: #FFFFFF;\">19\/02\/2027<\/td><td style=\"color: #467886; background-color: #FFFFFF;text-decoration: underline;\"><a href=\"https:\/\/goias.gov.br\/administracao\/wp-content\/uploads\/sites\/27\/2024\/02\/TermodeCooperacaon0012024GOIASFOMENTO.pdf\" target=\"_blank\">ABRIR<\/a><\/td><\/tr><tr><td style=\"color: #000000; background-color: #FFFFFF;\">0019\/2023<\/td><td style=\"color: #000000; background-color: #FFFFFF;\">SEAD<\/td><td style=\"color: #000000; background-color: #FFFFFF;\">Munic\u00edpio de Alvorada do Norte(GO)<\/td><td style=\"color: #000000; background-color: #FFFFFF;\">Parceria entre os part\u00edcipes visando a continuidade dos servi\u00e7os prestados pelo munic\u00edpio de Alvorada do Norte na Unidade Vapt Vupt.<\/td><td style=\"color: #000000; background-color: #FFFFFF;\">60 meses<\/td><td style=\"color: #000000; background-color: #FFFFFF;\">07\/02\/2024<\/td><td style=\"color: #000000; background-color: #FFFFFF;\">06\/02\/2029<\/td><td style=\"color: #467886; background-color: #FFFFFF;text-decoration: underline;\"><a href=\"https:\/\/goias.gov.br\/administracao\/wp-content\/uploads\/sites\/27\/files\/licitacoes-contratos\/Convenion0192023AlvoradadoNorte.pdf\" target=\"_blank\">ABRIR<\/a><\/td><\/tr><tr><td style=\"color: #000000; background-color: #FFFFFF;\">001\/2024<\/td><td style=\"color: #000000; background-color: #FFFFFF;\">SEAD<\/td><td style=\"color: #000000; background-color: #FFFFFF;\">Munic\u00edpio de Porangatu\/Go<\/td><td style=\"color: #000000; background-color: #FFFFFF;\">Parceria entre os part\u00edcipes visando a continuidade dos servi\u00e7os prestados pelo munic\u00edpio de Porangatu na Unidade Vapt Vupt.<\/td><td style=\"color: #000000; background-color: #FFFFFF;\">60 meses<\/td><td style=\"color: #000000; background-color: #FFFFFF;\">22\/01\/2024<\/td><td style=\"color: #000000; background-color: #FFFFFF;\">21\/01\/2029<\/td><td style=\"color: #467886; background-color: #FFFFFF;text-decoration: underline;\"><a href=\"https:\/\/goias.gov.br\/administracao\/wp-content\/uploads\/sites\/27\/2024\/02\/Convenion0012024MunicipioPorangatu.pdf\" target=\"_blank\">ABRIR<\/a><\/td><\/tr><tr><td style=\"color: #000000; background-color: #FFFFFF;\">001\/2024<\/td><td style=\"color: #000000; background-color: #FFFFFF;\">SEAD<\/td><td style=\"color: #000000; background-color: #FFFFFF;\">Ag\u00eancia Goiana de Habita\u00e7\u00e3o S\/A \u2013 AGEHAB<\/td><td style=\"color: #000000; background-color: #FFFFFF;\">Participa\u00e7\u00e3o de funcion\u00e1rios\/servidores da AGEHAB nas a\u00e7\u00f5es educacionais relacionadas no Art.15 do Decreto 9.738\/2021 e oferecidas pela Diretoria-Executiva da Escola de Governo, unidade administrativa da SEAD. E, em contrapartida, haver\u00e1 a doa\u00e7\u00e3o de itens relacionados no Anexo I, pela AGEHAB \u00e0 Diretoria-Executiva da Escola de Governo, unidade administrativa da SEAD.<\/td><td style=\"color: #000000; background-color: #FFFFFF;\">18 meses<\/td><td style=\"color: #000000; background-color: #FFFFFF;\">12\/01\/2024<\/td><td style=\"color: #000000; background-color: #FFFFFF;\">11\/07\/2025<\/td><td style=\"color: #467886; background-color: #FFFFFF;text-decoration: underline;\"><a href=\"https:\/\/goias.gov.br\/administracao\/wp-content\/uploads\/sites\/27\/2024\/02\/TermodeCooperacaon012024AGEHAB-2.pdf\" target=\"_blank\">ABRIR<\/a><\/td><\/tr><tr><td style=\"color: #000000; background-color: #FFFFFF;\">017\/2023<\/td><td style=\"color: #000000; background-color: #FFFFFF;\">SEAD<\/td><td style=\"color: #000000; background-color: #FFFFFF;\">Munic\u00edpio de Matrinch\u00e3 (GO)<\/td><td style=\"color: #000000; background-color: #FFFFFF;\">Parceria com vistas \u00e0 implanta\u00e7\u00e3o, no Munic\u00edpio de Matrinch\u00e3 - GO, do Expresso Balc\u00e3o, canal de atendimento presencial de servi\u00e7os p\u00fablicos federais, estaduais e municipais, dispon\u00edveis na internet, com intermedia\u00e7\u00e3o de servidores p\u00fablicos municipai<\/td><td style=\"color: #000000; background-color: #FFFFFF;\">60 meses<\/td><td style=\"color: #000000; background-color: #FFFFFF;\">07\/11\/2023<\/td><td style=\"color: #000000; background-color: #FFFFFF;\">06\/11\/2028<\/td><td style=\"color: #467886; background-color: #FFFFFF;text-decoration: underline;\"><a href=\"https:\/\/goias.gov.br\/administracao\/wp-content\/uploads\/sites\/27\/files\/Convenion0172023Matrincha.pdf\" target=\"_blank\">ABRIR<\/a><\/td><\/tr><tr><td style=\"color: #000000; background-color: #FFFFFF;\">021\/2023<\/td><td style=\"color: #000000; background-color: #FFFFFF;\">SEAD<\/td><td style=\"color: #000000; background-color: #FFFFFF;\">INSPER - Instituto de Ensino e Pesquisa<\/td><td style=\"color: #000000; background-color: #FFFFFF;\">Tem por objeto a coopera\u00e7\u00e3o t\u00e9cnica entre os part\u00edcipes, visando a oferta de programas de desenvolvimento de lideran\u00e7a para servidores do Estado de Goi\u00e1s<\/td><td style=\"color: #000000; background-color: #FFFFFF;\">18 meses<\/td><td style=\"color: #000000; background-color: #FFFFFF;\">27\/10\/2023<\/td><td style=\"color: #000000; background-color: #FFFFFF;\">26\/04\/2025<\/td><td style=\"color: #467886; background-color: #FFFFFF;text-decoration: underline;\"><a href=\"https:\/\/goias.gov.br\/administracao\/wp-content\/uploads\/sites\/27\/files\/licitacoes-contratos\/TermodeCooperacaon0212023Insper.pdf\" target=\"_blank\">ABRIR<\/a><\/td><\/tr><tr><td style=\"color: #000000; background-color: #FFFFFF;\">016\/2023<\/td><td style=\"color: #000000; background-color: #FFFFFF;\">SEAD<\/td><td style=\"color: #000000; background-color: #FFFFFF;\">Munic\u00edpio de Itabera\u00ed (GO)<\/td><td style=\"color: #000000; background-color: #FFFFFF;\">Parceria entre os part\u00edcipes visando a continuidade dos servi\u00e7os prestados pelo munic\u00edpio de Itabera\u00ed na Unidade Vapt Vupt.<\/td><td style=\"color: #000000; background-color: #FFFFFF;\">60 meses<\/td><td style=\"color: #000000; background-color: #FFFFFF;\">15\/09\/2023<\/td><td style=\"color: #000000; background-color: #FFFFFF;\">14\/09\/2028<\/td><td style=\"color: #467886; background-color: #FFFFFF;text-decoration: underline;\"><a href=\"https:\/\/goias.gov.br\/administracao\/wp-content\/uploads\/sites\/27\/files\/licitacoes-contratos\/Convenion0162023Itaberai.pdf\" target=\"_blank\">ABRIR<\/a><\/td><\/tr><tr><td style=\"color: #000000; background-color: #FFFFFF;\">009\/2023<\/td><td style=\"color: #000000; background-color: #FFFFFF;\">SEAD<\/td><td style=\"color: #000000; background-color: #FFFFFF;\">Secretaria de Estado de Desenvolvimento Social - SEDS<\/td><td style=\"color: #000000; background-color: #FFFFFF;\">O presente instrumento tem por objeto a continuidade da presta\u00e7\u00e3o dos servi\u00e7os ofertados pela Secretaria de Estado de Desenvolvimento Social - SEDS nas unidades Vapt Vupt,<\/td><td style=\"color: #000000; background-color: #FFFFFF;\">60 meses<\/td><td style=\"color: #000000; background-color: #FFFFFF;\">23\/08\/2023<\/td><td style=\"color: #000000; background-color: #FFFFFF;\">22\/08\/2028<\/td><td style=\"color: #467886; background-color: #FFFFFF;text-decoration: underline;\"><a href=\"https:\/\/goias.gov.br\/administracao\/wp-content\/uploads\/sites\/27\/files\/licitacoes-contratos\/Termodecooperacaon0092023SEDS-1.pdf\" target=\"_blank\">ABRIR<\/a><\/td><\/tr><tr><td style=\"color: #000000; background-color: #FFFFFF;\">020\/2023<\/td><td style=\"color: #000000; background-color: #FFFFFF;\">SEAD<\/td><td style=\"color: #000000; background-color: #FFFFFF;\">Organiza\u00e7\u00e3o das Volunt\u00e1rias de Goi\u00e1s \u2013 OVG<\/td><td style=\"color: #000000; background-color: #FFFFFF;\">Participa\u00e7\u00e3o de funcion\u00e1rios\/servidores da OVG nas a\u00e7\u00f5es educacionais oferecidas pela Diretoria-Executiva da Escola de Governo da Secretaria de Estado da Administra\u00e7\u00e3o.<\/td><td style=\"color: #000000; background-color: #FFFFFF;\">24 meses<\/td><td style=\"color: #000000; background-color: #FFFFFF;\">09\/08\/2023<\/td><td style=\"color: #000000; background-color: #FFFFFF;\">08\/08\/2025<\/td><td style=\"color: #467886; background-color: #FFFFFF;text-decoration: underline;\"><a href=\"https:\/\/goias.gov.br\/administracao\/wp-content\/uploads\/sites\/27\/files\/licitacoes-contratos\/TermoCooperacaoTecnican0202023OVG.pdf\" target=\"_blank\">ABRIR<\/a><\/td><\/tr><tr><td style=\"color: #000000; background-color: #FFFFFF;\">012\/2023<\/td><td style=\"color: #000000; background-color: #FFFFFF;\">SEAD<\/td><td style=\"color: #000000; background-color: #FFFFFF;\">IPOG - Instituto de P\u00f3s-gradua\u00e7\u00e3o & Gradua\u00e7\u00e3o Ltda<\/td><td style=\"color: #000000; background-color: #FFFFFF;\">O presente Termo de Coopera\u00e7\u00e3o Tem por objeto proporcionar aos alunos, regularmente matriculados e com frequ\u00eancia efetiva nos cursos de gradua\u00e7\u00e3o oferecidos pelo IPOG oportunidade de realiza\u00e7\u00e3o de est\u00e1gio extracurricular n\u00e3o-obrigat\u00f3rio e remunerado nas diversas \u00e1reas de atua\u00e7\u00e3o do Estado de Goi\u00e1s.<\/td><td style=\"color: #000000; background-color: #FFFFFF;\">60 meses<\/td><td style=\"color: #000000; background-color: #FFFFFF;\">03\/08\/2023<\/td><td style=\"color: #000000; background-color: #FFFFFF;\">02\/08\/2028<\/td><td style=\"color: #467886; background-color: #FFFFFF;text-decoration: underline;\"><a href=\"https:\/\/goias.gov.br\/administracao\/wp-content\/uploads\/sites\/27\/files\/licitacoes-contratos\/TermodeCooperacoan0122023IPOG.pdf\" target=\"_blank\">ABRIR<\/a><\/td><\/tr><tr><td style=\"color: #000000; background-color: #FFFFFF;\">019\/2023<\/td><td style=\"color: #000000; background-color: #FFFFFF;\">SEAD<\/td><td style=\"color: #000000; background-color: #FFFFFF;\">Companhia de Investimento e Parcerias do Estado de Goi\u00e1s - GOI\u00c1S PARCERIAS<\/td><td style=\"color: #000000; background-color: #FFFFFF;\">Tem por objeto a coopera\u00e7\u00e3o t\u00e9cnica entre os part\u00edcipes, visando a oferta de vagas para possibilitar a participa\u00e7\u00e3o de funcion\u00e1rios\/servidores da GOI\u00c1S PARCERIAS nas a\u00e7\u00f5es educacionais oferecidas pela Diretoria-Executiva da Escola de Governo, unidade administrativa da SEAD. E a doa\u00e7\u00e3o de equipamentos pela GOI\u00c1S PARCERIAS \u00e0 Diretoria-Executiva da Escola de Governo, unidade administrativa da SEAD.<\/td><td style=\"color: #000000; background-color: #FFFFFF;\">18 meses<\/td><td style=\"color: #000000; background-color: #FFFFFF;\">03\/08\/2023<\/td><td style=\"color: #000000; background-color: #FFFFFF;\">02\/02\/2025<\/td><td style=\"color: #467886; background-color: #FFFFFF;text-decoration: underline;\"><a href=\"https:\/\/goias.gov.br\/administracao\/wp-content\/uploads\/sites\/27\/files\/licitacoes-contratos\/TermodeCoperacaon0212023GOIASPARCERIA.pdf\" target=\"_blank\">ABRIR<\/a><\/td><\/tr><tr><td style=\"color: #000000; background-color: #FFFFFF;\">018\/2023<\/td><td style=\"color: #000000; background-color: #FFFFFF;\">SEAD<\/td><td style=\"color: #000000; background-color: #FFFFFF;\">Departamento Estadual de Tr\u00e2nsito - DETRAN\/GO<\/td><td style=\"color: #000000; background-color: #FFFFFF;\">Implantar o Padr\u00e3o de Atendimento Vapt Vupt aos servi\u00e7os prestados pelo Departamento Estadual de Tr\u00e2nsito \u2013 DETRAN<\/td><td style=\"color: #000000; background-color: #FFFFFF;\">60 meses<\/td><td style=\"color: #000000; background-color: #FFFFFF;\">01\/08\/2023<\/td><td style=\"color: #000000; background-color: #FFFFFF;\">31\/07\/2028<\/td><td style=\"color: #467886; background-color: #FFFFFF;text-decoration: underline;\"><a href=\"https:\/\/goias.gov.br\/administracao\/wp-content\/uploads\/sites\/27\/files\/licitacoes-contratos\/TermodeCooperacaon0182023Detran.pdf\" target=\"_blank\">ABRIR<\/a><\/td><\/tr><tr><td style=\"color: #000000; background-color: #FFFFFF;\">015\/2023<\/td><td style=\"color: #000000; background-color: #FFFFFF;\">SEAD<\/td><td style=\"color: #000000; background-color: #FFFFFF;\">Munic\u00edpio de Buriti Alegre (Go)<\/td><td style=\"color: #000000; background-color: #FFFFFF;\">Parceria entre os part\u00edcipes visando a continuidade dos servi\u00e7os prestados pelo munic\u00edpio de Buriti Alegre na Unidade Vapt Vupt..<\/td><td style=\"color: #000000; background-color: #FFFFFF;\">60 meses<\/td><td style=\"color: #000000; background-color: #FFFFFF;\">27\/07\/2023<\/td><td style=\"color: #000000; background-color: #FFFFFF;\">26\/07\/2028<\/td><td style=\"color: #467886; background-color: #FFFFFF;text-decoration: underline;\"><a href=\"https:\/\/goias.gov.br\/administracao\/wp-content\/uploads\/sites\/27\/files\/licitacoes-contratos\/Convenion0152023BuritiAlegre.pdf\" target=\"_blank\">ABRIR<\/a><\/td><\/tr><tr><td style=\"color: #000000; background-color: #FFFFFF;\">017\/2023<\/td><td style=\"color: #000000; background-color: #FFFFFF;\">SEAD<\/td><td style=\"color: #000000; background-color: #FFFFFF;\">Secretaria de Estado da Educa\u00e7\u00e3o - SEDUC<\/td><td style=\"color: #000000; background-color: #FFFFFF;\">Promover parceria com a SEDUC, visando \u00e0 realiza\u00e7\u00e3o de Processo Seletivo Simplificado, que selecionar\u00e1 380 (trezentos e oitenta) profissionais tempor\u00e1rios para atuarem como Professores de Educa\u00e7\u00e3o F\u00edsica para o atendimento de necessidade tempor\u00e1ria de excepcional interesse p\u00fablico da SEDUC<\/td><td style=\"color: #000000; background-color: #FFFFFF;\">12 meses<\/td><td style=\"color: #000000; background-color: #FFFFFF;\">27\/07\/2023<\/td><td style=\"color: #000000; background-color: #FFFFFF;\">26\/07\/2024<\/td><td style=\"color: #467886; background-color: #FFFFFF;text-decoration: underline;\"><a href=\"https:\/\/goias.gov.br\/administracao\/wp-content\/uploads\/sites\/27\/files\/licitacoes-contratos\/Termodecooperacaon0172023Seduc.pdf\" target=\"_blank\">ABRIR<\/a><\/td><\/tr><tr><td style=\"color: #000000; background-color: #FFFFFF;\">014\/2023<\/td><td style=\"color: #000000; background-color: #FFFFFF;\">SEAD<\/td><td style=\"color: #000000; background-color: #FFFFFF;\">Munic\u00edpio de Mara Rosa -Go<\/td><td style=\"color: #000000; background-color: #FFFFFF;\">parceria entre os part\u00edcipes visando o desenvolvimento de a\u00e7\u00f5es destinadas \u00e0 implanta\u00e7\u00e3o e instala\u00e7\u00e3o de Unidade de atendimento Vapt Vupt com sua carta de servi\u00e7os, bem como os servi\u00e7os municipais a serem prestados ao cidad\u00e3o.<\/td><td style=\"color: #000000; background-color: #FFFFFF;\">60 meses<\/td><td style=\"color: #000000; background-color: #FFFFFF;\">20\/07\/2023<\/td><td style=\"color: #000000; background-color: #FFFFFF;\">19\/07\/2028<\/td><td style=\"color: #467886; background-color: #FFFFFF;text-decoration: underline;\"><a href=\"https:\/\/goias.gov.br\/administracao\/wp-content\/uploads\/sites\/27\/files\/licitacoes-contratos\/Convenion0142023MaraRosa.pdf\" target=\"_blank\">ABRIR<\/a><\/td><\/tr><tr><td style=\"color: #000000; background-color: #FFFFFF;\">011\/2023<\/td><td style=\"color: #000000; background-color: #FFFFFF;\">SEAD<\/td><td style=\"color: #000000; background-color: #FFFFFF;\">HRN PARTICIPA\u00c7\u00d5ES LTDA<\/td><td style=\"color: #000000; background-color: #FFFFFF;\">O presente Termo de Coopera\u00e7\u00e3o tem por objeto proporcionar aos alunos, regularmente matriculados e com frequ\u00eancia efetiva nos cursos de gradua\u00e7\u00e3o oferecidos pelo HRN PARTICIPA\u00c7\u00d5ES LTDA oportunidade de realiza\u00e7\u00e3o de est\u00e1gio extracurricular n\u00e3o - obrigat\u00f3rio e remunerado nas diversas \u00e1reas de atua\u00e7\u00e3o do Estado de Goi\u00e1s.<\/td><td style=\"color: #000000; background-color: #FFFFFF;\">60 meses<\/td><td style=\"color: #000000; background-color: #FFFFFF;\">19\/07\/2023<\/td><td style=\"color: #000000; background-color: #FFFFFF;\">18\/07\/2028<\/td><td style=\"color: #467886; background-color: #FFFFFF;text-decoration: underline;\"><a href=\"https:\/\/goias.gov.br\/administracao\/wp-content\/uploads\/sites\/27\/files\/licitacoes-contratos\/TermodeCoperacaon0112023HRNParticipacoes.pdf\" target=\"_blank\">ABRIR<\/a><\/td><\/tr><tr><td style=\"color: #000000; background-color: #FFFFFF;\">013\/2023<\/td><td style=\"color: #000000; background-color: #FFFFFF;\">SEAD<\/td><td style=\"color: #000000; background-color: #FFFFFF;\">Munic\u00edpio de Itau\u00e7u \u2013 GO<\/td><td style=\"color: #000000; background-color: #FFFFFF;\">Parceria entre os part\u00edcipes visando a continuidade dos servi\u00e7os prestados pelo munic\u00edpio de Itau\u00e7u na Unidade Vapt Vupt.<\/td><td style=\"color: #000000; background-color: #FFFFFF;\">60 meses<\/td><td style=\"color: #000000; background-color: #FFFFFF;\">13\/07\/2023<\/td><td style=\"color: #000000; background-color: #FFFFFF;\">12\/07\/2028<\/td><td style=\"color: #467886; background-color: #FFFFFF;text-decoration: underline;\"><a href=\"https:\/\/goias.gov.br\/administracao\/wp-content\/uploads\/sites\/27\/files\/licitacoes-contratos\/Dorival\/Convenionn0132023MunicipioItaucu.pdf\" target=\"_blank\">ABRIR<\/a><\/td><\/tr><tr><td style=\"color: #000000; background-color: #FFFFFF;\">011\/2023<\/td><td style=\"color: #000000; background-color: #FFFFFF;\">SEAD<\/td><td style=\"color: #000000; background-color: #FFFFFF;\">Munic\u00edpio de Posse <\/td><td style=\"color: #000000; background-color: #FFFFFF;\">Parceria entre os part\u00edcipes visando o desenvolvimento de a\u00e7\u00f5es destinadas a continuidade dos servi\u00e7os prestados pelo munic\u00edpio de Posse - GO.<\/td><td style=\"color: #000000; background-color: #FFFFFF;\">60 meses<\/td><td style=\"color: #000000; background-color: #FFFFFF;\">11\/07\/2023<\/td><td style=\"color: #000000; background-color: #FFFFFF;\">10\/07\/2028<\/td><td style=\"color: #467886; background-color: #FFFFFF;text-decoration: underline;\"><a href=\"https:\/\/goias.gov.br\/administracao\/wp-content\/uploads\/sites\/27\/files\/licitacoes-contratos\/Convenion0112023Posse.pdf\" target=\"_blank\">ABRIR<\/a><\/td><\/tr><tr><td style=\"color: #000000; background-color: #FFFFFF;\">012\/2023<\/td><td style=\"color: #000000; background-color: #FFFFFF;\">SEAD<\/td><td style=\"color: #000000; background-color: #FFFFFF;\">Munic\u00edpio de Bom Jesus de Goi\u00e1s<\/td><td style=\"color: #000000; background-color: #FFFFFF;\">parceria entre os part\u00edcipes visando a continuidade dos servi\u00e7os prestados pelo munic\u00edpio de Bom Jesus de Goi\u00e1s na Unidade Vapt Vupt.<\/td><td style=\"color: #000000; background-color: #FFFFFF;\">60 meses<\/td><td style=\"color: #000000; background-color: #FFFFFF;\">11\/07\/2023<\/td><td style=\"color: #000000; background-color: #FFFFFF;\">10\/07\/2028<\/td><td style=\"color: #467886; background-color: #FFFFFF;text-decoration: underline;\"><a href=\"https:\/\/goias.gov.br\/administracao\/wp-content\/uploads\/sites\/27\/files\/licitacoes-contratos\/Convenion0122023BomJesus.pdf\" target=\"_blank\">ABRIR<\/a><\/td><\/tr><tr><td style=\"color: #000000; background-color: #FFFFFF;\">013\/2023<\/td><td style=\"color: #000000; background-color: #FFFFFF;\">SEAD<\/td><td style=\"color: #000000; background-color: #FFFFFF;\">Centro Educacional Alves Faria Ltda-UNIALFA<\/td><td style=\"color: #000000; background-color: #FFFFFF;\">O presente Termo de Coopera\u00e7\u00e3o tem por objeto proporcionar aos alunos, regularmente matriculados e com frequ\u00eancia efetiva nos cursos de gradua\u00e7\u00e3o oferecidos pela UNIALFA \/ ALFA EDUCA\u00c7\u00c3O oportunidade de realiza\u00e7\u00e3o de est\u00e1gio extracurricular n\u00e3o-obrigat\u00f3rio e remunerado nas diversas \u00e1reas de atua\u00e7\u00e3o do Estado de Goi\u00e1s<\/td><td style=\"color: #000000; background-color: #FFFFFF;\">60 meses<\/td><td style=\"color: #000000; background-color: #FFFFFF;\">05\/07\/2023<\/td><td style=\"color: #000000; background-color: #FFFFFF;\">04\/07\/2028<\/td><td style=\"color: #467886; background-color: #FFFFFF;text-decoration: underline;\"><a href=\"https:\/\/goias.gov.br\/administracao\/wp-content\/uploads\/sites\/27\/files\/licitacoes-contratos\/TermodeCooperacaon0132023centroEducAlvesFaria.pdf\" target=\"_blank\">ABRIR<\/a><\/td><\/tr><tr><td style=\"color: #000000; background-color: #FFFFFF;\">010\/2023<\/td><td style=\"color: #000000; background-color: #FFFFFF;\">SEAD<\/td><td style=\"color: #000000; background-color: #FFFFFF;\">SENAI \u2013 Servi\u00e7o Nacional de Aprendizagem Industrial<\/td><td style=\"color: #000000; background-color: #FFFFFF;\">O presente Termo de Coopera\u00e7\u00e3o tem por objeto proporcionar aos alunos, regularmente matriculados e com frequ\u00eancia efetiva nos cursos de gradua\u00e7\u00e3o oferecidos pela Faculdade de Tecnologia SENAI de Desenvolvimento Gerencial - FATESG oportunidade de realiza\u00e7\u00e3o de est\u00e1gio extracurricular n\u00e3o-obrigat\u00f3rio e remunerado nas diversas \u00e1reas de atua\u00e7\u00e3o do Estado de Goi\u00e1s.<\/td><td style=\"color: #000000; background-color: #FFFFFF;\">60 meses<\/td><td style=\"color: #000000; background-color: #FFFFFF;\">03\/07\/2023<\/td><td style=\"color: #000000; background-color: #FFFFFF;\">02\/07\/2028<\/td><td style=\"color: #467886; background-color: #FFFFFF;text-decoration: underline;\"><a href=\"https:\/\/goias.gov.br\/administracao\/wp-content\/uploads\/sites\/27\/files\/TermodeCooperacaon0102023SENAI.pdf\" target=\"_blank\">ABRIR<\/a><\/td><\/tr><tr><td style=\"color: #000000; background-color: #FFFFFF;\">014\/2023<\/td><td style=\"color: #000000; background-color: #FFFFFF;\">SEAD<\/td><td style=\"color: #000000; background-color: #FFFFFF;\">Instituto Federal de Educa\u00e7\u00e3o, Ci\u00eancia e Tecnologia Goiano - IF Goiano\n<\/td><td style=\"color: #000000; background-color: #FFFFFF;\">O presente Termo de Coopera\u00e7\u00e3o tem por objeto proporcionar aos alunos, regularmente matriculados e com frequ\u00eancia efetiva nos cursos de gradua\u00e7\u00e3o oferecidos pelo Instituto Federal de Educa\u00e7\u00e3o, Ci\u00eancia e Tecnologia Goiano oportunidade de realiza\u00e7\u00e3o de est\u00e1gio extracurricular n\u00e3o-obrigat\u00f3rio e remunerado nas diversas \u00e1reas de atua\u00e7\u00e3o do Estado de Goi\u00e1s.<\/td><td style=\"color: #000000; background-color: #FFFFFF;\">60 meses<\/td><td style=\"color: #000000; background-color: #FFFFFF;\">03\/07\/2023<\/td><td style=\"color: #000000; background-color: #FFFFFF;\">02\/07\/2028<\/td><td style=\"color: #467886; background-color: #FFFFFF;text-decoration: underline;\"><a href=\"https:\/\/goias.gov.br\/administracao\/wp-content\/uploads\/sites\/27\/files\/licitacoes-contratos\/Termodecooperacaon0142023IFG.pdf\" target=\"_blank\">ABRIR<\/a><\/td><\/tr><tr><td style=\"color: #000000; background-color: #FFFFFF;\">016\/2023<\/td><td style=\"color: #000000; background-color: #FFFFFF;\">SEAD<\/td><td style=\"color: #000000; background-color: #FFFFFF;\">Ag\u00eancia Goiana de Habita\u00e7\u00e3o S\/A \u2013 AGEHAB<\/td><td style=\"color: #000000; background-color: #FFFFFF;\">Parceria com a Ag\u00eancia Goiana de Habita\u00e7\u00e3o S\/A \u2013 AGEHAB, visando \u00e0 realiza\u00e7\u00e3o de Concursos P\u00fablicos e Processos Seletivos para o suprimento do quadro de pessoal daquela Entidade.<\/td><td style=\"color: #000000; background-color: #FFFFFF;\">12 meses<\/td><td style=\"color: #000000; background-color: #FFFFFF;\">29\/06\/2023<\/td><td style=\"color: #000000; background-color: #FFFFFF;\">28\/09\/2024<\/td><td style=\"color: #467886; background-color: #FFFFFF;text-decoration: underline;\"><a href=\"https:\/\/goias.gov.br\/administracao\/wp-content\/uploads\/sites\/27\/files\/licitacoes-contratos\/TermodeCoperacaon0162023AGEHAB.pdf\" target=\"_blank\">ABRIR<\/a><\/td><\/tr><tr><td style=\"color: #000000; background-color: #FFFFFF;\">010\/2023<\/td><td style=\"color: #000000; background-color: #FFFFFF;\">SEAD<\/td><td style=\"color: #000000; background-color: #FFFFFF;\">Munic\u00edpio de Itapaci<\/td><td style=\"color: #000000; background-color: #FFFFFF;\">Parceria entre os part\u00edcipes visando o desenvolvimento de a\u00e7\u00f5es destinadas a continuidade dos seguintes servi\u00e7os prestados pelo munic\u00edpio de Itapaci\/GO: Prefeitura de Itapaci - Coletoria Municipal, Instituto Nacional do Seguro Social - INSS e Junta Militar.<\/td><td style=\"color: #000000; background-color: #FFFFFF;\">60 meses<\/td><td style=\"color: #000000; background-color: #FFFFFF;\">28\/06\/2023<\/td><td style=\"color: #000000; background-color: #FFFFFF;\">27\/06\/2028<\/td><td style=\"color: #467886; background-color: #FFFFFF;text-decoration: underline;\"><a href=\"https:\/\/goias.gov.br\/administracao\/wp-content\/uploads\/sites\/27\/files\/licitacoes-contratos\/Convenion0102023Itapaci-1.pdf\" target=\"_blank\">ABRIR<\/a><\/td><\/tr><tr><td style=\"color: #000000; background-color: #FFFFFF;\">009\/2023<\/td><td style=\"color: #000000; background-color: #FFFFFF;\">SEAD<\/td><td style=\"color: #000000; background-color: #FFFFFF;\">Munic\u00edpio de Novo Gama<\/td><td style=\"color: #000000; background-color: #FFFFFF;\">Parceria entre os part\u00edcipes visando a continuidade dos servi\u00e7os prestados pelo munic\u00edpio de Novo Gama na Unidade Vapt Vupt.<\/td><td style=\"color: #000000; background-color: #FFFFFF;\">60 meses<\/td><td style=\"color: #000000; background-color: #FFFFFF;\">26\/05\/2023<\/td><td style=\"color: #000000; background-color: #FFFFFF;\">25\/05\/2028<\/td><td style=\"color: #467886; background-color: #FFFFFF;text-decoration: underline;\"><a href=\"https:\/\/goias.gov.br\/administracao\/wp-content\/uploads\/sites\/27\/files\/Convenion0092023NovoGama.pdf\" target=\"_blank\">ABRIR<\/a><\/td><\/tr><tr><td style=\"color: #000000; background-color: #FFFFFF;\">007\/2023<\/td><td style=\"color: #000000; background-color: #FFFFFF;\">SEAD<\/td><td style=\"color: #000000; background-color: #FFFFFF;\">Munic\u00edpio de Campos Belos<\/td><td style=\"color: #000000; background-color: #FFFFFF;\">implanta\u00e7\u00e3o e operacionaliza\u00e7\u00e3o dos servi\u00e7os prestados pelo munic\u00edpio de Campos Belos na unidade Vapt Vupt<\/td><td style=\"color: #000000; background-color: #FFFFFF;\">60 meses<\/td><td style=\"color: #000000; background-color: #FFFFFF;\">20\/04\/2023<\/td><td style=\"color: #000000; background-color: #FFFFFF;\">19\/04\/2028<\/td><td style=\"color: #467886; background-color: #FFFFFF;text-decoration: underline;\"><a href=\"https:\/\/goias.gov.br\/administracao\/wp-content\/uploads\/sites\/27\/files\/licitacoes-contratos\/Convenion0072023CamposBelos.pdf\" target=\"_blank\">ABRIR<\/a><\/td><\/tr><tr><td style=\"color: #000000; background-color: #FFFFFF;\">004\/2023<\/td><td style=\"color: #000000; background-color: #FFFFFF;\">SEAD<\/td><td style=\"color: #000000; background-color: #FFFFFF;\">Munic\u00edpio Palmelo<\/td><td style=\"color: #000000; background-color: #FFFFFF;\">Implanta\u00e7\u00e3o do Expresso Balc\u00e3o no munic\u00edpio de Palmelo<\/td><td style=\"color: #000000; background-color: #FFFFFF;\">60 meses<\/td><td style=\"color: #000000; background-color: #FFFFFF;\">18\/04\/2023<\/td><td style=\"color: #000000; background-color: #FFFFFF;\">17\/04\/2028<\/td><td style=\"color: #467886; background-color: #FFFFFF;text-decoration: underline;\"><a href=\"https:\/\/goias.gov.br\/administracao\/wp-content\/uploads\/sites\/27\/files\/Convenion0042023Palmelo-1.pdf\" target=\"_blank\">ABRIR<\/a><\/td><\/tr><tr><td style=\"color: #000000; background-color: #FFFFFF;\">005\/2023<\/td><td style=\"color: #000000; background-color: #FFFFFF;\">SEAD<\/td><td style=\"color: #000000; background-color: #FFFFFF;\">Munic\u00edpio Santo Ant\u00f4nio de Goi\u00e1s<\/td><td style=\"color: #000000; background-color: #FFFFFF;\">Implanta\u00e7\u00e3o do Expresso Balc\u00e3o no munic\u00edpio de Santo Antonio de Goias<\/td><td style=\"color: #000000; background-color: #FFFFFF;\">60 meses<\/td><td style=\"color: #000000; background-color: #FFFFFF;\">18\/04\/2023<\/td><td style=\"color: #000000; background-color: #FFFFFF;\">17\/04\/2028<\/td><td style=\"color: #467886; background-color: #FFFFFF;text-decoration: underline;\"><a href=\"https:\/\/goias.gov.br\/administracao\/wp-content\/uploads\/sites\/27\/files\/Boletins\/Conveio0052023MunicipioSantoAntonio.pdf\" target=\"_blank\">ABRIR<\/a><\/td><\/tr><tr><td style=\"color: #000000; background-color: #FFFFFF;\">008\/2023<\/td><td style=\"color: #000000; background-color: #FFFFFF;\">SEAD<\/td><td style=\"color: #000000; background-color: #FFFFFF;\">Munc\u00edpio de Caldas Novas<\/td><td style=\"color: #000000; background-color: #FFFFFF;\">Parceria entre a Secretaria de Estado da Administra\u00e7\u00e3o e o Munic\u00edpio de Caldas Novas.<\/td><td style=\"color: #000000; background-color: #FFFFFF;\">60 meses<\/td><td style=\"color: #000000; background-color: #FFFFFF;\">12\/04\/2023<\/td><td style=\"color: #000000; background-color: #FFFFFF;\">11\/04\/2028<\/td><td style=\"color: #467886; background-color: #FFFFFF;text-decoration: underline;\"><a href=\"https:\/\/goias.gov.br\/administracao\/wp-content\/uploads\/sites\/27\/files\/licitacoes-contratos\/Convenion0082023CaldasNovas.pdf\" target=\"_blank\">ABRIR<\/a><\/td><\/tr><tr><td style=\"color: #000000; background-color: #FFFFFF;\">006\/2023<\/td><td style=\"color: #000000; background-color: #FFFFFF;\">SEAD<\/td><td style=\"color: #000000; background-color: #FFFFFF;\">Tribunal Regional Eleitoral de\nGoi\u00e1s - TRE GO<\/td><td style=\"color: #000000; background-color: #FFFFFF;\">Continuidade da presta\u00e7\u00e3o dos servi\u00e7os ofertados pelo TRE Goi\u00e1s nas unidades Vapt Vupt<\/td><td style=\"color: #000000; background-color: #FFFFFF;\">60 meses<\/td><td style=\"color: #000000; background-color: #FFFFFF;\">29\/03\/2023<\/td><td style=\"color: #000000; background-color: #FFFFFF;\">28\/03\/2028<\/td><td style=\"color: #467886; background-color: #FFFFFF;text-decoration: underline;\"><a href=\"https:\/\/goias.gov.br\/administracao\/wp-content\/uploads\/sites\/27\/files\/licitacoes-contratos\/Convenion0062023TRE.pdf\" target=\"_blank\">ABRIR<\/a><\/td><\/tr><tr><td style=\"color: #000000; background-color: #FFFFFF;\">003\/2023<\/td><td style=\"color: #000000; background-color: #FFFFFF;\">SEAD<\/td><td style=\"color: #000000; background-color: #FFFFFF;\">Munic\u00edpio Mozarl\u00e2ndia<\/td><td style=\"color: #000000; background-color: #FFFFFF;\">O presente instrumento tem como objeto a parceria entre os part\u00edcipes visando o desenvolvimento de a\u00e7\u00f5es destinadas a implanta\u00e7\u00e3o e instala\u00e7\u00e3o de unidade de atendimento Vapt Vupt com sua carta de servi\u00e7os, bem como os servi\u00e7os municipais a serem prestados ao cidad\u00e3o.<\/td><td style=\"color: #000000; background-color: #FFFFFF;\">60 meses<\/td><td style=\"color: #000000; background-color: #FFFFFF;\">21\/03\/2023<\/td><td style=\"color: #000000; background-color: #FFFFFF;\">22\/03\/2028<\/td><td style=\"color: #467886; background-color: #FFFFFF;text-decoration: underline;\"><a href=\"https:\/\/goias.gov.br\/administracao\/wp-content\/uploads\/sites\/27\/files\/licitacoes-contratos\/Convenion0032023Mozarlandia.pdf\" target=\"_blank\">ABRIR<\/a><\/td><\/tr><tr><td style=\"color: #000000; background-color: #FFFFFF;\">001\/2023<\/td><td style=\"color: #000000; background-color: #FFFFFF;\">SEAD<\/td><td style=\"color: #000000; background-color: #FFFFFF;\">Munic\u00edpio de Goi\u00e1s<\/td><td style=\"color: #000000; background-color: #FFFFFF;\">O presente instrumento tem como objeto a parceria entre os part\u00edcipes visando o desenvolvimento de a\u00e7\u00f5es destinadas a implanta\u00e7\u00e3o e operacionaliza\u00e7\u00e3o dos seguintes servi\u00e7os prestados pela Prefeitura Municipal de Goi\u00e1s<\/td><td style=\"color: #000000; background-color: #FFFFFF;\">60 meses<\/td><td style=\"color: #000000; background-color: #FFFFFF;\">01\/03\/2023<\/td><td style=\"color: #000000; background-color: #FFFFFF;\">28\/02\/2028<\/td><td style=\"color: #467886; background-color: #FFFFFF;text-decoration: underline;\"><a href=\"https:\/\/goias.gov.br\/administracao\/wp-content\/uploads\/sites\/27\/files\/licitacoes-contratos\/Convenion0012023MunicipioGoias.pdf\" target=\"_blank\">ABRIR<\/a><\/td><\/tr><tr><td style=\"color: #000000; background-color: #FFFFFF;\">008\/2023<\/td><td style=\"color: #000000; background-color: #FFFFFF;\">SEAD<\/td><td style=\"color: #000000; background-color: #FFFFFF;\">Ag\u00eancia Goiana de Habita\u00e7\u00e3o - AGEHAB<\/td><td style=\"color: #000000; background-color: #FFFFFF;\">O presente Termo de Coopera\u00e7\u00e3o tem por objeto promover parceria com Ag\u00eancia Goiana de Habita\u00e7\u00e3o \u2013 AGEHAB, visando a realiza\u00e7\u00e3o de concursos p\u00fablicos e processos seletivos para o suprimento do quadro de pessoal da referida empresa p\u00fablica.<\/td><td style=\"color: #000000; background-color: #FFFFFF;\">12 meses<\/td><td style=\"color: #000000; background-color: #FFFFFF;\">22\/02\/2023<\/td><td style=\"color: #000000; background-color: #FFFFFF;\">21\/02\/2024<\/td><td style=\"color: #467886; background-color: #FFFFFF;text-decoration: underline;\"><a href=\"https:\/\/goias.gov.br\/administracao\/wp-content\/uploads\/sites\/27\/files\/licitacoes-contratos\/TermodeCooperacaon0082023AGEHAB.pdf\" target=\"_blank\">ABRIR<\/a><\/td><\/tr><tr><td style=\"color: #000000; background-color: #FFFFFF;\">002\/2023<\/td><td style=\"color: #000000; background-color: #FFFFFF;\">SEAD<\/td><td style=\"color: #000000; background-color: #FFFFFF;\">Munic\u00edpio de Jaragu\u00e1<\/td><td style=\"color: #000000; background-color: #FFFFFF;\">O presente instrumento tem como objeto a parceria entre a Secretaria de Estado da Administra\u00e7\u00e3o e o Munic\u00edpio de Jaragu\u00e1, visando a presta\u00e7\u00e3o dos servi\u00e7os da Prefeitura Municipal nas depend\u00eancias da Unidade Vapt Vupt<\/td><td style=\"color: #000000; background-color: #FFFFFF;\">60 meses<\/td><td style=\"color: #000000; background-color: #FFFFFF;\">16\/02\/2023<\/td><td style=\"color: #000000; background-color: #FFFFFF;\">15\/02\/2028<\/td><td style=\"color: #467886; background-color: #FFFFFF;text-decoration: underline;\"><a href=\"https:\/\/goias.gov.br\/administracao\/wp-content\/uploads\/sites\/27\/files\/licitacoes-contratos\/Convenion0022023MunicipiodeJaragua.pdf\" target=\"_blank\">ABRIR<\/a><\/td><\/tr><tr><td style=\"color: #000000; background-color: #FFFFFF;\">007\/2023<\/td><td style=\"color: #000000; background-color: #FFFFFF;\">SEAD<\/td><td style=\"color: #000000; background-color: #FFFFFF;\"> Diretoria-Geral de Administra\u00e7\u00e3o Penitenci\u00e1ria do Estado de Goi\u00e1s-DGAP<\/td><td style=\"color: #000000; background-color: #FFFFFF;\">O presente instrumento tem por objeto a continuidade da presta\u00e7\u00e3o dos servi\u00e7os ofertados pela Diretoria-Geral de Administra\u00e7\u00e3o Penitenci\u00e1ria nas unidades Vapt Vupt<\/td><td style=\"color: #000000; background-color: #FFFFFF;\">60 meses<\/td><td style=\"color: #000000; background-color: #FFFFFF;\">10\/02\/2023<\/td><td style=\"color: #000000; background-color: #FFFFFF;\">09\/02\/2028<\/td><td style=\"color: #467886; background-color: #FFFFFF;text-decoration: underline;\"><a href=\"https:\/\/goias.gov.br\/administracao\/wp-content\/uploads\/sites\/27\/files\/licitacoes-contratos\/TermodeCoperacaon0072023DAPG.pdf\" target=\"_blank\">ABRIR<\/a><\/td><\/tr><tr><td style=\"color: #000000; background-color: #FFFFFF;\">002\/2023<\/td><td style=\"color: #000000; background-color: #FFFFFF;\">SEAD<\/td><td style=\"color: #000000; background-color: #FFFFFF;\">Secretaria de Estado de Esporte e Lazer - SEEL<\/td><td style=\"color: #000000; background-color: #FFFFFF;\">O presente Termo de Coopera\u00e7\u00e3o tem por objeto promover parceria com a Secretaria de Estado de Esporte e Lazer, visando \u00e0 realiza\u00e7\u00e3o de Processo Seletivo Simplificado, que selecionar\u00e1 01 (um) profissional tempor\u00e1rio, como professor, por tempo determinado<\/td><td style=\"color: #000000; background-color: #FFFFFF;\">12 meses<\/td><td style=\"color: #000000; background-color: #FFFFFF;\">03\/02\/2023<\/td><td style=\"color: #000000; background-color: #FFFFFF;\">02\/02\/2024<\/td><td style=\"color: #467886; background-color: #FFFFFF;text-decoration: underline;\"><a href=\"https:\/\/goias.gov.br\/administracao\/wp-content\/uploads\/sites\/27\/files\/licitacoes-contratos\/TermodeCooperacaon0022023SEEL-4.pdf\" target=\"_blank\">ABRIR<\/a><\/td><\/tr><tr><td style=\"color: #000000; background-color: #FFFFFF;\">003\/2023<\/td><td style=\"color: #000000; background-color: #FFFFFF;\">SEAD<\/td><td style=\"color: #000000; background-color: #FFFFFF;\">Secretaria de Estado da Cultura - SECULT<\/td><td style=\"color: #000000; background-color: #FFFFFF;\">Promover parceria com a Secretaria de Estado da Cultura - SECULT, visando a realiza\u00e7\u00e3o de Processo Seletivo Simplificado, que selecionar\u00e1 02 (dois) profissionais tempor\u00e1rios, para as \u00e1reas de arquitetura e jornalismo por tempo determinado.<\/td><td style=\"color: #000000; background-color: #FFFFFF;\">12 meses<\/td><td style=\"color: #000000; background-color: #FFFFFF;\">03\/02\/2023<\/td><td style=\"color: #000000; background-color: #FFFFFF;\">02\/02\/2024<\/td><td style=\"color: #467886; background-color: #FFFFFF;text-decoration: underline;\"><a href=\"https:\/\/goias.gov.br\/administracao\/wp-content\/uploads\/sites\/27\/files\/licitacoes-contratos\/TermodeCooperacaon0032023SECULT-1.pdf\" target=\"_blank\">ABRIR<\/a><\/td><\/tr><tr><td style=\"color: #000000; background-color: #FFFFFF;\">005\/2023<\/td><td style=\"color: #000000; background-color: #FFFFFF;\">SEAD<\/td><td style=\"color: #000000; background-color: #FFFFFF;\">Secretaria de Estado da Seguran\u00e7a P\u00fablica \/ PROCON<\/td><td style=\"color: #000000; background-color: #FFFFFF;\">Presta\u00e7\u00e3o dos servi\u00e7os da Superintend\u00eancia de Prote\u00e7\u00e3o aos Direitos do Consumidor \u2013 PROCON, nas unidades do Vapt Vupt, com vistas ao desenvolvimento de a\u00e7\u00f5es destinadas \u00e0 implanta\u00e7\u00e3o e operacionaliza\u00e7\u00e3o de servi\u00e7os Extra PROCON<\/td><td style=\"color: #000000; background-color: #FFFFFF;\">60 meses<\/td><td style=\"color: #000000; background-color: #FFFFFF;\">03\/02\/2023<\/td><td style=\"color: #000000; background-color: #FFFFFF;\">02\/02\/2028<\/td><td style=\"color: #467886; background-color: #FFFFFF;text-decoration: underline;\"><a href=\"https:\/\/goias.gov.br\/administracao\/wp-content\/uploads\/sites\/27\/files\/licitacoes-contratos\/TermodeCooperacaon0052023PROCON-1.pdf\" target=\"_blank\">ABRIR<\/a><\/td><\/tr><tr><td style=\"color: #000000; background-color: #FFFFFF;\">006\/2023<\/td><td style=\"color: #000000; background-color: #FFFFFF;\">SEAD<\/td><td style=\"color: #000000; background-color: #FFFFFF;\">Conselho Regional de Fisioterapia e Terapia Ocupacional da 11\u00aa Regi\u00e3o (CREFITO 11<\/td><td style=\"color: #000000; background-color: #FFFFFF;\">Parceria entre a Secretaria de Estado da Administra\u00e7\u00e3o e o Conselho Regional de Fisioterapia e Terapia Ocupacional da 11\u00aa Regi\u00e3o-CREFITO, visando presta\u00e7\u00e3o de diversos servi\u00e7os nas unidades Vapt Vupt.<\/td><td style=\"color: #000000; background-color: #FFFFFF;\">60 meses<\/td><td style=\"color: #000000; background-color: #FFFFFF;\">03\/02\/2023<\/td><td style=\"color: #000000; background-color: #FFFFFF;\">02\/02\/2028<\/td><td style=\"color: #467886; background-color: #FFFFFF;text-decoration: underline;\"><a href=\"https:\/\/goias.gov.br\/administracao\/wp-content\/uploads\/sites\/27\/files\/licitacoes-contratos\/TermodeCooperacaon0062023CREFITO-2.pdf\" target=\"_blank\">ABRIR<\/a><\/td><\/tr><tr><td style=\"color: #000000; background-color: #FFFFFF;\">001\/2023<\/td><td style=\"color: #000000; background-color: #FFFFFF;\">SEAD<\/td><td style=\"color: #000000; background-color: #FFFFFF;\">MITRA Tecnologia em Sistemas LTDA<\/td><td style=\"color: #000000; background-color: #FFFFFF;\">O presente instrumento tem como objeto o estabelecimento de coopera\u00e7\u00e3o entre a empresa Mitra e esta Secretaria de Estado da Administra\u00e7\u00e3o para realizar a Prova de Conceito da ferramenta Mitra, de modo a demonstrar viabilidade t\u00e9cnica e as funcionalidades da ferramenta na Gest\u00e3o das Demandas das Unidades Expresso Loja (unidades Vapt Vupt).<\/td><td style=\"color: #000000; background-color: #FFFFFF;\">20 dias<\/td><td style=\"color: #000000; background-color: #FFFFFF;\">13\/01\/2023<\/td><td style=\"color: #000000; background-color: #FFFFFF;\">01\/02\/2023<\/td><td style=\"color: #467886; background-color: #FFFFFF;text-decoration: underline;\"><a href=\"https:\/\/goias.gov.br\/administracao\/wp-content\/uploads\/sites\/27\/files\/licitacoes-contratos\/TermodeCooperacaon0012023MitraTecnologiaemSitema-1.pdf\" target=\"_blank\">ABRIR<\/a><\/td><\/tr><tr><td style=\"color: #000000; background-color: #FFFFFF;\">004\/2023<\/td><td style=\"color: #000000; background-color: #FFFFFF;\">SEAD<\/td><td style=\"color: #000000; background-color: #FFFFFF;\">Secretaria de Estado da Economia<\/td><td style=\"color: #000000; background-color: #FFFFFF;\">Promover parceria entre a Secretaria de Estado da Administra\u00e7\u00e3o e a Secretaria de Estado da Economia, visando presta\u00e7\u00e3o de servi\u00e7os nas unidades Vapt Vupt.<\/td><td style=\"color: #000000; background-color: #FFFFFF;\">60 meses<\/td><td style=\"color: #000000; background-color: #FFFFFF;\">12\/01\/2023<\/td><td style=\"color: #000000; background-color: #FFFFFF;\">11\/01\/2028<\/td><td style=\"color: #467886; background-color: #FFFFFF;text-decoration: underline;\"><a href=\"https:\/\/goias.gov.br\/administracao\/wp-content\/uploads\/sites\/27\/files\/licitacoes-contratos\/TermodeCooperacaon0042023SecretariaEconomia-3.pdf\" target=\"_blank\">ABRIR<\/a><\/td><\/tr><tr><td style=\"color: #000000; background-color: #FFFFFF;\">020\/2022<\/td><td style=\"color: #000000; background-color: #FFFFFF;\">SEAD<\/td><td style=\"color: #000000; background-color: #FFFFFF;\">Munic\u00edpio de \u00c1guas Lindas<\/td><td style=\"color: #000000; background-color: #FFFFFF;\"> Parceria entre os part\u00edcipes visando o desenvolvimento de a\u00e7\u00f5es destinadas a implanta\u00e7\u00e3o e instala\u00e7\u00e3o de unidade de atendimento Vapt Vupt com sua carta de servi\u00e7os, bem como os servi\u00e7os municipais a serem prestados ao cidad\u00e3o.<\/td><td style=\"color: #000000; background-color: #FFFFFF;\">60 meses<\/td><td style=\"color: #000000; background-color: #FFFFFF;\">26\/12\/2022<\/td><td style=\"color: #000000; background-color: #FFFFFF;\">25\/12\/2027<\/td><td style=\"color: #467886; background-color: #FFFFFF;text-decoration: underline;\"><a href=\"https:\/\/goias.gov.br\/administracao\/wp-content\/uploads\/sites\/27\/files\/licitacoes-contratos\/Convenion202022Municipiodeaguaslindas.pdf\" target=\"_blank\">ABRIR<\/a><\/td><\/tr><tr><td style=\"color: #000000; background-color: #FFFFFF;\">012\/2022<\/td><td style=\"color: #000000; background-color: #FFFFFF;\">SEAD<\/td><td style=\"color: #000000; background-color: #FFFFFF;\">IQUEGO<\/td><td style=\"color: #000000; background-color: #FFFFFF;\">Participa\u00e7\u00e3o de funcion\u00e1rios\/servidores em capacita\u00e7\u00f5es<\/td><td style=\"color: #000000; background-color: #FFFFFF;\">24 meses<\/td><td style=\"color: #000000; background-color: #FFFFFF;\">26\/11\/2022<\/td><td style=\"color: #000000; background-color: #FFFFFF;\">25\/11\/2024<\/td><td style=\"color: #467886; background-color: #FFFFFF;text-decoration: underline;\"><a href=\"https:\/\/goias.gov.br\/administracao\/wp-content\/uploads\/sites\/27\/files\/licitacoes-contratos\/TermodeCoopera%C3%A7%C3%A3on0122022Iquego-9.pdf\" target=\"_blank\">ABRIR<\/a><\/td><\/tr><tr><td style=\"color: #000000; background-color: #FFFFFF;\">019\/2022<\/td><td style=\"color: #000000; background-color: #FFFFFF;\">SEAD<\/td><td style=\"color: #000000; background-color: #FFFFFF;\">Munic\u00edpio de Rio Verde<\/td><td style=\"color: #000000; background-color: #FFFFFF;\">Parceria entre os part\u00edcipes visando o desenvolvimento de a\u00e7\u00f5es destinadas a implanta\u00e7\u00e3o e instala\u00e7\u00e3o de unidade de atendimento Vapt Vupt.<\/td><td style=\"color: #000000; background-color: #FFFFFF;\">60 meses<\/td><td style=\"color: #000000; background-color: #FFFFFF;\">03\/11\/2022<\/td><td style=\"color: #000000; background-color: #FFFFFF;\">02\/11\/2027<\/td><td style=\"color: #467886; background-color: #FFFFFF;text-decoration: underline;\"><a href=\"https:\/\/goias.gov.br\/administracao\/wp-content\/uploads\/sites\/27\/files\/licitacoes-contratos\/Convenion0192022RioVerde.pdf\" target=\"_blank\">ABRIR<\/a><\/td><\/tr><tr><td style=\"color: #000000; background-color: #FFFFFF;\">018\/2022<\/td><td style=\"color: #000000; background-color: #FFFFFF;\">SEAD<\/td><td style=\"color: #000000; background-color: #FFFFFF;\">Munic\u00edpio de Padre Bernardo<\/td><td style=\"color: #000000; background-color: #FFFFFF;\">Parceria entre os part\u00edcipes visando o desenvolvimento de a\u00e7\u00f5es destinadas a implanta\u00e7\u00e3o e instala\u00e7\u00e3o de unidade de atendimento Vapt Vupt.<\/td><td style=\"color: #000000; background-color: #FFFFFF;\">60 meses<\/td><td style=\"color: #000000; background-color: #FFFFFF;\">06\/10\/2022<\/td><td style=\"color: #000000; background-color: #FFFFFF;\">05\/10\/2027<\/td><td style=\"color: #467886; background-color: #FFFFFF;text-decoration: underline;\"><a href=\"https:\/\/goias.gov.br\/administracao\/wp-content\/uploads\/sites\/27\/files\/licitacoes-contratos\/Convenion0182022.pdf\" target=\"_blank\">ABRIR<\/a><\/td><\/tr><tr><td style=\"color: #000000; background-color: #FFFFFF;\">01\/05\/2022<\/td><td style=\"color: #000000; background-color: #FFFFFF;\">SEAD<\/td><td style=\"color: #000000; background-color: #FFFFFF;\">Munic\u00edpio de Jata<\/td><td style=\"color: #000000; background-color: #FFFFFF;\">Desenvolvimento de a\u00e7\u00f5es destinadas a implanta\u00e7\u00e3o e instala\u00e7\u00e3o de unidade de atendimento Vapt Vupt<\/td><td style=\"color: #000000; background-color: #FFFFFF;\">60 meses<\/td><td style=\"color: #000000; background-color: #FFFFFF;\">21\/09\/2022<\/td><td style=\"color: #000000; background-color: #FFFFFF;\">20\/09\/2027<\/td><td style=\"color: #467886; background-color: #FFFFFF;text-decoration: underline;\"><a href=\"https:\/\/goias.gov.br\/administracao\/wp-content\/uploads\/sites\/27\/files\/licitacoes-contratos\/Convenion0052022.pdf\" target=\"_blank\">ABRIR<\/a><\/td><\/tr><tr><td style=\"color: #000000; background-color: #FFFFFF;\">016\/2022<\/td><td style=\"color: #000000; background-color: #FFFFFF;\">SEAD<\/td><td style=\"color: #000000; background-color: #FFFFFF;\">Munic\u00edpio de Rubiataba<\/td><td style=\"color: #000000; background-color: #FFFFFF;\">Desenvolvimento de a\u00e7\u00f5es destinadas a implanta\u00e7\u00e3o e instala\u00e7\u00e3o de unidade de atendimento Vapt Vupt<\/td><td style=\"color: #000000; background-color: #FFFFFF;\">60 meses<\/td><td style=\"color: #000000; background-color: #FFFFFF;\">15\/09\/2022<\/td><td style=\"color: #000000; background-color: #FFFFFF;\">14\/09\/2027<\/td><td style=\"color: #467886; background-color: #FFFFFF;text-decoration: underline;\"><a href=\"https:\/\/goias.gov.br\/administracao\/wp-content\/uploads\/sites\/27\/files\/licitacoes-contratos\/Convenion0162022.pdf\" target=\"_blank\">ABRIR<\/a><\/td><\/tr><tr><td style=\"color: #000000; background-color: #FFFFFF;\">012\/2022<\/td><td style=\"color: #000000; background-color: #FFFFFF;\">SEAD<\/td><td style=\"color: #000000; background-color: #FFFFFF;\">Munic\u00edpo de Ca\u00e7u<\/td><td style=\"color: #000000; background-color: #FFFFFF;\">Estabelecimento de parceria com vistas \u00e0 implanta\u00e7\u00e3o do Expresso Balc\u00e3o.<\/td><td style=\"color: #000000; background-color: #FFFFFF;\">60 meses<\/td><td style=\"color: #000000; background-color: #FFFFFF;\">26\/07\/2022<\/td><td style=\"color: #000000; background-color: #FFFFFF;\">25\/07\/2027<\/td><td style=\"color: #467886; background-color: #FFFFFF;text-decoration: underline;\"><a href=\"https:\/\/goias.gov.br\/administracao\/wp-content\/uploads\/sites\/27\/files\/licitacoes-contratos\/Convenio0122022.pdf\" target=\"_blank\">ABRIR<\/a><\/td><\/tr><tr><td style=\"color: #000000; background-color: #FFFFFF;\">013\/2022<\/td><td style=\"color: #000000; background-color: #FFFFFF;\">SEAD<\/td><td style=\"color: #000000; background-color: #FFFFFF;\">Munic\u00edpio de Adel\u00e2nida<\/td><td style=\"color: #000000; background-color: #FFFFFF;\">Estabelecimento de parceria com vistas \u00e0 implanta\u00e7\u00e3o do Expresso Balc\u00e3o.<\/td><td style=\"color: #000000; background-color: #FFFFFF;\">60 meses<\/td><td style=\"color: #000000; background-color: #FFFFFF;\">26\/07\/2022<\/td><td style=\"color: #000000; background-color: #FFFFFF;\">25\/07\/2027<\/td><td style=\"color: #467886; background-color: #FFFFFF;text-decoration: underline;\"><a href=\"https:\/\/goias.gov.br\/administracao\/wp-content\/uploads\/sites\/27\/files\/licitacoes-contratos\/Convenio0132022.pdf\" target=\"_blank\">ABRIR<\/a><\/td><\/tr><tr><td style=\"color: #000000; background-color: #FFFFFF;\">014\/2022<\/td><td style=\"color: #000000; background-color: #FFFFFF;\">SEAD<\/td><td style=\"color: #000000; background-color: #FFFFFF;\">Munic\u00edpio de Palmin\u00f3polis<\/td><td style=\"color: #000000; background-color: #FFFFFF;\">Estabelecimento de parceria com vistas \u00e0 implanta\u00e7\u00e3o do Expresso Balc\u00e3o.<\/td><td style=\"color: #000000; background-color: #FFFFFF;\">60 meses<\/td><td style=\"color: #000000; background-color: #FFFFFF;\">26\/07\/2022<\/td><td style=\"color: #000000; background-color: #FFFFFF;\">25\/07\/2027<\/td><td style=\"color: #467886; background-color: #FFFFFF;text-decoration: underline;\"><a href=\"https:\/\/goias.gov.br\/administracao\/wp-content\/uploads\/sites\/27\/files\/licitacoes-contratos\/Convenion0142022.pdf\" target=\"_blank\">ABRIR<\/a><\/td><\/tr><tr><td style=\"color: #000000; background-color: #FFFFFF;\">015\/2022<\/td><td style=\"color: #000000; background-color: #FFFFFF;\">SEAD<\/td><td style=\"color: #000000; background-color: #FFFFFF;\">Munic\u00edpio de Cezarina<\/td><td style=\"color: #000000; background-color: #FFFFFF;\">Estabelecimento de parceria com vistas \u00e0 implanta\u00e7\u00e3o do Expresso Balc\u00e3o.<\/td><td style=\"color: #000000; background-color: #FFFFFF;\">60 meses<\/td><td style=\"color: #000000; background-color: #FFFFFF;\">26\/07\/2022<\/td><td style=\"color: #000000; background-color: #FFFFFF;\">25\/07\/2027<\/td><td style=\"color: #467886; background-color: #FFFFFF;text-decoration: underline;\"><a href=\"https:\/\/goias.gov.br\/administracao\/wp-content\/uploads\/sites\/27\/files\/licitacoes-contratos\/Convenion0152022.pdf\" target=\"_blank\">ABRIR<\/a><\/td><\/tr><tr><td style=\"color: #000000; background-color: #FFFFFF;\">006\/2022<\/td><td style=\"color: #000000; background-color: #FFFFFF;\">SEAD<\/td><td style=\"color: #000000; background-color: #FFFFFF;\">Munic\u00edpio de Senador Canedo<\/td><td style=\"color: #000000; background-color: #FFFFFF;\">Estabelecimento de parceria entre os part\u00edcipes visando o desenvolvimento de a\u00e7\u00f5es destinadas a operacionaliza\u00e7\u00e3o da unidade de atendimento Vapt Vupt com sua carta de servi\u00e7os, bem como os servi\u00e7os municipais a serem prestados ao cidad\u00e3o.<\/td><td style=\"color: #000000; background-color: #FFFFFF;\">60 meses<\/td><td style=\"color: #000000; background-color: #FFFFFF;\">18\/07\/2022<\/td><td style=\"color: #000000; background-color: #FFFFFF;\">17\/07\/2027<\/td><td style=\"color: #467886; background-color: #FFFFFF;text-decoration: underline;\"><a href=\"https:\/\/goias.gov.br\/administracao\/wp-content\/uploads\/sites\/27\/files\/licitacoes-contratos\/Convenio006-2022.pdf\" target=\"_blank\">ABRIR<\/a><\/td><\/tr><tr><td style=\"color: #000000; background-color: #FFFFFF;\">009\/2022<\/td><td style=\"color: #000000; background-color: #FFFFFF;\">SEAD<\/td><td style=\"color: #000000; background-color: #FFFFFF;\">IPASGO<\/td><td style=\"color: #000000; background-color: #FFFFFF;\">Processos seletivos ou sele\u00e7\u00e3o interna<\/td><td style=\"color: #000000; background-color: #FFFFFF;\">12 meses<\/td><td style=\"color: #000000; background-color: #FFFFFF;\">22\/06\/2022<\/td><td style=\"color: #000000; background-color: #FFFFFF;\">21\/06\/2023<\/td><td style=\"color: #467886; background-color: #FFFFFF;text-decoration: underline;\"><a href=\"https:\/\/goias.gov.br\/administracao\/wp-content\/uploads\/sites\/27\/files\/licitacoes-contratos\/TermodeCooperacaon0092022.pdf\" target=\"_blank\">ABRIR<\/a><\/td><\/tr><tr><td style=\"color: #000000; background-color: #FFFFFF;\">008\/2022<\/td><td style=\"color: #000000; background-color: #FFFFFF;\">SEAD<\/td><td style=\"color: #000000; background-color: #FFFFFF;\">Munic\u00edpio de Abadi\u00e2nia<\/td><td style=\"color: #000000; background-color: #FFFFFF;\">Estabelecimento de parceria com vistas \u00e0 implanta\u00e7\u00e3o do Expresso Balc\u00e3o.<\/td><td style=\"color: #000000; background-color: #FFFFFF;\">60 meses<\/td><td style=\"color: #000000; background-color: #FFFFFF;\">07\/06\/2022<\/td><td style=\"color: #000000; background-color: #FFFFFF;\">06\/06\/2027<\/td><td style=\"color: #467886; background-color: #FFFFFF;text-decoration: underline;\"><a href=\"https:\/\/goias.gov.br\/administracao\/wp-content\/uploads\/sites\/27\/files\/licitacoes-contratos\/Convenion0082022.pdf\" target=\"_blank\">ABRIR<\/a><\/td><\/tr><tr><td style=\"color: #000000; background-color: #FFFFFF;\">009\/2022<\/td><td style=\"color: #000000; background-color: #FFFFFF;\">SEAD<\/td><td style=\"color: #000000; background-color: #FFFFFF;\">Munic\u00edpio de S\u00e3o Patr\u00edcio<\/td><td style=\"color: #000000; background-color: #FFFFFF;\">Estabelecimento de parceria com vistas \u00e0 implanta\u00e7\u00e3o do Expresso Balc\u00e3o.<\/td><td style=\"color: #000000; background-color: #FFFFFF;\">60 meses<\/td><td style=\"color: #000000; background-color: #FFFFFF;\">07\/06\/2022<\/td><td style=\"color: #000000; background-color: #FFFFFF;\">06\/06\/2027<\/td><td style=\"color: #467886; background-color: #FFFFFF;text-decoration: underline;\"><a href=\"https:\/\/goias.gov.br\/administracao\/wp-content\/uploads\/sites\/27\/files\/licitacoes-contratos\/Convenion0092022.pdf\" target=\"_blank\">ABRIR<\/a><\/td><\/tr><tr><td style=\"color: #000000; background-color: #FFFFFF;\">010\/2022<\/td><td style=\"color: #000000; background-color: #FFFFFF;\">SEAD<\/td><td style=\"color: #000000; background-color: #FFFFFF;\">Munic\u00edpio de Santa Isabel<\/td><td style=\"color: #000000; background-color: #FFFFFF;\">Estabelecimento de parceria com vistas \u00e0 implanta\u00e7\u00e3o do Expresso Balc\u00e3o<\/td><td style=\"color: #000000; background-color: #FFFFFF;\">60 meses<\/td><td style=\"color: #000000; background-color: #FFFFFF;\">07\/06\/2022<\/td><td style=\"color: #000000; background-color: #FFFFFF;\">06\/06\/2027<\/td><td style=\"color: #467886; background-color: #FFFFFF;text-decoration: underline;\"><a href=\"https:\/\/goias.gov.br\/administracao\/wp-content\/uploads\/sites\/27\/files\/licitacoes-contratos\/Convenion0102022.pdf\" target=\"_blank\">ABRIR<\/a><\/td><\/tr><tr><td style=\"color: #000000; background-color: #FFFFFF;\">011\/2022<\/td><td style=\"color: #000000; background-color: #FFFFFF;\">SEAD<\/td><td style=\"color: #000000; background-color: #FFFFFF;\">Munic\u00edpio de Formoso<\/td><td style=\"color: #000000; background-color: #FFFFFF;\">Estabelecimento de parceria com vistas \u00e0 implanta\u00e7\u00e3o do Expresso Balc\u00e3o.<\/td><td style=\"color: #000000; background-color: #FFFFFF;\">60 meses<\/td><td style=\"color: #000000; background-color: #FFFFFF;\">07\/06\/2022<\/td><td style=\"color: #000000; background-color: #FFFFFF;\">06\/06\/2027<\/td><td style=\"color: #467886; background-color: #FFFFFF;text-decoration: underline;\"><a href=\"https:\/\/goias.gov.br\/administracao\/wp-content\/uploads\/sites\/27\/files\/licitacoes-contratos\/Convenion0112022.pdf\" target=\"_blank\">ABRIR<\/a><\/td><\/tr><tr><td style=\"color: #000000; background-color: #FFFFFF;\">003\/2022<\/td><td style=\"color: #000000; background-color: #FFFFFF;\">SEAD<\/td><td style=\"color: #000000; background-color: #FFFFFF;\">CELG GT<\/td><td style=\"color: #000000; background-color: #FFFFFF;\">Participa\u00e7\u00e3o de funcion\u00e1rios da Celgpar nos eventos de capacita\u00e7\u00e3o oferecidos pela Superintend\u00eancia da Escola de Governo.<\/td><td style=\"color: #000000; background-color: #FFFFFF;\">24 meses<\/td><td style=\"color: #000000; background-color: #FFFFFF;\">31\/05\/2022<\/td><td style=\"color: #000000; background-color: #FFFFFF;\">30\/05\/2024<\/td><td style=\"color: #467886; background-color: #FFFFFF;text-decoration: underline;\"><a href=\"https:\/\/goias.gov.br\/administracao\/wp-content\/uploads\/sites\/27\/files\/licitacoes-contratos\/TermodeCooperacao003-2022.pdf\" target=\"_blank\">ABRIR<\/a><\/td><\/tr><tr><td style=\"color: #000000; background-color: #FFFFFF;\">008\/2022<\/td><td style=\"color: #000000; background-color: #FFFFFF;\">SEAD<\/td><td style=\"color: #000000; background-color: #FFFFFF;\">SEMAD<\/td><td style=\"color: #000000; background-color: #FFFFFF;\">Processo Seletivo contrata\u00e7\u00e3o tempor\u00e1ria<\/td><td style=\"color: #000000; background-color: #FFFFFF;\">12 meses<\/td><td style=\"color: #000000; background-color: #FFFFFF;\">17\/05\/2022<\/td><td style=\"color: #000000; background-color: #FFFFFF;\">16\/05\/2023<\/td><td style=\"color: #467886; background-color: #FFFFFF;text-decoration: underline;\"><a href=\"https:\/\/goias.gov.br\/administracao\/wp-content\/uploads\/sites\/27\/files\/licitacoes-contratos\/TC008-2022.pdf\" target=\"_blank\">ABRIR<\/a><\/td><\/tr><tr><td style=\"color: #000000; background-color: #FFFFFF;\">005\/2022<\/td><td style=\"color: #000000; background-color: #FFFFFF;\">SEAD<\/td><td style=\"color: #000000; background-color: #FFFFFF;\">SEEL<\/td><td style=\"color: #000000; background-color: #FFFFFF;\">Processo Seletivo Estagi\u00e1rios<\/td><td style=\"color: #000000; background-color: #FFFFFF;\">12 meses<\/td><td style=\"color: #000000; background-color: #FFFFFF;\">16\/05\/2022<\/td><td style=\"color: #000000; background-color: #FFFFFF;\">15\/05\/2023<\/td><td style=\"color: #467886; background-color: #FFFFFF;text-decoration: underline;\"><a href=\"https:\/\/goias.gov.br\/administracao\/wp-content\/uploads\/sites\/27\/files\/licitacoes-contratos\/TermoCooperacaoon052022.pdf\" target=\"_blank\">ABRIR<\/a><\/td><\/tr><tr><td style=\"color: #000000; background-color: #FFFFFF;\">007\/2022<\/td><td style=\"color: #000000; background-color: #FFFFFF;\">SEAD<\/td><td style=\"color: #000000; background-color: #FFFFFF;\">Secretaria da Sa\u00fade<\/td><td style=\"color: #000000; background-color: #FFFFFF;\">Processo Seletivo contrata\u00e7\u00e3o tempor\u00e1ria<\/td><td style=\"color: #000000; background-color: #FFFFFF;\">12 meses<\/td><td style=\"color: #000000; background-color: #FFFFFF;\">10\/05\/2022<\/td><td style=\"color: #000000; background-color: #FFFFFF;\">09\/05\/2023<\/td><td style=\"color: #467886; background-color: #FFFFFF;text-decoration: underline;\"><a href=\"https:\/\/goias.gov.br\/administracao\/wp-content\/uploads\/sites\/27\/files\/licitacoes-contratos\/TC007-2022.pdf\" target=\"_blank\">ABRIR<\/a><\/td><\/tr><tr><td style=\"color: #000000; background-color: #FFFFFF;\">001\/2022<\/td><td style=\"color: #000000; background-color: #FFFFFF;\">SEAD<\/td><td style=\"color: #000000; background-color: #FFFFFF;\">Defensoria P\u00fablica do Estado de Goi\u00e1s - DPE\/GO<\/td><td style=\"color: #000000; background-color: #FFFFFF;\">O presente instrumento tem por objeto a oferta de vagas\npara possibilitar a participa\u00e7\u00e3o de funcion\u00e1rios\/servidores da\nDEFENSORIA P\u00daBLICA DO ESTADO DE GOI\u00c1S - DPEG nos\neventos de capacita\u00e7\u00e3o oferecidos pela Superintend\u00eancia da Escola\nde Governo, unidade administrativa da SEAD<\/td><td style=\"color: #000000; background-color: #FFFFFF;\">24 meses<\/td><td style=\"color: #000000; background-color: #FFFFFF;\">04\/05\/2022<\/td><td style=\"color: #000000; background-color: #FFFFFF;\">03\/05\/0204<\/td><td style=\"color: #467886; background-color: #FFFFFF;text-decoration: underline;\"><a href=\"https:\/\/goias.gov.br\/administracao\/wp-content\/uploads\/sites\/27\/files\/licitacoes-contratos\/TC001-2022.pdf\" target=\"_blank\">ABRIR<\/a><\/td><\/tr><tr><td style=\"color: #000000; background-color: #FFFFFF;\">006\/2022<\/td><td style=\"color: #000000; background-color: #FFFFFF;\">SEAD<\/td><td style=\"color: #000000; background-color: #FFFFFF;\">Secretaria da Economia<\/td><td style=\"color: #000000; background-color: #FFFFFF;\">Processo Seletivo Estagi\u00e1rios<\/td><td style=\"color: #000000; background-color: #FFFFFF;\">12 meses<\/td><td style=\"color: #000000; background-color: #FFFFFF;\">03\/05\/2022<\/td><td style=\"color: #000000; background-color: #FFFFFF;\">02\/05\/2023<\/td><td style=\"color: #467886; background-color: #FFFFFF;text-decoration: underline;\"><a href=\"https:\/\/goias.gov.br\/administracao\/wp-content\/uploads\/sites\/27\/files\/licitacoes-contratos\/TermodeCooperacaon006-2022.pdf\" target=\"_blank\">ABRIR<\/a><\/td><\/tr><tr><td style=\"color: #000000; background-color: #FFFFFF;\">007\/2022<\/td><td style=\"color: #000000; background-color: #FFFFFF;\">SEAD<\/td><td style=\"color: #000000; background-color: #FFFFFF;\">Munic\u00edpio de Anicuns<\/td><td style=\"color: #000000; background-color: #FFFFFF;\">Desenvolvimento de a\u00e7\u00f5es destinadas a implanta\u00e7\u00e3o e instala\u00e7\u00e3o de unidade de atendimento Vapt Vupt<\/td><td style=\"color: #000000; background-color: #FFFFFF;\">60 meses<\/td><td style=\"color: #000000; background-color: #FFFFFF;\">25\/04\/2022<\/td><td style=\"color: #000000; background-color: #FFFFFF;\">26\/04\/2027<\/td><td style=\"color: #467886; background-color: #FFFFFF;text-decoration: underline;\"><a href=\"https:\/\/goias.gov.br\/administracao\/wp-content\/uploads\/sites\/27\/files\/licitacoes-contratos\/CV0072022.pdf\" target=\"_blank\">ABRIR<\/a><\/td><\/tr><tr><td style=\"color: #000000; background-color: #FFFFFF;\">004\/2022<\/td><td style=\"color: #000000; background-color: #FFFFFF;\">SEAD<\/td><td style=\"color: #000000; background-color: #FFFFFF;\">JUCEG<\/td><td style=\"color: #000000; background-color: #FFFFFF;\">Presta\u00e7\u00e3o de servi\u00e7os da JUCEG nas unidades Vapt Vupt<\/td><td style=\"color: #000000; background-color: #FFFFFF;\">60 meses<\/td><td style=\"color: #000000; background-color: #FFFFFF;\">12\/04\/2022<\/td><td style=\"color: #000000; background-color: #FFFFFF;\">11\/04\/2027<\/td><td style=\"color: #467886; background-color: #FFFFFF;text-decoration: underline;\"><a href=\"https:\/\/goias.gov.br\/administracao\/wp-content\/uploads\/sites\/27\/files\/licitacoes-contratos\/TermodeCooperacao004-2022.pdf\" target=\"_blank\">ABRIR<\/a><\/td><\/tr><tr><td style=\"color: #000000; background-color: #FFFFFF;\">01\/03\/2022<\/td><td style=\"color: #000000; background-color: #FFFFFF;\">SEAD<\/td><td style=\"color: #000000; background-color: #FFFFFF;\">Munic\u00edpio de Ceres<\/td><td style=\"color: #000000; background-color: #FFFFFF;\">Desenvolvimento de a\u00e7\u00f5es destinadas a implanta\u00e7\u00e3o e instala\u00e7\u00e3o de unidade de atendimento Vapt Vupt<\/td><td style=\"color: #000000; background-color: #FFFFFF;\">60 meses<\/td><td style=\"color: #000000; background-color: #FFFFFF;\">18\/03\/2022<\/td><td style=\"color: #000000; background-color: #FFFFFF;\">17\/03\/2027<\/td><td style=\"color: #467886; background-color: #FFFFFF;text-decoration: underline;\"><a href=\"https:\/\/goias.gov.br\/administracao\/wp-content\/uploads\/sites\/27\/files\/licitacoes-contratos\/CV003-2022.pdf\" target=\"_blank\">ABRIR<\/a><\/td><\/tr><tr><td style=\"color: #000000; background-color: #FFFFFF;\">01\/02\/2022<\/td><td style=\"color: #000000; background-color: #FFFFFF;\">SEAD<\/td><td style=\"color: #000000; background-color: #FFFFFF;\">Munic\u00edpio de Goianira<\/td><td style=\"color: #000000; background-color: #FFFFFF;\">Parceria entre os part\u00edcipes visando o desenvolvimento de a\u00e7\u00f5es destinadas a implanta\u00e7\u00e3o e instala\u00e7\u00e3o de unidade de atendimento Vapt Vupt.<\/td><td style=\"color: #000000; background-color: #FFFFFF;\">60 meses<\/td><td style=\"color: #000000; background-color: #FFFFFF;\">24\/02\/2022<\/td><td style=\"color: #000000; background-color: #FFFFFF;\">23\/02\/2027<\/td><td style=\"color: #467886; background-color: #FFFFFF;text-decoration: underline;\"><a href=\"https:\/\/goias.gov.br\/administracao\/wp-content\/uploads\/sites\/27\/files\/licitacoes-contratos\/Convenion0022022.pdf\" target=\"_blank\">ABRIR<\/a><\/td><\/tr><tr><td style=\"color: #000000; background-color: #FFFFFF;\">01\/01\/2022<\/td><td style=\"color: #000000; background-color: #FFFFFF;\">SEAD<\/td><td style=\"color: #000000; background-color: #FFFFFF;\">Munic\u00edpio de Alto Horizonte<\/td><td style=\"color: #000000; background-color: #FFFFFF;\">Parceria entre os part\u00edcipes visando o desenvolvimento de a\u00e7\u00f5es destinadas a implanta\u00e7\u00e3o e instala\u00e7\u00e3o de unidade de atendimento Vapt Vupt.<\/td><td style=\"color: #000000; background-color: #FFFFFF;\">60 meses<\/td><td style=\"color: #000000; background-color: #FFFFFF;\">21\/01\/2022<\/td><td style=\"color: #000000; background-color: #FFFFFF;\">20\/01\/2027<\/td><td style=\"color: #467886; background-color: #FFFFFF;text-decoration: underline;\"><a href=\"https:\/\/goias.gov.br\/administracao\/wp-content\/uploads\/sites\/27\/files\/licitacoes-contratos\/Convenion001-2022.pdf\" target=\"_blank\">ABRIR<\/a><\/td><\/tr><tr><td style=\"color: #000000; background-color: #FFFFFF;\">078\/2021<\/td><td style=\"color: #000000; background-color: #FFFFFF;\">SEAD<\/td><td style=\"color: #000000; background-color: #FFFFFF;\">Munic\u00edpio de Formosa<\/td><td style=\"color: #000000; background-color: #FFFFFF;\">Estabelecimento de parceria entre os part\u00edcipes visando implanta\u00e7\u00e3o de um novo modelo de presta\u00e7\u00e3o de servi\u00e7os p\u00fablicos, inicialmente, estaduais, qual seja, um Terminal de Atendimento Eletr\u00f4nico (TOTEM).<\/td><td style=\"color: #000000; background-color: #FFFFFF;\">60 meses<\/td><td style=\"color: #000000; background-color: #FFFFFF;\">29\/12\/2021<\/td><td style=\"color: #000000; background-color: #FFFFFF;\">28\/12\/2026<\/td><td style=\"color: #467886; background-color: #FFFFFF;text-decoration: underline;\"><a href=\"https:\/\/goias.gov.br\/administracao\/wp-content\/uploads\/sites\/27\/files\/licitacoes-contratos\/convenio078-2021.pdf\" target=\"_blank\">ABRIR<\/a><\/td><\/tr><tr><td style=\"color: #000000; background-color: #FFFFFF;\">079\/2021<\/td><td style=\"color: #000000; background-color: #FFFFFF;\">SEAD<\/td><td style=\"color: #000000; background-color: #FFFFFF;\">Munic\u00edpio de Indiara<\/td><td style=\"color: #000000; background-color: #FFFFFF;\">Estabelecimento de parceria com vistas \u00e0 implanta\u00e7\u00e3o do Expresso Balc\u00e3o.<\/td><td style=\"color: #000000; background-color: #FFFFFF;\">60 meses<\/td><td style=\"color: #000000; background-color: #FFFFFF;\">29\/12\/2021<\/td><td style=\"color: #000000; background-color: #FFFFFF;\">28\/12\/2026<\/td><td style=\"color: #467886; background-color: #FFFFFF;text-decoration: underline;\"><a href=\"https:\/\/goias.gov.br\/administracao\/wp-content\/uploads\/sites\/27\/files\/licitacoes-contratos\/Convenion079-2021.pdf\" target=\"_blank\">ABRIR<\/a><\/td><\/tr><tr><td style=\"color: #000000; background-color: #FFFFFF;\">080\/2021<\/td><td style=\"color: #000000; background-color: #FFFFFF;\">SEAD<\/td><td style=\"color: #000000; background-color: #FFFFFF;\">Munic\u00edpio de Jussara<\/td><td style=\"color: #000000; background-color: #FFFFFF;\">Parceria entre os part\u00edcipes visando o desenvolvimento de a\u00e7\u00f5es destinadas a implanta\u00e7\u00e3o e instala\u00e7\u00e3o de unidade de atendimento Vapt Vupt<\/td><td style=\"color: #000000; background-color: #FFFFFF;\">60 meses<\/td><td style=\"color: #000000; background-color: #FFFFFF;\">29\/12\/2021<\/td><td style=\"color: #000000; background-color: #FFFFFF;\">28\/12\/2026<\/td><td style=\"color: #467886; background-color: #FFFFFF;text-decoration: underline;\"><a href=\"https:\/\/goias.gov.br\/administracao\/wp-content\/uploads\/sites\/27\/files\/licitacoes-contratos\/Convenion0802021.pdf\" target=\"_blank\">ABRIR<\/a><\/td><\/tr><tr><td style=\"color: #000000; background-color: #FFFFFF;\">027\/2021<\/td><td style=\"color: #000000; background-color: #FFFFFF;\">SEAD<\/td><td style=\"color: #000000; background-color: #FFFFFF;\">Munic\u00edpio de Rio Verde<\/td><td style=\"color: #000000; background-color: #FFFFFF;\">Implanta\u00e7\u00e3o de um novo modelo de presta\u00e7\u00e3o de servi\u00e7os p\u00fablicos, atrav\u00e9s de Terminal de Atendimento Eletr\u00f4nico (TOTEM).<\/td><td style=\"color: #000000; background-color: #FFFFFF;\">60 meses<\/td><td style=\"color: #000000; background-color: #FFFFFF;\">15\/12\/2021<\/td><td style=\"color: #000000; background-color: #FFFFFF;\">14\/12\/2026<\/td><td style=\"color: #467886; background-color: #FFFFFF;text-decoration: underline;\"><a href=\"https:\/\/goias.gov.br\/administracao\/wp-content\/uploads\/sites\/27\/files\/licitacoes-contratos\/CV027-2021.pdf\" target=\"_blank\">ABRIR<\/a><\/td><\/tr><tr><td style=\"color: #000000; background-color: #FFFFFF;\">063\/2021<\/td><td style=\"color: #000000; background-color: #FFFFFF;\">SEAD<\/td><td style=\"color: #000000; background-color: #FFFFFF;\">Munic\u00edpio de Divin\u00f3polis<\/td><td style=\"color: #000000; background-color: #FFFFFF;\">Implanta\u00e7\u00e3o no munic\u00edpio do Expresso Balc\u00e3o<\/td><td style=\"color: #000000; background-color: #FFFFFF;\">60 meses<\/td><td style=\"color: #000000; background-color: #FFFFFF;\">15\/12\/2021<\/td><td style=\"color: #000000; background-color: #FFFFFF;\">14\/12\/2026<\/td><td style=\"color: #467886; background-color: #FFFFFF;text-decoration: underline;\"><a href=\"https:\/\/goias.gov.br\/administracao\/wp-content\/uploads\/sites\/27\/files\/licitacoes-contratos\/Convenion0632021.pdf\" target=\"_blank\">ABRIR<\/a><\/td><\/tr><tr><td style=\"color: #000000; background-color: #FFFFFF;\">072\/2021<\/td><td style=\"color: #000000; background-color: #FFFFFF;\">SEAD<\/td><td style=\"color: #000000; background-color: #FFFFFF;\">Munic\u00edpio de Jata\u00ed<\/td><td style=\"color: #000000; background-color: #FFFFFF;\">Implanta\u00e7\u00e3o de um novo modelo de presta\u00e7\u00e3o de servi\u00e7os p\u00fablicos, inicialmente, estaduais, no munic\u00edpio de Jata\u00ed - Goi\u00e1s, qual seja, um Terminal de Atendimento Eletr\u00f4nico (TOTEM) a ser instalado na sede da prefeitura ou outro lugar indicado e aprovado pelas partes.<\/td><td style=\"color: #000000; background-color: #FFFFFF;\">60 meses<\/td><td style=\"color: #000000; background-color: #FFFFFF;\">15\/12\/2021<\/td><td style=\"color: #000000; background-color: #FFFFFF;\">14\/12\/2026<\/td><td style=\"color: #467886; background-color: #FFFFFF;text-decoration: underline;\"><a href=\"https:\/\/goias.gov.br\/administracao\/wp-content\/uploads\/sites\/27\/files\/licitacoes-contratos\/Convenio072-2021.pdf\" target=\"_blank\">ABRIR<\/a><\/td><\/tr><tr><td style=\"color: #000000; background-color: #FFFFFF;\">074\/2021<\/td><td style=\"color: #000000; background-color: #FFFFFF;\">SEAD<\/td><td style=\"color: #000000; background-color: #FFFFFF;\">Munic\u00edpio de S\u00e3o Domingos<\/td><td style=\"color: #000000; background-color: #FFFFFF;\">Implanta\u00e7\u00e3o no munic\u00edpio do Expresso Balc\u00e3o.<\/td><td style=\"color: #000000; background-color: #FFFFFF;\">60 meses<\/td><td style=\"color: #000000; background-color: #FFFFFF;\">15\/12\/2021<\/td><td style=\"color: #000000; background-color: #FFFFFF;\">14\/12\/2026<\/td><td style=\"color: #467886; background-color: #FFFFFF;text-decoration: underline;\"><a href=\"https:\/\/goias.gov.br\/administracao\/wp-content\/uploads\/sites\/27\/files\/licitacoes-contratos\/Convenion742021.pdf\" target=\"_blank\">ABRIR<\/a><\/td><\/tr><tr><td style=\"color: #000000; background-color: #FFFFFF;\">075\/2021<\/td><td style=\"color: #000000; background-color: #FFFFFF;\">SEAD<\/td><td style=\"color: #000000; background-color: #FFFFFF;\">Munic\u00edpio de Silv\u00e2nia<\/td><td style=\"color: #000000; background-color: #FFFFFF;\">Implanta\u00e7\u00e3o no munic\u00edpio do Expresso Balc\u00e3o.<\/td><td style=\"color: #000000; background-color: #FFFFFF;\">60 meses<\/td><td style=\"color: #000000; background-color: #FFFFFF;\">15\/12\/2021<\/td><td style=\"color: #000000; background-color: #FFFFFF;\">14\/12\/2026<\/td><td style=\"color: #467886; background-color: #FFFFFF;text-decoration: underline;\"><a href=\"https:\/\/goias.gov.br\/administracao\/wp-content\/uploads\/sites\/27\/files\/licitacoes-contratos\/Convenion0752021.pdf\" target=\"_blank\">ABRIR<\/a><\/td><\/tr><tr><td style=\"color: #000000; background-color: #FFFFFF;\">077\/2021<\/td><td style=\"color: #000000; background-color: #FFFFFF;\">SEAD<\/td><td style=\"color: #000000; background-color: #FFFFFF;\">Munic\u00edpio de Caldas Novas<\/td><td style=\"color: #000000; background-color: #FFFFFF;\">Implanta\u00e7\u00e3o de um novo modelo de presta\u00e7\u00e3o de servi\u00e7os p\u00fablicos, inicialmente, estaduais, no munic\u00edpio de Caldas Novas - Goi\u00e1s, qual seja, um Terminal de Atendimento Eletr\u00f4nico (TOTEM) a ser instalado na sede da prefeitura ou outro lugar indicado e aprovado pelas partes.<\/td><td style=\"color: #000000; background-color: #FFFFFF;\">60 meses<\/td><td style=\"color: #000000; background-color: #FFFFFF;\">15\/12\/2021<\/td><td style=\"color: #000000; background-color: #FFFFFF;\">14\/12\/2026<\/td><td style=\"color: #467886; background-color: #FFFFFF;text-decoration: underline;\"><a href=\"https:\/\/goias.gov.br\/administracao\/wp-content\/uploads\/sites\/27\/files\/licitacoes-contratos\/Convenio077-2021.pdf\" target=\"_blank\">ABRIR<\/a><\/td><\/tr><tr><td style=\"color: #000000; background-color: #FFFFFF;\">022\/2021<\/td><td style=\"color: #000000; background-color: #FFFFFF;\">SEAD<\/td><td style=\"color: #000000; background-color: #FFFFFF;\">Secretaria Geral da Governadoria - SGG<\/td><td style=\"color: #000000; background-color: #FFFFFF;\">Parceria com a Secretaria Geral da Governadoria, visando \u00e0 realiza\u00e7\u00e3o de Processo Seletivo Simplificado, que selecionar\u00e1 8 (oito) profissionais tempor\u00e1rios<\/td><td style=\"color: #000000; background-color: #FFFFFF;\">12 meses<\/td><td style=\"color: #000000; background-color: #FFFFFF;\">13\/12\/2021<\/td><td style=\"color: #000000; background-color: #FFFFFF;\">12\/12\/2022<\/td><td style=\"color: #467886; background-color: #FFFFFF;text-decoration: underline;\"><a href=\"https:\/\/goias.gov.br\/administracao\/wp-content\/uploads\/sites\/27\/files\/licitacoes-contratos\/TermodeCooperacaon0222021SGG-8.pdf\" target=\"_blank\">ABRIR<\/a><\/td><\/tr><tr><td style=\"color: #000000; background-color: #FFFFFF;\">044\/2021<\/td><td style=\"color: #000000; background-color: #FFFFFF;\">SEAD<\/td><td style=\"color: #000000; background-color: #FFFFFF;\">Munic\u00edpio de Flores de Goi\u00e1s<\/td><td style=\"color: #000000; background-color: #FFFFFF;\">Estabelecimento de parceria com vistas\u00e0 implanta\u00e7\u00e3o, no munic\u00edpio de Flores de Goi\u00e1s - GO, do Expresso Balc\u00e3o.<\/td><td style=\"color: #000000; background-color: #FFFFFF;\">60 meses<\/td><td style=\"color: #000000; background-color: #FFFFFF;\">19\/11\/2021<\/td><td style=\"color: #000000; background-color: #FFFFFF;\">18\/11\/2026<\/td><td style=\"color: #467886; background-color: #FFFFFF;text-decoration: underline;\"><a href=\"https:\/\/goias.gov.br\/administracao\/wp-content\/uploads\/sites\/27\/files\/licitacoes-contratos\/TermodeConvenion0442021.pdf\" target=\"_blank\">ABRIR<\/a><\/td><\/tr><tr><td style=\"color: #000000; background-color: #FFFFFF;\">050\/2021<\/td><td style=\"color: #000000; background-color: #FFFFFF;\">SEAD<\/td><td style=\"color: #000000; background-color: #FFFFFF;\">Munic\u00edpio de Buritin\u00f3polis<\/td><td style=\"color: #000000; background-color: #FFFFFF;\">Implanta\u00e7\u00e3o do Expresso Balc\u00e3o no munic\u00edpio. Um canal de atendimento presencial de servi\u00e7os p\u00fablicos federais, estaduais e municipais, dispon\u00edveis na internet, com intermedia\u00e7\u00e3o de servidores p\u00fablicos municipais<\/td><td style=\"color: #000000; background-color: #FFFFFF;\">60 meses<\/td><td style=\"color: #000000; background-color: #FFFFFF;\">19\/11\/2021<\/td><td style=\"color: #000000; background-color: #FFFFFF;\">18\/11\/2026<\/td><td style=\"color: #467886; background-color: #FFFFFF;text-decoration: underline;\"><a href=\"https:\/\/goias.gov.br\/administracao\/wp-content\/uploads\/sites\/27\/files\/licitacoes-contratos\/CV050.pdf\" target=\"_blank\">ABRIR<\/a><\/td><\/tr><tr><td style=\"color: #000000; background-color: #FFFFFF;\">051\/2021<\/td><td style=\"color: #000000; background-color: #FFFFFF;\">SEAD<\/td><td style=\"color: #000000; background-color: #FFFFFF;\">Munic\u00edpio de Jovi\u00e2nia<\/td><td style=\"color: #000000; background-color: #FFFFFF;\">Implanta\u00e7\u00e3o do Expresso Balc\u00e3o no munic\u00edpio. Um canal de atendimento presencial de servi\u00e7os p\u00fablicos federais, estaduais e municipais, dispon\u00edveis na internet, com intermedia\u00e7\u00e3o de servidores p\u00fablicos municipais<\/td><td style=\"color: #000000; background-color: #FFFFFF;\">60 meses<\/td><td style=\"color: #000000; background-color: #FFFFFF;\">19\/11\/2021<\/td><td style=\"color: #000000; background-color: #FFFFFF;\">18\/11\/2026<\/td><td style=\"color: #467886; background-color: #FFFFFF;text-decoration: underline;\"><a href=\"https:\/\/goias.gov.br\/administracao\/wp-content\/uploads\/sites\/27\/files\/licitacoes-contratos\/CV051.pdf\" target=\"_blank\">ABRIR<\/a><\/td><\/tr><tr><td style=\"color: #000000; background-color: #FFFFFF;\">052\/2021<\/td><td style=\"color: #000000; background-color: #FFFFFF;\">SEAD<\/td><td style=\"color: #000000; background-color: #FFFFFF;\">Munic\u00edpio de Porteir\u00e3o<\/td><td style=\"color: #000000; background-color: #FFFFFF;\">Implanta\u00e7\u00e3o do Expresso Balc\u00e3o no munic\u00edpio. Um canal de atendimento presencial de servi\u00e7os p\u00fablicos federais, estaduais e municipais, dispon\u00edveis na internet, com intermedia\u00e7\u00e3o de servidores p\u00fablicos municipais.<\/td><td style=\"color: #000000; background-color: #FFFFFF;\">60 meses<\/td><td style=\"color: #000000; background-color: #FFFFFF;\">19\/11\/2021<\/td><td style=\"color: #000000; background-color: #FFFFFF;\">18\/11\/2026<\/td><td style=\"color: #467886; background-color: #FFFFFF;text-decoration: underline;\"><a href=\"https:\/\/goias.gov.br\/administracao\/wp-content\/uploads\/sites\/27\/files\/licitacoes-contratos\/CV052.pdf\" target=\"_blank\">ABRIR<\/a><\/td><\/tr><tr><td style=\"color: #000000; background-color: #FFFFFF;\">053\/2021<\/td><td style=\"color: #000000; background-color: #FFFFFF;\">SEAD<\/td><td style=\"color: #000000; background-color: #FFFFFF;\">Munic\u00edpio de Varj\u00e3o<\/td><td style=\"color: #000000; background-color: #FFFFFF;\">stabelecimento de parceria com vistas \u00e0 implanta\u00e7\u00e3o, no munic\u00edpio de Varj\u00e3o - GO, do Expresso Balc\u00e3o.<\/td><td style=\"color: #000000; background-color: #FFFFFF;\">60 meses<\/td><td style=\"color: #000000; background-color: #FFFFFF;\">19\/11\/2021<\/td><td style=\"color: #000000; background-color: #FFFFFF;\">18\/11\/2026<\/td><td style=\"color: #467886; background-color: #FFFFFF;text-decoration: underline;\"><a href=\"https:\/\/goias.gov.br\/administracao\/wp-content\/uploads\/sites\/27\/files\/licitacoes-contratos\/TermodeConvenion0532021.pdf\" target=\"_blank\">ABRIR<\/a><\/td><\/tr><tr><td style=\"color: #000000; background-color: #FFFFFF;\">054\/2021<\/td><td style=\"color: #000000; background-color: #FFFFFF;\">SEAD<\/td><td style=\"color: #000000; background-color: #FFFFFF;\">Munic\u00edpio de Monte Alegre de Goi\u00e1s<\/td><td style=\"color: #000000; background-color: #FFFFFF;\">Implanta\u00e7\u00e3o do Expresso Balc\u00e3o no munic\u00edpio. Um canal de atendimento presencial de servi\u00e7os p\u00fablicos federais, estaduais e municipais, dispon\u00edveis na internet, com intermedia\u00e7\u00e3o de servidores p\u00fablicos municipais.<\/td><td style=\"color: #000000; background-color: #FFFFFF;\">60 meses<\/td><td style=\"color: #000000; background-color: #FFFFFF;\">19\/11\/2021<\/td><td style=\"color: #000000; background-color: #FFFFFF;\">18\/11\/2026<\/td><td style=\"color: #467886; background-color: #FFFFFF;text-decoration: underline;\"><a href=\"https:\/\/goias.gov.br\/administracao\/wp-content\/uploads\/sites\/27\/files\/licitacoes-contratos\/TermodeConvenion0542021.pdf\" target=\"_blank\">ABRIR<\/a><\/td><\/tr><tr><td style=\"color: #000000; background-color: #FFFFFF;\">055\/2021<\/td><td style=\"color: #000000; background-color: #FFFFFF;\">SEAD<\/td><td style=\"color: #000000; background-color: #FFFFFF;\">Munic\u00edpio de Rio Quente<\/td><td style=\"color: #000000; background-color: #FFFFFF;\">Implanta\u00e7\u00e3o do Expresso Balc\u00e3o no munic\u00edpio. Um canal de atendimento presencial de servi\u00e7os p\u00fablicos federais, estaduais e municipais, dispon\u00edveis na internet, com intermedia\u00e7\u00e3o de servidores p\u00fablicos municipais.<\/td><td style=\"color: #000000; background-color: #FFFFFF;\">60 meses<\/td><td style=\"color: #000000; background-color: #FFFFFF;\">19\/11\/2021<\/td><td style=\"color: #000000; background-color: #FFFFFF;\">18\/11\/2026<\/td><td style=\"color: #467886; background-color: #FFFFFF;text-decoration: underline;\"><a href=\"https:\/\/goias.gov.br\/administracao\/wp-content\/uploads\/sites\/27\/files\/licitacoes-contratos\/CV055.pdf\" target=\"_blank\">ABRIR<\/a><\/td><\/tr><tr><td style=\"color: #000000; background-color: #FFFFFF;\">056\/2021<\/td><td style=\"color: #000000; background-color: #FFFFFF;\">SEAD<\/td><td style=\"color: #000000; background-color: #FFFFFF;\">Munic\u00edpio de S\u00e3o Luiz do Norte<\/td><td style=\"color: #000000; background-color: #FFFFFF;\">Implanta\u00e7\u00e3o do Expresso Balc\u00e3o no munic\u00edpio. Um canal de atendimento presencial de servi\u00e7os p\u00fablicos federais, estaduais e municipais, dispon\u00edveis na internet, com intermedia\u00e7\u00e3o de servidores p\u00fablicos municipais.<\/td><td style=\"color: #000000; background-color: #FFFFFF;\">60 meses<\/td><td style=\"color: #000000; background-color: #FFFFFF;\">19\/11\/2021<\/td><td style=\"color: #000000; background-color: #FFFFFF;\">18\/11\/2026<\/td><td style=\"color: #467886; background-color: #FFFFFF;text-decoration: underline;\"><a href=\"https:\/\/goias.gov.br\/administracao\/wp-content\/uploads\/sites\/27\/files\/licitacoes-contratos\/CV056.pdf\" target=\"_blank\">ABRIR<\/a><\/td><\/tr><tr><td style=\"color: #000000; background-color: #FFFFFF;\">057\/2021<\/td><td style=\"color: #000000; background-color: #FFFFFF;\">SEAD<\/td><td style=\"color: #000000; background-color: #FFFFFF;\">Munic\u00edpio de Nova Crix\u00e1s<\/td><td style=\"color: #000000; background-color: #FFFFFF;\">Implanta\u00e7\u00e3o de um novo modelo de presta\u00e7\u00e3o de servi\u00e7os p\u00fablicos, inicialmente, estaduais, no Munic\u00edpio de Nova Crix\u00e1s (GO), qual seja, um Terminal de Atendimento Eletr\u00f4nico (TOTEM) a ser instalado na sede da prefeitura ou outro lugar indicado e aprovado pelas partes.<\/td><td style=\"color: #000000; background-color: #FFFFFF;\">60 meses<\/td><td style=\"color: #000000; background-color: #FFFFFF;\">19\/11\/2021<\/td><td style=\"color: #000000; background-color: #FFFFFF;\">18\/11\/2026<\/td><td style=\"color: #467886; background-color: #FFFFFF;text-decoration: underline;\"><a href=\"https:\/\/goias.gov.br\/administracao\/wp-content\/uploads\/sites\/27\/files\/licitacoes-contratos\/TermodeConvenio057-2021.pdf\" target=\"_blank\">ABRIR<\/a><\/td><\/tr><tr><td style=\"color: #000000; background-color: #FFFFFF;\">058\/2021<\/td><td style=\"color: #000000; background-color: #FFFFFF;\">SEAD<\/td><td style=\"color: #000000; background-color: #FFFFFF;\">Munic\u00edpio de Vian\u00f3polis <\/td><td style=\"color: #000000; background-color: #FFFFFF;\">Implanta\u00e7\u00e3o do Expresso Balc\u00e3o no munic\u00edpio. Um canal de atendimento presencial de servi\u00e7os p\u00fablicos federais, estaduais e municipais, dispon\u00edveis na internet, com intermedia\u00e7\u00e3o de servidores p\u00fablicos municipais.<\/td><td style=\"color: #000000; background-color: #FFFFFF;\">60 meses<\/td><td style=\"color: #000000; background-color: #FFFFFF;\">19\/11\/2021<\/td><td style=\"color: #000000; background-color: #FFFFFF;\">18\/11\/2026<\/td><td style=\"color: #467886; background-color: #FFFFFF;text-decoration: underline;\"><a href=\"https:\/\/goias.gov.br\/administracao\/wp-content\/uploads\/sites\/27\/files\/licitacoes-contratos\/TermodeConvenion058-2021.pdf\" target=\"_blank\">ABRIR<\/a><\/td><\/tr><tr><td style=\"color: #000000; background-color: #FFFFFF;\">059\/2021<\/td><td style=\"color: #000000; background-color: #FFFFFF;\">SEAD<\/td><td style=\"color: #000000; background-color: #FFFFFF;\">Munic\u00edpio de Nova Am\u00e9rica<\/td><td style=\"color: #000000; background-color: #FFFFFF;\">Implanta\u00e7\u00e3o do Expresso Balc\u00e3o no munic\u00edpio. Um canal de atendimento presencial de servi\u00e7os p\u00fablicos federais, estaduais e municipais, dispon\u00edveis na internet, com intermedia\u00e7\u00e3o de servidores p\u00fablicos municipais.<\/td><td style=\"color: #000000; background-color: #FFFFFF;\">60 meses<\/td><td style=\"color: #000000; background-color: #FFFFFF;\">19\/11\/2021<\/td><td style=\"color: #000000; background-color: #FFFFFF;\">18\/11\/2026<\/td><td style=\"color: #467886; background-color: #FFFFFF;text-decoration: underline;\"><a href=\"https:\/\/goias.gov.br\/administracao\/wp-content\/uploads\/sites\/27\/files\/licitacoes-contratos\/TermodeConvenion059-2022.pdf\" target=\"_blank\">ABRIR<\/a><\/td><\/tr><tr><td style=\"color: #000000; background-color: #FFFFFF;\">060\/2021<\/td><td style=\"color: #000000; background-color: #FFFFFF;\">SEAD<\/td><td style=\"color: #000000; background-color: #FFFFFF;\">Munic\u00edpio de Goian\u00e1polis<\/td><td style=\"color: #000000; background-color: #FFFFFF;\">Implanta\u00e7\u00e3o do Expresso Balc\u00e3o no munic\u00edpio. Um canal de atendimento presencial de servi\u00e7os p\u00fablicos federais, estaduais e municipais, dispon\u00edveis na internet, com intermedia\u00e7\u00e3o de servidores p\u00fablicos municipais.<\/td><td style=\"color: #000000; background-color: #FFFFFF;\">60 meses<\/td><td style=\"color: #000000; background-color: #FFFFFF;\">19\/11\/2021<\/td><td style=\"color: #000000; background-color: #FFFFFF;\">18\/11\/2026<\/td><td style=\"color: #467886; background-color: #FFFFFF;text-decoration: underline;\"><a href=\"https:\/\/goias.gov.br\/administracao\/wp-content\/uploads\/sites\/27\/files\/licitacoes-contratos\/TermodeConvenion060-2021.pdf\" target=\"_blank\">ABRIR<\/a><\/td><\/tr><tr><td style=\"color: #000000; background-color: #FFFFFF;\">061\/2021<\/td><td style=\"color: #000000; background-color: #FFFFFF;\">SEAD<\/td><td style=\"color: #000000; background-color: #FFFFFF;\">Munic\u00edpio de Montividiu<\/td><td style=\"color: #000000; background-color: #FFFFFF;\">Implanta\u00e7\u00e3o do Expresso Balc\u00e3o no munic\u00edpio. Um canal de atendimento presencial de servi\u00e7os p\u00fablicos federais, estaduais e municipais, dispon\u00edveis na internet, com intermedia\u00e7\u00e3o de servidores p\u00fablicos municipais.<\/td><td style=\"color: #000000; background-color: #FFFFFF;\">60 meses<\/td><td style=\"color: #000000; background-color: #FFFFFF;\">19\/11\/2021<\/td><td style=\"color: #000000; background-color: #FFFFFF;\">18\/11\/2026<\/td><td style=\"color: #467886; background-color: #FFFFFF;text-decoration: underline;\"><a href=\"https:\/\/goias.gov.br\/administracao\/wp-content\/uploads\/sites\/27\/files\/licitacoes-contratos\/CV061.pdf\" target=\"_blank\">ABRIR<\/a><\/td><\/tr><tr><td style=\"color: #000000; background-color: #FFFFFF;\">062\/2021<\/td><td style=\"color: #000000; background-color: #FFFFFF;\">SEAD<\/td><td style=\"color: #000000; background-color: #FFFFFF;\">Munic\u00edpio de Bon\u00f3polis<\/td><td style=\"color: #000000; background-color: #FFFFFF;\">mplanta\u00e7\u00e3o do Expresso Balc\u00e3o no munic\u00edpio. Um canal de atendimento presencial de servi\u00e7os p\u00fablicos federais, estaduais e municipais, dispon\u00edveis na internet, com intermedia\u00e7\u00e3o de servidores p\u00fablicos municipais.<\/td><td style=\"color: #000000; background-color: #FFFFFF;\">60 meses<\/td><td style=\"color: #000000; background-color: #FFFFFF;\">19\/11\/2021<\/td><td style=\"color: #000000; background-color: #FFFFFF;\">18\/11\/2026<\/td><td style=\"color: #467886; background-color: #FFFFFF;text-decoration: underline;\"><a href=\"https:\/\/goias.gov.br\/administracao\/wp-content\/uploads\/sites\/27\/files\/licitacoes-contratos\/TermodeConvEnion062-2021.pdf\" target=\"_blank\">ABRIR<\/a><\/td><\/tr><tr><td style=\"color: #000000; background-color: #FFFFFF;\">065\/2021<\/td><td style=\"color: #000000; background-color: #FFFFFF;\">SEAD<\/td><td style=\"color: #000000; background-color: #FFFFFF;\">Munic\u00edpio de Cristian\u00e1polis<\/td><td style=\"color: #000000; background-color: #FFFFFF;\">Estabelecimento de parceria com vistas\u00e0 implanta\u00e7\u00e3o, no munic\u00edpio de Cristian\u00f3polis - GO, do Expresso Balc\u00e3o.<\/td><td style=\"color: #000000; background-color: #FFFFFF;\">60 meses<\/td><td style=\"color: #000000; background-color: #FFFFFF;\">19\/11\/2021<\/td><td style=\"color: #000000; background-color: #FFFFFF;\">18\/11\/2026<\/td><td style=\"color: #467886; background-color: #FFFFFF;text-decoration: underline;\"><a href=\"https:\/\/goias.gov.br\/administracao\/wp-content\/uploads\/sites\/27\/files\/licitacoes-contratos\/TermodeConvenion0652021.pdf\" target=\"_blank\">ABRIR<\/a><\/td><\/tr><tr><td style=\"color: #000000; background-color: #FFFFFF;\">066\/2021<\/td><td style=\"color: #000000; background-color: #FFFFFF;\">SEAD<\/td><td style=\"color: #000000; background-color: #FFFFFF;\">Munic\u00edpio de Cachoeria Alta<\/td><td style=\"color: #000000; background-color: #FFFFFF;\">Estabelecimento de parceria com vistas\u00e0 implanta\u00e7\u00e3o, no munic\u00edpio de Cachoeira Alta-GO, do Expresso Balc\u00e3o.<\/td><td style=\"color: #000000; background-color: #FFFFFF;\">60 meses<\/td><td style=\"color: #000000; background-color: #FFFFFF;\">19\/11\/2021<\/td><td style=\"color: #000000; background-color: #FFFFFF;\">18\/11\/2026<\/td><td style=\"color: #467886; background-color: #FFFFFF;text-decoration: underline;\"><a href=\"https:\/\/goias.gov.br\/administracao\/wp-content\/uploads\/sites\/27\/files\/licitacoes-contratos\/TermodeConvenion0662021.pdf\" target=\"_blank\">ABRIR<\/a><\/td><\/tr><tr><td style=\"color: #000000; background-color: #FFFFFF;\">067\/2021<\/td><td style=\"color: #000000; background-color: #FFFFFF;\">SEAD<\/td><td style=\"color: #000000; background-color: #FFFFFF;\">Munic\u00edpio de Jaragu\u00e1<\/td><td style=\"color: #000000; background-color: #FFFFFF;\">Implanta\u00e7\u00e3o de um novo modelo de presta\u00e7\u00e3o de servi\u00e7os p\u00fablicos, inicialmente, estaduais, no munic\u00edpio de Jaragu\u00e1 - Goi\u00e1s, qual seja, um Terminal de Atendimento Eletr\u00f4nico (TOTEM) a ser instalado na sede da prefeitura ou outro lugar indicado e aprovado pelas partes.<\/td><td style=\"color: #000000; background-color: #FFFFFF;\">60 meses<\/td><td style=\"color: #000000; background-color: #FFFFFF;\">19\/11\/2021<\/td><td style=\"color: #000000; background-color: #FFFFFF;\">18\/11\/2026<\/td><td style=\"color: #467886; background-color: #FFFFFF;text-decoration: underline;\"><a href=\"https:\/\/goias.gov.br\/administracao\/wp-content\/uploads\/sites\/27\/files\/licitacoes-contratos\/TermodeConvEnion067-2021.pdf\" target=\"_blank\">ABRIR<\/a><\/td><\/tr><tr><td style=\"color: #000000; background-color: #FFFFFF;\">068\/2021<\/td><td style=\"color: #000000; background-color: #FFFFFF;\">SEAD<\/td><td style=\"color: #000000; background-color: #FFFFFF;\">Munic\u00edpio de Cavalcante<\/td><td style=\"color: #000000; background-color: #FFFFFF;\">Implanta\u00e7\u00e3o de um novo modelo de presta\u00e7\u00e3o de servi\u00e7os p\u00fablicos, inicialmente, estaduais, no munic\u00edpio de Cavalcante - Goi\u00e1s, qual seja, um Terminal de Atendimento Eletr\u00f4nico (TOTEM) a ser instalado na sede da prefeitura ou outro lugar indicado e aprovado pelas partes.<\/td><td style=\"color: #000000; background-color: #FFFFFF;\">60 meses<\/td><td style=\"color: #000000; background-color: #FFFFFF;\">19\/11\/2021<\/td><td style=\"color: #000000; background-color: #FFFFFF;\">18\/11\/2026<\/td><td style=\"color: #467886; background-color: #FFFFFF;text-decoration: underline;\"><a href=\"https:\/\/goias.gov.br\/administracao\/wp-content\/uploads\/sites\/27\/files\/licitacoes-contratos\/TermodeConvEnion068-2021.pdf\" target=\"_blank\">ABRIR<\/a><\/td><\/tr><tr><td style=\"color: #000000; background-color: #FFFFFF;\">069\/2021<\/td><td style=\"color: #000000; background-color: #FFFFFF;\">SEAD<\/td><td style=\"color: #000000; background-color: #FFFFFF;\">Munic\u00edpio de Aragar\u00e7as<\/td><td style=\"color: #000000; background-color: #FFFFFF;\">Implanta\u00e7\u00e3o de um novo modelo de presta\u00e7\u00e3o de servi\u00e7os p\u00fablicos, inicialmente, estaduais, no munic\u00edpio de Aragar\u00e7as - Goi\u00e1s, qual seja, um Terminal de Atendimento Eletr\u00f4nico (TOTEM) a ser instalado na sede da prefeitura ou outro lugar indicado e aprovado pelas partes.<\/td><td style=\"color: #000000; background-color: #FFFFFF;\">60 meses<\/td><td style=\"color: #000000; background-color: #FFFFFF;\">19\/11\/2021<\/td><td style=\"color: #000000; background-color: #FFFFFF;\">18\/11\/2026<\/td><td style=\"color: #467886; background-color: #FFFFFF;text-decoration: underline;\"><a href=\"https:\/\/goias.gov.br\/administracao\/wp-content\/uploads\/sites\/27\/files\/licitacoes-contratos\/TermodeConvEnion069-2022.pdf\" target=\"_blank\">ABRIR<\/a><\/td><\/tr><tr><td style=\"color: #000000; background-color: #FFFFFF;\">070\/2021<\/td><td style=\"color: #000000; background-color: #FFFFFF;\">SEAD<\/td><td style=\"color: #000000; background-color: #FFFFFF;\">Munic\u00edpio de Niquel\u00e2ndia<\/td><td style=\"color: #000000; background-color: #FFFFFF;\">Implanta\u00e7\u00e3o do Expresso Balc\u00e3o no munic\u00edpio. Um canal de atendimento presencial de servi\u00e7os p\u00fablicos federais, estaduais e municipais, dispon\u00edveis na internet, com intermedia\u00e7\u00e3o de servidores p\u00fablicos municipais.<\/td><td style=\"color: #000000; background-color: #FFFFFF;\">60 meses<\/td><td style=\"color: #000000; background-color: #FFFFFF;\">19\/11\/2021<\/td><td style=\"color: #000000; background-color: #FFFFFF;\">18\/11\/2026<\/td><td style=\"color: #467886; background-color: #FFFFFF;text-decoration: underline;\"><a href=\"https:\/\/goias.gov.br\/administracao\/wp-content\/uploads\/sites\/27\/files\/licitacoes-contratos\/CV070.pdf\" target=\"_blank\">ABRIR<\/a><\/td><\/tr><tr><td style=\"color: #000000; background-color: #FFFFFF;\">071\/2021<\/td><td style=\"color: #000000; background-color: #FFFFFF;\">SEAD<\/td><td style=\"color: #000000; background-color: #FFFFFF;\">Munic\u00edpio de Niquel\u00e2ndia<\/td><td style=\"color: #000000; background-color: #FFFFFF;\">Implanta\u00e7\u00e3o de um novo modelo de presta\u00e7\u00e3o de servi\u00e7os p\u00fablicos, inicialmente, estaduais, no munic\u00edpio de Niquel\u00e2ndia - Goi\u00e1s, qual seja, um Terminal de Atendimento Eletr\u00f4nico (TOTEM) a ser instalado na sede da prefeitura ou outro lugar indicado e aprovado pelas partes.<\/td><td style=\"color: #000000; background-color: #FFFFFF;\">60 meses<\/td><td style=\"color: #000000; background-color: #FFFFFF;\">19\/11\/2021<\/td><td style=\"color: #000000; background-color: #FFFFFF;\">18\/11\/2026<\/td><td style=\"color: #467886; background-color: #FFFFFF;text-decoration: underline;\"><a href=\"https:\/\/goias.gov.br\/administracao\/wp-content\/uploads\/sites\/27\/files\/licitacoes-contratos\/CV071.pdf\" target=\"_blank\">ABRIR<\/a><\/td><\/tr><tr><td style=\"color: #000000; background-color: #FFFFFF;\">076\/2021<\/td><td style=\"color: #000000; background-color: #FFFFFF;\">SEAD<\/td><td style=\"color: #000000; background-color: #FFFFFF;\">Munic\u00edpio de Alto Para\u00edso de Goi\u00e1s<\/td><td style=\"color: #000000; background-color: #FFFFFF;\">Implanta\u00e7\u00e3o de um novo modelo de presta\u00e7\u00e3o de servi\u00e7os p\u00fablicos, inicialmente, estaduais, no munic\u00edpio de Niquel\u00e2ndia - Goi\u00e1s, qual seja, um Terminal de Atendimento Eletr\u00f4nico (TOTEM) a ser instalado na sede da prefeitura ou outro lugar indicado e aprovado pelas partes.<\/td><td style=\"color: #000000; background-color: #FFFFFF;\">60 meses<\/td><td style=\"color: #000000; background-color: #FFFFFF;\">19\/11\/2021<\/td><td style=\"color: #000000; background-color: #FFFFFF;\">18\/11\/2026<\/td><td style=\"color: #467886; background-color: #FFFFFF;text-decoration: underline;\"><a href=\"https:\/\/goias.gov.br\/administracao\/wp-content\/uploads\/sites\/27\/files\/licitacoes-contratos\/CV076.pdf\" target=\"_blank\">ABRIR<\/a><\/td><\/tr><tr><td style=\"color: #000000; background-color: #FFFFFF;\">020\/2021<\/td><td style=\"color: #000000; background-color: #FFFFFF;\">SEAD<\/td><td style=\"color: #000000; background-color: #FFFFFF;\">Centrais de Abastecimento de Goi\u00e1s S\/A- CEASA<\/td><td style=\"color: #000000; background-color: #FFFFFF;\">Oferta de vagas para possibilitar a participa\u00e7\u00e3o de funcion\u00e1rios\/servidores da CEASA<\/td><td style=\"color: #000000; background-color: #FFFFFF;\">24 meses<\/td><td style=\"color: #000000; background-color: #FFFFFF;\">16\/11\/2021<\/td><td style=\"color: #000000; background-color: #FFFFFF;\">15\/11\/2023<\/td><td style=\"color: #467886; background-color: #FFFFFF;text-decoration: underline;\"><a href=\"https:\/\/goias.gov.br\/administracao\/wp-content\/uploads\/sites\/27\/files\/licitacoes-contratos\/TermodeCooperacaon0202021.pdf\" target=\"_blank\">ABRIR<\/a><\/td><\/tr><tr><td style=\"color: #000000; background-color: #FFFFFF;\">016\/2021<\/td><td style=\"color: #000000; background-color: #FFFFFF;\">SEAD<\/td><td style=\"color: #000000; background-color: #FFFFFF;\">Lago Azul Transmiss\u00e3o S.A<\/td><td style=\"color: #000000; background-color: #FFFFFF;\">Oferta de vagas para possibilitar a participa\u00e7\u00e3o de funcion\u00e1rios\/servidores da LAZ nos eventos de capacita\u00e7\u00e3o oferecidos pela Superintend\u00eancia da Escola de Governo, unidade administrativa da SEAD.<\/td><td style=\"color: #000000; background-color: #FFFFFF;\">24 meses<\/td><td style=\"color: #000000; background-color: #FFFFFF;\">05\/11\/2021<\/td><td style=\"color: #000000; background-color: #FFFFFF;\">04\/11\/2023<\/td><td style=\"color: #467886; background-color: #FFFFFF;text-decoration: underline;\"><a href=\"https:\/\/goias.gov.br\/administracao\/wp-content\/uploads\/sites\/27\/files\/licitacoes-contratos\/TC016.pdf\" target=\"_blank\">ABRIR<\/a><\/td><\/tr><tr><td style=\"color: #000000; background-color: #FFFFFF;\">023\/2021<\/td><td style=\"color: #000000; background-color: #FFFFFF;\">SEAD<\/td><td style=\"color: #000000; background-color: #FFFFFF;\">Departamento Estadual de Tr\u00e2nsito - DETRAN<\/td><td style=\"color: #000000; background-color: #FFFFFF;\">Ajuste entre os part\u00edcipes com vistas a jun\u00e7\u00e3o das CIRETRAN\u2019s e das Unidades de Atendimento Vapt Vupt, em um mesmo im\u00f3vel.<\/td><td style=\"color: #000000; background-color: #FFFFFF;\">60 meses<\/td><td style=\"color: #000000; background-color: #FFFFFF;\">22\/10\/2021<\/td><td style=\"color: #000000; background-color: #FFFFFF;\">21\/10\/2026<\/td><td style=\"color: #467886; background-color: #FFFFFF;text-decoration: underline;\"><a href=\"https:\/\/goias.gov.br\/administracao\/wp-content\/uploads\/sites\/27\/files\/licitacoes-contratos\/TC023.pdf\" target=\"_blank\">ABRIR<\/a><\/td><\/tr><tr><td style=\"color: #000000; background-color: #FFFFFF;\">019\/2021<\/td><td style=\"color: #000000; background-color: #FFFFFF;\">SEAD<\/td><td style=\"color: #000000; background-color: #FFFFFF;\">Secretaria de Estado de Desenvolvimento e Inova\u00e7\u00e3o<\/td><td style=\"color: #000000; background-color: #FFFFFF;\">Promover a parceria entre a SEAD e a SIC, visando \u00e0 realiza\u00e7\u00e3o de Processo Seletivo Simplificado, para o atendimento de necessidade tempor\u00e1ria de excepcional interesse p\u00fablico.<\/td><td style=\"color: #000000; background-color: #FFFFFF;\">12 meses<\/td><td style=\"color: #000000; background-color: #FFFFFF;\">21\/10\/2021<\/td><td style=\"color: #000000; background-color: #FFFFFF;\">20\/10\/2022<\/td><td style=\"color: #467886; background-color: #FFFFFF;text-decoration: underline;\"><a href=\"https:\/\/goias.gov.br\/administracao\/wp-content\/uploads\/sites\/27\/files\/licitacoes-contratos\/TC019.pdf\" target=\"_blank\">ABRIR<\/a><\/td><\/tr><tr><td style=\"color: #000000; background-color: #FFFFFF;\">015\/2021<\/td><td style=\"color: #000000; background-color: #FFFFFF;\">SEAD<\/td><td style=\"color: #000000; background-color: #FFFFFF;\">Departamento Estadual de Tr\u00e2nsito - DETRAN-GO<\/td><td style=\"color: #000000; background-color: #FFFFFF;\">Ajuste entre os part\u00edcipes com vistas ao desenvolvimento de a\u00e7\u00f5es destinadas \u00e0 continuidade dos servi\u00e7os prestados pelo Departamento Estadual de Tr\u00e2nsito \u2013 DETRAN, nas depend\u00eancias da Unidade do Vapt Vupt.<\/td><td style=\"color: #000000; background-color: #FFFFFF;\">60 meses<\/td><td style=\"color: #000000; background-color: #FFFFFF;\">18\/10\/2021<\/td><td style=\"color: #000000; background-color: #FFFFFF;\">17\/10\/2026<\/td><td style=\"color: #467886; background-color: #FFFFFF;text-decoration: underline;\"><a href=\"https:\/\/goias.gov.br\/administracao\/wp-content\/uploads\/sites\/27\/files\/licitacoes-contratos\/TC015.pdf\" target=\"_blank\">ABRIR<\/a><\/td><\/tr><tr><td style=\"color: #000000; background-color: #FFFFFF;\">018\/2021<\/td><td style=\"color: #000000; background-color: #FFFFFF;\">SEAD<\/td><td style=\"color: #000000; background-color: #FFFFFF;\">Secretaira de Desenvolvimento Social<\/td><td style=\"color: #000000; background-color: #FFFFFF;\">Promover parceria com a Secretaria de Desenvolvimento Social, visando \u00e0 realiza\u00e7\u00e3o de Processo Seletivo Simplificado<\/td><td style=\"color: #000000; background-color: #FFFFFF;\">12 meses<\/td><td style=\"color: #000000; background-color: #FFFFFF;\">18\/10\/2021<\/td><td style=\"color: #000000; background-color: #FFFFFF;\">17\/10\/2022<\/td><td style=\"color: #467886; background-color: #FFFFFF;text-decoration: underline;\"><a href=\"https:\/\/goias.gov.br\/administracao\/wp-content\/uploads\/sites\/27\/files\/licitacoes-contratos\/TermodeCooperacaon0182021.pdf\" target=\"_blank\">ABRIR<\/a><\/td><\/tr><tr><td style=\"color: #000000; background-color: #FFFFFF;\">039\/2021<\/td><td style=\"color: #000000; background-color: #FFFFFF;\">SEAD<\/td><td style=\"color: #000000; background-color: #FFFFFF;\">Munic\u00edpio do Carmo do Rio Verde<\/td><td style=\"color: #000000; background-color: #FFFFFF;\">Implanta\u00e7\u00e3o, no munic\u00edpio do Expresso Balc\u00e3o, canal de atendimento presencial de servi\u00e7os p\u00fablicos federais, estaduais e municipais, dispon\u00edveis na internet<\/td><td style=\"color: #000000; background-color: #FFFFFF;\">60 meses<\/td><td style=\"color: #000000; background-color: #FFFFFF;\">17\/10\/2021<\/td><td style=\"color: #000000; background-color: #FFFFFF;\">16\/10\/2026<\/td><td style=\"color: #467886; background-color: #FFFFFF;text-decoration: underline;\"><a href=\"https:\/\/goias.gov.br\/administracao\/wp-content\/uploads\/sites\/27\/files\/licitacoes-contratos\/Convenion0392021.pdf\" target=\"_blank\">ABRIR<\/a><\/td><\/tr><tr><td style=\"color: #000000; background-color: #FFFFFF;\">040\/2021<\/td><td style=\"color: #000000; background-color: #FFFFFF;\">SEAD<\/td><td style=\"color: #000000; background-color: #FFFFFF;\">Munic\u00edpio de Vila Prop\u00edcio<\/td><td style=\"color: #000000; background-color: #FFFFFF;\">Implanta\u00e7\u00e3o de um novo modelo de presta\u00e7\u00e3o de servi\u00e7os p\u00fablicos, inicialmente, estaduais, no Munic\u00edpio de Vila Prop\u00edcio (GO), qual seja, um Terminal de Atendimento Eletr\u00f4nico (TOTEM) a ser instalado na sede da prefeitura ou outro lugar indicado e aprovado pelas partes.<\/td><td style=\"color: #000000; background-color: #FFFFFF;\">60 meses<\/td><td style=\"color: #000000; background-color: #FFFFFF;\">17\/10\/2021<\/td><td style=\"color: #000000; background-color: #FFFFFF;\">16\/10\/2026<\/td><td style=\"color: #467886; background-color: #FFFFFF;text-decoration: underline;\"><a href=\"https:\/\/goias.gov.br\/administracao\/wp-content\/uploads\/sites\/27\/files\/licitacoes-contratos\/CV040.pdf\" target=\"_blank\">ABRIR<\/a><\/td><\/tr><tr><td style=\"color: #000000; background-color: #FFFFFF;\">041\/2021<\/td><td style=\"color: #000000; background-color: #FFFFFF;\">SEAD<\/td><td style=\"color: #000000; background-color: #FFFFFF;\">Munic\u00edpio de Santa Rita do Araguaia<\/td><td style=\"color: #000000; background-color: #FFFFFF;\">Implanta\u00e7\u00e3o no munic\u00edpio, do Expresso Balc\u00e3o canal de atendimento presencial de servi\u00e7os p\u00fablicos federais, estaduais e municipais, dispon\u00edveis na internet.<\/td><td style=\"color: #000000; background-color: #FFFFFF;\">60 meses<\/td><td style=\"color: #000000; background-color: #FFFFFF;\">17\/10\/2021<\/td><td style=\"color: #000000; background-color: #FFFFFF;\">16\/10\/2026<\/td><td style=\"color: #467886; background-color: #FFFFFF;text-decoration: underline;\"><a href=\"https:\/\/goias.gov.br\/administracao\/wp-content\/uploads\/sites\/27\/files\/licitacoes-contratos\/Convenion0412021.pdf\" target=\"_blank\">ABRIR<\/a><\/td><\/tr><tr><td style=\"color: #000000; background-color: #FFFFFF;\">042\/2021<\/td><td style=\"color: #000000; background-color: #FFFFFF;\">SEAD<\/td><td style=\"color: #000000; background-color: #FFFFFF;\">Munic\u00edpio de S\u00e3o Miguel do Passa Quatro<\/td><td style=\"color: #000000; background-color: #FFFFFF;\">Implanta\u00e7\u00e3o do Expresso Balc\u00e3o no munic\u00edpio. Um canal de atendimento presencial de servi\u00e7os p\u00fablicos federais, estaduais e municipais, dispon\u00edveis na internet, com intermedia\u00e7\u00e3o de servidores p\u00fablicos municipais.<\/td><td style=\"color: #000000; background-color: #FFFFFF;\">60 meses<\/td><td style=\"color: #000000; background-color: #FFFFFF;\">17\/10\/2021<\/td><td style=\"color: #000000; background-color: #FFFFFF;\">16\/10\/2026<\/td><td style=\"color: #467886; background-color: #FFFFFF;text-decoration: underline;\"><a href=\"https:\/\/goias.gov.br\/administracao\/wp-content\/uploads\/sites\/27\/files\/licitacoes-contratos\/CV042.pdf\" target=\"_blank\">ABRIR<\/a><\/td><\/tr><tr><td style=\"color: #000000; background-color: #FFFFFF;\">043\/2021<\/td><td style=\"color: #000000; background-color: #FFFFFF;\">SEAD<\/td><td style=\"color: #000000; background-color: #FFFFFF;\">Munic\u00edpio de Gameleira de Goi\u00e1s<\/td><td style=\"color: #000000; background-color: #FFFFFF;\">Implanta\u00e7\u00e3o do Expresso Balc\u00e3o no munic\u00edpio. Um canal de atendimento presencial de servi\u00e7os p\u00fablicos federais, estaduais e municipais, dispon\u00edveis na internet, com intermedia\u00e7\u00e3o de servidores p\u00fablicos municipais.<\/td><td style=\"color: #000000; background-color: #FFFFFF;\">60 meses<\/td><td style=\"color: #000000; background-color: #FFFFFF;\">17\/10\/2021<\/td><td style=\"color: #000000; background-color: #FFFFFF;\">16\/10\/2026<\/td><td style=\"color: #467886; background-color: #FFFFFF;text-decoration: underline;\"><a href=\"https:\/\/goias.gov.br\/administracao\/wp-content\/uploads\/sites\/27\/files\/licitacoes-contratos\/CV043.pdf\" target=\"_blank\">ABRIR<\/a><\/td><\/tr><tr><td style=\"color: #000000; background-color: #FFFFFF;\">045\/2021<\/td><td style=\"color: #000000; background-color: #FFFFFF;\">SEAD<\/td><td style=\"color: #000000; background-color: #FFFFFF;\">Munic\u00edpio de Araguapaz<\/td><td style=\"color: #000000; background-color: #FFFFFF;\">Implanta\u00e7\u00e3o do Expresso Balc\u00e3o no munic\u00edpio. Um canal de atendimento presencial de servi\u00e7os p\u00fablicos federais, estaduais e municipais, dispon\u00edveis na internet, com intermedia\u00e7\u00e3o de servidores p\u00fablicos municipais.<\/td><td style=\"color: #000000; background-color: #FFFFFF;\">60 meses<\/td><td style=\"color: #000000; background-color: #FFFFFF;\">17\/10\/2021<\/td><td style=\"color: #000000; background-color: #FFFFFF;\">16\/10\/2026<\/td><td style=\"color: #467886; background-color: #FFFFFF;text-decoration: underline;\"><a href=\"https:\/\/goias.gov.br\/administracao\/wp-content\/uploads\/sites\/27\/files\/licitacoes-contratos\/CV045.pdf\" target=\"_blank\">ABRIR<\/a><\/td><\/tr><tr><td style=\"color: #000000; background-color: #FFFFFF;\">046\/2021<\/td><td style=\"color: #000000; background-color: #FFFFFF;\">SEAD<\/td><td style=\"color: #000000; background-color: #FFFFFF;\">Munic\u00edpio de Barro Alto<\/td><td style=\"color: #000000; background-color: #FFFFFF;\">Implanta\u00e7\u00e3o do Expresso Balc\u00e3o no munic\u00edpio. Um canal de atendimento presencial de servi\u00e7os p\u00fablicos federais, estaduais e municipais, dispon\u00edveis na internet, com intermedia\u00e7\u00e3o de servidores p\u00fablicos municipais.<\/td><td style=\"color: #000000; background-color: #FFFFFF;\">60 meses<\/td><td style=\"color: #000000; background-color: #FFFFFF;\">17\/10\/2021<\/td><td style=\"color: #000000; background-color: #FFFFFF;\">16\/10\/2026<\/td><td style=\"color: #467886; background-color: #FFFFFF;text-decoration: underline;\"><a href=\"https:\/\/goias.gov.br\/administracao\/wp-content\/uploads\/sites\/27\/files\/licitacoes-contratos\/CV046.pdf\" target=\"_blank\">ABRIR<\/a><\/td><\/tr><tr><td style=\"color: #000000; background-color: #FFFFFF;\">047\/2021<\/td><td style=\"color: #000000; background-color: #FFFFFF;\">SEAD<\/td><td style=\"color: #000000; background-color: #FFFFFF;\">Munic\u00edpio de Buriti de Goi\u00e1s<\/td><td style=\"color: #000000; background-color: #FFFFFF;\">Implanta\u00e7\u00e3o do Expresso Balc\u00e3o no munic\u00edpio. Um canal de atendimento presencial de servi\u00e7os p\u00fablicos federais, estaduais e municipais, dispon\u00edveis na internet, com intermedia\u00e7\u00e3o de servidores p\u00fablicos municipais<\/td><td style=\"color: #000000; background-color: #FFFFFF;\">60 meses<\/td><td style=\"color: #000000; background-color: #FFFFFF;\">17\/10\/2021<\/td><td style=\"color: #000000; background-color: #FFFFFF;\">16\/10\/2026<\/td><td style=\"color: #467886; background-color: #FFFFFF;text-decoration: underline;\"><a href=\"https:\/\/goias.gov.br\/administracao\/wp-content\/uploads\/sites\/27\/files\/licitacoes-contratos\/CV047.pdf\" target=\"_blank\">ABRIR<\/a><\/td><\/tr><tr><td style=\"color: #000000; background-color: #FFFFFF;\">048\/2021<\/td><td style=\"color: #000000; background-color: #FFFFFF;\">SEAD<\/td><td style=\"color: #000000; background-color: #FFFFFF;\">Munic\u00edpio de Novo Gama<\/td><td style=\"color: #000000; background-color: #FFFFFF;\">Implanta\u00e7\u00e3o do Expresso Balc\u00e3o no munic\u00edpio. Um canal de atendimento presencial de servi\u00e7os p\u00fablicos federais, estaduais e municipais, dispon\u00edveis na internet, com intermedia\u00e7\u00e3o de servidores p\u00fablicos municipais<\/td><td style=\"color: #000000; background-color: #FFFFFF;\">60 meses<\/td><td style=\"color: #000000; background-color: #FFFFFF;\">17\/10\/2021<\/td><td style=\"color: #000000; background-color: #FFFFFF;\">16\/10\/2026<\/td><td style=\"color: #467886; background-color: #FFFFFF;text-decoration: underline;\"><a href=\"https:\/\/goias.gov.br\/administracao\/wp-content\/uploads\/sites\/27\/files\/licitacoes-contratos\/CV048.pdf\" target=\"_blank\">ABRIR<\/a><\/td><\/tr><tr><td style=\"color: #000000; background-color: #FFFFFF;\">049\/2021<\/td><td style=\"color: #000000; background-color: #FFFFFF;\">SEAD<\/td><td style=\"color: #000000; background-color: #FFFFFF;\">Munic\u00edpio de Mundo Novo<\/td><td style=\"color: #000000; background-color: #FFFFFF;\">Implanta\u00e7\u00e3o do Expresso Balc\u00e3o no munic\u00edpio. Um canal de atendimento presencial de servi\u00e7os p\u00fablicos federais, estaduais e municipais, dispon\u00edveis na internet, com intermedia\u00e7\u00e3o de servidores p\u00fablicos municipais<\/td><td style=\"color: #000000; background-color: #FFFFFF;\">60 meses<\/td><td style=\"color: #000000; background-color: #FFFFFF;\">17\/10\/2021<\/td><td style=\"color: #000000; background-color: #FFFFFF;\">16\/10\/2026<\/td><td style=\"color: #467886; background-color: #FFFFFF;text-decoration: underline;\"><a href=\"https:\/\/goias.gov.br\/administracao\/wp-content\/uploads\/sites\/27\/files\/licitacoes-contratos\/Convenion0492021.pdf\" target=\"_blank\">ABRIR<\/a><\/td><\/tr><tr><td style=\"color: #000000; background-color: #FFFFFF;\">021\/2021<\/td><td style=\"color: #000000; background-color: #FFFFFF;\">SEAD<\/td><td style=\"color: #000000; background-color: #FFFFFF;\">Ag\u00eancia de Regula\u00e7\u00e3o, Controle e Fiscaliza\u00e7\u00e3o dos Servi\u00e7os P\u00fablicos - AGR<\/td><td style=\"color: #000000; background-color: #FFFFFF;\">Promover a parceria entre a SEAD e a SIC, visando \u00e0 realiza\u00e7\u00e3o de Processo Seletivo Simplificado, para o atendimento de necessidade tempor\u00e1ria de excepcional interesse p\u00fablico.<\/td><td style=\"color: #000000; background-color: #FFFFFF;\">12 meses<\/td><td style=\"color: #000000; background-color: #FFFFFF;\">08\/10\/2021<\/td><td style=\"color: #000000; background-color: #FFFFFF;\">07\/10\/2022<\/td><td style=\"color: #467886; background-color: #FFFFFF;text-decoration: underline;\"><a href=\"https:\/\/goias.gov.br\/administracao\/wp-content\/uploads\/sites\/27\/files\/licitacoes-contratos\/TermodeCooperacaon0222021SGG-2.pdf\" target=\"_blank\">ABRIR<\/a><\/td><\/tr><tr><td style=\"color: #000000; background-color: #FFFFFF;\">036\/2021<\/td><td style=\"color: #000000; background-color: #FFFFFF;\">SEAD<\/td><td style=\"color: #000000; background-color: #FFFFFF;\">Munic\u00edpio de Palmeiras de Goi\u00e1s<\/td><td style=\"color: #000000; background-color: #FFFFFF;\">M\u00fatua coopera\u00e7\u00e3o entre os part\u00edcipes com vistas ao desenvolvimento de a\u00e7\u00f5es destinadas \u00e0 implanta\u00e7\u00e3o e operacionaliza\u00e7\u00e3o dos servi\u00e7os.<\/td><td style=\"color: #000000; background-color: #FFFFFF;\">60 meses<\/td><td style=\"color: #000000; background-color: #FFFFFF;\">29\/09\/2021<\/td><td style=\"color: #000000; background-color: #FFFFFF;\">28\/09\/2026<\/td><td style=\"color: #467886; background-color: #FFFFFF;text-decoration: underline;\"><a href=\"https:\/\/goias.gov.br\/administracao\/wp-content\/uploads\/sites\/27\/files\/licitacoes-contratos\/Convenio036.pdf\" target=\"_blank\">ABRIR<\/a><\/td><\/tr><tr><td style=\"color: #000000; background-color: #FFFFFF;\">017\/2021<\/td><td style=\"color: #000000; background-color: #FFFFFF;\">SEAD<\/td><td style=\"color: #000000; background-color: #FFFFFF;\">Secretaria de Estado de Ind\u00fastria, Com\u00e9rcio e Servi\u00e7os - SIC<\/td><td style=\"color: #000000; background-color: #FFFFFF;\">Promover a parceria entre a SEAD e a SIC, visando \u00e0 realiza\u00e7\u00e3o de Processo Seletivo Simplificado, para o atendimento de necessidade tempor\u00e1ria de excepcional interesse p\u00fablico.<\/td><td style=\"color: #000000; background-color: #FFFFFF;\">12 meses<\/td><td style=\"color: #000000; background-color: #FFFFFF;\">24\/09\/2021<\/td><td style=\"color: #000000; background-color: #FFFFFF;\">23\/09\/2022<\/td><td style=\"color: #467886; background-color: #FFFFFF;text-decoration: underline;\"><a href=\"https:\/\/goias.gov.br\/administracao\/wp-content\/uploads\/sites\/27\/files\/licitacoes-contratos\/TermodeCooperacao-SIC.pdf\" target=\"_blank\">ABRIR<\/a><\/td><\/tr><tr><td style=\"color: #000000; background-color: #FFFFFF;\">038\/2021<\/td><td style=\"color: #000000; background-color: #FFFFFF;\">SEAD<\/td><td style=\"color: #000000; background-color: #FFFFFF;\">Munic\u00edpio de Hidrol\u00e2ndia<\/td><td style=\"color: #000000; background-color: #FFFFFF;\">mplanta\u00e7\u00e3o e instala\u00e7\u00e3o de unidade de atendimento Vapt Vupt com sua Carta de Servi\u00e7os<\/td><td style=\"color: #000000; background-color: #FFFFFF;\">60 meses<\/td><td style=\"color: #000000; background-color: #FFFFFF;\">21\/09\/2021<\/td><td style=\"color: #000000; background-color: #FFFFFF;\">20\/09\/2026<\/td><td style=\"color: #467886; background-color: #FFFFFF;text-decoration: underline;\"><a href=\"https:\/\/goias.gov.br\/administracao\/wp-content\/uploads\/sites\/27\/files\/licitacoes-contratos\/CONVENIO038.pdf\" target=\"_blank\">ABRIR<\/a><\/td><\/tr><tr><td style=\"color: #000000; background-color: #FFFFFF;\">037\/2021<\/td><td style=\"color: #000000; background-color: #FFFFFF;\">SEAD<\/td><td style=\"color: #000000; background-color: #FFFFFF;\">Munic\u00edpio de Crix\u00e1s<\/td><td style=\"color: #000000; background-color: #FFFFFF;\">M\u00fatua coopera\u00e7\u00e3o entre os part\u00edcipes com vistas ao desenvolvimento de a\u00e7\u00f5es destinadas \u00e0 implanta\u00e7\u00e3o e operacionaliza\u00e7\u00e3o dos servi\u00e7os.<\/td><td style=\"color: #000000; background-color: #FFFFFF;\">60 meses<\/td><td style=\"color: #000000; background-color: #FFFFFF;\">16\/09\/2021<\/td><td style=\"color: #000000; background-color: #FFFFFF;\">15\/09\/2026<\/td><td style=\"color: #467886; background-color: #FFFFFF;text-decoration: underline;\"><a href=\"https:\/\/goias.gov.br\/administracao\/wp-content\/uploads\/sites\/27\/files\/licitacoes-contratos\/Convenio037-2023.pdf\" target=\"_blank\">ABRIR<\/a><\/td><\/tr><tr><td style=\"color: #000000; background-color: #FFFFFF;\">017\/2021<\/td><td style=\"color: #000000; background-color: #FFFFFF;\">SEAD<\/td><td style=\"color: #000000; background-color: #FFFFFF;\">Municipio de Posse<\/td><td style=\"color: #000000; background-color: #FFFFFF;\">Implanta\u00e7\u00e3o de um novo modelo de presta\u00e7\u00e3o de servi\u00e7os p\u00fablicos, atrav\u00e9s de Terminal de Atendimento Eletr\u00f4nico (TOTEM) do Programa EXPRESSO.<\/td><td style=\"color: #000000; background-color: #FFFFFF;\">60 meses<\/td><td style=\"color: #000000; background-color: #FFFFFF;\">01\/09\/2021<\/td><td style=\"color: #000000; background-color: #FFFFFF;\">30\/08\/2026<\/td><td style=\"color: #467886; background-color: #FFFFFF;text-decoration: underline;\"><a href=\"https:\/\/goias.gov.br\/administracao\/wp-content\/uploads\/sites\/27\/files\/licitacoes-contratos\/Convenion0172021.pdf\" target=\"_blank\">ABRIR<\/a><\/td><\/tr><tr><td style=\"color: #000000; background-color: #FFFFFF;\">014\/2021<\/td><td style=\"color: #000000; background-color: #FFFFFF;\">SEAD<\/td><td style=\"color: #000000; background-color: #FFFFFF;\">Assembl\u00e9ia Legisltiva do Estado de Goi\u00e1s - ALEGO<\/td><td style=\"color: #000000; background-color: #FFFFFF;\">Oferta de vagas para possibilitar a participa\u00e7\u00e3o de funcion\u00e1rios\/servidores da ALEGO nos eventos de capacita\u00e7\u00e3o oferecidos pela Superintend\u00eancia da Escola de Governo, Unidade Administrativa da SEAD e a oferta de vagas para possibilitar a participa\u00e7\u00e3o de funcion\u00e1rios\/servidores do Estado de Goi\u00e1s nos eventos de capacita\u00e7\u00e3o oferecidos pela Escola do Legislativo da Assembleia Legislativa do Estado de Goi\u00e1s<\/td><td style=\"color: #000000; background-color: #FFFFFF;\">60 meses<\/td><td style=\"color: #000000; background-color: #FFFFFF;\">24\/08\/2021<\/td><td style=\"color: #000000; background-color: #FFFFFF;\">23\/08\/2026<\/td><td style=\"color: #467886; background-color: #FFFFFF;text-decoration: underline;\"><a href=\"https:\/\/goias.gov.br\/administracao\/wp-content\/uploads\/sites\/27\/files\/licitacoes-contratos\/TC0142021.pdf\" target=\"_blank\">ABRIR<\/a><\/td><\/tr><tr><td style=\"color: #000000; background-color: #FFFFFF;\">033\/2021<\/td><td style=\"color: #000000; background-color: #FFFFFF;\">SEAD<\/td><td style=\"color: #000000; background-color: #FFFFFF;\">Munic\u00edpio de Morrinhos<\/td><td style=\"color: #000000; background-color: #FFFFFF;\">M\u00fatua coopera\u00e7\u00e3o entre os part\u00edcipes com vistas ao desenvolvimento de a\u00e7\u00f5es destinadas \u00e0 implanta\u00e7\u00e3o e operacionaliza\u00e7\u00e3o dos servi\u00e7os.<\/td><td style=\"color: #000000; background-color: #FFFFFF;\">60 meses<\/td><td style=\"color: #000000; background-color: #FFFFFF;\">20\/08\/2021<\/td><td style=\"color: #000000; background-color: #FFFFFF;\">19\/08\/2026<\/td><td style=\"color: #467886; background-color: #FFFFFF;text-decoration: underline;\"><a href=\"https:\/\/goias.gov.br\/administracao\/wp-content\/uploads\/sites\/27\/files\/licitacoes-contratos\/CV0332021.pdf\" target=\"_blank\">ABRIR<\/a><\/td><\/tr><tr><td style=\"color: #000000; background-color: #FFFFFF;\">022\/2021<\/td><td style=\"color: #000000; background-color: #FFFFFF;\">SEAD<\/td><td style=\"color: #000000; background-color: #FFFFFF;\">Municipio de S\u00e3o Luis dos Montes Belos<\/td><td style=\"color: #000000; background-color: #FFFFFF;\">Presta\u00e7\u00e3o de Servi\u00e7os via Terminal de Atendimento Eletr\u00f4nico - Programa EXPRESSO<\/td><td style=\"color: #000000; background-color: #FFFFFF;\">60 meses<\/td><td style=\"color: #000000; background-color: #FFFFFF;\">13\/08\/2021<\/td><td style=\"color: #000000; background-color: #FFFFFF;\">12\/08\/2026<\/td><td style=\"color: #467886; background-color: #FFFFFF;text-decoration: underline;\"><a href=\"https:\/\/goias.gov.br\/administracao\/wp-content\/uploads\/sites\/27\/files\/licitacoes-contratos\/Convenion0222021.pdf\" target=\"_blank\">ABRIR<\/a><\/td><\/tr><tr><td style=\"color: #000000; background-color: #FFFFFF;\">024\/2021<\/td><td style=\"color: #000000; background-color: #FFFFFF;\">SEAD<\/td><td style=\"color: #000000; background-color: #FFFFFF;\">Municipio de Doverl\u00e2ndia<\/td><td style=\"color: #000000; background-color: #FFFFFF;\">Implanta\u00e7\u00e3o de um novo modelo de presta\u00e7\u00e3o de servi\u00e7os p\u00fablicos, atrav\u00e9s de Terminal de Atendimento Eletr\u00f4nico (TOTEM)<\/td><td style=\"color: #000000; background-color: #FFFFFF;\">60 meses<\/td><td style=\"color: #000000; background-color: #FFFFFF;\">13\/08\/2021<\/td><td style=\"color: #000000; background-color: #FFFFFF;\">12\/08\/2026<\/td><td style=\"color: #467886; background-color: #FFFFFF;text-decoration: underline;\"><a href=\"https:\/\/goias.gov.br\/administracao\/wp-content\/uploads\/sites\/27\/files\/licitacoes-contratos\/Convenion024-2021.pdf\" target=\"_blank\">ABRIR<\/a><\/td><\/tr><tr><td style=\"color: #000000; background-color: #FFFFFF;\">031\/2021<\/td><td style=\"color: #000000; background-color: #FFFFFF;\">SEAD<\/td><td style=\"color: #000000; background-color: #FFFFFF;\">Instituto Federal de Educa\u00e7\u00e3o Ci\u00eancia e Tecnologia - IFG<\/td><td style=\"color: #000000; background-color: #FFFFFF;\">Concess\u00e3o de Est\u00e1gio Extracurricular (n\u00e3o-obrigat\u00f3rio)<\/td><td style=\"color: #000000; background-color: #FFFFFF;\">60 meses<\/td><td style=\"color: #000000; background-color: #FFFFFF;\">13\/08\/2021<\/td><td style=\"color: #000000; background-color: #FFFFFF;\">12\/08\/2026<\/td><td style=\"color: #467886; background-color: #FFFFFF;text-decoration: underline;\"><a href=\"https:\/\/goias.gov.br\/administracao\/wp-content\/uploads\/sites\/27\/files\/licitacoes-contratos\/CV0312021.pdf\" target=\"_blank\">ABRIR<\/a><\/td><\/tr><tr><td style=\"color: #000000; background-color: #FFFFFF;\">034\/2021<\/td><td style=\"color: #000000; background-color: #FFFFFF;\">SEAD<\/td><td style=\"color: #000000; background-color: #FFFFFF;\">Munic\u00edpio de Nova Roma<\/td><td style=\"color: #000000; background-color: #FFFFFF;\">Presta\u00e7\u00e3o de Servi\u00e7os via Terminal de Atendimento Eletr\u00f4nico - Programa EXPRESSO<\/td><td style=\"color: #000000; background-color: #FFFFFF;\">60 meses<\/td><td style=\"color: #000000; background-color: #FFFFFF;\">13\/08\/2021<\/td><td style=\"color: #000000; background-color: #FFFFFF;\">12\/08\/2026<\/td><td style=\"color: #467886; background-color: #FFFFFF;text-decoration: underline;\"><a href=\"https:\/\/goias.gov.br\/administracao\/wp-content\/uploads\/sites\/27\/files\/licitacoes-contratos\/Convenion0342021.pdf\" target=\"_blank\">ABRIR<\/a><\/td><\/tr><tr><td style=\"color: #000000; background-color: #FFFFFF;\">035\/2021<\/td><td style=\"color: #000000; background-color: #FFFFFF;\">SEAD<\/td><td style=\"color: #000000; background-color: #FFFFFF;\">Munic\u00edpio de Itapuranga<\/td><td style=\"color: #000000; background-color: #FFFFFF;\">Presta\u00e7\u00e3o de Servi\u00e7os via Terminal de Atendimento Eletr\u00f4nico - Programa EXPRESSO<\/td><td style=\"color: #000000; background-color: #FFFFFF;\">60 meses<\/td><td style=\"color: #000000; background-color: #FFFFFF;\">13\/08\/2021<\/td><td style=\"color: #000000; background-color: #FFFFFF;\">12\/08\/2026<\/td><td style=\"color: #467886; background-color: #FFFFFF;text-decoration: underline;\"><a href=\"https:\/\/goias.gov.br\/administracao\/wp-content\/uploads\/sites\/27\/files\/licitacoes-contratos\/Convenion0352021.pdf\" target=\"_blank\">ABRIR<\/a><\/td><\/tr><tr><td style=\"color: #000000; background-color: #FFFFFF;\">018\/2021<\/td><td style=\"color: #000000; background-color: #FFFFFF;\">SEAD<\/td><td style=\"color: #000000; background-color: #FFFFFF;\">Munic\u00edpio de Novo Gama<\/td><td style=\"color: #000000; background-color: #FFFFFF;\">Presta\u00e7\u00e3o de Servi\u00e7os via Terminal de Atendimento Eletr\u00f4nico - Programa EXPRESSO<\/td><td style=\"color: #000000; background-color: #FFFFFF;\">60 meses<\/td><td style=\"color: #000000; background-color: #FFFFFF;\">12\/08\/2021<\/td><td style=\"color: #000000; background-color: #FFFFFF;\">11\/08\/2026<\/td><td style=\"color: #467886; background-color: #FFFFFF;text-decoration: underline;\"><a href=\"https:\/\/goias.gov.br\/administracao\/wp-content\/uploads\/sites\/27\/files\/licitacoes-contratos\/Convenion0182021.pdf\" target=\"_blank\">ABRIR<\/a><\/td><\/tr><tr><td style=\"color: #000000; background-color: #FFFFFF;\">021\/2021<\/td><td style=\"color: #000000; background-color: #FFFFFF;\">SEAD<\/td><td style=\"color: #000000; background-color: #FFFFFF;\">Municipio de Araun\u00e3<\/td><td style=\"color: #000000; background-color: #FFFFFF;\">Presta\u00e7\u00e3o de Servi\u00e7os via Terminal de Atendimento Eletr\u00f4nico - Programa EXPRESSO<\/td><td style=\"color: #000000; background-color: #FFFFFF;\">60 meses<\/td><td style=\"color: #000000; background-color: #FFFFFF;\">12\/08\/2021<\/td><td style=\"color: #000000; background-color: #FFFFFF;\">11\/08\/2026<\/td><td style=\"color: #467886; background-color: #FFFFFF;text-decoration: underline;\"><a href=\"https:\/\/goias.gov.br\/administracao\/wp-content\/uploads\/sites\/27\/files\/licitacoes-contratos\/Convenion0212021.pdf\" target=\"_blank\">ABRIR<\/a><\/td><\/tr><tr><td style=\"color: #000000; background-color: #FFFFFF;\">023\/2021<\/td><td style=\"color: #000000; background-color: #FFFFFF;\">SEAD<\/td><td style=\"color: #000000; background-color: #FFFFFF;\">Municipio de Indiara<\/td><td style=\"color: #000000; background-color: #FFFFFF;\">Presta\u00e7\u00e3o de Servi\u00e7os via Terminal de Atendimento Eletr\u00f4nico - Programa EXPRESSO<\/td><td style=\"color: #000000; background-color: #FFFFFF;\">60 meses<\/td><td style=\"color: #000000; background-color: #FFFFFF;\">12\/08\/2021<\/td><td style=\"color: #000000; background-color: #FFFFFF;\">11\/08\/2026<\/td><td style=\"color: #467886; background-color: #FFFFFF;text-decoration: underline;\"><a href=\"https:\/\/goias.gov.br\/administracao\/wp-content\/uploads\/sites\/27\/files\/licitacoes-contratos\/Convenion0232021.pdf\" target=\"_blank\">ABRIR<\/a><\/td><\/tr><tr><td style=\"color: #000000; background-color: #FFFFFF;\">032\/2021<\/td><td style=\"color: #000000; background-color: #FFFFFF;\">SEAD<\/td><td style=\"color: #000000; background-color: #FFFFFF;\">Munic\u00edpio de Ipor\u00e1<\/td><td style=\"color: #000000; background-color: #FFFFFF;\">Presta\u00e7\u00e3o de Servi\u00e7os via Terminal de Atendimento Eletr\u00f4nico - Programa EXPRESSO<\/td><td style=\"color: #000000; background-color: #FFFFFF;\">60 meses<\/td><td style=\"color: #000000; background-color: #FFFFFF;\">12\/08\/2021<\/td><td style=\"color: #000000; background-color: #FFFFFF;\">11\/08\/2026<\/td><td style=\"color: #467886; background-color: #FFFFFF;text-decoration: underline;\"><a href=\"https:\/\/goias.gov.br\/administracao\/wp-content\/uploads\/sites\/27\/files\/licitacoes-contratos\/Convenion0322021.pdf\" target=\"_blank\">ABRIR<\/a><\/td><\/tr><tr><td style=\"color: #000000; background-color: #FFFFFF;\">005\/2021<\/td><td style=\"color: #000000; background-color: #FFFFFF;\">SEAD<\/td><td style=\"color: #000000; background-color: #FFFFFF;\">Munic\u00edpio de Cidade Ocidental<\/td><td style=\"color: #000000; background-color: #FFFFFF;\">Presta\u00e7\u00e3o de Servi\u00e7os via Terminal de Atendimento Eletr\u00f4nico - Programa EXPRESSO<\/td><td style=\"color: #000000; background-color: #FFFFFF;\">60 meses<\/td><td style=\"color: #000000; background-color: #FFFFFF;\">10\/08\/2021<\/td><td style=\"color: #000000; background-color: #FFFFFF;\">09\/08\/2026<\/td><td style=\"color: #467886; background-color: #FFFFFF;text-decoration: underline;\"><a href=\"https:\/\/goias.gov.br\/administracao\/wp-content\/uploads\/sites\/27\/files\/licitacoes-contratos\/TermodeConvenion0052021.pdf\" target=\"_blank\">ABRIR<\/a><\/td><\/tr><tr><td style=\"color: #000000; background-color: #FFFFFF;\">007\/2021<\/td><td style=\"color: #000000; background-color: #FFFFFF;\">SEAD<\/td><td style=\"color: #000000; background-color: #FFFFFF;\">Munic\u00edpio de \u00c1guas Lindas de Goi\u00e1s<\/td><td style=\"color: #000000; background-color: #FFFFFF;\">Presta\u00e7\u00e3o de Servi\u00e7os via Terminal de Atendimento Eletr\u00f4nico - Programa EXPRESSO<\/td><td style=\"color: #000000; background-color: #FFFFFF;\">60 meses<\/td><td style=\"color: #000000; background-color: #FFFFFF;\">10\/08\/2021<\/td><td style=\"color: #000000; background-color: #FFFFFF;\">09\/08\/2026<\/td><td style=\"color: #467886; background-color: #FFFFFF;text-decoration: underline;\"><a href=\"https:\/\/goias.gov.br\/administracao\/wp-content\/uploads\/sites\/27\/files\/licitacoes-contratos\/CV0072021.pdf\" target=\"_blank\">ABRIR<\/a><\/td><\/tr><tr><td style=\"color: #000000; background-color: #FFFFFF;\">008\/2021<\/td><td style=\"color: #000000; background-color: #FFFFFF;\">SEAD<\/td><td style=\"color: #000000; background-color: #FFFFFF;\">Munic\u00edpio de Jussara<\/td><td style=\"color: #000000; background-color: #FFFFFF;\">Presta\u00e7\u00e3o de Servi\u00e7os via Terminal de Atendimento Eletr\u00f4nico - Programa EXPRESSO<\/td><td style=\"color: #000000; background-color: #FFFFFF;\">60 meses<\/td><td style=\"color: #000000; background-color: #FFFFFF;\">10\/08\/2021<\/td><td style=\"color: #000000; background-color: #FFFFFF;\">09\/08\/2026<\/td><td style=\"color: #467886; background-color: #FFFFFF;text-decoration: underline;\"><a href=\"https:\/\/goias.gov.br\/administracao\/wp-content\/uploads\/sites\/27\/files\/licitacoes-contratos\/CV0082021.pdf\" target=\"_blank\">ABRIR<\/a><\/td><\/tr><tr><td style=\"color: #000000; background-color: #FFFFFF;\">009\/2021<\/td><td style=\"color: #000000; background-color: #FFFFFF;\">SEAD<\/td><td style=\"color: #000000; background-color: #FFFFFF;\">Munic\u00edpio de Mozarl\u00e2ndia<\/td><td style=\"color: #000000; background-color: #FFFFFF;\">Presta\u00e7\u00e3o de Servi\u00e7os via Terminal de Atendimento Eletr\u00f4nico - Programa EXPRESSO<\/td><td style=\"color: #000000; background-color: #FFFFFF;\">60 meses<\/td><td style=\"color: #000000; background-color: #FFFFFF;\">10\/08\/2021<\/td><td style=\"color: #000000; background-color: #FFFFFF;\">09\/08\/2026<\/td><td style=\"color: #467886; background-color: #FFFFFF;text-decoration: underline;\"><a href=\"https:\/\/goias.gov.br\/administracao\/wp-content\/uploads\/sites\/27\/files\/licitacoes-contratos\/CV0092021.pdf\" target=\"_blank\">ABRIR<\/a><\/td><\/tr><tr><td style=\"color: #000000; background-color: #FFFFFF;\">010\/2021<\/td><td style=\"color: #000000; background-color: #FFFFFF;\">SEAD<\/td><td style=\"color: #000000; background-color: #FFFFFF;\">Munic\u00edpio de Mina\u00e7u<\/td><td style=\"color: #000000; background-color: #FFFFFF;\">Presta\u00e7\u00e3o de Servi\u00e7os via Terminal de Atendimento Eletr\u00f4nico - Programa EXPRESSO<\/td><td style=\"color: #000000; background-color: #FFFFFF;\">60 meses<\/td><td style=\"color: #000000; background-color: #FFFFFF;\">10\/08\/2021<\/td><td style=\"color: #000000; background-color: #FFFFFF;\">09\/08\/2026<\/td><td style=\"color: #467886; background-color: #FFFFFF;text-decoration: underline;\"><a href=\"https:\/\/goias.gov.br\/administracao\/wp-content\/uploads\/sites\/27\/files\/licitacoes-contratos\/CV0102021.pdf\" target=\"_blank\">ABRIR<\/a><\/td><\/tr><tr><td style=\"color: #000000; background-color: #FFFFFF;\">012\/2021<\/td><td style=\"color: #000000; background-color: #FFFFFF;\">SEAD<\/td><td style=\"color: #000000; background-color: #FFFFFF;\">Munic\u00edpio de Ceres<\/td><td style=\"color: #000000; background-color: #FFFFFF;\">Presta\u00e7\u00e3o de Servi\u00e7os via Terminal de Atendimento Eletr\u00f4nico - Programa EXPRESSO<\/td><td style=\"color: #000000; background-color: #FFFFFF;\">60 meses<\/td><td style=\"color: #000000; background-color: #FFFFFF;\">10\/08\/2021<\/td><td style=\"color: #000000; background-color: #FFFFFF;\">09\/08\/2026<\/td><td style=\"color: #467886; background-color: #FFFFFF;text-decoration: underline;\"><a href=\"https:\/\/goias.gov.br\/administracao\/wp-content\/uploads\/sites\/27\/files\/licitacoes-contratos\/CV0122021.pdf\" target=\"_blank\">ABRIR<\/a><\/td><\/tr><tr><td style=\"color: #000000; background-color: #FFFFFF;\">015\/2021<\/td><td style=\"color: #000000; background-color: #FFFFFF;\">SEAD<\/td><td style=\"color: #000000; background-color: #FFFFFF;\">Munic\u00edpio de Caiap\u00f4nia<\/td><td style=\"color: #000000; background-color: #FFFFFF;\">Presta\u00e7\u00e3o de Servi\u00e7os via Terminal de Atendimento Eletr\u00f4nico - Programa EXPRESSO<\/td><td style=\"color: #000000; background-color: #FFFFFF;\">60 meses<\/td><td style=\"color: #000000; background-color: #FFFFFF;\">10\/08\/2021<\/td><td style=\"color: #000000; background-color: #FFFFFF;\">09\/08\/2026<\/td><td style=\"color: #467886; background-color: #FFFFFF;text-decoration: underline;\"><a href=\"https:\/\/goias.gov.br\/administracao\/wp-content\/uploads\/sites\/27\/files\/licitacoes-contratos\/CV0152021.pdf\" target=\"_blank\">ABRIR<\/a><\/td><\/tr><tr><td style=\"color: #000000; background-color: #FFFFFF;\">016\/2021<\/td><td style=\"color: #000000; background-color: #FFFFFF;\">SEAD<\/td><td style=\"color: #000000; background-color: #FFFFFF;\">Munic\u00edpio de Nova Crix\u00e1s<\/td><td style=\"color: #000000; background-color: #FFFFFF;\">Presta\u00e7\u00e3o de Servi\u00e7os via Terminal de Atendimento Eletr\u00f4nico - Programa EXPRESSO<\/td><td style=\"color: #000000; background-color: #FFFFFF;\">60 meses<\/td><td style=\"color: #000000; background-color: #FFFFFF;\">10\/08\/2021<\/td><td style=\"color: #000000; background-color: #FFFFFF;\">09\/08\/2026<\/td><td style=\"color: #467886; background-color: #FFFFFF;text-decoration: underline;\"><a href=\"https:\/\/goias.gov.br\/administracao\/wp-content\/uploads\/sites\/27\/files\/licitacoes-contratos\/CV0152021.pdf\" target=\"_blank\">ABRIR<\/a><\/td><\/tr><tr><td style=\"color: #000000; background-color: #FFFFFF;\">020\/2021<\/td><td style=\"color: #000000; background-color: #FFFFFF;\">SEAD<\/td><td style=\"color: #000000; background-color: #FFFFFF;\">Municipio de Para\u00fana<\/td><td style=\"color: #000000; background-color: #FFFFFF;\">Presta\u00e7\u00e3o de Servi\u00e7os via Terminal de Atendimento Eletr\u00f4nico - Programa EXPRESSO<\/td><td style=\"color: #000000; background-color: #FFFFFF;\">60 meses<\/td><td style=\"color: #000000; background-color: #FFFFFF;\">10\/08\/2021<\/td><td style=\"color: #000000; background-color: #FFFFFF;\">09\/08\/2026<\/td><td style=\"color: #467886; background-color: #FFFFFF;text-decoration: underline;\"><a href=\"https:\/\/goias.gov.br\/administracao\/wp-content\/uploads\/sites\/27\/files\/licitacoes-contratos\/TermodeConvenion0202021.pdf\" target=\"_blank\">ABRIR<\/a><\/td><\/tr><tr><td style=\"color: #000000; background-color: #FFFFFF;\">025\/2021<\/td><td style=\"color: #000000; background-color: #FFFFFF;\">SEAD<\/td><td style=\"color: #000000; background-color: #FFFFFF;\">Municipio de Acre\u00fana<\/td><td style=\"color: #000000; background-color: #FFFFFF;\">Presta\u00e7\u00e3o de Servi\u00e7os via Terminal de Atendimento Eletr\u00f4nico - Programa EXPRESSO<\/td><td style=\"color: #000000; background-color: #FFFFFF;\">60 meses<\/td><td style=\"color: #000000; background-color: #FFFFFF;\">10\/08\/2021<\/td><td style=\"color: #000000; background-color: #FFFFFF;\">09\/08\/2026<\/td><td style=\"color: #467886; background-color: #FFFFFF;text-decoration: underline;\"><a href=\"https:\/\/goias.gov.br\/administracao\/wp-content\/uploads\/sites\/27\/files\/licitacoes-contratos\/TermodoConvenion0252021-1.pdf\" target=\"_blank\">ABRIR<\/a><\/td><\/tr><tr><td style=\"color: #000000; background-color: #FFFFFF;\">026\/2021<\/td><td style=\"color: #000000; background-color: #FFFFFF;\">SEAD<\/td><td style=\"color: #000000; background-color: #FFFFFF;\">Municipio de Goian\u00e9sia<\/td><td style=\"color: #000000; background-color: #FFFFFF;\">Presta\u00e7\u00e3o de Servi\u00e7os via Terminal de Atendimento Eletr\u00f4nico - Programa EXPRESSO<\/td><td style=\"color: #000000; background-color: #FFFFFF;\">60 meses<\/td><td style=\"color: #000000; background-color: #FFFFFF;\">10\/08\/2021<\/td><td style=\"color: #000000; background-color: #FFFFFF;\">09\/08\/2026<\/td><td style=\"color: #467886; background-color: #FFFFFF;text-decoration: underline;\"><a href=\"https:\/\/goias.gov.br\/administracao\/wp-content\/uploads\/sites\/27\/files\/licitacoes-contratos\/TermodoConvenion0262021.pdf\" target=\"_blank\">ABRIR<\/a><\/td><\/tr><tr><td style=\"color: #000000; background-color: #FFFFFF;\">028\/2021<\/td><td style=\"color: #000000; background-color: #FFFFFF;\">SEAD<\/td><td style=\"color: #000000; background-color: #FFFFFF;\">Municipio de Trindade<\/td><td style=\"color: #000000; background-color: #FFFFFF;\">Presta\u00e7\u00e3o de Servi\u00e7os via Terminal de Atendimento Eletr\u00f4nico - Programa EXPRESSO<\/td><td style=\"color: #000000; background-color: #FFFFFF;\">60 meses<\/td><td style=\"color: #000000; background-color: #FFFFFF;\">10\/08\/2021<\/td><td style=\"color: #000000; background-color: #FFFFFF;\">09\/08\/2026<\/td><td style=\"color: #467886; background-color: #FFFFFF;text-decoration: underline;\"><a href=\"https:\/\/goias.gov.br\/administracao\/wp-content\/uploads\/sites\/27\/files\/licitacoes-contratos\/TermodoConvenion0282021-1.pdf\" target=\"_blank\">ABRIR<\/a><\/td><\/tr><tr><td style=\"color: #000000; background-color: #FFFFFF;\">030\/2021<\/td><td style=\"color: #000000; background-color: #FFFFFF;\">SEAD<\/td><td style=\"color: #000000; background-color: #FFFFFF;\">Munic\u00edpio de Mineiros<\/td><td style=\"color: #000000; background-color: #FFFFFF;\">Implanta\u00e7\u00e3o e Operacionaliza\u00e7\u00e3o do Condom\u00ednio Vapt Vupt em Mineiros (GO)<\/td><td style=\"color: #000000; background-color: #FFFFFF;\">60 meses<\/td><td style=\"color: #000000; background-color: #FFFFFF;\">05\/08\/2021<\/td><td style=\"color: #000000; background-color: #FFFFFF;\">04\/08\/2026<\/td><td style=\"color: #467886; background-color: #FFFFFF;text-decoration: underline;\"><a href=\"https:\/\/goias.gov.br\/administracao\/wp-content\/uploads\/sites\/27\/files\/licitacoes-contratos\/Convenion0302021MunicipiodeMineiros-3.pdf\" target=\"_blank\">ABRIR<\/a><\/td><\/tr><tr><td style=\"color: #000000; background-color: #FFFFFF;\">029\/2021<\/td><td style=\"color: #000000; background-color: #FFFFFF;\">SEAD<\/td><td style=\"color: #000000; background-color: #FFFFFF;\">Munic\u00edpio de Para\u00fana<\/td><td style=\"color: #000000; background-color: #FFFFFF;\">Implanta\u00e7\u00e3o e Operacionaliza\u00e7\u00e3o do Condom\u00ednio Vapt Vupt em Para\u00fana (GO)<\/td><td style=\"color: #000000; background-color: #FFFFFF;\">60 meses<\/td><td style=\"color: #000000; background-color: #FFFFFF;\">04\/08\/2021<\/td><td style=\"color: #000000; background-color: #FFFFFF;\">03\/08\/2026<\/td><td style=\"color: #467886; background-color: #FFFFFF;text-decoration: underline;\"><a href=\"https:\/\/goias.gov.br\/administracao\/wp-content\/uploads\/sites\/27\/files\/licitacoes-contratos\/Convenion0292021MunicipiodeParauna-2.pdf\" target=\"_blank\">ABRIR<\/a><\/td><\/tr><tr><td style=\"color: #000000; background-color: #FFFFFF;\">012\/2021<\/td><td style=\"color: #000000; background-color: #FFFFFF;\">SEAD<\/td><td style=\"color: #000000; background-color: #FFFFFF;\">Ag\u00eancia Goiana de Infraestrutura e Transportes - GOINFRA<\/td><td style=\"color: #000000; background-color: #FFFFFF;\">Promover a parceria visando \u00e0 realiza\u00e7\u00e3o de Processo Seletivo Simplificado<\/td><td style=\"color: #000000; background-color: #FFFFFF;\">12 meses<\/td><td style=\"color: #000000; background-color: #FFFFFF;\">04\/08\/2021<\/td><td style=\"color: #000000; background-color: #FFFFFF;\">03\/08\/2022<\/td><td style=\"color: #467886; background-color: #FFFFFF;text-decoration: underline;\"><a href=\"https:\/\/goias.gov.br\/administracao\/wp-content\/uploads\/sites\/27\/files\/licitacoes-contratos\/TC0122021.pdf\" target=\"_blank\">ABRIR<\/a><\/td><\/tr><tr><td style=\"color: #000000; background-color: #FFFFFF;\">013\/2021<\/td><td style=\"color: #000000; background-color: #FFFFFF;\">SEAD<\/td><td style=\"color: #000000; background-color: #FFFFFF;\">Departamento Estadual de Tr\u00e2nsito - DETRAN<\/td><td style=\"color: #000000; background-color: #FFFFFF;\">Promover a parceria visando \u00e0 realiza\u00e7\u00e3o de Processo Seletivo Simplificado<\/td><td style=\"color: #000000; background-color: #FFFFFF;\">12 meses<\/td><td style=\"color: #000000; background-color: #FFFFFF;\">04\/08\/2021<\/td><td style=\"color: #000000; background-color: #FFFFFF;\">03\/08\/2022<\/td><td style=\"color: #467886; background-color: #FFFFFF;text-decoration: underline;\"><a href=\"https:\/\/goias.gov.br\/administracao\/wp-content\/uploads\/sites\/27\/files\/licitacoes-contratos\/TC0132021.pdf\" target=\"_blank\">ABRIR<\/a><\/td><\/tr><tr><td style=\"color: #000000; background-color: #FFFFFF;\">011\/2021<\/td><td style=\"color: #000000; background-color: #FFFFFF;\">SEAD<\/td><td style=\"color: #000000; background-color: #FFFFFF;\">Metrobus Transporte Coletivo S\/A<\/td><td style=\"color: #000000; background-color: #FFFFFF;\">Oferta de vagas para funcion\u00e1rios e servidores da METROBUS participar dos eventos de capacita\u00e7\u00e3o da Escola de Governo<\/td><td style=\"color: #000000; background-color: #FFFFFF;\">24 meses<\/td><td style=\"color: #000000; background-color: #FFFFFF;\">30\/07\/2021<\/td><td style=\"color: #000000; background-color: #FFFFFF;\">29\/07\/2023<\/td><td style=\"color: #467886; background-color: #FFFFFF;text-decoration: underline;\"><a href=\"https:\/\/goias.gov.br\/administracao\/wp-content\/uploads\/sites\/27\/files\/licitacoes-contratos\/TC0112021.pdf\" target=\"_blank\">ABRIR<\/a><\/td><\/tr><tr><td style=\"color: #000000; background-color: #FFFFFF;\">010\/2021<\/td><td style=\"color: #000000; background-color: #FFFFFF;\">SEAD<\/td><td style=\"color: #000000; background-color: #FFFFFF;\">Procuradoria-Geral do Estado de Goi\u00e1s - PGE<\/td><td style=\"color: #000000; background-color: #FFFFFF;\">Disponibiliza\u00e7\u00e3o de acesso ao sistema eletr\u00f4nico de gerenciamento da D\u00edvida Ativa N\u00e3o Tribut\u00e1ria do Estado de Goi\u00e1s administrado pela PGE<\/td><td style=\"color: #000000; background-color: #FFFFFF;\">60 meses<\/td><td style=\"color: #000000; background-color: #FFFFFF;\">21\/07\/2021<\/td><td style=\"color: #000000; background-color: #FFFFFF;\">20\/07\/2026<\/td><td style=\"color: #467886; background-color: #FFFFFF;text-decoration: underline;\"><a href=\"https:\/\/goias.gov.br\/administracao\/wp-content\/uploads\/sites\/27\/files\/licitacoes-contratos\/TC0102021.pdf\" target=\"_blank\">ABRIR<\/a><\/td><\/tr><tr><td style=\"color: #000000; background-color: #FFFFFF;\">003\/2021<\/td><td style=\"color: #000000; background-color: #FFFFFF;\">SEAD<\/td><td style=\"color: #000000; background-color: #FFFFFF;\">Munic\u00edpio de Santo Ant\u00f4nio do Descoberto<\/td><td style=\"color: #000000; background-color: #FFFFFF;\">Presta\u00e7\u00e3o de Servi\u00e7os via Terminal de Atendimento Eletr\u00f4nico - Programa EXPRESSO<\/td><td style=\"color: #000000; background-color: #FFFFFF;\">60 meses<\/td><td style=\"color: #000000; background-color: #FFFFFF;\">20\/07\/2021<\/td><td style=\"color: #000000; background-color: #FFFFFF;\">19\/07\/2026<\/td><td style=\"color: #467886; background-color: #FFFFFF;text-decoration: underline;\"><a href=\"https:\/\/goias.gov.br\/administracao\/wp-content\/uploads\/sites\/27\/files\/licitacoes-contratos\/CV0032021.pdf\" target=\"_blank\">ABRIR<\/a><\/td><\/tr><tr><td style=\"color: #000000; background-color: #FFFFFF;\">004\/2021<\/td><td style=\"color: #000000; background-color: #FFFFFF;\">SEAD<\/td><td style=\"color: #000000; background-color: #FFFFFF;\">Munic\u00edpio de Alex\u00e2nia<\/td><td style=\"color: #000000; background-color: #FFFFFF;\">Presta\u00e7\u00e3o de Servi\u00e7os via Terminal de Atendimento Eletr\u00f4nico - Programa EXPRESSO<\/td><td style=\"color: #000000; background-color: #FFFFFF;\">60 meses<\/td><td style=\"color: #000000; background-color: #FFFFFF;\">15\/07\/2021<\/td><td style=\"color: #000000; background-color: #FFFFFF;\">14\/07\/2026<\/td><td style=\"color: #467886; background-color: #FFFFFF;text-decoration: underline;\"><a href=\"https:\/\/goias.gov.br\/administracao\/wp-content\/uploads\/sites\/27\/files\/licitacoes-contratos\/CV0042021.pdf\" target=\"_blank\">ABRIR<\/a><\/td><\/tr><tr><td style=\"color: #000000; background-color: #FFFFFF;\">006\/2021<\/td><td style=\"color: #000000; background-color: #FFFFFF;\">SEAD<\/td><td style=\"color: #000000; background-color: #FFFFFF;\">Munic\u00edpio de Itapaci<\/td><td style=\"color: #000000; background-color: #FFFFFF;\">Presta\u00e7\u00e3o de Servi\u00e7os via Terminal de Atendimento Eletr\u00f4nico - Programa EXPRESSO<\/td><td style=\"color: #000000; background-color: #FFFFFF;\">60 meses<\/td><td style=\"color: #000000; background-color: #FFFFFF;\">15\/07\/2021<\/td><td style=\"color: #000000; background-color: #FFFFFF;\">14\/07\/2026<\/td><td style=\"color: #467886; background-color: #FFFFFF;text-decoration: underline;\"><a href=\"https:\/\/goias.gov.br\/administracao\/wp-content\/uploads\/sites\/27\/files\/licitacoes-contratos\/Convenion0062021.pdf\" target=\"_blank\">ABRIR<\/a><\/td><\/tr><tr><td style=\"color: #000000; background-color: #FFFFFF;\">011\/2021<\/td><td style=\"color: #000000; background-color: #FFFFFF;\">SEAD<\/td><td style=\"color: #000000; background-color: #FFFFFF;\">Munic\u00edpio de Piranhas<\/td><td style=\"color: #000000; background-color: #FFFFFF;\">Presta\u00e7\u00e3o de Servi\u00e7os via Terminal de Atendimento Eletr\u00f4nico - Programa EXPRESSO<\/td><td style=\"color: #000000; background-color: #FFFFFF;\">60 meses<\/td><td style=\"color: #000000; background-color: #FFFFFF;\">15\/07\/2021<\/td><td style=\"color: #000000; background-color: #FFFFFF;\">14\/07\/2026<\/td><td style=\"color: #467886; background-color: #FFFFFF;text-decoration: underline;\"><a href=\"https:\/\/goias.gov.br\/administracao\/wp-content\/uploads\/sites\/27\/files\/licitacoes-contratos\/CV0112021.pdf\" target=\"_blank\">ABRIR<\/a><\/td><\/tr><tr><td style=\"color: #000000; background-color: #FFFFFF;\">013\/2021<\/td><td style=\"color: #000000; background-color: #FFFFFF;\">SEAD<\/td><td style=\"color: #000000; background-color: #FFFFFF;\">Munic\u00edpio de Padre Bernardo<\/td><td style=\"color: #000000; background-color: #FFFFFF;\">Presta\u00e7\u00e3o de Servi\u00e7os via Terminal de Atendimento Eletr\u00f4nico - Programa EXPRESSO<\/td><td style=\"color: #000000; background-color: #FFFFFF;\">60 meses<\/td><td style=\"color: #000000; background-color: #FFFFFF;\">15\/07\/2021<\/td><td style=\"color: #000000; background-color: #FFFFFF;\">14\/07\/2026<\/td><td style=\"color: #467886; background-color: #FFFFFF;text-decoration: underline;\"><a href=\"https:\/\/goias.gov.br\/administracao\/wp-content\/uploads\/sites\/27\/files\/licitacoes-contratos\/CV0132021.pdf\" target=\"_blank\">ABRIR<\/a><\/td><\/tr><tr><td style=\"color: #000000; background-color: #FFFFFF;\">014\/2021<\/td><td style=\"color: #000000; background-color: #FFFFFF;\">SEAD<\/td><td style=\"color: #000000; background-color: #FFFFFF;\">Munic\u00edpio de Chapad\u00e3o do C\u00e9u<\/td><td style=\"color: #000000; background-color: #FFFFFF;\">Presta\u00e7\u00e3o de Servi\u00e7os via Terminal de Atendimento Eletr\u00f4nico - Programa EXPRESSO<\/td><td style=\"color: #000000; background-color: #FFFFFF;\">60 meses<\/td><td style=\"color: #000000; background-color: #FFFFFF;\">15\/07\/2021<\/td><td style=\"color: #000000; background-color: #FFFFFF;\">14\/07\/2026<\/td><td style=\"color: #467886; background-color: #FFFFFF;text-decoration: underline;\"><a href=\"https:\/\/goias.gov.br\/administracao\/wp-content\/uploads\/sites\/27\/files\/licitacoes-contratos\/CV0142021.pdf\" target=\"_blank\">ABRIR<\/a><\/td><\/tr><tr><td style=\"color: #000000; background-color: #FFFFFF;\">008\/2021<\/td><td style=\"color: #000000; background-color: #FFFFFF;\">SEAD<\/td><td style=\"color: #000000; background-color: #FFFFFF;\">Instituto de Assist\u00eancia dos Servidores P\u00fablicos do Estado de Goi\u00e1s - IPASGO<\/td><td style=\"color: #000000; background-color: #FFFFFF;\">Continuidade da m\u00fatua coopera\u00e7\u00e3o, com vistas a operacionaliza\u00e7\u00e3o dos servi\u00e7os relacionados ao IPASGO nas Unidades Vapt Vupt<\/td><td style=\"color: #000000; background-color: #FFFFFF;\">60 meses<\/td><td style=\"color: #000000; background-color: #FFFFFF;\">12\/07\/2021<\/td><td style=\"color: #000000; background-color: #FFFFFF;\">11\/07\/2026<\/td><td style=\"color: #467886; background-color: #FFFFFF;text-decoration: underline;\"><a href=\"https:\/\/goias.gov.br\/administracao\/wp-content\/uploads\/sites\/27\/files\/licitacoes-contratos\/TC0082021.pdf\" target=\"_blank\">ABRIR<\/a><\/td><\/tr><tr><td style=\"color: #000000; background-color: #FFFFFF;\">009\/2021<\/td><td style=\"color: #000000; background-color: #FFFFFF;\">SEAD<\/td><td style=\"color: #000000; background-color: #FFFFFF;\">Ag\u00eancia de Fomento de Goi\u00e1s S\/A - GOI\u00c1SFOMENTO<\/td><td style=\"color: #000000; background-color: #FFFFFF;\">Oferta de vagas para funcion\u00e1rios e servidores da GOI\u00c1SFOMENTO participar dos eventos de capacita\u00e7\u00e3o da Escola de Governo<\/td><td style=\"color: #000000; background-color: #FFFFFF;\">24 meses<\/td><td style=\"color: #000000; background-color: #FFFFFF;\">12\/07\/2021<\/td><td style=\"color: #000000; background-color: #FFFFFF;\">11\/07\/2023<\/td><td style=\"color: #467886; background-color: #FFFFFF;text-decoration: underline;\"><a href=\"https:\/\/goias.gov.br\/administracao\/wp-content\/uploads\/sites\/27\/files\/licitacoes-contratos\/TC0092021.pdf\" target=\"_blank\">ABRIR<\/a><\/td><\/tr><tr><td style=\"color: #000000; background-color: #FFFFFF;\">007\/2021<\/td><td style=\"color: #000000; background-color: #FFFFFF;\">SEAD<\/td><td style=\"color: #000000; background-color: #FFFFFF;\">Secretaria de Estado de Esporte e Lazer - SEL<\/td><td style=\"color: #000000; background-color: #FFFFFF;\">Promover a parceria visando \u00e0 realiza\u00e7\u00e3o de Processo Seletivo Simplificado<\/td><td style=\"color: #000000; background-color: #FFFFFF;\">12 meses<\/td><td style=\"color: #000000; background-color: #FFFFFF;\">29\/06\/2021<\/td><td style=\"color: #000000; background-color: #FFFFFF;\">28\/06\/2022<\/td><td style=\"color: #467886; background-color: #FFFFFF;text-decoration: underline;\"><a href=\"https:\/\/goias.gov.br\/administracao\/wp-content\/uploads\/sites\/27\/files\/licitacoes-contratos\/TC0072021.pdf\" target=\"_blank\">ABRIR<\/a><\/td><\/tr><tr><td style=\"color: #000000; background-color: #FFFFFF;\">006\/2021<\/td><td style=\"color: #000000; background-color: #FFFFFF;\">SEAD<\/td><td style=\"color: #000000; background-color: #FFFFFF;\">Secretaria de Estado de Cultura - SECULT<\/td><td style=\"color: #000000; background-color: #FFFFFF;\">Promover a parceria visando \u00e0 realiza\u00e7\u00e3o de Processo Seletivo Simplificado<\/td><td style=\"color: #000000; background-color: #FFFFFF;\">12 meses<\/td><td style=\"color: #000000; background-color: #FFFFFF;\">23\/06\/2021<\/td><td style=\"color: #000000; background-color: #FFFFFF;\">22\/06\/2022<\/td><td style=\"color: #467886; background-color: #FFFFFF;text-decoration: underline;\"><a href=\"https:\/\/goias.gov.br\/administracao\/wp-content\/uploads\/sites\/27\/files\/licitacoes-contratos\/TC0062021.pdf\" target=\"_blank\">ABRIR<\/a><\/td><\/tr><tr><td style=\"color: #000000; background-color: #FFFFFF;\">004\/2021<\/td><td style=\"color: #000000; background-color: #FFFFFF;\">SEAD<\/td><td style=\"color: #000000; background-color: #FFFFFF;\">Companhia de Desenvolvimento Econ\u00f4mico de Goi\u00e1s - CODEGO<\/td><td style=\"color: #000000; background-color: #FFFFFF;\">Oferta de vagas para funcion\u00e1rios e servidores da CODEGO participar dos eventos de capacita\u00e7\u00e3o da Escola de Governo<\/td><td style=\"color: #000000; background-color: #FFFFFF;\">24 meses<\/td><td style=\"color: #000000; background-color: #FFFFFF;\">31\/05\/2021<\/td><td style=\"color: #000000; background-color: #FFFFFF;\">30\/05\/2023<\/td><td style=\"color: #467886; background-color: #FFFFFF;text-decoration: underline;\"><a href=\"https:\/\/goias.gov.br\/administracao\/wp-content\/uploads\/sites\/27\/files\/licitacoes-contratos\/TC0042021.pdf\" target=\"_blank\">ABRIR<\/a><\/td><\/tr><tr><td style=\"color: #000000; background-color: #FFFFFF;\">005\/2021<\/td><td style=\"color: #000000; background-color: #FFFFFF;\">SEAD<\/td><td style=\"color: #000000; background-color: #FFFFFF;\">Secretaria de Estado da Retomada - SER<\/td><td style=\"color: #000000; background-color: #FFFFFF;\">Promover a parceria visando \u00e0 realiza\u00e7\u00e3o de Processo Seletivo Simplificado<\/td><td style=\"color: #000000; background-color: #FFFFFF;\">12 meses<\/td><td style=\"color: #000000; background-color: #FFFFFF;\">21\/05\/2021<\/td><td style=\"color: #000000; background-color: #FFFFFF;\">20\/05\/2022<\/td><td style=\"color: #467886; background-color: #FFFFFF;text-decoration: underline;\"><a href=\"https:\/\/goias.gov.br\/administracao\/wp-content\/uploads\/sites\/27\/files\/licitacoes-contratos\/TC0052021.pdf\" target=\"_blank\">ABRIR<\/a><\/td><\/tr><tr><td style=\"color: #000000; background-color: #FFFFFF;\">002\/2021<\/td><td style=\"color: #000000; background-color: #FFFFFF;\">SEAD<\/td><td style=\"color: #000000; background-color: #FFFFFF;\">Munic\u00edpio de Luzi\u00e2nia<\/td><td style=\"color: #000000; background-color: #FFFFFF;\">Implanta\u00e7\u00e3o e Operacionaliza\u00e7\u00e3o do Condom\u00ednio Vapt Vupt em Luzi\u00e2nia (GO)<\/td><td style=\"color: #000000; background-color: #FFFFFF;\">60 meses<\/td><td style=\"color: #000000; background-color: #FFFFFF;\">12\/05\/2021<\/td><td style=\"color: #000000; background-color: #FFFFFF;\">11\/05\/2026<\/td><td style=\"color: #467886; background-color: #FFFFFF;text-decoration: underline;\"><a href=\"https:\/\/goias.gov.br\/administracao\/wp-content\/uploads\/sites\/27\/files\/licitacoes-contratos\/CV0022021.pdf\" target=\"_blank\">ABRIR<\/a><\/td><\/tr><tr><td style=\"color: #000000; background-color: #FFFFFF;\">003\/2021<\/td><td style=\"color: #000000; background-color: #FFFFFF;\">SEAD<\/td><td style=\"color: #000000; background-color: #FFFFFF;\">Companhia de Investimento e Parcerias do Estado de Goi\u00e1s - GOI\u00c1S PARCERIAS<\/td><td style=\"color: #000000; background-color: #FFFFFF;\">Oferta de vagas para funcion\u00e1rios e servidores da GOI\u00c1S PARCERIAS participar dos eventos de capacita\u00e7\u00e3o da Escola de Governo<\/td><td style=\"color: #000000; background-color: #FFFFFF;\">24 meses<\/td><td style=\"color: #000000; background-color: #FFFFFF;\">30\/04\/2021<\/td><td style=\"color: #000000; background-color: #FFFFFF;\">29\/04\/2023<\/td><td style=\"color: #467886; background-color: #FFFFFF;text-decoration: underline;\"><a href=\"https:\/\/goias.gov.br\/administracao\/wp-content\/uploads\/sites\/27\/files\/licitacoes-contratos\/TC0032021.pdf\" target=\"_blank\">ABRIR<\/a><\/td><\/tr><tr><td style=\"color: #000000; background-color: #FFFFFF;\">002\/2021<\/td><td style=\"color: #000000; background-color: #FFFFFF;\">SEAD<\/td><td style=\"color: #000000; background-color: #FFFFFF;\">Organiza\u00e7\u00e3o das Volunt\u00e1rias de Goi\u00e1s - OVG<\/td><td style=\"color: #000000; background-color: #FFFFFF;\">Oferta de vagas para funcion\u00e1rios e servidores da OVG participar dos eventos de capacita\u00e7\u00e3o da Escola de Governo<\/td><td style=\"color: #000000; background-color: #FFFFFF;\">24 meses<\/td><td style=\"color: #000000; background-color: #FFFFFF;\">15\/04\/2021<\/td><td style=\"color: #000000; background-color: #FFFFFF;\">14\/04\/2023<\/td><td style=\"color: #467886; background-color: #FFFFFF;text-decoration: underline;\"><a href=\"https:\/\/goias.gov.br\/administracao\/wp-content\/uploads\/sites\/27\/files\/licitacoes-contratos\/TermoCooperacaon022021SEADOVG.pdf\" target=\"_blank\">ABRIR<\/a><\/td><\/tr><tr><td style=\"color: #000000; background-color: #FFFFFF;\">001\/2021<\/td><td style=\"color: #000000; background-color: #FFFFFF;\">SEAD<\/td><td style=\"color: #000000; background-color: #FFFFFF;\">Munic\u00edpio de Bela Vista de Goi\u00e1s<\/td><td style=\"color: #000000; background-color: #FFFFFF;\">Implanta\u00e7\u00e3o e Operacionaliza\u00e7\u00e3o do Condom\u00ednio Vapt Vupt em Bela Vista de Goi\u00e1s (GO)<\/td><td style=\"color: #000000; background-color: #FFFFFF;\">60 meses<\/td><td style=\"color: #000000; background-color: #FFFFFF;\">09\/04\/2021<\/td><td style=\"color: #000000; background-color: #FFFFFF;\">08\/04\/2026<\/td><td style=\"color: #467886; background-color: #FFFFFF;text-decoration: underline;\"><a href=\"https:\/\/goias.gov.br\/administracao\/wp-content\/uploads\/sites\/27\/files\/licitacoes-contratos\/CV0012021.pdf\" target=\"_blank\">ABRIR<\/a><\/td><\/tr><tr><td style=\"color: #000000; background-color: #FFFFFF;\">001\/2021<\/td><td style=\"color: #000000; background-color: #FFFFFF;\">SEAD<\/td><td style=\"color: #000000; background-color: #FFFFFF;\">Ag\u00eancia Goiana de Habita\u00e7\u00e3o - AGEHAB<\/td><td style=\"color: #000000; background-color: #FFFFFF;\">Oferta de vagas para funcion\u00e1rios e servidores da AGEHAB participar dos eventos de capacita\u00e7\u00e3o da Escola de Governo<\/td><td style=\"color: #000000; background-color: #FFFFFF;\">24 meses<\/td><td style=\"color: #000000; background-color: #FFFFFF;\">30\/03\/2021<\/td><td style=\"color: #000000; background-color: #FFFFFF;\">29\/03\/2023<\/td><td style=\"color: #467886; background-color: #FFFFFF;text-decoration: underline;\"><a href=\"https:\/\/goias.gov.br\/administracao\/wp-content\/uploads\/sites\/27\/files\/licitacoes-contratos\/TC0012021.pdf\" target=\"_blank\">ABRIR<\/a><\/td><\/tr><tr><td style=\"color: #000000; background-color: #FFFFFF;\">008\/2020<\/td><td style=\"color: #000000; background-color: #FFFFFF;\">SEAD<\/td><td style=\"color: #000000; background-color: #FFFFFF;\">Ag\u00eancia Goiana de Defesa Agropecu\u00e1ria - AGRODEFESA<\/td><td style=\"color: #000000; background-color: #FFFFFF;\">Coopera\u00e7\u00e3o entre os Part\u00edcipes nas depend\u00eancias do Vapt - Vupt<\/td><td style=\"color: #000000; background-color: #FFFFFF;\">Indeterminada<\/td><td style=\"color: #000000; background-color: #FFFFFF;\">25\/11\/2020<\/td><td style=\"color: #000000; background-color: #FFFFFF;\">Indeterminada<\/td><td style=\"color: #467886; background-color: #FFFFFF;text-decoration: underline;\"><a href=\"https:\/\/goias.gov.br\/administracao\/wp-content\/uploads\/sites\/27\/files\/licitacoes-contratos\/TC082020.pdf\" target=\"_blank\">ABRIR<\/a><\/td><\/tr><tr><td style=\"color: #000000; background-color: #FFFFFF;\">016\/2020<\/td><td style=\"color: #000000; background-color: #FFFFFF;\">SEAD<\/td><td style=\"color: #000000; background-color: #FFFFFF;\">Munic\u00edpio de Trindade<\/td><td style=\"color: #000000; background-color: #FFFFFF;\">Implanta\u00e7\u00e3o e Operacionaliza\u00e7\u00e3o do Condom\u00ednio Vapt Vupt em Trindade (GO)<\/td><td style=\"color: #000000; background-color: #FFFFFF;\">Indeterminada<\/td><td style=\"color: #000000; background-color: #FFFFFF;\">06\/11\/2020<\/td><td style=\"color: #000000; background-color: #FFFFFF;\">Indeterminada<\/td><td style=\"color: #467886; background-color: #FFFFFF;text-decoration: underline;\"><a href=\"https:\/\/goias.gov.br\/administracao\/wp-content\/uploads\/sites\/27\/files\/licitacoes-contratos\/CV0162020.pdf\" target=\"_blank\">ABRIR<\/a><\/td><\/tr><tr><td style=\"color: #000000; background-color: #FFFFFF;\">014\/2020<\/td><td style=\"color: #000000; background-color: #FFFFFF;\">SEAD<\/td><td style=\"color: #000000; background-color: #FFFFFF;\">Munic\u00edpio de Planaltina<\/td><td style=\"color: #000000; background-color: #FFFFFF;\">Implanta\u00e7\u00e3o e Operacionaliza\u00e7\u00e3o do Condom\u00ednio Vapt Vupt em Planaltina (GO)<\/td><td style=\"color: #000000; background-color: #FFFFFF;\">Indeterminada<\/td><td style=\"color: #000000; background-color: #FFFFFF;\">03\/11\/2020<\/td><td style=\"color: #000000; background-color: #FFFFFF;\">Indeterminada<\/td><td style=\"color: #467886; background-color: #FFFFFF;text-decoration: underline;\"><a href=\"https:\/\/goias.gov.br\/administracao\/wp-content\/uploads\/sites\/27\/files\/licitacoes-contratos\/CV0142020.pdf\" target=\"_blank\">ABRIR<\/a><\/td><\/tr><tr><td style=\"color: #000000; background-color: #FFFFFF;\">015\/2020<\/td><td style=\"color: #000000; background-color: #FFFFFF;\">SEAD<\/td><td style=\"color: #000000; background-color: #FFFFFF;\">Munic\u00edpio de S\u00e3o Lu\u00eds de Montes Belos<\/td><td style=\"color: #000000; background-color: #FFFFFF;\">Implanta\u00e7\u00e3o e Operacionaliza\u00e7\u00e3o do Condom\u00ednio Vapt Vupt em S\u00e3o Lu\u00eds de Montes Belos (GO)<\/td><td style=\"color: #000000; background-color: #FFFFFF;\">Indeterminada<\/td><td style=\"color: #000000; background-color: #FFFFFF;\">27\/10\/2020<\/td><td style=\"color: #000000; background-color: #FFFFFF;\">Indeterminada<\/td><td style=\"color: #467886; background-color: #FFFFFF;text-decoration: underline;\"><a href=\"https:\/\/goias.gov.br\/administracao\/wp-content\/uploads\/sites\/27\/files\/licitacoes-contratos\/CV0152020.pdf\" target=\"_blank\">ABRIR<\/a><\/td><\/tr><tr><td style=\"color: #000000; background-color: #FFFFFF;\">009\/2020<\/td><td style=\"color: #000000; background-color: #FFFFFF;\">SEAD<\/td><td style=\"color: #000000; background-color: #FFFFFF;\">Munic\u00edpio de Cristalina<\/td><td style=\"color: #000000; background-color: #FFFFFF;\">Implanta\u00e7\u00e3o e Operacionaliza\u00e7\u00e3o do Condom\u00ednio Vapt Vupt em Cristalina (GO)<\/td><td style=\"color: #000000; background-color: #FFFFFF;\">60 meses<\/td><td style=\"color: #000000; background-color: #FFFFFF;\">21\/10\/2020<\/td><td style=\"color: #000000; background-color: #FFFFFF;\">20\/10\/2025<\/td><td style=\"color: #467886; background-color: #FFFFFF;text-decoration: underline;\"><a href=\"https:\/\/goias.gov.br\/administracao\/wp-content\/uploads\/sites\/27\/files\/licitacoes-contratos\/CV009-2020.pdf\" target=\"_blank\">ABRIR<\/a><\/td><\/tr><tr><td style=\"color: #000000; background-color: #FFFFFF;\">008\/2020<\/td><td style=\"color: #000000; background-color: #FFFFFF;\">SEAD<\/td><td style=\"color: #000000; background-color: #FFFFFF;\">Munic\u00edpio de Itumbiara<\/td><td style=\"color: #000000; background-color: #FFFFFF;\">Implanta\u00e7\u00e3o e Operacionaliza\u00e7\u00e3o do Condom\u00ednio Vapt Vupt em Itumbiara (GO)<\/td><td style=\"color: #000000; background-color: #FFFFFF;\">60 meses<\/td><td style=\"color: #000000; background-color: #FFFFFF;\">03\/10\/2020<\/td><td style=\"color: #000000; background-color: #FFFFFF;\">02\/10\/2025<\/td><td style=\"color: #467886; background-color: #FFFFFF;text-decoration: underline;\"><a href=\"https:\/\/goias.gov.br\/administracao\/wp-content\/uploads\/sites\/27\/files\/licitacoes-contratos\/CV008-2020.pdf\" target=\"_blank\">ABRIR<\/a><\/td><\/tr><tr><td style=\"color: #000000; background-color: #FFFFFF;\">013\/2020<\/td><td style=\"color: #000000; background-color: #FFFFFF;\">SEAD<\/td><td style=\"color: #000000; background-color: #FFFFFF;\">Secretaria da Receita Federal do Brasil<\/td><td style=\"color: #000000; background-color: #FFFFFF;\">Interc\u00e2mbio de Informa\u00e7\u00f5es de Interesse Rec\u00edproco entre os Convenentes, Relativas a Pessoas F\u00edsicas<\/td><td style=\"color: #000000; background-color: #FFFFFF;\">Indeterminada<\/td><td style=\"color: #000000; background-color: #FFFFFF;\">25\/09\/2020<\/td><td style=\"color: #000000; background-color: #FFFFFF;\">Indeterminada<\/td><td style=\"color: #467886; background-color: #FFFFFF;text-decoration: underline;\"><a href=\"https:\/\/goias.gov.br\/administracao\/wp-content\/uploads\/sites\/27\/files\/licitacoes-contratos\/CV0132020.pdf\" target=\"_blank\">ABRIR<\/a><\/td><\/tr><tr><td style=\"color: #000000; background-color: #FFFFFF;\">012\/2020<\/td><td style=\"color: #000000; background-color: #FFFFFF;\">SEAD<\/td><td style=\"color: #000000; background-color: #FFFFFF;\">Munic\u00edpio de Goiatuba<\/td><td style=\"color: #000000; background-color: #FFFFFF;\">Implanta\u00e7\u00e3o e Operacionaliza\u00e7\u00e3o do Condom\u00ednio Vapt Vupt em Goiatuba (GO)<\/td><td style=\"color: #000000; background-color: #FFFFFF;\">Indeterminada<\/td><td style=\"color: #000000; background-color: #FFFFFF;\">25\/08\/2020<\/td><td style=\"color: #000000; background-color: #FFFFFF;\">Indeterminada<\/td><td style=\"color: #467886; background-color: #FFFFFF;text-decoration: underline;\"><a href=\"https:\/\/goias.gov.br\/administracao\/wp-content\/uploads\/sites\/27\/files\/licitacoes-contratos\/CV122020.pdf\" target=\"_blank\">ABRIR<\/a><\/td><\/tr><tr><td style=\"color: #000000; background-color: #FFFFFF;\">011\/2020<\/td><td style=\"color: #000000; background-color: #FFFFFF;\">SEAD<\/td><td style=\"color: #000000; background-color: #FFFFFF;\">Munic\u00edpio de Pires do Rio<\/td><td style=\"color: #000000; background-color: #FFFFFF;\">Implanta\u00e7\u00e3o e Operacionaliza\u00e7\u00e3o do Condom\u00ednio Vapt Vupt em Pires do Rio (GO)<\/td><td style=\"color: #000000; background-color: #FFFFFF;\">Indeterminada<\/td><td style=\"color: #000000; background-color: #FFFFFF;\">13\/08\/2020<\/td><td style=\"color: #000000; background-color: #FFFFFF;\">Indeterminada<\/td><td style=\"color: #467886; background-color: #FFFFFF;text-decoration: underline;\"><a href=\"https:\/\/goias.gov.br\/administracao\/wp-content\/uploads\/sites\/27\/files\/licitacoes-contratos\/CV112020.pdf\" target=\"_blank\">ABRIR<\/a><\/td><\/tr><tr><td style=\"color: #000000; background-color: #FFFFFF;\">010\/2020<\/td><td style=\"color: #000000; background-color: #FFFFFF;\">SEAD<\/td><td style=\"color: #000000; background-color: #FFFFFF;\">Munic\u00edpio de Santa Helena de Goi\u00e1s<\/td><td style=\"color: #000000; background-color: #FFFFFF;\">Implanta\u00e7\u00e3o e Operacionaliza\u00e7\u00e3o do Condom\u00ednio Vapt Vupt em Santa Helena de Goi\u00e1s (GO)<\/td><td style=\"color: #000000; background-color: #FFFFFF;\">60 meses<\/td><td style=\"color: #000000; background-color: #FFFFFF;\">23\/07\/2020<\/td><td style=\"color: #000000; background-color: #FFFFFF;\">22\/07\/2025<\/td><td style=\"color: #467886; background-color: #FFFFFF;text-decoration: underline;\"><a href=\"https:\/\/goias.gov.br\/administracao\/wp-content\/uploads\/sites\/27\/files\/licitacoes-contratos\/CV010-2020.pdf\" target=\"_blank\">ABRIR<\/a><\/td><\/tr><tr><td style=\"color: #000000; background-color: #FFFFFF;\">007\/2020<\/td><td style=\"color: #000000; background-color: #FFFFFF;\">SEAD<\/td><td style=\"color: #000000; background-color: #FFFFFF;\">Secretaria da Receita Federal do Brasil<\/td><td style=\"color: #000000; background-color: #FFFFFF;\">Implanta\u00e7\u00e3o e Operacionaliza\u00e7\u00e3o de servi\u00e7os da Receita Federal nas depend\u00eancias das Unidades de Atendimento do Vapt Vupt.<\/td><td style=\"color: #000000; background-color: #FFFFFF;\">Indeterminada<\/td><td style=\"color: #000000; background-color: #FFFFFF;\">25\/05\/2020<\/td><td style=\"color: #000000; background-color: #FFFFFF;\">Indeterminada<\/td><td style=\"color: #467886; background-color: #FFFFFF;text-decoration: underline;\"><a href=\"https:\/\/goias.gov.br\/administracao\/wp-content\/uploads\/sites\/27\/files\/licitacoes-contratos\/CV007-2020.pdf\" target=\"_blank\">ABRIR<\/a><\/td><\/tr><tr><td style=\"color: #000000; background-color: #FFFFFF;\">006\/2020<\/td><td style=\"color: #000000; background-color: #FFFFFF;\">SEAD<\/td><td style=\"color: #000000; background-color: #FFFFFF;\">Munic\u00edpio de S\u00e3o Miguel do Araguaia<\/td><td style=\"color: #000000; background-color: #FFFFFF;\">Implanta\u00e7\u00e3o e Operacionaliza\u00e7\u00e3o do Condom\u00ednio Vapt Vupt em S\u00e3o Miguel do Araguaia (GO)<\/td><td style=\"color: #000000; background-color: #FFFFFF;\">60 meses<\/td><td style=\"color: #000000; background-color: #FFFFFF;\">21\/05\/2020<\/td><td style=\"color: #000000; background-color: #FFFFFF;\">20\/05\/2025<\/td><td style=\"color: #467886; background-color: #FFFFFF;text-decoration: underline;\"><a href=\"https:\/\/goias.gov.br\/administracao\/wp-content\/uploads\/sites\/27\/files\/licitacoes-contratos\/CV006-2020.pdf\" target=\"_blank\">ABRIR<\/a><\/td><\/tr><tr><td style=\"color: #000000; background-color: #FFFFFF;\">002\/2020<\/td><td style=\"color: #000000; background-color: #FFFFFF;\">SEAD<\/td><td style=\"color: #000000; background-color: #FFFFFF;\">Departamento Estadual de Tr\u00e2nsito<\/td><td style=\"color: #000000; background-color: #FFFFFF;\">Implementar a transfer\u00eancia da Unidade do Vapt Vupt de Mozarl\u00e2ndia (GO).<\/td><td style=\"color: #000000; background-color: #FFFFFF;\">Indeterminada<\/td><td style=\"color: #000000; background-color: #FFFFFF;\">24\/04\/2020<\/td><td style=\"color: #000000; background-color: #FFFFFF;\">Indeterminada<\/td><td style=\"color: #467886; background-color: #FFFFFF;text-decoration: underline;\"><a href=\"https:\/\/goias.gov.br\/administracao\/wp-content\/uploads\/sites\/27\/files\/licitacoes-contratos\/TC002-2020.pdf\" target=\"_blank\">ABRIR<\/a><\/td><\/tr><tr><td style=\"color: #000000; background-color: #FFFFFF;font-weight: bold;\">005\/2020*<\/td><td style=\"color: #000000; background-color: #FFFFFF;\">SEAD<\/td><td style=\"color: #000000; background-color: #FFFFFF;\">Munic\u00edpio de Formosa<\/td><td style=\"color: #000000; background-color: #FFFFFF;\">Implanta\u00e7\u00e3o e Operacionaliza\u00e7\u00e3o do Condom\u00ednio Vapt Vupt em Formosa (GO)<\/td><td style=\"color: #000000; background-color: #FFFFFF;\">60 meses<\/td><td style=\"color: #000000; background-color: #FFFFFF;\">17\/04\/2020<\/td><td style=\"color: #000000; background-color: #FFFFFF;\">16\/04\/2025<\/td><td style=\"color: #467886; background-color: #FFFFFF;text-decoration: underline;\"><a href=\"https:\/\/goias.gov.br\/administracao\/wp-content\/uploads\/sites\/27\/files\/licitacoes-contratos\/Convenion0052020MunicipioFormosa.pdf\" target=\"_blank\">ABRIR<\/a><\/td><\/tr><tr><td style=\"color: #000000; background-color: #FFFFFF;\">005\/2020<\/td><td style=\"color: #000000; background-color: #FFFFFF;\">SEAD<\/td><td style=\"color: #000000; background-color: #FFFFFF;\">Munic\u00edpio de Ner\u00f3polis<\/td><td style=\"color: #000000; background-color: #FFFFFF;\">Implanta\u00e7\u00e3o e Operacionaliza\u00e7\u00e3o do Condom\u00ednio Vapt Vupt em Ner\u00f3polis (GO)<\/td><td style=\"color: #000000; background-color: #FFFFFF;\">60 meses<\/td><td style=\"color: #000000; background-color: #FFFFFF;\">07\/04\/2020<\/td><td style=\"color: #000000; background-color: #FFFFFF;\">06\/04\/2025<\/td><td style=\"color: #467886; background-color: #FFFFFF;text-decoration: underline;\"><a href=\"https:\/\/goias.gov.br\/administracao\/wp-content\/uploads\/sites\/27\/files\/licitacoes-contratos\/CV005-2020.pdf\" target=\"_blank\">ABRIR<\/a><\/td><\/tr><tr><td style=\"color: #000000; background-color: #FFFFFF;\">004\/2020<\/td><td style=\"color: #000000; background-color: #FFFFFF;\">SEAD<\/td><td style=\"color: #000000; background-color: #FFFFFF;\">Munic\u00edpio de Mina\u00e7u<\/td><td style=\"color: #000000; background-color: #FFFFFF;\">Implanta\u00e7\u00e3o e Operacionaliza\u00e7\u00e3o do Condom\u00ednio Vapt Vupt em Mina\u00e7u (GO)<\/td><td style=\"color: #000000; background-color: #FFFFFF;\">60 meses<\/td><td style=\"color: #000000; background-color: #FFFFFF;\">12\/03\/2020<\/td><td style=\"color: #000000; background-color: #FFFFFF;\">11\/03\/2025<\/td><td style=\"color: #467886; background-color: #FFFFFF;text-decoration: underline;\"><a href=\"https:\/\/goias.gov.br\/administracao\/wp-content\/uploads\/sites\/27\/files\/licitacoes-contratos\/Convenio0042020.pdf\" target=\"_blank\">ABRIR<\/a><\/td><\/tr><tr><td style=\"color: #000000; background-color: #FFFFFF;\">003\/2020<\/td><td style=\"color: #000000; background-color: #FFFFFF;\">SEAD<\/td><td style=\"color: #000000; background-color: #FFFFFF;\">Superintend\u00eancia Regional do Departamento da Pol\u00edcia Federal em Goi\u00e1s<\/td><td style=\"color: #000000; background-color: #FFFFFF;\">Implanta\u00e7\u00e3o e Operacionaliza\u00e7\u00e3o de servi\u00e7os da Pol\u00edcia Federal nas depend\u00eancias das Unidades de Atendimento do Vapt Vupt.<\/td><td style=\"color: #000000; background-color: #FFFFFF;\">60 meses<\/td><td style=\"color: #000000; background-color: #FFFFFF;\">07\/02\/2020<\/td><td style=\"color: #000000; background-color: #FFFFFF;\">06\/02\/2025<\/td><td style=\"color: #467886; background-color: #FFFFFF;text-decoration: underline;\"><a href=\"https:\/\/goias.gov.br\/administracao\/wp-content\/uploads\/sites\/27\/files\/licitacoes-contratos\/Convenio0032020.pdf\" target=\"_blank\">ABRIR<\/a><\/td><\/tr><tr><td style=\"color: #000000; background-color: #FFFFFF;\">002\/2020<\/td><td style=\"color: #000000; background-color: #FFFFFF;\">SEAD<\/td><td style=\"color: #000000; background-color: #FFFFFF;\">Municpio de Rialma<\/td><td style=\"color: #000000; background-color: #FFFFFF;\">Implanta\u00e7\u00e3o e Operacionaliza\u00e7\u00e3o do Condom\u00ednio Vapt Vupt em Rialma (GO)<\/td><td style=\"color: #000000; background-color: #FFFFFF;\">60 meses<\/td><td style=\"color: #000000; background-color: #FFFFFF;\">04\/02\/2020<\/td><td style=\"color: #000000; background-color: #FFFFFF;\">03\/02\/2025<\/td><td style=\"color: #467886; background-color: #FFFFFF;text-decoration: underline;\"><a href=\"https:\/\/goias.gov.br\/administracao\/wp-content\/uploads\/sites\/27\/files\/licitacoes-contratos\/Convenio002-2020.pdf\" target=\"_blank\">ABRIR<\/a><\/td><\/tr><tr><td style=\"color: #000000; background-color: #FFFFFF;\">001\/2020<\/td><td style=\"color: #000000; background-color: #FFFFFF;\">SEAD<\/td><td style=\"color: #000000; background-color: #FFFFFF;\">Secretaria de Seguran\u00e7a P\u00fablica<\/td><td style=\"color: #000000; background-color: #FFFFFF;\">Coopera\u00e7\u00e3o entre os Part\u00edcipes nas depend\u00eancias do Vapt - Vupt<\/td><td style=\"color: #000000; background-color: #FFFFFF;\">60 meses<\/td><td style=\"color: #000000; background-color: #FFFFFF;\">20\/01\/2020<\/td><td style=\"color: #000000; background-color: #FFFFFF;\">19\/01\/2025<\/td><td style=\"color: #467886; background-color: #FFFFFF;text-decoration: underline;\"><a href=\"https:\/\/goias.gov.br\/administracao\/wp-content\/uploads\/sites\/27\/files\/licitacoes-contratos\/TermodeCooperacaon012020.pdf\" target=\"_blank\">ABRIR<\/a><\/td><\/tr><tr><td style=\"color: #000000; background-color: #FFFFFF;\">001\/2020<\/td><td style=\"color: #000000; background-color: #FFFFFF;\">SEAD<\/td><td style=\"color: #000000; background-color: #FFFFFF;\">Munic\u00edpio de Ipor\u00e1<\/td><td style=\"color: #000000; background-color: #FFFFFF;\">Implanta\u00e7\u00e3o e Operacionaliza\u00e7\u00e3o do Condom\u00ednio Vapt Vupt em Ipor\u00e1 (GO)<\/td><td style=\"color: #000000; background-color: #FFFFFF;\">60 meses<\/td><td style=\"color: #000000; background-color: #FFFFFF;\">16\/01\/2020<\/td><td style=\"color: #000000; background-color: #FFFFFF;\">15\/01\/2025<\/td><td style=\"color: #467886; background-color: #FFFFFF;text-decoration: underline;\"><a href=\"https:\/\/goias.gov.br\/administracao\/wp-content\/uploads\/sites\/27\/files\/licitacoes-contratos\/Convenion012020.pdf\" target=\"_blank\">ABRIR<\/a><\/td><\/tr><tr><td style=\"color: #000000; background-color: #FFFFFF;\">003\/2019<\/td><td style=\"color: #000000; background-color: #FFFFFF;\">SEAD<\/td><td style=\"color: #000000; background-color: #FFFFFF;\">Munic\u00edpio de Santo Ant\u00f4nio do Descoberto<\/td><td style=\"color: #000000; background-color: #FFFFFF;\">Desenvolvimento de a\u00e7\u00f5es destinadas \u00e0 implanta\u00e7\u00e3o e operacionaliza\u00e7\u00e3o dos servi\u00e7os.<\/td><td style=\"color: #000000; background-color: #FFFFFF;\">60 meses<\/td><td style=\"color: #000000; background-color: #FFFFFF;\">17\/12\/2019<\/td><td style=\"color: #000000; background-color: #FFFFFF;\">17\/12\/2024<\/td><td style=\"color: #467886; background-color: #FFFFFF;text-decoration: underline;\"><a href=\"https:\/\/goias.gov.br\/administracao\/wp-content\/uploads\/sites\/27\/files\/licitacoes-contratos\/CV003-2019.pdf\" target=\"_blank\">ABRIR<\/a><\/td><\/tr><tr><td style=\"color: #000000; background-color: #FFFFFF;\">004\/2019<\/td><td style=\"color: #000000; background-color: #FFFFFF;\">SEAD<\/td><td style=\"color: #000000; background-color: #FFFFFF;\">Secretaria-Geral da Governadoria<\/td><td style=\"color: #000000; background-color: #FFFFFF;\">Desenvolvimento de a\u00e7\u00f5es destinadas \u00e0 operacionaliza\u00e7\u00e3o dos servi\u00e7os no Vapt Vupt<\/td><td style=\"color: #000000; background-color: #FFFFFF;\">60 meses<\/td><td style=\"color: #000000; background-color: #FFFFFF;\">16\/12\/2019<\/td><td style=\"color: #000000; background-color: #FFFFFF;\">15\/12\/2024<\/td><td style=\"color: #467886; background-color: #FFFFFF;text-decoration: underline;\"><a href=\"https:\/\/goias.gov.br\/administracao\/wp-content\/uploads\/sites\/27\/files\/licitacoes-contratos\/TC004-2019.pdf\" target=\"_blank\">ABRIR<\/a><\/td><\/tr><tr><td style=\"color: #000000; background-color: #FFFFFF;\">003\/2019<\/td><td style=\"color: #000000; background-color: #FFFFFF;\">SEAD<\/td><td style=\"color: #000000; background-color: #FFFFFF;\">Municipio de Itapuranga<\/td><td style=\"color: #000000; background-color: #FFFFFF;\">Implanta\u00e7\u00e3o do Vapt Vupt com operacionaliza\u00e7\u00e3o dos servi\u00e7os da Junta Militar, Renda Cidad\u00e3 ,INCRA, SEBRAE, Banco do Povo, Carteira de Trabalho e Tributos Municipais.<\/td><td style=\"color: #000000; background-color: #FFFFFF;\">60 meses<\/td><td style=\"color: #000000; background-color: #FFFFFF;\">23\/10\/2019<\/td><td style=\"color: #000000; background-color: #FFFFFF;\">22\/10\/2024<\/td><td style=\"color: #467886; background-color: #FFFFFF;text-decoration: underline;\"><a href=\"https:\/\/goias.gov.br\/administracao\/wp-content\/uploads\/sites\/27\/files\/licitacoes-contratos\/AcordodeCooperacaon032019.pdf\" target=\"_blank\">ABRIR<\/a><\/td><\/tr><tr><td style=\"color: #000000; background-color: #FFFFFF;\">002\/2019<\/td><td style=\"color: #000000; background-color: #FFFFFF;\">SEAD<\/td><td style=\"color: #000000; background-color: #FFFFFF;\">Munic\u00edpio de Ipameri<\/td><td style=\"color: #000000; background-color: #FFFFFF;\">Implanta\u00e7\u00e3o do Vapt Vupt com operacionaliza\u00e7\u00e3o dos servi\u00e7os do Banco do Povo, Detran, Ipasgo, Procon, Saneago, Junta Militar e Servi\u00e7so Municipais<\/td><td style=\"color: #000000; background-color: #FFFFFF;\">60 meses<\/td><td style=\"color: #000000; background-color: #FFFFFF;\">18\/10\/2019<\/td><td style=\"color: #000000; background-color: #FFFFFF;\">17\/10\/2024<\/td><td style=\"color: #467886; background-color: #FFFFFF;text-decoration: underline;\"><a href=\"https:\/\/goias.gov.br\/administracao\/wp-content\/uploads\/sites\/27\/files\/licitacoes-contratos\/TermodeCooperacaon022019.pdf\" target=\"_blank\">ABRIR<\/a><\/td><\/tr><tr><td style=\"color: #000000; background-color: #FFFFFF;\">001\/2019<\/td><td style=\"color: #000000; background-color: #FFFFFF;\">SEAD<\/td><td style=\"color: #000000; background-color: #FFFFFF;\">Munic\u00edpio de Alvorada do Norte<\/td><td style=\"color: #000000; background-color: #FFFFFF;\">Desenvolvimento de a\u00e7\u00f5es destinadas \u00e0 implanta\u00e7\u00e3o e operacionaliza\u00e7\u00e3o de servi\u00e7os na Unidade Fixa de Atendimento do Vapt-Vupt<\/td><td style=\"color: #000000; background-color: #FFFFFF;\">60 meses<\/td><td style=\"color: #000000; background-color: #FFFFFF;\">07\/02\/2019<\/td><td style=\"color: #000000; background-color: #FFFFFF;\">06\/02\/2024<\/td><td style=\"color: #467886; background-color: #FFFFFF;text-decoration: underline;\"><a href=\"http:\/\/www.segplan.go.gov.br\/files\/licitacoes-contratos\/TermodeCooperacao0012019.pdf\" target=\"_blank\">ABRIR<\/a><\/td><\/tr><tr><td style=\"color: #000000; background-color: #FFFFFF;\">035\/2018<\/td><td style=\"color: #000000; background-color: #FFFFFF;\">SEAD<\/td><td style=\"color: #000000; background-color: #FFFFFF;\">Munic\u00edpio de Porangatu<\/td><td style=\"color: #000000; background-color: #FFFFFF;\">Desenvolvimento de a\u00e7\u00f5es destinadas \u00e0 implanta\u00e7\u00e3o e operacionaliza\u00e7\u00e3o de servi\u00e7os na Unidade Fixa de Atendimento do Vapt-Vupt<\/td><td style=\"color: #000000; background-color: #FFFFFF;\">60 meses<\/td><td style=\"color: #000000; background-color: #FFFFFF;\">26\/12\/2018<\/td><td style=\"color: #000000; background-color: #FFFFFF;\">25\/12\/2023<\/td><td style=\"color: #467886; background-color: #FFFFFF;text-decoration: underline;\"><a href=\"https:\/\/goias.gov.br\/administracao\/wp-content\/uploads\/sites\/27\/2018\/02\/TermodeCooperacaon.035-2018-MunicipiodePorangatu-75e.pdf\" target=\"_blank\">ABRIR<\/a><\/td><\/tr><tr><td style=\"color: #000000; background-color: #FFFFFF;\">034\/2018<\/td><td style=\"color: #000000; background-color: #FFFFFF;\">SEAD<\/td><td style=\"color: #000000; background-color: #FFFFFF;\">Munic\u00edpio de Mozarl\u00e2ndia<\/td><td style=\"color: #000000; background-color: #FFFFFF;\">Desenvolvimento de a\u00e7\u00f5es destinadas \u00e0 implanta\u00e7\u00e3o e operacionaliza\u00e7\u00e3o de servi\u00e7os na Unidade Fixa de Atendimento do Vapt-Vupt<\/td><td style=\"color: #000000; background-color: #FFFFFF;\">60 meses<\/td><td style=\"color: #000000; background-color: #FFFFFF;\">23\/11\/2018<\/td><td style=\"color: #000000; background-color: #FFFFFF;\">22\/11\/2023<\/td><td style=\"color: #467886; background-color: #FFFFFF;text-decoration: underline;\"><a href=\"https:\/\/goias.gov.br\/administracao\/wp-content\/uploads\/sites\/27\/2018\/02\/Termo_de_Cooperacao_n_034-2018-1a1.pdf\" target=\"_blank\">ABRIR<\/a><\/td><\/tr><tr><td style=\"color: #000000; background-color: #FFFFFF;\">033\/2018<\/td><td style=\"color: #000000; background-color: #FFFFFF;\">SEAD<\/td><td style=\"color: #000000; background-color: #FFFFFF;\">Munic\u00edpio de Itabera\u00ed<\/td><td style=\"color: #000000; background-color: #FFFFFF;\">Desenvolvimento de a\u00e7\u00f5es destinadas \u00e0 implanta\u00e7\u00e3o e operacionaliza\u00e7\u00e3o de servi\u00e7os na Unidade Fixa de Atendimento do Vapt-Vupt<\/td><td style=\"color: #000000; background-color: #FFFFFF;\">60 meses<\/td><td style=\"color: #000000; background-color: #FFFFFF;\">20\/11\/2018<\/td><td style=\"color: #000000; background-color: #FFFFFF;\">19\/11\/2023<\/td><td style=\"color: #467886; background-color: #FFFFFF;text-decoration: underline;\"><a href=\"https:\/\/goias.gov.br\/administracao\/wp-content\/uploads\/sites\/27\/2018\/02\/Termo_de_Cooperacao_n_033-2018-f8c.pdf\" target=\"_blank\">ABRIR<\/a><\/td><\/tr><tr><td style=\"color: #000000; background-color: #FFFFFF;\">068\/2018<\/td><td style=\"color: #000000; background-color: #FFFFFF;\">SEAD<\/td><td style=\"color: #000000; background-color: #FFFFFF;\">Universidade Federal de Goi\u00e1s<\/td><td style=\"color: #000000; background-color: #FFFFFF;\">Proporcionar aos estudantes oportunidade de realiza\u00e7\u00e3o de est\u00e1gio curricular obrigat\u00f3rio n\u00e3o remunerado.<\/td><td style=\"color: #000000; background-color: #FFFFFF;\">60 meses<\/td><td style=\"color: #000000; background-color: #FFFFFF;\">06\/11\/2018<\/td><td style=\"color: #000000; background-color: #FFFFFF;\">05\/11\/2023<\/td><td style=\"color: #467886; background-color: #FFFFFF;text-decoration: underline;\"><a href=\"https:\/\/goias.gov.br\/administracao\/wp-content\/uploads\/sites\/27\/files\/licitacoes-contratos\/CV068-2018.pdf\" target=\"_blank\">ABRIR<\/a><\/td><\/tr><tr><td style=\"color: #000000; background-color: #FFFFFF;\">031\/2018<\/td><td style=\"color: #000000; background-color: #FFFFFF;\">SEAD<\/td><td style=\"color: #000000; background-color: #FFFFFF;\">Munic\u00edpio de Bom Jesus de Goi\u00e1s<\/td><td style=\"color: #000000; background-color: #FFFFFF;\">Desenvolvimento de a\u00e7\u00f5es destinadas \u00e0 implanta\u00e7\u00e3o e operacionaliza\u00e7\u00e3o de servi\u00e7os na Unidade Fixa de Atendimento do Vapt-Vupt<\/td><td style=\"color: #000000; background-color: #FFFFFF;\">60 meses<\/td><td style=\"color: #000000; background-color: #FFFFFF;\">06\/11\/2018<\/td><td style=\"color: #000000; background-color: #FFFFFF;\">05\/11\/2023<\/td><td style=\"color: #467886; background-color: #FFFFFF;text-decoration: underline;\"><a href=\"https:\/\/goias.gov.br\/administracao\/wp-content\/uploads\/sites\/27\/2018\/02\/Termo_de_Cooperacao_n._031-2018-718.pdf\" target=\"_blank\">ABRIR<\/a><\/td><\/tr><tr><td style=\"color: #000000; background-color: #FFFFFF;\">032\/2018<\/td><td style=\"color: #000000; background-color: #FFFFFF;\">SEAD<\/td><td style=\"color: #000000; background-color: #FFFFFF;\">Munic\u00edpio de Buriti Alegre<\/td><td style=\"color: #000000; background-color: #FFFFFF;\">Desenvolvimento de a\u00e7\u00f5es destinadas \u00e0 implanta\u00e7\u00e3o e operacionaliza\u00e7\u00e3o de servi\u00e7os na Unidade Fixa de Atendimento do Vapt-Vupt<\/td><td style=\"color: #000000; background-color: #FFFFFF;\">60 meses<\/td><td style=\"color: #000000; background-color: #FFFFFF;\">06\/11\/2018<\/td><td style=\"color: #000000; background-color: #FFFFFF;\">05\/11\/2023<\/td><td style=\"color: #467886; background-color: #FFFFFF;text-decoration: underline;\"><a href=\"https:\/\/goias.gov.br\/administracao\/wp-content\/uploads\/sites\/27\/2018\/02\/Termo_de_Cooperacao_n._032-2018-9ab.pdf\" target=\"_blank\">ABRIR<\/a><\/td><\/tr><tr><td style=\"color: #000000; background-color: #FFFFFF;\">028\/2018<\/td><td style=\"color: #000000; background-color: #FFFFFF;\">SEAD<\/td><td style=\"color: #000000; background-color: #FFFFFF;\">Secretaria da Fazenda - SEFAZ<\/td><td style=\"color: #000000; background-color: #FFFFFF;\">Desenvolvimento de a\u00e7\u00f5es destinadas \u00e0 implanta\u00e7\u00e3o e operacionaliza\u00e7\u00e3o de servi\u00e7os na Unidade Fixa de Atendimento do Vapt-Vupt<\/td><td style=\"color: #000000; background-color: #FFFFFF;\">60 meses<\/td><td style=\"color: #000000; background-color: #FFFFFF;\">11\/10\/2018<\/td><td style=\"color: #000000; background-color: #FFFFFF;\">10\/10\/2023<\/td><td style=\"color: #467886; background-color: #FFFFFF;text-decoration: underline;\"><a href=\"https:\/\/goias.gov.br\/administracao\/wp-content\/uploads\/sites\/27\/2018\/02\/Termo_de_Cooperacao_n._028-2018-4c1.pdf\" target=\"_blank\">ABRIR<\/a><\/td><\/tr><tr><td style=\"color: #000000; background-color: #FFFFFF;\">029\/2018<\/td><td style=\"color: #000000; background-color: #FFFFFF;\">SEAD<\/td><td style=\"color: #000000; background-color: #FFFFFF;\">Munic\u00edpio de Corumb\u00e1 de Goi\u00e1s<\/td><td style=\"color: #000000; background-color: #FFFFFF;\">Desenvolvimento de a\u00e7\u00f5es destinadas \u00e0 implanta\u00e7\u00e3o e operacionaliza\u00e7\u00e3o de servi\u00e7os na Unidade Fixa de Atendimento do Vapt-Vupt<\/td><td style=\"color: #000000; background-color: #FFFFFF;\">60 meses<\/td><td style=\"color: #000000; background-color: #FFFFFF;\">02\/10\/2018<\/td><td style=\"color: #000000; background-color: #FFFFFF;\">01\/10\/2023<\/td><td style=\"color: #467886; background-color: #FFFFFF;text-decoration: underline;\"><a href=\"https:\/\/goias.gov.br\/administracao\/wp-content\/uploads\/sites\/27\/2018\/02\/TERMO_DE_COOPERACAO_N_029-2018-788.pdf\" target=\"_blank\">ABRIR<\/a><\/td><\/tr><tr><td style=\"color: #000000; background-color: #FFFFFF;\">030\/2018<\/td><td style=\"color: #000000; background-color: #FFFFFF;\">SEAD<\/td><td style=\"color: #000000; background-color: #FFFFFF;\">Munic\u00edpio de \u00c1guas Lindas<\/td><td style=\"color: #000000; background-color: #FFFFFF;\">Desenvolvimento de a\u00e7\u00f5es destinadas \u00e0 implanta\u00e7\u00e3o e operacionaliza\u00e7\u00e3o de servi\u00e7os na Unidade Fixa de Atendimento do Vapt-Vupt<\/td><td style=\"color: #000000; background-color: #FFFFFF;\">60 meses<\/td><td style=\"color: #000000; background-color: #FFFFFF;\">02\/10\/2018<\/td><td style=\"color: #000000; background-color: #FFFFFF;\">01\/10\/2023<\/td><td style=\"color: #467886; background-color: #FFFFFF;text-decoration: underline;\"><a href=\"https:\/\/goias.gov.br\/administracao\/wp-content\/uploads\/sites\/27\/2018\/02\/TERMO_DE_COOPERACAO-030-2018-02c.pdf\" target=\"_blank\">ABRIR<\/a><\/td><\/tr><tr><td style=\"color: #000000; background-color: #FFFFFF;\">027\/2018<\/td><td style=\"color: #000000; background-color: #FFFFFF;\">SEAD<\/td><td style=\"color: #000000; background-color: #FFFFFF;\">UEG<\/td><td style=\"color: #000000; background-color: #FFFFFF;\">Realiza\u00e7\u00e3o do Curso Superior de Tecnologia em gest\u00e3o P\u00fablica, parte integrante do Programa de A\u00e7\u00f5es Integradas de Desenvolvimento \u2013 PAI, m\u00f3dulo Gest\u00e3o, Programa Integrador 33 \u2013 Programa de Excel\u00eancia dos Servi\u00e7os da Administra\u00e7\u00e3o P\u00fablica, institu\u00eddo no \u00e2mbito do Governo do Estado de Goi\u00e1s,<\/td><td style=\"color: #000000; background-color: #FFFFFF;\">15 meses<\/td><td style=\"color: #000000; background-color: #FFFFFF;\">20\/09\/2018<\/td><td style=\"color: #000000; background-color: #FFFFFF;\">31\/12\/2019<\/td><td style=\"color: #467886; background-color: #FFFFFF;text-decoration: underline;\"><a href=\"https:\/\/goias.gov.br\/administracao\/wp-content\/uploads\/sites\/27\/2018\/02\/TERMO_DE_COOPERACAO_DO_MUNICIPIO_DE_ITAUCU_-_CONTRATO_N._026-2018-77c.pdf\" target=\"_blank\">ABRIR<\/a><\/td><\/tr><tr><td style=\"color: #000000; background-color: #FFFFFF;\">023\/2018<\/td><td style=\"color: #000000; background-color: #FFFFFF;\">SEAD<\/td><td style=\"color: #000000; background-color: #FFFFFF;\">Instituto de Assist\u00eancia dos Servidores P\u00fablicos do Estado de Goi\u00e1s - IPASGO<\/td><td style=\"color: #000000; background-color: #FFFFFF;\">Desenvolvimento de a\u00e7\u00f5es destinadas \u00e0 implanta\u00e7\u00e3o e operacionaliza\u00e7\u00e3o de servi\u00e7os na Unidade Fixa de Atendimento do Vapt-Vupt<\/td><td style=\"color: #000000; background-color: #FFFFFF;\">60 meses<\/td><td style=\"color: #000000; background-color: #FFFFFF;\">14\/09\/2018<\/td><td style=\"color: #000000; background-color: #FFFFFF;\">13\/09\/2023<\/td><td style=\"color: #467886; background-color: #FFFFFF;text-decoration: underline;\"><a href=\"https:\/\/goias.gov.br\/administracao\/wp-content\/uploads\/sites\/27\/2018\/02\/Termo-de-Cooperao-Ipasgo-887.pdf\" target=\"_blank\">ABRIR<\/a><\/td><\/tr><tr><td style=\"color: #000000; background-color: #FFFFFF;\">026\/2018<\/td><td style=\"color: #000000; background-color: #FFFFFF;\">SEAD<\/td><td style=\"color: #000000; background-color: #FFFFFF;\">Munic\u00edpio de Itau\u00e7u<\/td><td style=\"color: #000000; background-color: #FFFFFF;\">Desenvolvimento de a\u00e7\u00f5es destinadas \u00e0 implanta\u00e7\u00e3o e operacionaliza\u00e7\u00e3o de servi\u00e7os na Unidade Fixa de Atendimento do Vapt-Vupt<\/td><td style=\"color: #000000; background-color: #FFFFFF;\">60 meses<\/td><td style=\"color: #000000; background-color: #FFFFFF;\">12\/09\/2018<\/td><td style=\"color: #000000; background-color: #FFFFFF;\">11\/09\/2023<\/td><td style=\"color: #467886; background-color: #FFFFFF;text-decoration: underline;\"><a href=\"https:\/\/goias.gov.br\/administracao\/wp-content\/uploads\/sites\/27\/2018\/02\/TERMO_DE_COOPERACAO_DO_MUNICIPIO_DE_ITAUCU_-_CONTRATO_N._026-2018-77c.pdf\" target=\"_blank\">ABRIR<\/a><\/td><\/tr><tr><td style=\"color: #000000; background-color: #FFFFFF;\">025\/2018<\/td><td style=\"color: #000000; background-color: #FFFFFF;\">SEAD<\/td><td style=\"color: #000000; background-color: #FFFFFF;\">Munic\u00edpio de Itapaci<\/td><td style=\"color: #000000; background-color: #FFFFFF;\">Desenvolvimento de a\u00e7\u00f5es destinadas \u00e0 implanta\u00e7\u00e3o e operacionaliza\u00e7\u00e3o de servi\u00e7os na Unidade Fixa de Atendimento do Vapt-Vupt<\/td><td style=\"color: #000000; background-color: #FFFFFF;\">60 meses<\/td><td style=\"color: #000000; background-color: #FFFFFF;\">30\/08\/2018<\/td><td style=\"color: #000000; background-color: #FFFFFF;\">29\/08\/2023<\/td><td style=\"color: #467886; background-color: #FFFFFF;text-decoration: underline;\"><a href=\"https:\/\/goias.gov.br\/administracao\/wp-content\/uploads\/sites\/27\/2018\/02\/201800005012528-Termo-de-Cooperao-Vapt-Vupt-ITAPACI-749.pdf\" target=\"_blank\">ABRIR<\/a><\/td><\/tr><tr><td style=\"color: #000000; background-color: #FFFFFF;\">020\/2018<\/td><td style=\"color: #000000; background-color: #FFFFFF;\">SEAD<\/td><td style=\"color: #000000; background-color: #FFFFFF;\">Departamento Estadual de Tr\u00e2nsito - DETRAN<\/td><td style=\"color: #000000; background-color: #FFFFFF;\">Desenvolvimento de a\u00e7\u00f5es destinadas \u00e0 implanta\u00e7\u00e3o e operacionaliza\u00e7\u00e3o de servi\u00e7os na Unidade Fixa de Atendimento do Vapt-Vupt<\/td><td style=\"color: #000000; background-color: #FFFFFF;\">60 meses<\/td><td style=\"color: #000000; background-color: #FFFFFF;\">28\/08\/2018<\/td><td style=\"color: #000000; background-color: #FFFFFF;\">27\/08\/2023<\/td><td style=\"color: #467886; background-color: #FFFFFF;text-decoration: underline;\"><a href=\"https:\/\/goias.gov.br\/administracao\/wp-content\/uploads\/sites\/27\/2018\/02\/TERMO-DE-COOPERACAO-N-020-2018-e46.pdf\" target=\"_blank\">ABRIR<\/a><\/td><\/tr><tr><td style=\"color: #000000; background-color: #FFFFFF;\">019\/2018<\/td><td style=\"color: #000000; background-color: #FFFFFF;\">SEAD<\/td><td style=\"color: #000000; background-color: #FFFFFF;\">Secretaria Cidad\u00e3<\/td><td style=\"color: #000000; background-color: #FFFFFF;\">Desenvolvimento de a\u00e7\u00f5es destinadas \u00e0 implanta\u00e7\u00e3o e operacionaliza\u00e7\u00e3o de servi\u00e7os na Unidade Fixa de Atendimento do Vapt-Vupt<\/td><td style=\"color: #000000; background-color: #FFFFFF;\">60 meses<\/td><td style=\"color: #000000; background-color: #FFFFFF;\">24\/08\/2018<\/td><td style=\"color: #000000; background-color: #FFFFFF;\">23\/08\/2023<\/td><td style=\"color: #467886; background-color: #FFFFFF;text-decoration: underline;\"><a href=\"https:\/\/goias.gov.br\/administracao\/wp-content\/uploads\/sites\/27\/2018\/02\/TERMO_DE_COOPERACAO_N_019-2018-e16.pdf\" target=\"_blank\">ABRIR<\/a><\/td><\/tr><tr><td style=\"color: #000000; background-color: #FFFFFF;\">022\/2018<\/td><td style=\"color: #000000; background-color: #FFFFFF;\">SEAD<\/td><td style=\"color: #000000; background-color: #FFFFFF;\">Munic\u00edpio de Posse<\/td><td style=\"color: #000000; background-color: #FFFFFF;\">Presta\u00e7\u00e3o de Servi\u00e7os dentro da Unidade Fixa de Atendimento do Vapt Vupt<\/td><td style=\"color: #000000; background-color: #FFFFFF;\">60 meses<\/td><td style=\"color: #000000; background-color: #FFFFFF;\">23\/08\/2018<\/td><td style=\"color: #000000; background-color: #FFFFFF;\">22\/08\/2023<\/td><td style=\"color: #467886; background-color: #FFFFFF;text-decoration: underline;\"><a href=\"https:\/\/goias.gov.br\/administracao\/wp-content\/uploads\/sites\/27\/2018\/02\/TERMO_DE_COOPERACAO_N_022-2018-806.pdf\" target=\"_blank\">ABRIR<\/a><\/td><\/tr><tr><td style=\"color: #000000; background-color: #FFFFFF;\">021\/2018<\/td><td style=\"color: #000000; background-color: #FFFFFF;\">SEAD<\/td><td style=\"color: #000000; background-color: #FFFFFF;\">Munic\u00edpio de Novo Gama<\/td><td style=\"color: #000000; background-color: #FFFFFF;\">Desenvolvimento de a\u00e7\u00f5es destinadas \u00e0 implanta\u00e7\u00e3o e operacionaliza\u00e7\u00e3o de servi\u00e7os na Unidade Fixa de Atendimento do Vapt-Vupt<\/td><td style=\"color: #000000; background-color: #FFFFFF;\">60 meses<\/td><td style=\"color: #000000; background-color: #FFFFFF;\">21\/08\/2018<\/td><td style=\"color: #000000; background-color: #FFFFFF;\">20\/08\/2023<\/td><td style=\"color: #467886; background-color: #FFFFFF;text-decoration: underline;\"><a href=\"https:\/\/goias.gov.br\/administracao\/wp-content\/uploads\/sites\/27\/2018\/02\/Termo-de-Cooperao-n.-021-2018-ae6.pdf\" target=\"_blank\">ABRIR<\/a><\/td><\/tr><tr><td style=\"color: #000000; background-color: #FFFFFF;\">018\/2018<\/td><td style=\"color: #000000; background-color: #FFFFFF;\">SEAD<\/td><td style=\"color: #000000; background-color: #FFFFFF;\">Munic\u00edpio de Campos Belos<\/td><td style=\"color: #000000; background-color: #FFFFFF;\">Desenvolvimento de a\u00e7\u00f5es destinadas \u00e0 implanta\u00e7\u00e3o e operacionaliza\u00e7\u00e3o de servi\u00e7os na Unidade Fixa de Atendimento do Vapt-Vupt<\/td><td style=\"color: #000000; background-color: #FFFFFF;\">60 meses<\/td><td style=\"color: #000000; background-color: #FFFFFF;\">02\/07\/2018<\/td><td style=\"color: #000000; background-color: #FFFFFF;\">01\/07\/2023<\/td><td style=\"color: #467886; background-color: #FFFFFF;text-decoration: underline;\"><a href=\"https:\/\/goias.gov.br\/administracao\/wp-content\/uploads\/sites\/27\/2018\/02\/TERMO_DE_COOPERACAO_N_018-2018-0ea.pdf\" target=\"_blank\">ABRIR<\/a><\/td><\/tr><tr><td style=\"color: #000000; background-color: #FFFFFF;\">017\/2018<\/td><td style=\"color: #000000; background-color: #FFFFFF;\">SEAD<\/td><td style=\"color: #000000; background-color: #FFFFFF;\">Munic\u00edpio de Valpara\u00edso<\/td><td style=\"color: #000000; background-color: #FFFFFF;\">Desenvolvimento de a\u00e7\u00f5es destinadas \u00e0 implanta\u00e7\u00e3o e operacionaliza\u00e7\u00e3o de servi\u00e7os na Unidade Fixa de Atendimento do Vapt-Vupt<\/td><td style=\"color: #000000; background-color: #FFFFFF;\">60 meses<\/td><td style=\"color: #000000; background-color: #FFFFFF;\">06\/06\/2018<\/td><td style=\"color: #000000; background-color: #FFFFFF;\">05\/06\/2023<\/td><td style=\"color: #467886; background-color: #FFFFFF;text-decoration: underline;\"><a href=\"https:\/\/goias.gov.br\/administracao\/wp-content\/uploads\/sites\/27\/2018\/02\/TERMO_DE_COOPERACAO_N_017-2018-ffa.pdf\" target=\"_blank\">ABRIR<\/a><\/td><\/tr><tr><td style=\"color: #000000; background-color: #FFFFFF;\">014\/2018<\/td><td style=\"color: #000000; background-color: #FFFFFF;\">SEAD<\/td><td style=\"color: #000000; background-color: #FFFFFF;\">Junta Comercial do Estado de Goi\u00e1s - JUCEG<\/td><td style=\"color: #000000; background-color: #FFFFFF;\">Desenvolvimento de a\u00e7\u00f5es destinadas \u00e0 implanta\u00e7\u00e3o e operacionaliza\u00e7\u00e3o de servi\u00e7os na Unidade Fixa de Atendimento do Vapt-Vupt<\/td><td style=\"color: #000000; background-color: #FFFFFF;\">60 meses<\/td><td style=\"color: #000000; background-color: #FFFFFF;\">25\/05\/2018<\/td><td style=\"color: #000000; background-color: #FFFFFF;\">24\/05\/2023<\/td><td style=\"color: #467886; background-color: #FFFFFF;text-decoration: underline;\"><a href=\"https:\/\/goias.gov.br\/administracao\/wp-content\/uploads\/sites\/27\/2018\/02\/Termo-de-Coop-282.pdf\" target=\"_blank\">ABRIR<\/a><\/td><\/tr><tr><td style=\"color: #000000; background-color: #FFFFFF;\">016\/2018<\/td><td style=\"color: #000000; background-color: #FFFFFF;\">SEAD<\/td><td style=\"color: #000000; background-color: #FFFFFF;\">Munic\u00edpio de Caldas Novas<\/td><td style=\"color: #000000; background-color: #FFFFFF;\">Desenvolvimento de a\u00e7\u00f5es destinadas \u00e0 implanta\u00e7\u00e3o e operacionaliza\u00e7\u00e3o de servi\u00e7os na Unidade Fixa de Atendimento do Vapt-Vupt<\/td><td style=\"color: #000000; background-color: #FFFFFF;\">60 meses<\/td><td style=\"color: #000000; background-color: #FFFFFF;\">08\/05\/2018<\/td><td style=\"color: #000000; background-color: #FFFFFF;\">07\/05\/2023<\/td><td style=\"color: #467886; background-color: #FFFFFF;text-decoration: underline;\"><a href=\"https:\/\/goias.gov.br\/administracao\/wp-content\/uploads\/sites\/27\/2018\/02\/Termo-de-Cooperao-contrato-6b1.pdf\" target=\"_blank\">ABRIR<\/a><\/td><\/tr><tr><td style=\"color: #000000; background-color: #FFFFFF;\">015\/2018<\/td><td style=\"color: #000000; background-color: #FFFFFF;\">SEAD<\/td><td style=\"color: #000000; background-color: #FFFFFF;\">Munic\u00edpio de Goian\u00e9sia<\/td><td style=\"color: #000000; background-color: #FFFFFF;\">Desenvolvimento de a\u00e7\u00f5es destinadas \u00e0 implanta\u00e7\u00e3o e operacionaliza\u00e7\u00e3o de servi\u00e7os na Unidade Fixa de Atendimento do Vapt-Vupt<\/td><td style=\"color: #000000; background-color: #FFFFFF;\">60 meses<\/td><td style=\"color: #000000; background-color: #FFFFFF;\">07\/05\/2018<\/td><td style=\"color: #000000; background-color: #FFFFFF;\">06\/05\/2023<\/td><td style=\"color: #467886; background-color: #FFFFFF;text-decoration: underline;\"><a href=\"https:\/\/goias.gov.br\/administracao\/wp-content\/uploads\/sites\/27\/2018\/02\/Termo-de-Cooperao-d4c.pdf\" target=\"_blank\">ABRIR<\/a><\/td><\/tr><tr><td style=\"color: #000000; background-color: #FFFFFF;\">013\/2018<\/td><td style=\"color: #000000; background-color: #FFFFFF;\">SEAD<\/td><td style=\"color: #000000; background-color: #FFFFFF;\">Diretoria Geral de Administra\u00e7\u00e3o Penitenci\u00e1ria \u2013 DGAP<\/td><td style=\"color: #000000; background-color: #FFFFFF;\">Desenvolvimento de a\u00e7\u00f5es destinadas \u00e0 implanta\u00e7\u00e3o e operacionaliza\u00e7\u00e3o de servi\u00e7os na Unidade Fixa de Atendimento do Vapt-Vupt<\/td><td style=\"color: #000000; background-color: #FFFFFF;\">60 meses<\/td><td style=\"color: #000000; background-color: #FFFFFF;\">04\/05\/2018<\/td><td style=\"color: #000000; background-color: #FFFFFF;\">03\/05\/2023<\/td><td style=\"color: #467886; background-color: #FFFFFF;text-decoration: underline;\"><a href=\"https:\/\/goias.gov.br\/administracao\/wp-content\/uploads\/sites\/27\/2018\/02\/TERMO_DE_COOPERACAO_N_013-2018-f64.pdf\" target=\"_blank\">ABRIR<\/a><\/td><\/tr><tr><td style=\"color: #000000; background-color: #FFFFFF;\">012\/2018<\/td><td style=\"color: #000000; background-color: #FFFFFF;\">SEAD<\/td><td style=\"color: #000000; background-color: #FFFFFF;\">Munic\u00edpio de Jaragu\u00e1<\/td><td style=\"color: #000000; background-color: #FFFFFF;\">Desenvolvimento de a\u00e7\u00f5es destinadas \u00e0 implanta\u00e7\u00e3o e operacionaliza\u00e7\u00e3o de servi\u00e7os na Unidade Fixa de Atendimento do Vapt-Vupt<\/td><td style=\"color: #000000; background-color: #FFFFFF;\">60 meses<\/td><td style=\"color: #000000; background-color: #FFFFFF;\">10\/04\/2018<\/td><td style=\"color: #000000; background-color: #FFFFFF;\">09\/04\/2023<\/td><td style=\"color: #467886; background-color: #FFFFFF;text-decoration: underline;\"><a href=\"https:\/\/goias.gov.br\/administracao\/wp-content\/uploads\/sites\/27\/2018\/02\/Termo_de_Cooperacao_012-2018-bf5.pdf\" target=\"_blank\">ABRIR<\/a><\/td><\/tr><tr><td style=\"color: #000000; background-color: #FFFFFF;\">011\/2018<\/td><td style=\"color: #000000; background-color: #FFFFFF;\">SEAD<\/td><td style=\"color: #000000; background-color: #FFFFFF;\">Tribunal Regional Eleitoral - TRE<\/td><td style=\"color: #000000; background-color: #FFFFFF;\">Desenvolvimento de a\u00e7\u00f5es destinadas \u00e0 implanta\u00e7\u00e3o e operacionaliza\u00e7\u00e3o de servi\u00e7os na Unidade Fixa de Atendimento do Vapt-Vupt<\/td><td style=\"color: #000000; background-color: #FFFFFF;\">60 meses<\/td><td style=\"color: #000000; background-color: #FFFFFF;\">05\/04\/2018<\/td><td style=\"color: #000000; background-color: #FFFFFF;\">04\/04\/2023<\/td><td style=\"color: #467886; background-color: #FFFFFF;text-decoration: underline;\"><a href=\"https:\/\/goias.gov.br\/administracao\/wp-content\/uploads\/sites\/27\/2018\/02\/Convnio-Segplan-x-TRE-614.pdf\" target=\"_blank\">ABRIR<\/a><\/td><\/tr><tr><td style=\"color: #000000; background-color: #FFFFFF;\">010\/2018<\/td><td style=\"color: #000000; background-color: #FFFFFF;\">SEAD<\/td><td style=\"color: #000000; background-color: #FFFFFF;\">Secretaria de Seguran\u00e7a P\u00fablica e Administra\u00e7\u00e3o Penitenci\u00e1ria<\/td><td style=\"color: #000000; background-color: #FFFFFF;\">Presta\u00e7\u00e3o de servi\u00e7os da Superintend\u00eancia de Prote\u00e7\u00e3o ao Direitos do Consumidor - PROCON, na Unidade Padr\u00e3o Vapt Vupt.<\/td><td style=\"color: #000000; background-color: #FFFFFF;\">60 meses<\/td><td style=\"color: #000000; background-color: #FFFFFF;\">27\/03\/2018<\/td><td style=\"color: #000000; background-color: #FFFFFF;\">26\/03\/2023<\/td><td style=\"color: #467886; background-color: #FFFFFF;text-decoration: underline;\"><a href=\"https:\/\/goias.gov.br\/administracao\/wp-content\/uploads\/sites\/27\/2018\/02\/Termo-de-Cooperao-010-2018-c9c.pdf\" target=\"_blank\">ABRIR<\/a><\/td><\/tr><tr><td style=\"color: #000000; background-color: #FFFFFF;\">007\/2018<\/td><td style=\"color: #000000; background-color: #FFFFFF;\">SEAD<\/td><td style=\"color: #000000; background-color: #FFFFFF;\">Secretaria da Fazenda - SEFAZ<\/td><td style=\"color: #000000; background-color: #FFFFFF;\">Desenvolvimento de a\u00e7\u00f5es destinadas \u00e0 implanta\u00e7\u00e3o e operacionaliza\u00e7\u00e3o de servi\u00e7os na Unidade Fixa de Atendimento do Vapt-Vupt<\/td><td style=\"color: #000000; background-color: #FFFFFF;\">60 meses<\/td><td style=\"color: #000000; background-color: #FFFFFF;\">20\/03\/2018<\/td><td style=\"color: #000000; background-color: #FFFFFF;\">19\/03\/2023<\/td><td style=\"color: #467886; background-color: #FFFFFF;text-decoration: underline;\"><a href=\"https:\/\/goias.gov.br\/administracao\/wp-content\/uploads\/sites\/27\/2018\/02\/TERMO-DE-COOPERAO-007-2018-d8c.pdf\" target=\"_blank\">ABRIR<\/a><\/td><\/tr><tr><td style=\"color: #000000; background-color: #FFFFFF;\">009\/2018<\/td><td style=\"color: #000000; background-color: #FFFFFF;\">SEAD<\/td><td style=\"color: #000000; background-color: #FFFFFF;\">Munic\u00edpio da Cidade de Goi\u00e1s<\/td><td style=\"color: #000000; background-color: #FFFFFF;\">Presta\u00e7\u00e3o de servi\u00e7os dentro da Unidade de Atendimento Fixa.<\/td><td style=\"color: #000000; background-color: #FFFFFF;\">60 meses<\/td><td style=\"color: #000000; background-color: #FFFFFF;\">16\/03\/2018<\/td><td style=\"color: #000000; background-color: #FFFFFF;\">15\/03\/2023<\/td><td style=\"color: #467886; background-color: #FFFFFF;text-decoration: underline;\"><a href=\"https:\/\/goias.gov.br\/administracao\/wp-content\/uploads\/sites\/27\/2018\/02\/Termo-de-Cooperao-009-2018-f45.pdf\" target=\"_blank\">ABRIR<\/a><\/td><\/tr><tr><td style=\"color: #000000; background-color: #FFFFFF;\">008\/2018<\/td><td style=\"color: #000000; background-color: #FFFFFF;\">SEAD<\/td><td style=\"color: #000000; background-color: #FFFFFF;\">Secretaria Estadual da Mulher, do Desenvolvimento Social, da Igualdade Racial, dos Direitos Humanos e do Trabalho \u2013 SEMDIT<\/td><td style=\"color: #000000; background-color: #FFFFFF;\">Implanta\u00e7\u00e3o e operacionaliza\u00e7\u00e3o dos servi\u00e7os prestados pelo SINE\/SEMDIT nas depend\u00eancias das Unidades de Atendimento Fixas e Condom\u00ednio do Vapt Vupt.<\/td><td style=\"color: #000000; background-color: #FFFFFF;\">60 meses<\/td><td style=\"color: #000000; background-color: #FFFFFF;\">07\/03\/2018<\/td><td style=\"color: #000000; background-color: #FFFFFF;\">06\/03\/2023<\/td><td style=\"color: #467886; background-color: #FFFFFF;text-decoration: underline;\"><a href=\"https:\/\/goias.gov.br\/administracao\/wp-content\/uploads\/sites\/27\/2018\/02\/Termo-de-Cooperao-008-2018-1b9.pdf\" target=\"_blank\">ABRIR<\/a><\/td><\/tr><tr><td style=\"color: #000000; background-color: #FFFFFF;\">002\/2018<\/td><td style=\"color: #000000; background-color: #FFFFFF;\">SEAD<\/td><td style=\"color: #000000; background-color: #FFFFFF;\">Ag\u00eancia Goiana de Transportes e Obras<\/td><td style=\"color: #000000; background-color: #FFFFFF;\">Desenvolvimento de a\u00e7\u00f5es destinadas \u00e0 implanta\u00e7\u00e3o e operacionaliza\u00e7\u00e3o de servi\u00e7os na Unidade Fixa de Atendimento do Vapt-Vupt<\/td><td style=\"color: #000000; background-color: #FFFFFF;\">60 meses<\/td><td style=\"color: #000000; background-color: #FFFFFF;\">20\/02\/2018<\/td><td style=\"color: #000000; background-color: #FFFFFF;\">19\/02\/2023<\/td><td style=\"color: #467886; background-color: #FFFFFF;text-decoration: underline;\"><a href=\"https:\/\/goias.gov.br\/administracao\/wp-content\/uploads\/sites\/27\/2018\/02\/Termo_de_Cooperacao__-916.pdf\" target=\"_blank\">ABRIR<\/a><\/td><\/tr><tr><td style=\"color: #000000; background-color: #FFFFFF;\">006\/2018<\/td><td style=\"color: #000000; background-color: #FFFFFF;\">SEAD<\/td><td style=\"color: #000000; background-color: #FFFFFF;\">Munic\u00edpio de Guap\u00f3<\/td><td style=\"color: #000000; background-color: #FFFFFF;\">Desenvolvimento de a\u00e7\u00f5es destinadas \u00e0 implanta\u00e7\u00e3o e operacionaliza\u00e7\u00e3o de servi\u00e7os na Unidade Fixa de Atendimento do Vapt-Vupt<\/td><td style=\"color: #000000; background-color: #FFFFFF;\">60 meses<\/td><td style=\"color: #000000; background-color: #FFFFFF;\">06\/02\/2018<\/td><td style=\"color: #000000; background-color: #FFFFFF;\">05\/02\/2023<\/td><td style=\"color: #467886; background-color: #FFFFFF;text-decoration: underline;\"><a href=\"https:\/\/goias.gov.br\/administracao\/wp-content\/uploads\/sites\/27\/2018\/02\/Termo_de_Cooperacao_N006_2018-61a.pdf\" target=\"_blank\">ABRIR<\/a><\/td><\/tr><tr><td style=\"color: #000000; background-color: #FFFFFF;\">001\/2018<\/td><td style=\"color: #000000; background-color: #FFFFFF;\">SEAD<\/td><td style=\"color: #000000; background-color: #FFFFFF;\">Secretaria de Seguran\u00e7a P\u00fablica - PROCON<\/td><td style=\"color: #000000; background-color: #FFFFFF;\">Desenvolvimento de a\u00e7\u00f5es destinadas \u00e0 implanta\u00e7\u00e3o e operacionaliza\u00e7\u00e3o de servi\u00e7os na Unidade Fixa de Atendimento do Vapt-Vupt<\/td><td style=\"color: #000000; background-color: #FFFFFF;\">60 meses<\/td><td style=\"color: #000000; background-color: #FFFFFF;\">30\/01\/2018<\/td><td style=\"color: #000000; background-color: #FFFFFF;\">29\/01\/2023<\/td><td style=\"color: #467886; background-color: #FFFFFF;text-decoration: underline;\"><a href=\"https:\/\/goias.gov.br\/administracao\/wp-content\/uploads\/sites\/27\/2018\/02\/termo_de_cooperacao_001_2018-73e.pdf\" target=\"_blank\">ABRIR<\/a><\/td><\/tr><tr><td style=\"color: #000000; background-color: #FFFFFF;\">004\/2018<\/td><td style=\"color: #000000; background-color: #FFFFFF;\">SEAD<\/td><td style=\"color: #000000; background-color: #FFFFFF;\">Munic\u00edpio de Rio Verde<\/td><td style=\"color: #000000; background-color: #FFFFFF;\">Desenvolvimento de a\u00e7\u00f5es destinadas \u00e0 implanta\u00e7\u00e3o e operacionaliza\u00e7\u00e3o de servi\u00e7os na Unidade Fixa de Atendimento do Vapt-Vupt<\/td><td style=\"color: #000000; background-color: #FFFFFF;\">60 meses<\/td><td style=\"color: #000000; background-color: #FFFFFF;\">30\/01\/2018<\/td><td style=\"color: #000000; background-color: #FFFFFF;\">29\/01\/2023<\/td><td style=\"color: #467886; background-color: #FFFFFF;text-decoration: underline;\"><a href=\"https:\/\/goias.gov.br\/administracao\/wp-content\/uploads\/sites\/27\/2018\/02\/termo_de_cooperacao_004_2018-95c.pdf\" target=\"_blank\">ABRIR<\/a><\/td><\/tr><tr><td style=\"color: #000000; background-color: #FFFFFF;\">005\/2018<\/td><td style=\"color: #000000; background-color: #FFFFFF;\">SEAD<\/td><td style=\"color: #000000; background-color: #FFFFFF;\">Munic\u00edpio de Rubiataba<\/td><td style=\"color: #000000; background-color: #FFFFFF;\">Desenvolvimento de a\u00e7\u00f5es destinadas \u00e0 implanta\u00e7\u00e3o e operacionaliza\u00e7\u00e3o de servi\u00e7os na Unidade Fixa de Atendimento do Vapt-Vupt<\/td><td style=\"color: #000000; background-color: #FFFFFF;\">60 meses<\/td><td style=\"color: #000000; background-color: #FFFFFF;\">30\/01\/2018<\/td><td style=\"color: #000000; background-color: #FFFFFF;\">29\/01\/2023<\/td><td style=\"color: #467886; background-color: #FFFFFF;text-decoration: underline;\"><a href=\"https:\/\/goias.gov.br\/administracao\/wp-content\/uploads\/sites\/27\/2018\/02\/termo_de_cooperacao_005_2018-7a0.pdf\" target=\"_blank\">ABRIR<\/a><\/td><\/tr><tr><td style=\"color: #000000; background-color: #FFFFFF;\">003\/2018<\/td><td style=\"color: #000000; background-color: #FFFFFF;\">SEAD<\/td><td style=\"color: #000000; background-color: #FFFFFF;\">Secretaria do Meio Ambiente, Recursos H\u00eddricos, Infraestrutura, Cidades e Assuntos Metropolitanos - SECIMA<\/td><td style=\"color: #000000; background-color: #FFFFFF;\">Presta\u00e7\u00e3o de servi\u00e7os dentro da Unidade Fixa de Atendimento do Vapt-Vupt<\/td><td style=\"color: #000000; background-color: #FFFFFF;\">60 meses<\/td><td style=\"color: #000000; background-color: #FFFFFF;\">23\/01\/2018<\/td><td style=\"color: #000000; background-color: #FFFFFF;\">22\/01\/2023<\/td><td style=\"color: #467886; background-color: #FFFFFF;text-decoration: underline;\"><a href=\"https:\/\/goias.gov.br\/administracao\/wp-content\/uploads\/sites\/27\/2018\/02\/Termo-de-Cooperao-003-2018-e37.pdf\" target=\"_blank\">ABRIR<\/a><\/td><\/tr><tr><td style=\"color: #000000; background-color: #FFFFFF;\">010\/2017<\/td><td style=\"color: #000000; background-color: #FFFFFF;\">SEAD<\/td><td style=\"color: #000000; background-color: #FFFFFF;\">Munic\u00edpio de Senador Canedo<\/td><td style=\"color: #000000; background-color: #FFFFFF;\">Desenvolvimento de a\u00e7\u00f5es destinadas \u00e0 implanta\u00e7\u00e3o e operacionaliza\u00e7\u00e3o de servi\u00e7os na Unidade Fixa de Atendimento do Vapt-Vupt<\/td><td style=\"color: #000000; background-color: #FFFFFF;\">60 meses<\/td><td style=\"color: #000000; background-color: #FFFFFF;\">17\/07\/2017<\/td><td style=\"color: #000000; background-color: #FFFFFF;\">16\/07\/2022<\/td><td style=\"color: #467886; background-color: #FFFFFF;text-decoration: underline;\"><a href=\"https:\/\/goias.gov.br\/administracao\/wp-content\/uploads\/sites\/27\/2017\/07\/TERMO_DE_COOPERACAO_N_010-2017-813.pdf\" target=\"_blank\">ABRIR<\/a><\/td><\/tr><tr><td style=\"color: #000000; background-color: #FFFFFF;\">008\/2017<\/td><td style=\"color: #000000; background-color: #FFFFFF;\">SEAD<\/td><td style=\"color: #000000; background-color: #FFFFFF;\">Secretaria de Desenvolvimento Econ\u00f4mico Cient\u00edfico e Tecnol\u00f3gico e de Agricultura Pecu\u00e1ria e Irriga\u00e7\u00e3o<\/td><td style=\"color: #000000; background-color: #FFFFFF;\">Desenvolvimento de a\u00e7\u00f5es destinadas \u00e0 implanta\u00e7\u00e3o e operacionaliza\u00e7\u00e3o de servi\u00e7os na Unidade Fixa de Atendimento do Vapt-Vupt<\/td><td style=\"color: #000000; background-color: #FFFFFF;\">60 meses<\/td><td style=\"color: #000000; background-color: #FFFFFF;\">05\/06\/2017<\/td><td style=\"color: #000000; background-color: #FFFFFF;\">04\/06\/2022<\/td><td style=\"color: #467886; background-color: #FFFFFF;text-decoration: underline;\"><a href=\"https:\/\/goias.gov.br\/administracao\/wp-content\/uploads\/sites\/27\/2017\/07\/TERMO_DE_COOPERACAO_N_008-2017_-_SED-43b.pdf\" target=\"_blank\">ABRIR<\/a><\/td><\/tr><tr><td style=\"color: #000000; background-color: #FFFFFF;\">007\/2017<\/td><td style=\"color: #000000; background-color: #FFFFFF;\">SEAD<\/td><td style=\"color: #000000; background-color: #FFFFFF;\">Munic\u00edpio de Anicuns<\/td><td style=\"color: #000000; background-color: #FFFFFF;\">Desenvolvimento de a\u00e7\u00f5es destinadas \u00e0 implanta\u00e7\u00e3o e operacionaliza\u00e7\u00e3o de servi\u00e7os na Unidade Fixa de Atendimento do Vapt-Vupt<\/td><td style=\"color: #000000; background-color: #FFFFFF;\">60 meses<\/td><td style=\"color: #000000; background-color: #FFFFFF;\">16\/05\/2017<\/td><td style=\"color: #000000; background-color: #FFFFFF;\">15\/05\/2022<\/td><td style=\"color: #467886; background-color: #FFFFFF;text-decoration: underline;\"><a href=\"https:\/\/goias.gov.br\/administracao\/wp-content\/uploads\/sites\/27\/2017\/07\/TERMO_DE_COOPERACAO_N_007-2017_-_PREF._ANICUNS_GO-c06.pdf\" target=\"_blank\">ABRIR<\/a><\/td><\/tr><tr><td style=\"color: #000000; background-color: #FFFFFF;\">006\/2017<\/td><td style=\"color: #000000; background-color: #FFFFFF;\">SEAD<\/td><td style=\"color: #000000; background-color: #FFFFFF;\">Munic\u00edpio de Goianira<\/td><td style=\"color: #000000; background-color: #FFFFFF;\">Desenvolvimento de a\u00e7\u00f5es destinadas \u00e0 implanta\u00e7\u00e3o e operacionaliza\u00e7\u00e3o de servi\u00e7os na Unidade Fixa de Atendimento do Vapt-Vupt<\/td><td style=\"color: #000000; background-color: #FFFFFF;\">60 meses<\/td><td style=\"color: #000000; background-color: #FFFFFF;\">05\/05\/2017<\/td><td style=\"color: #000000; background-color: #FFFFFF;\">04\/05\/2022<\/td><td style=\"color: #467886; background-color: #FFFFFF;text-decoration: underline;\"><a href=\"https:\/\/goias.gov.br\/administracao\/wp-content\/uploads\/sites\/27\/2017\/07\/TERMO_DE_COOPERACAO_N_006-2017_-_PREF._GOIANIRA_GO-ce0.pdf\" target=\"_blank\">ABRIR<\/a><\/td><\/tr><tr><td style=\"color: #000000; background-color: #FFFFFF;\">009\/2017<\/td><td style=\"color: #000000; background-color: #FFFFFF;\">SEAD<\/td><td style=\"color: #000000; background-color: #FFFFFF;\">Munic\u00edpio de Jata\u00ed<\/td><td style=\"color: #000000; background-color: #FFFFFF;\">Desenvolvimento de a\u00e7\u00f5es destinadas \u00e0 implanta\u00e7\u00e3o e operacionaliza\u00e7\u00e3o de servi\u00e7os na Unidade Fixa de Atendimento do Vapt-Vupt<\/td><td style=\"color: #000000; background-color: #FFFFFF;\">60 meses<\/td><td style=\"color: #000000; background-color: #FFFFFF;\">27\/04\/2017<\/td><td style=\"color: #000000; background-color: #FFFFFF;\">26\/04\/2022<\/td><td style=\"color: #467886; background-color: #FFFFFF;text-decoration: underline;\"><a href=\"https:\/\/goias.gov.br\/administracao\/wp-content\/uploads\/sites\/27\/2017\/07\/TERMO_DE_COOPERACAO_N_009-2017_-_PREF._JATAI_GO-d74.pdf\" target=\"_blank\">ABRIR<\/a><\/td><\/tr><tr><td style=\"color: #000000; background-color: #FFFFFF;\">005\/2017<\/td><td style=\"color: #000000; background-color: #FFFFFF;\">SEAD<\/td><td style=\"color: #000000; background-color: #FFFFFF;\">Munic\u00edpio de Trindade<\/td><td style=\"color: #000000; background-color: #FFFFFF;\">Desenvolvimento de a\u00e7\u00f5es destinadas \u00e0 implanta\u00e7\u00e3o e operacionaliza\u00e7\u00e3o de servi\u00e7os na Unidade Fixa de Atendimento do Vapt-Vupt<\/td><td style=\"color: #000000; background-color: #FFFFFF;\">60 meses<\/td><td style=\"color: #000000; background-color: #FFFFFF;\">26\/04\/2017<\/td><td style=\"color: #000000; background-color: #FFFFFF;\">25\/04\/2022<\/td><td style=\"color: #467886; background-color: #FFFFFF;text-decoration: underline;\"><a href=\"https:\/\/goias.gov.br\/administracao\/wp-content\/uploads\/sites\/27\/2017\/07\/TERMO_DE_COOPERACAO_N_005-2017_-_PREFEITURA_TRINDADE_GO-cf8.pdf\" target=\"_blank\">ABRIR<\/a><\/td><\/tr><tr><td style=\"color: #000000; background-color: #FFFFFF;\">003\/2017<\/td><td style=\"color: #000000; background-color: #FFFFFF;\">SEAD<\/td><td style=\"color: #000000; background-color: #FFFFFF;\">Munic\u00edpio de Ceres<\/td><td style=\"color: #000000; background-color: #FFFFFF;\">Desenvolvimento de a\u00e7\u00f5es destinadas \u00e0 implanta\u00e7\u00e3o e operacionaliza\u00e7\u00e3o de servi\u00e7os na Unidade Fixa de Atendimento do Vapt-Vupt<\/td><td style=\"color: #000000; background-color: #FFFFFF;\">60 meses<\/td><td style=\"color: #000000; background-color: #FFFFFF;\">19\/04\/2017<\/td><td style=\"color: #000000; background-color: #FFFFFF;\">18\/04\/2022<\/td><td style=\"color: #467886; background-color: #FFFFFF;text-decoration: underline;\"><a href=\"https:\/\/goias.gov.br\/administracao\/wp-content\/uploads\/sites\/27\/2017\/07\/TERMO_DE_COOPERACAO_N_003-2017_Municipio_de_Ceres-GO-70a.pdf\" target=\"_blank\">ABRIR<\/a><\/td><\/tr><tr><td style=\"color: #000000; background-color: #FFFFFF;\">004\/2017<\/td><td style=\"color: #000000; background-color: #FFFFFF;\">SEAD<\/td><td style=\"color: #000000; background-color: #FFFFFF;\">Ag\u00eancia Goiana de Habita e Instituto dos Santos Neves<\/td><td style=\"color: #000000; background-color: #FFFFFF;\">Processar dados a fim de gerar estudo para entender a realidade habitacional do Estado de Goi\u00e1s e seus 246 munic\u00edpios.<\/td><td style=\"color: #000000; background-color: #FFFFFF;\">24 meses<\/td><td style=\"color: #000000; background-color: #FFFFFF;\">11\/04\/2017<\/td><td style=\"color: #000000; background-color: #FFFFFF;\">10\/04\/2019<\/td><td style=\"color: #467886; background-color: #FFFFFF;text-decoration: underline;\"><a href=\"https:\/\/goias.gov.br\/administracao\/wp-content\/uploads\/sites\/27\/2017\/07\/TERMO_DE_COOPERACAO_N_004-2017_-_AGEHAB_e_I_J_S_N-73d.pdf\" target=\"_blank\">ABRIR<\/a><\/td><\/tr><tr><td style=\"color: #000000; background-color: #FFFFFF;\">002\/2017<\/td><td style=\"color: #000000; background-color: #FFFFFF;\">SEAD<\/td><td style=\"color: #000000; background-color: #FFFFFF;\">Companhia Hidrel\u00e9trica S\u00e3o Patr\u00edcio - CHESP<\/td><td style=\"color: #000000; background-color: #FFFFFF;\">Desenvolvimento de a\u00e7\u00f5es destinadas \u00e0 implanta\u00e7\u00e3o e operacionaliza\u00e7\u00e3o de servi\u00e7os na Unidade Fixa de Atendimento do Vapt-Vupt<\/td><td style=\"color: #000000; background-color: #FFFFFF;\">60 meses<\/td><td style=\"color: #000000; background-color: #FFFFFF;\">09\/02\/2017<\/td><td style=\"color: #000000; background-color: #FFFFFF;\">08\/02\/2022<\/td><td style=\"color: #467886; background-color: #FFFFFF;text-decoration: underline;\"><a href=\"https:\/\/goias.gov.br\/wp-content\/uploads\/sites\/27\/images\/Contratos_e_Editais\/TERMO_DE_COOPERACAO_N_002-2017_-_CHESP.pdf\" target=\"_blank\">ABRIR<\/a><\/td><\/tr><tr><td style=\"color: #000000; background-color: #FFFFFF;\">001\/2017<\/td><td style=\"color: #000000; background-color: #FFFFFF;\">SEAD<\/td><td style=\"color: #000000; background-color: #FFFFFF;\">Junta Comercial do Estado de Goi\u00e1s - JUCEG<\/td><td style=\"color: #000000; background-color: #FFFFFF;\">Desenvolvimento de a\u00e7\u00f5es destinadas \u00e0 implanta\u00e7\u00e3o e operacionaliza\u00e7\u00e3o de servi\u00e7os na Unidade Fixa de Atendimento do Vapt-Vupt<\/td><td style=\"color: #000000; background-color: #FFFFFF;\">60 meses<\/td><td style=\"color: #000000; background-color: #FFFFFF;\">24\/01\/2017<\/td><td style=\"color: #000000; background-color: #FFFFFF;\">23\/01\/2022<\/td><td style=\"color: #467886; background-color: #FFFFFF;text-decoration: underline;\"><a href=\"https:\/\/goias.gov.br\/administracao\/wp-content\/uploads\/sites\/27\/2017\/07\/TERMO_DE_COOPERACAO_N_001-2017_-_JUCEG-705.pdf\" target=\"_blank\">ABRIR<\/a><\/td><\/tr><tr><td style=\"color: #000000; background-color: #FFFFFF;\">012\/2016<\/td><td style=\"color: #000000; background-color: #FFFFFF;\">SEAD<\/td><td style=\"color: #000000; background-color: #FFFFFF;\">Munic\u00edpio de Para\u00fana<\/td><td style=\"color: #000000; background-color: #FFFFFF;\">Desenvolvimento de a\u00e7\u00f5es destinadas \u00e0 implanta\u00e7\u00e3o e operacionaliza\u00e7\u00e3o de servi\u00e7os na Unidade Fixa de Atendimento do Vapt-Vupt<\/td><td style=\"color: #000000; background-color: #FFFFFF;\">60 meses<\/td><td style=\"color: #000000; background-color: #FFFFFF;\">11\/11\/2016<\/td><td style=\"color: #000000; background-color: #FFFFFF;\">10\/11\/2021<\/td><td style=\"color: #467886; background-color: #FFFFFF;text-decoration: underline;\"><a href=\"https:\/\/goias.gov.br\/administracao\/wp-content\/uploads\/sites\/27\/files\/licitacoes-contratos\/TC012-2016.pdf\" target=\"_blank\">ABRIR<\/a><\/td><\/tr><tr><td style=\"color: #000000; background-color: #FFFFFF;\">010\/2016<\/td><td style=\"color: #000000; background-color: #FFFFFF;\">SEAD<\/td><td style=\"color: #000000; background-color: #FFFFFF;\">Munic\u00edpio de Mineiros<\/td><td style=\"color: #000000; background-color: #FFFFFF;\">Desenvolvimento de a\u00e7\u00f5es destinadas \u00e0 implanta\u00e7\u00e3o e operacionaliza\u00e7\u00e3o de servi\u00e7os na Unidade Fixa de Atendimento do Vapt-Vupt<\/td><td style=\"color: #000000; background-color: #FFFFFF;\">60 meses<\/td><td style=\"color: #000000; background-color: #FFFFFF;\">20\/10\/2016<\/td><td style=\"color: #000000; background-color: #FFFFFF;\">19\/10\/2021<\/td><td style=\"color: #467886; background-color: #FFFFFF;text-decoration: underline;\"><a href=\"https:\/\/goias.gov.br\/administracao\/wp-content\/uploads\/sites\/27\/files\/licitacoes-contratos\/TC010-2016.pdf\" target=\"_blank\">ABRIR<\/a><\/td><\/tr><tr><td style=\"color: #000000; background-color: #FFFFFF;\">011\/2016<\/td><td style=\"color: #000000; background-color: #FFFFFF;\">SEAD<\/td><td style=\"color: #000000; background-color: #FFFFFF;\">Departamento de Tr\u00e2nsito - DETRAN<\/td><td style=\"color: #000000; background-color: #FFFFFF;\">Desenvolvimento de a\u00e7\u00f5es destinadas \u00e0 implanta\u00e7\u00e3o e operacionaliza\u00e7\u00e3o de servi\u00e7os na Unidade Fixa de Atendimento do Vapt-Vupt<\/td><td style=\"color: #000000; background-color: #FFFFFF;\">60 meses<\/td><td style=\"color: #000000; background-color: #FFFFFF;\">20\/10\/2016<\/td><td style=\"color: #000000; background-color: #FFFFFF;\">19\/10\/2021<\/td><td style=\"color: #467886; background-color: #FFFFFF;text-decoration: underline;\"><a href=\"https:\/\/goias.gov.br\/administracao\/wp-content\/uploads\/sites\/27\/files\/licitacoes-contratos\/TC011-2016.pdf\" target=\"_blank\">ABRIR<\/a><\/td><\/tr><tr><td style=\"color: #000000; background-color: #FFFFFF;\">009\/2016<\/td><td style=\"color: #000000; background-color: #FFFFFF;\">SEAD<\/td><td style=\"color: #000000; background-color: #FFFFFF;\">Munic\u00edpio de Palmeiras de Goi\u00e1s<\/td><td style=\"color: #000000; background-color: #FFFFFF;\">Desenvolvimento de a\u00e7\u00f5es destinadas \u00e0 implanta\u00e7\u00e3o e operacionaliza\u00e7\u00e3o de servi\u00e7os na Unidade Fixa de Atendimento do Vapt-Vupt<\/td><td style=\"color: #000000; background-color: #FFFFFF;\">60 meses<\/td><td style=\"color: #000000; background-color: #FFFFFF;\">07\/10\/2016<\/td><td style=\"color: #000000; background-color: #FFFFFF;\">06\/10\/2021<\/td><td style=\"color: #467886; background-color: #FFFFFF;text-decoration: underline;\"><a href=\"https:\/\/goias.gov.br\/administracao\/wp-content\/uploads\/sites\/27\/files\/licitacoes-contratos\/TC009-2016.pdf\" target=\"_blank\">ABRIR<\/a><\/td><\/tr><tr><td style=\"color: #000000; background-color: #FFFFFF;\">008\/2016<\/td><td style=\"color: #000000; background-color: #FFFFFF;\">SEAD<\/td><td style=\"color: #000000; background-color: #FFFFFF;\">Munic\u00edpio de Morrinhos<\/td><td style=\"color: #000000; background-color: #FFFFFF;\">Desenvolvimento de a\u00e7\u00f5es destinadas \u00e0 implanta\u00e7\u00e3o e operacionaliza\u00e7\u00e3o de servi\u00e7os na Unidade Fixa de Atendimento do Vapt-Vupt<\/td><td style=\"color: #000000; background-color: #FFFFFF;\">60 meses<\/td><td style=\"color: #000000; background-color: #FFFFFF;\">23\/09\/2016<\/td><td style=\"color: #000000; background-color: #FFFFFF;\">22\/09\/2021<\/td><td style=\"color: #467886; background-color: #FFFFFF;text-decoration: underline;\"><a href=\"https:\/\/goias.gov.br\/administracao\/wp-content\/uploads\/sites\/27\/files\/licitacoes-contratos\/TC008-2016.pdf\" target=\"_blank\">ABRIR<\/a><\/td><\/tr><tr><td style=\"color: #000000; background-color: #FFFFFF;\">005\/2016<\/td><td style=\"color: #000000; background-color: #FFFFFF;\">SEAD<\/td><td style=\"color: #000000; background-color: #FFFFFF;\">Instituto de Assist\u00eancia dos Servidores P\u00fablicos do Estado de Goi\u00e1s - IPASGO<\/td><td style=\"color: #000000; background-color: #FFFFFF;\">Desenvolvimento de a\u00e7\u00f5es destinadas \u00e0 implanta\u00e7\u00e3o e operacionaliza\u00e7\u00e3o de servi\u00e7os na Unidade Fixa de Atendimento do Vapt-Vupt<\/td><td style=\"color: #000000; background-color: #FFFFFF;\">60 meses<\/td><td style=\"color: #000000; background-color: #FFFFFF;\">30\/08\/2016<\/td><td style=\"color: #000000; background-color: #FFFFFF;\">29\/08\/2021<\/td><td style=\"color: #467886; background-color: #FFFFFF;text-decoration: underline;\"><a href=\"https:\/\/goias.gov.br\/administracao\/wp-content\/uploads\/sites\/27\/files\/licitacoes-contratos\/TC005-2016.pdf\" target=\"_blank\">ABRIR<\/a><\/td><\/tr><tr><td style=\"color: #000000; background-color: #FFFFFF;\">006\/2016<\/td><td style=\"color: #000000; background-color: #FFFFFF;\">SEAD<\/td><td style=\"color: #000000; background-color: #FFFFFF;\">Ag\u00eancia Goiana de Habita\u00e7\u00e3o - AGEHAB<\/td><td style=\"color: #000000; background-color: #FFFFFF;\">Desenvolvimento de a\u00e7\u00f5es destinadas \u00e0 implanta\u00e7\u00e3o e operacionaliza\u00e7\u00e3o de servi\u00e7os na Unidade Fixa de Atendimento do Vapt-Vupt<\/td><td style=\"color: #000000; background-color: #FFFFFF;\">60 meses<\/td><td style=\"color: #000000; background-color: #FFFFFF;\">30\/08\/2016<\/td><td style=\"color: #000000; background-color: #FFFFFF;\">29\/08\/2021<\/td><td style=\"color: #467886; background-color: #FFFFFF;text-decoration: underline;\"><a href=\"https:\/\/goias.gov.br\/administracao\/wp-content\/uploads\/sites\/27\/files\/licitacoes-contratos\/TC006-2016.pdf\" target=\"_blank\">ABRIR<\/a><\/td><\/tr><tr><td style=\"color: #000000; background-color: #FFFFFF;\">004\/2016<\/td><td style=\"color: #000000; background-color: #FFFFFF;\">SEAD<\/td><td style=\"color: #000000; background-color: #FFFFFF;\">Secretaria de Estado de Governo - SEGOV<\/td><td style=\"color: #000000; background-color: #FFFFFF;\">Desenvolvimento de a\u00e7\u00f5es destinadas \u00e0 implanta\u00e7\u00e3o e operacionaliza\u00e7\u00e3o de servi\u00e7os na Unidade Fixa de Atendimento do Vapt-Vupt<\/td><td style=\"color: #000000; background-color: #FFFFFF;\">60 meses<\/td><td style=\"color: #000000; background-color: #FFFFFF;\">22\/08\/2016<\/td><td style=\"color: #000000; background-color: #FFFFFF;\">21\/08\/2021<\/td><td style=\"color: #467886; background-color: #FFFFFF;text-decoration: underline;\"><a href=\"https:\/\/goias.gov.br\/administracao\/wp-content\/uploads\/sites\/27\/files\/licitacoes-contratos\/TC004-2016.pdf\" target=\"_blank\">ABRIR<\/a><\/td><\/tr><\/tbody><\/table><div class=\"wp-block-file\"><a href=\"https:\/\/goias.gov.br\/administracao\/wp-content\/uploads\/sites\/27\/2023\/09\/Planilha-04-Acordo-sem-transferencia-de-recursos.xlsx\">Planilha-04-Acordo-sem-transferencia-de-recursos.xlsx&nbsp; <span class=\"wp-block-file__button wp-element-button\">Baixar<\/span><\/a><\/div>\n\n\n<p><em><strong>Unidade Respons\u00e1veis pelas Informa\u00e7\u00f5es.\u00a0<\/strong><\/em><br \/><em>Ger\u00eancia de Contabilidade \u2013 SEAD<\/em><br \/><em><strong>Informa\u00e7\u00f5es: (62) 3201-8736<\/strong><\/em><\/p>","protected":false},"excerpt":{"rendered":"<p>Unidade Respons\u00e1veis pelas Informa\u00e7\u00f5es.\u00a0Ger\u00eancia de Contabilidade \u2013 SEADInforma\u00e7\u00f5es: (62) 3201-8736<\/p>\n","protected":false},"author":41,"featured_media":0,"comment_status":"closed","ping_status":"open","sticky":false,"template":"","format":"standard","meta":{"footnotes":""},"categories":[98],"tags":[],"class_list":["post-12895","post","type-post","status-publish","format-standard","hentry","category-acesso-a-informacao"],"rttpg_featured_image_url":null,"rttpg_author":{"display_name":"donizetheb","author_link":"https:\/\/goias.gov.br\/administracao\/author\/donizetheb\/"},"rttpg_comment":0,"rttpg_category":"<a href=\"https:\/\/goias.gov.br\/administracao\/categoria\/acesso-a-informacao\/\" rel=\"category tag\">Acesso \u00e0 Informa\u00e7\u00e3o<\/a>","rttpg_excerpt":"Unidade Respons\u00e1veis pelas Informa\u00e7\u00f5es.\u00a0Ger\u00eancia de Contabilidade \u2013 SEADInforma\u00e7\u00f5es: (62) 3201-8736","_links":{"self":[{"href":"https:\/\/goias.gov.br\/administracao\/wp-json\/wp\/v2\/posts\/12895","targetHints":{"allow":["GET"]}}],"collection":[{"href":"https:\/\/goias.gov.br\/administracao\/wp-json\/wp\/v2\/posts"}],"about":[{"href":"https:\/\/goias.gov.br\/administracao\/wp-json\/wp\/v2\/types\/post"}],"author":[{"embeddable":true,"href":"https:\/\/goias.gov.br\/administracao\/wp-json\/wp\/v2\/users\/41"}],"replies":[{"embeddable":true,"href":"https:\/\/goias.gov.br\/administracao\/wp-json\/wp\/v2\/comments?post=12895"}],"version-history":[{"count":2,"href":"https:\/\/goias.gov.br\/administracao\/wp-json\/wp\/v2\/posts\/12895\/revisions"}],"predecessor-version":[{"id":146064,"href":"https:\/\/goias.gov.br\/administracao\/wp-json\/wp\/v2\/posts\/12895\/revisions\/146064"}],"wp:attachment":[{"href":"https:\/\/goias.gov.br\/administracao\/wp-json\/wp\/v2\/media?parent=12895"}],"wp:term":[{"taxonomy":"category","embeddable":true,"href":"https:\/\/goias.gov.br\/administracao\/wp-json\/wp\/v2\/categories?post=12895"},{"taxonomy":"post_tag","embeddable":true,"href":"https:\/\/goias.gov.br\/administracao\/wp-json\/wp\/v2\/tags?post=12895"}],"curies":[{"name":"wp","href":"https:\/\/api.w.org\/{rel}","templated":true}]}}