

{"id":10968,"date":"2021-08-23T11:58:52","date_gmt":"2021-08-23T14:58:52","guid":{"rendered":"http:\/\/localhost\/multisites\/sead\/2021\/08\/23\/contratos-de-locacao-de-imoveis\/"},"modified":"2025-07-24T10:01:30","modified_gmt":"2025-07-24T13:01:30","slug":"contratos-de-locacao-de-imoveis","status":"publish","type":"post","link":"https:\/\/goias.gov.br\/administracao\/contratos-de-locacao-de-imoveis\/","title":{"rendered":"Contratos de Loca\u00e7\u00e3o de Im\u00f3veis"},"content":{"rendered":"<p><a id=\"\" title=\"\" href=\"https:\/\/goias.gov.br\/administracao\/wp-content\/uploads\/sites\/27\/2024\/05\/PDF-1-Relatorio_dos_Contratos_de_Locacao_revisao_JP-1.pdf\" target=\"\" rel=\"noopener\">Relat\u00f3rio PDF<\/a><\/p>\n<p><a id=\"\" title=\"\" href=\"https:\/\/goias.gov.br\/administracao\/wp-content\/uploads\/sites\/27\/2025\/07\/planilha-5-relatorio-dos-contratos-de-locacao-revisao-jp.xlsx\" target=\"_blank\" rel=\"noopener\">Relat\u00f3rio Excel<\/a><\/p>\n\n\n<table class=\"planilhaview display\" style=\"width:100%\"><thead><tr><th>N\u00ba Contrato \/ ANO<\/th><th>N.\u00ba Processo SEI<\/th><th>Locador<\/th><th>CPF\/ CNPJ Locador<\/th><th>Descri\u00e7\u00e3o e Endere\u00e7o<\/th><th>Finalidade<\/th><th>Valor do Aluguel<\/th><th>\u00cdndice de Reajuste<\/th><th>Vig\u00eancia - In\u00edcio<\/th><th>Vig\u00eancia - Final<\/th><\/tr><tr><th><input type=\"text\" placeholder=\"Filtrar N\u00ba Contrato \/ ANO\"><\/th><th><input type=\"text\" placeholder=\"Filtrar N.\u00ba Processo SEI\"><\/th><th><input type=\"text\" placeholder=\"Filtrar Locador\"><\/th><th><input type=\"text\" placeholder=\"Filtrar CPF\/ CNPJ Locador\"><\/th><th><input type=\"text\" placeholder=\"Filtrar Descri\u00e7\u00e3o e Endere\u00e7o\"><\/th><th><input type=\"text\" placeholder=\"Filtrar Finalidade\"><\/th><th><input type=\"text\" placeholder=\"Filtrar Valor do Aluguel\"><\/th><th><input type=\"text\" placeholder=\"Filtrar \u00cdndice de Reajuste\"><\/th><th><input type=\"text\" placeholder=\"Filtrar Vig\u00eancia - In\u00edcio\"><\/th><th><input type=\"text\" placeholder=\"Filtrar Vig\u00eancia - Final\"><\/th><\/tr><\/thead><tbody><tr><td style=\"color: #000000; background-color: #FFFFFF;\">032\/2020<\/td><td style=\"color: #000000; background-color: #FFFFFF;\">202000005006171<\/td><td style=\"color: #000000; background-color: #FFFFFF;\">D'Alc\u00e2ntara Participa\u00e7\u00f5es e Investimentos Ltda<\/td><td style=\"color: #000000; background-color: #FFFFFF;\">28.713.917\/0001-52<\/td><td style=\"color: #000000; background-color: #FFFFFF;\">Im\u00f3vel Comercial com \u00e1rea de 590,00 m2, localizado na Rua Mois\u00e9s Batista, Quadra 03-A, Lote\n02, Setor Central, Trindade - GO<\/td><td style=\"color: #000000; background-color: #FFFFFF;\">Instala\u00e7\u00e3o da unidade Instala\u00e7\u00e3o da unidade Vapt Vupt de Trindade<\/td><td style=\"color: #000000; background-color: #FFFFFF;\">R$ 13.823,70<\/td><td style=\"color: #000000; background-color: #FFFFFF;\">IGPM\/FGV<\/td><td style=\"color: #000000; background-color: #FFFFFF;\">14\/10\/2020<\/td><td style=\"color: #000000; background-color: #FFFFFF;\">13\/10\/2025<\/td><\/tr><tr><td style=\"color: #000000; background-color: #FFFFFF;\">043\/2020<\/td><td style=\"color: #000000; background-color: #FFFFFF;\">202000005010522<\/td><td style=\"color: #000000; background-color: #FFFFFF;\">Saul Rog\u00e9rio Filho<\/td><td style=\"color: #000000; background-color: #FFFFFF;\">215.241.141-20<\/td><td style=\"color: #000000; background-color: #FFFFFF;\">Im\u00f3vel Comercial com \u00e1rea de 531,40 m2 localizado na Avenida Crist\u00f3v\u00e3o Colombo de Freitas, Quadra 04, Lote 10, Setor Aeroporto, Jaragu\u00e1 - GO<\/td><td style=\"color: #000000; background-color: #FFFFFF;\">Instala\u00e7\u00e3o da unidade Instala\u00e7\u00e3o da unidade Vapt Vupt de Jaragu\u00e1<\/td><td style=\"color: #000000; background-color: #FFFFFF;\">R$ 6.773,65<\/td><td style=\"color: #000000; background-color: #FFFFFF;\">\u00cdndice mais Vantajoso para Adm P\u00fablica<\/td><td style=\"color: #000000; background-color: #FFFFFF;\">07\/12\/2020<\/td><td style=\"color: #000000; background-color: #FFFFFF;\">06\/12\/2025<\/td><\/tr><tr><td style=\"color: #000000; background-color: #FFFFFF;\">002\/2021<\/td><td style=\"color: #000000; background-color: #FFFFFF;\">202000005013174<\/td><td style=\"color: #000000; background-color: #FFFFFF;\">M\u00e1rcio Gon\u00e7alves de Souza<\/td><td style=\"color: #000000; background-color: #FFFFFF;\">893.963.751-87<\/td><td style=\"color: #000000; background-color: #FFFFFF;\">Im\u00f3vel Comercial com \u00e1rea de 401,64 m2, localizado na Avenida Salom\u00e3o Lopes, Quadra C, Lote 19-C, Setor Jos\u00e9 C\u00e2ndido de Morais, Palmeiras de Goi\u00e1s - GO<\/td><td style=\"color: #000000; background-color: #FFFFFF;\">Instala\u00e7\u00e3o da unidade Instala\u00e7\u00e3o da unidade Vapt Vupt de Palmeiras de Goi\u00e1s<\/td><td style=\"color: #000000; background-color: #FFFFFF;\">R$ 6.000,00<\/td><td style=\"color: #000000; background-color: #FFFFFF;\">\u00cdndice mais Vantajoso para Adm P\u00fablica<\/td><td style=\"color: #000000; background-color: #FFFFFF;\">12\/01\/2021<\/td><td style=\"color: #000000; background-color: #FFFFFF;\">11\/01\/2026<\/td><\/tr><tr><td style=\"color: #000000; background-color: #FFFFFF;\">004\/2021<\/td><td style=\"color: #000000; background-color: #FFFFFF;\">202000005017360<\/td><td style=\"color: #000000; background-color: #FFFFFF;\">Maia Empreendimentos Imobili\u00e1rios Construtora e Incorporadora Ltda<\/td><td style=\"color: #000000; background-color: #FFFFFF;\">08.312.190\/0001-94<\/td><td style=\"color: #000000; background-color: #FFFFFF;\">Im\u00f3vel Comercial com \u00e1rea de 400,50 m2, localizado na Avenida Pastor Zetil, n\u00ba 71, Setor Central, Quirin\u00f3polis - GO<\/td><td style=\"color: #000000; background-color: #FFFFFF;\">Instala\u00e7\u00e3o da unidade Instala\u00e7\u00e3o da unidade Vapt Vupt de Quirin\u00f3polis<\/td><td style=\"color: #000000; background-color: #FFFFFF;\">R$ 6.287,85<\/td><td style=\"color: #000000; background-color: #FFFFFF;\">\u00cdndice mais Vantajoso para Adm P\u00fablica<\/td><td style=\"color: #000000; background-color: #FFFFFF;\">14\/02\/2021<\/td><td style=\"color: #000000; background-color: #FFFFFF;\">13\/02\/2026<\/td><\/tr><tr><td style=\"color: #000000; background-color: #FFFFFF;\">013\/2021<\/td><td style=\"color: #000000; background-color: #FFFFFF;\">201900005007970<\/td><td style=\"color: #000000; background-color: #FFFFFF;\">Jos\u00e9 Ant\u00f4nio da Silva J\u00fanior<\/td><td style=\"color: #000000; background-color: #FFFFFF;\">219.951.251-72<\/td><td style=\"color: #000000; background-color: #FFFFFF;\">Im\u00f3vel Comercial com \u00e1rea de 630,00 m2, localizado na Avenida Igualdade, Quadra 88, Lotes 18 e 19, Setor Garavelo, Aparecida de Goi\u00e2nia - GO<\/td><td style=\"color: #000000; background-color: #FFFFFF;\">Instala\u00e7\u00e3o da unidade Instala\u00e7\u00e3o da unidade Vapt Vupt do Garavelo<\/td><td style=\"color: #000000; background-color: #FFFFFF;\">R$ 5.527,18<\/td><td style=\"color: #000000; background-color: #FFFFFF;\">\u00cdndice mais Vantajoso para Adm P\u00fablica<\/td><td style=\"color: #000000; background-color: #FFFFFF;\">12\/03\/2021<\/td><td style=\"color: #000000; background-color: #FFFFFF;\">11\/03\/2026<\/td><\/tr><tr><td style=\"color: #000000; background-color: #FFFFFF;\">015\/2021<\/td><td style=\"color: #000000; background-color: #FFFFFF;\">202000005021283<\/td><td style=\"color: #000000; background-color: #FFFFFF;\">Nova Administradora e Agropecu\u00e1ria Ltda<\/td><td style=\"color: #000000; background-color: #FFFFFF;\">09.286.366\/0001-43<\/td><td style=\"color: #000000; background-color: #FFFFFF;\">Im\u00f3vel Comercial com \u00e1rea de 542,44 m2, localizado na Avenida Tocantins, n\u00ba 1.421, Setor Central, Anicuns - GO<\/td><td style=\"color: #000000; background-color: #FFFFFF;\">Instala\u00e7\u00e3o da unidade Instala\u00e7\u00e3o da unidade Vapt Vupt de Anicuns<\/td><td style=\"color: #000000; background-color: #FFFFFF;\">R$ 5.817,23<\/td><td style=\"color: #000000; background-color: #FFFFFF;\">\u00cdndice mais Vantajoso para Adm P\u00fablica<\/td><td style=\"color: #000000; background-color: #FFFFFF;\">15\/03\/2021<\/td><td style=\"color: #000000; background-color: #FFFFFF;\">14\/03\/2026<\/td><\/tr><tr><td style=\"color: #000000; background-color: #FFFFFF;\">016\/2021<\/td><td style=\"color: #000000; background-color: #FFFFFF;\">202000005020959<\/td><td style=\"color: #000000; background-color: #FFFFFF;\">JLT Empreendimentos Imobili\u00e1rios Eireli<\/td><td style=\"color: #000000; background-color: #FFFFFF;\">10.271.209\/0001-43<\/td><td style=\"color: #000000; background-color: #FFFFFF;\">Im\u00f3vel Comercial com \u00e1rea de 979,20 m2, localizado na Avenida Paulo Albari, n\u00ba 477, Bairro Jardim Am\u00e9rica, Itumbiara - GO<\/td><td style=\"color: #000000; background-color: #FFFFFF;\">Instala\u00e7\u00e3o da unidade Instala\u00e7\u00e3o da unidade Vapt Vupt de Itumbiara<\/td><td style=\"color: #000000; background-color: #FFFFFF;\">R$ 15.884,29<\/td><td style=\"color: #000000; background-color: #FFFFFF;\">IGPM<\/td><td style=\"color: #000000; background-color: #FFFFFF;\">15\/03\/2021<\/td><td style=\"color: #000000; background-color: #FFFFFF;\">15\/03\/2026<\/td><\/tr><tr><td style=\"color: #000000; background-color: #FFFFFF;\">020\/2021<\/td><td style=\"color: #000000; background-color: #FFFFFF;\">202000005028669<\/td><td style=\"color: #000000; background-color: #FFFFFF;\">C\u00e1ssio Pelet Pessoa e Carlos Roberto \u00c1vila Pessoa<\/td><td style=\"color: #000000; background-color: #FFFFFF;\">013.677.151-30 e 232.871.871-04<\/td><td style=\"color: #000000; background-color: #FFFFFF;\">Im\u00f3vel Comercial com \u00e1rea de 366,55 m2, localizado na Rua 01, Quadra 06, Lotes 03 e 04, Setor Santa M\u00f4nica, Mozarl\u00e2ndia - GO<\/td><td style=\"color: #000000; background-color: #FFFFFF;\">Instala\u00e7\u00e3o da unidade Instala\u00e7\u00e3o da unidade Vapt Vupt de Mozarl\u00e2ndia<\/td><td style=\"color: #000000; background-color: #FFFFFF;\">R$ 7.849,20<\/td><td style=\"color: #000000; background-color: #FFFFFF;\">\u00cdndice mais Vantajoso para Adm P\u00fablica<\/td><td style=\"color: #000000; background-color: #FFFFFF;\">30\/03\/2021<\/td><td style=\"color: #000000; background-color: #FFFFFF;\">29\/03\/2026<\/td><\/tr><tr><td style=\"color: #000000; background-color: #FFFFFF;\">024\/2021<\/td><td style=\"color: #000000; background-color: #FFFFFF;\">202000005010928<\/td><td style=\"color: #000000; background-color: #FFFFFF;\">Salim Elias Bitar<\/td><td style=\"color: #000000; background-color: #FFFFFF;\">090.003.136-00<\/td><td style=\"color: #000000; background-color: #FFFFFF;\">Im\u00f3vel situado \u00e0 Avenida Central, n\u00b0 820, \u00c1rea 07, Setor Empresarial, Goi\u00e2nia - GO, com \u00e1rea \u00fatil de aproximadamente 1.800 m\u00b2.<\/td><td style=\"color: #000000; background-color: #FFFFFF;\">Galp\u00e3o<\/td><td style=\"color: #000000; background-color: #FFFFFF;\">R$ 16.895,20<\/td><td style=\"color: #000000; background-color: #FFFFFF;\">IPCA(IBGE)<\/td><td style=\"color: #000000; background-color: #FFFFFF;\">19\/05\/2021<\/td><td style=\"color: #000000; background-color: #FFFFFF;\">19\/05\/2026<\/td><\/tr><tr><td style=\"color: #000000; background-color: #FFFFFF;\">047\/2021<\/td><td style=\"color: #000000; background-color: #FFFFFF;\">202000005026962<\/td><td style=\"color: #000000; background-color: #FFFFFF;\">Zita Pires de Andrade<\/td><td style=\"color: #000000; background-color: #FFFFFF;\">521.730.381-68<\/td><td style=\"color: #000000; background-color: #FFFFFF;\">Im\u00f3vel Comercial com \u00e1rea de 418,82 m2 - Rua canjarama Qd 102, Lt 28, Setor central , Rubiataba - GO\n- GO<\/td><td style=\"color: #000000; background-color: #FFFFFF;\">Instala\u00e7\u00e3o da unidade Instala\u00e7\u00e3o da unidade Vapt Vupt de Rubiataba<\/td><td style=\"color: #000000; background-color: #FFFFFF;\">R$ 4.703<\/td><td style=\"color: #000000; background-color: #FFFFFF;\">\u00cdndice mais Vantajoso para Adm P\u00fablica<\/td><td style=\"color: #000000; background-color: #FFFFFF;\">31\/08\/2021<\/td><td style=\"color: #000000; background-color: #FFFFFF;\">30\/08\/2026<\/td><\/tr><tr><td style=\"color: #000000; background-color: #FFFFFF;\">053\/2021<\/td><td style=\"color: #000000; background-color: #FFFFFF;\">202000005028352<\/td><td style=\"color: #000000; background-color: #FFFFFF;\">WM Empreendimentos Imobili\u00e1rios LTDA.<\/td><td style=\"color: #000000; background-color: #FFFFFF;\">08.253.824\/0001-85<\/td><td style=\"color: #000000; background-color: #FFFFFF;\">Im\u00f3vel Comercial com \u00e1rea de 322,50 m2 - Avenida Domingos Neto esquina c\/ rua General Os\u00f3rio n\u00ba 222A, Setor Central , Inhumas - GO<\/td><td style=\"color: #000000; background-color: #FFFFFF;\">Instala\u00e7\u00e3o da unidade Instala\u00e7\u00e3o da unidade Vapt Vupt de Inhumas<\/td><td style=\"color: #000000; background-color: #FFFFFF;\">R$ 6.388,20<\/td><td style=\"color: #000000; background-color: #FFFFFF;\">\u00cdndice mais Vantajoso para Adm P\u00fablica<\/td><td style=\"color: #000000; background-color: #FFFFFF;\">21\/10\/2021<\/td><td style=\"color: #000000; background-color: #FFFFFF;\">20\/10\/2026<\/td><\/tr><tr><td style=\"color: #000000; background-color: #FFFFFF;\">063\/2021<\/td><td style=\"color: #000000; background-color: #FFFFFF;\">202100005001684<\/td><td style=\"color: #000000; background-color: #FFFFFF;\">Jos\u00e9 Dimas Bezerra<\/td><td style=\"color: #000000; background-color: #FFFFFF;\">147.259.591-20<\/td><td style=\"color: #000000; background-color: #FFFFFF;\">Im\u00f3vel Comercial com \u00e1rea de 450 m2 - Avenida Bras\u00edlia Qd 57, Lt 16, Setor Centro, Alex\u00e2nia - GO<\/td><td style=\"color: #000000; background-color: #FFFFFF;\">Instala\u00e7\u00e3o da unidade Instala\u00e7\u00e3o da unidade Vapt Vupt de Alex\u00e2nia<\/td><td style=\"color: #000000; background-color: #FFFFFF;\">R$ 4.700,00<\/td><td style=\"color: #000000; background-color: #FFFFFF;\">\u00cdndice mais Vantajoso para Adm P\u00fablica<\/td><td style=\"color: #000000; background-color: #FFFFFF;\">18\/11\/2021<\/td><td style=\"color: #000000; background-color: #FFFFFF;\">17\/11\/2026<\/td><\/tr><tr><td style=\"color: #000000; background-color: #FFFFFF;\">007\/2022<\/td><td style=\"color: #000000; background-color: #FFFFFF;\">202100005008455<\/td><td style=\"color: #000000; background-color: #FFFFFF;\">Cleuber Batista da Silva e Luciene Taveira da Silva<\/td><td style=\"color: #000000; background-color: #FFFFFF;\">492.022.511-34 e 803.761.501-\n49<\/td><td style=\"color: #000000; background-color: #FFFFFF;\">Im\u00f3vel Comercial com \u00e1rea de 411,26 m2 - Avenida Get\u00falio Artiaga esquina c\/ \u00c1lvaro Vasconcelos n\u00ba 2, Setor S\u00e3o Sebasti\u00e3o, Para\u00fana - GO<\/td><td style=\"color: #000000; background-color: #FFFFFF;\">Instala\u00e7\u00e3o da unidade Instala\u00e7\u00e3o da unidade Vapt Vupt de Para\u00fana<\/td><td style=\"color: #000000; background-color: #FFFFFF;\">R$ 3.987,00<\/td><td style=\"color: #000000; background-color: #FFFFFF;\">\u00cdndice mais Vantajoso para Adm P\u00fablica<\/td><td style=\"color: #000000; background-color: #FFFFFF;\">10\/02\/2022<\/td><td style=\"color: #000000; background-color: #FFFFFF;\">09\/02\/2027<\/td><\/tr><tr><td style=\"color: #000000; background-color: #FFFFFF;\">008\/2022<\/td><td style=\"color: #000000; background-color: #FFFFFF;\">202100005024065<\/td><td style=\"color: #000000; background-color: #FFFFFF;\">Celso Brand\u00e3o de Oliveira<\/td><td style=\"color: #000000; background-color: #FFFFFF;\">300.271.281-72<\/td><td style=\"color: #000000; background-color: #FFFFFF;\">Im\u00f3vel Comercial com \u00e1rea de 367,75 m2 - Pra\u00e7a Padre Arnaldo, Qd 001, Lt 15, Setor Carmo , Goi\u00e1s - GO<\/td><td style=\"color: #000000; background-color: #FFFFFF;\">Instala\u00e7\u00e3o da unidade Instala\u00e7\u00e3o da unidade Vapt Vupt de de Goi\u00e1s<\/td><td style=\"color: #000000; background-color: #FFFFFF;\">R$ 6.915,00<\/td><td style=\"color: #000000; background-color: #FFFFFF;\">IPCA (IBGE)<\/td><td style=\"color: #000000; background-color: #FFFFFF;\">25\/02\/2022<\/td><td style=\"color: #000000; background-color: #FFFFFF;\">24\/02\/2027<\/td><\/tr><tr><td style=\"color: #000000; background-color: #FFFFFF;\">010\/2022<\/td><td style=\"color: #000000; background-color: #FFFFFF;\">202100005010337<\/td><td style=\"color: #000000; background-color: #FFFFFF;\">Luciano Marcelo Ferreira de Avelar<\/td><td style=\"color: #000000; background-color: #FFFFFF;\">625.640.561-72<\/td><td style=\"color: #000000; background-color: #FFFFFF;\">Im\u00f3vel Comercial com \u00e1rea de 365 m2 - Avenida Bernardo Say\u00e3o n\u00ba 300, centro, Ceres - GO<\/td><td style=\"color: #000000; background-color: #FFFFFF;\">Instala\u00e7\u00e3o da unidade Instala\u00e7\u00e3o da unidade Vapt Vupt de Ceres<\/td><td style=\"color: #000000; background-color: #FFFFFF;\">R$ 6.949,60<\/td><td style=\"color: #000000; background-color: #FFFFFF;\">\u00cdndice mais Vantajoso para Adm P\u00fablica<\/td><td style=\"color: #000000; background-color: #FFFFFF;\">07\/03\/2022<\/td><td style=\"color: #000000; background-color: #FFFFFF;\">06\/03\/2027<\/td><\/tr><tr><td style=\"color: #000000; background-color: #FFFFFF;\">011\/2022<\/td><td style=\"color: #000000; background-color: #FFFFFF;\">202100005023872<\/td><td style=\"color: #000000; background-color: #FFFFFF;\">L.A.R. Com\u00e9rcio Varejista de Combust\u00edvel<\/td><td style=\"color: #000000; background-color: #FFFFFF;\">42.019.207\/0001-58<\/td><td style=\"color: #000000; background-color: #FFFFFF;\">Im\u00f3vel Comercial com \u00e1rea de 511 m2 - Qd 5, Lt 18\/21, Jardim Quer\u00eancia, \u00c1guas Lindas de Goi\u00e1s - GO<\/td><td style=\"color: #000000; background-color: #FFFFFF;\">Instala\u00e7\u00e3o da unidade Instala\u00e7\u00e3o da unidade Vapt Vupt de \u00c1guas Lindas<\/td><td style=\"color: #000000; background-color: #FFFFFF;\">R$ 12.000,00<\/td><td style=\"color: #000000; background-color: #FFFFFF;\">\u00cdndice mais Vantajoso para Adm P\u00fablica<\/td><td style=\"color: #000000; background-color: #FFFFFF;\">11\/03\/2022<\/td><td style=\"color: #000000; background-color: #FFFFFF;\">10\/03\/2027<\/td><\/tr><tr><td style=\"color: #000000; background-color: #FFFFFF;\">012\/2022<\/td><td style=\"color: #000000; background-color: #FFFFFF;\">202100005018233<\/td><td style=\"color: #000000; background-color: #FFFFFF;\">Kennedy dos Santos<\/td><td style=\"color: #000000; background-color: #FFFFFF;\">624.048.731-72<\/td><td style=\"color: #000000; background-color: #FFFFFF;\">Im\u00f3vel Comercial com \u00e1rea de 320,40 m2 - Avenida Amazonas, Lt 2C, Qd 14a, Centro, Goiatuba - GO<\/td><td style=\"color: #000000; background-color: #FFFFFF;\">Instala\u00e7\u00e3o da unidade Instala\u00e7\u00e3o da unidade Vapt Vupt de Goiatuba<\/td><td style=\"color: #000000; background-color: #FFFFFF;\">8655,74<\/td><td style=\"color: #000000; background-color: #FFFFFF;\">\u00cdndice mais Vantajoso para Adm P\u00fablica<\/td><td style=\"color: #000000; background-color: #FFFFFF;\">11\/03\/2022<\/td><td style=\"color: #000000; background-color: #FFFFFF;\">11\/03\/2027<\/td><\/tr><tr><td style=\"color: #000000; background-color: #FFFFFF;\">022\/2022<\/td><td style=\"color: #000000; background-color: #FFFFFF;\">202200005003365<\/td><td style=\"color: #000000; background-color: #FFFFFF;\">Salim Elias Bitar<\/td><td style=\"color: #000000; background-color: #FFFFFF;\">090.003.136-00<\/td><td style=\"color: #000000; background-color: #FFFFFF;\">Im\u00f3vel com \u00e1rea \u00fatil de aproximadamente 1.633,50 m\u00b2, localizado na Avenida Central, Setor Empresarial, Goi\u00e2nia - GO<\/td><td style=\"color: #000000; background-color: #FFFFFF;\">Abrigar itens do Almoxarifado e demais patrim\u00f4nios<\/td><td style=\"color: #000000; background-color: #FFFFFF;\">R$ 15.000,00<\/td><td style=\"color: #000000; background-color: #FFFFFF;\">\u00cdndice mais Vantajoso para Adm P\u00fablica<\/td><td style=\"color: #000000; background-color: #FFFFFF;\">27\/05\/2023<\/td><td style=\"color: #000000; background-color: #FFFFFF;\">27\/05\/2024<\/td><\/tr><tr><td style=\"color: #000000; background-color: #FFFFFF;\">033\/2022<\/td><td style=\"color: #000000; background-color: #FFFFFF;\">202100005004458<\/td><td style=\"color: #000000; background-color: #FFFFFF;\">Miguel Barbosa da Silva<\/td><td style=\"color: #000000; background-color: #FFFFFF;\">08.795.227\/0001-82<\/td><td style=\"color: #000000; background-color: #FFFFFF;\">Im\u00f3vel localizado na Quadra 482, Lote 17, Parque Estrela Dalva VI, Novo Gama\/GO<\/td><td style=\"color: #000000; background-color: #FFFFFF;\">Instala\u00e7\u00e3o da unidade Vapt Vupt de Novo Gama<\/td><td style=\"color: #000000; background-color: #FFFFFF;\">5676,49<\/td><td style=\"color: #000000; background-color: #FFFFFF;\">\u00cdndice mais Vantajoso para Adm P\u00fablica<\/td><td style=\"color: #000000; background-color: #FFFFFF;\">26\/07\/2022<\/td><td style=\"color: #000000; background-color: #FFFFFF;\">25\/07\/2027<\/td><\/tr><tr><td style=\"color: #000000; background-color: #FFFFFF;\">040\/2022<\/td><td style=\"color: #000000; background-color: #FFFFFF;\">202100005028098<\/td><td style=\"color: #000000; background-color: #FFFFFF;\">Fabiano Gustavo Bussi e Tatyanne Furtado Faneco Belchior Protasio <\/td><td style=\"color: #000000; background-color: #FFFFFF;\">710.571.889-72 e 072.209.496-50<\/td><td style=\"color: #000000; background-color: #FFFFFF;\">Im\u00f3vel localizado na Avenida Independ\u00eancia, lote 01, Setor Serra Dourada - 3\u00aa Etapa, Aparecida de Goi\u00e2nia - GO<\/td><td style=\"color: #000000; background-color: #FFFFFF;\">Instala\u00e7\u00e3o da unidade Vapt Vupt de Aparecida Shopping<\/td><td style=\"color: #000000; background-color: #FFFFFF;\">R$ 6.462,60<\/td><td style=\"color: #000000; background-color: #FFFFFF;\">\u00cdndice mais Vantajoso para Adm P\u00fablica<\/td><td style=\"color: #000000; background-color: #FFFFFF;\">22\/11\/2022<\/td><td style=\"color: #000000; background-color: #FFFFFF;\">21\/11\/2027<\/td><\/tr><tr><td style=\"color: #000000; background-color: #FFFFFF;\">001\/2023<\/td><td style=\"color: #000000; background-color: #FFFFFF;\">202200005018146<\/td><td style=\"color: #000000; background-color: #FFFFFF;\">Gleik Alves Silva<\/td><td style=\"color: #000000; background-color: #FFFFFF;\">805.707.201-68<\/td><td style=\"color: #000000; background-color: #FFFFFF;\">Im\u00f3vel localizado na Avenida Cana\u00e3, esquina com Rua Ottawa, Quadra 125, Lote 19, Jardim Novo Mundo, Goi\u00e2nia - GO<\/td><td style=\"color: #000000; background-color: #FFFFFF;\">Instala\u00e7\u00e3o da unidade Vapt Vupt de Novo Mundo na Cidade de Goi\u00e2nia<\/td><td style=\"color: #000000; background-color: #FFFFFF;\">6586,88<\/td><td style=\"color: #000000; background-color: #FFFFFF;\">\u00cdndice mais Vantajoso para Adm P\u00fablica<\/td><td style=\"color: #000000; background-color: #FFFFFF;\">01\/02\/2023<\/td><td style=\"color: #000000; background-color: #FFFFFF;\">01\/02\/2028<\/td><\/tr><tr><td style=\"color: #000000; background-color: #FFFFFF;\">008\/2023<\/td><td style=\"color: #000000; background-color: #FFFFFF;\">202200005004527<\/td><td style=\"color: #000000; background-color: #FFFFFF;\">Alexandre Coelho Ferreira e Ana Marina Marquez Ferreira de Souza Garcia<\/td><td style=\"color: #000000; background-color: #FFFFFF;\">268.382.538-28 e 576.840.736-72<\/td><td style=\"color: #000000; background-color: #FFFFFF;\">Im\u00f3vel localizado na Avenida Anhanguera, n\u00b0 14.404, Quadra \u00c1rea, Lotes 39, 39B e 39C, Goi\u00e2nia - GO<\/td><td style=\"color: #000000; background-color: #FFFFFF;\">Instala\u00e7\u00e3o da unidade Vapt Vupt de Portal Shopping<\/td><td style=\"color: #000000; background-color: #FFFFFF;\">R$ 9.280,00<\/td><td style=\"color: #000000; background-color: #FFFFFF;\">\u00cdndice mais Vantajoso para Adm P\u00fablica<\/td><td style=\"color: #000000; background-color: #FFFFFF;\">27\/02\/2023<\/td><td style=\"color: #000000; background-color: #FFFFFF;\">27\/02\/2025<\/td><\/tr><tr><td style=\"color: #000000; background-color: #FFFFFF;\">020\/2023<\/td><td style=\"color: #000000; background-color: #FFFFFF;\">202200005009506<\/td><td style=\"color: #000000; background-color: #FFFFFF;\">Raiane Quinteiro Nierotka e Ronaldo Jose Veiga Silva J\u00fanior<\/td><td style=\"color: #000000; background-color: #FFFFFF;\">417.974.838-03 e 901.775.761-20<\/td><td style=\"color: #000000; background-color: #FFFFFF;\">Im\u00f3vel localizado na Im\u00f3vel de 544,79m\u00b2, situado \u00e0 Avenida Anhanguera, n\u00ba 10790, Loja 1107, 1\u00ba pavimento, Setor Aerovi\u00e1rio, Goi\u00e2nia-GO<\/td><td style=\"color: #000000; background-color: #FFFFFF;\">Instala\u00e7\u00e3o da unidade Vapt Vupt de Cerrado<\/td><td style=\"color: #000000; background-color: #FFFFFF;\">R$ 8.500,00<\/td><td style=\"color: #000000; background-color: #FFFFFF;\">IPCA (IBGE)<\/td><td style=\"color: #000000; background-color: #FFFFFF;\">26\/04\/2023<\/td><td style=\"color: #000000; background-color: #FFFFFF;\">25\/04\/2028<\/td><\/tr><tr><td style=\"color: #000000; background-color: #FFFFFF;\">029\/2023<\/td><td style=\"color: #000000; background-color: #FFFFFF;\">202200005012000<\/td><td style=\"color: #000000; background-color: #FFFFFF;\">Abadio da Silva Boaventura<\/td><td style=\"color: #000000; background-color: #FFFFFF;\">020.365.921-04<\/td><td style=\"color: #000000; background-color: #FFFFFF;\">Im\u00f3vel localizado na Rua 05 esq. c\/ Rua Wilson da Paix\u00e3o, n\u00b0 47, Bairro Nossa Senhora M\u00e3e de Deus, Catal\u00e3o-GO<\/td><td style=\"color: #000000; background-color: #FFFFFF;\">Instala\u00e7\u00e3o da unidade Vapt Vupt de Catal\u00e3o<\/td><td style=\"color: #000000; background-color: #FFFFFF;\">R$ 12.976,81<\/td><td style=\"color: #000000; background-color: #FFFFFF;\">\u00cdndice mais Vantajoso para Adm P\u00fablica<\/td><td style=\"color: #000000; background-color: #FFFFFF;\">13\/06\/2023<\/td><td style=\"color: #000000; background-color: #FFFFFF;\">13\/06\/2026<\/td><\/tr><tr><td style=\"color: #000000; background-color: #FFFFFF;\">032\/2023<\/td><td style=\"color: #000000; background-color: #FFFFFF;\">202300005002612<\/td><td style=\"color: #000000; background-color: #FFFFFF;\">Lucrecia Gon\u00e7alves Silva<\/td><td style=\"color: #000000; background-color: #FFFFFF;\">\u00a0906.362.871-49<\/td><td style=\"color: #000000; background-color: #FFFFFF;\">Im\u00f3vel de 441.67 m\u00b2, Im\u00f3vel localizado na Avenida Jayme Guiotti, n\u00b0 140, Quadra 69, Lote 151, Centro, Pires do Rio - GO<\/td><td style=\"color: #000000; background-color: #FFFFFF;\">Instala\u00e7\u00e3o da unidade Vapt Vupt de Pires do Rio<\/td><td style=\"color: #000000; background-color: #FFFFFF;\">8820,78<\/td><td style=\"color: #000000; background-color: #FFFFFF;\">IPCA (IBGE)<\/td><td style=\"color: #000000; background-color: #FFFFFF;\">07\/07\/2023<\/td><td style=\"color: #000000; background-color: #FFFFFF;\">07\/07\/2028<\/td><\/tr><tr><td style=\"color: #000000; background-color: #FFFFFF;\">033\/2023<\/td><td style=\"color: #000000; background-color: #FFFFFF;\">202300005000541<\/td><td style=\"color: #000000; background-color: #FFFFFF;\">Edigar Teixeira de Souza<\/td><td style=\"color: #000000; background-color: #FFFFFF;\">768.067.071-49<\/td><td style=\"color: #000000; background-color: #FFFFFF;\">Im\u00f3vel de 360 m\u00b2, Im\u00f3vel localizado na Avenida Bernardo Say\u00e3o, Quadra 01, Lote 05, Bairro Nova Ipiranga, Alvorada do Norte - GO<\/td><td style=\"color: #000000; background-color: #FFFFFF;\">Instala\u00e7\u00e3o da unidade Vapt Vupt de Alvorada do Norte<\/td><td style=\"color: #000000; background-color: #FFFFFF;\">R$ 2.900,00<\/td><td style=\"color: #000000; background-color: #FFFFFF;\">\u00cdndice mais Vantajoso para Adm P\u00fablica<\/td><td style=\"color: #000000; background-color: #FFFFFF;\">03\/08\/2023<\/td><td style=\"color: #000000; background-color: #FFFFFF;\">02\/08\/2028<\/td><\/tr><tr><td style=\"color: #000000; background-color: #FFFFFF;\">034\/2023<\/td><td style=\"color: #000000; background-color: #FFFFFF;\">202200005016650<\/td><td style=\"color: #000000; background-color: #FFFFFF;\">Maragato Ind\u00fastria & Constru\u00e7\u00f5es Ltda<\/td><td style=\"color: #000000; background-color: #FFFFFF;\">36.871.945\/0001-26<\/td><td style=\"color: #000000; background-color: #FFFFFF;\">Im\u00f3vel de 405,06 m\u00b2, Im\u00f3vel localizado na Rua Alvorada, n\u00b0 234, Quadra 28, Lote 10 B, Setor Central, Posse\/GO<\/td><td style=\"color: #000000; background-color: #FFFFFF;\">Instala\u00e7\u00e3o da unidade Vapt Vupt de de Posse<\/td><td style=\"color: #000000; background-color: #FFFFFF;\">R$ 9.315,00<\/td><td style=\"color: #000000; background-color: #FFFFFF;\">\u00cdndice mais Vantajoso para Adm P\u00fablica<\/td><td style=\"color: #000000; background-color: #FFFFFF;\">03\/08\/2023<\/td><td style=\"color: #000000; background-color: #FFFFFF;\">02\/08\/2028<\/td><\/tr><tr><td style=\"color: #000000; background-color: #FFFFFF;\">037\/2023<\/td><td style=\"color: #000000; background-color: #FFFFFF;\">202200005021214<\/td><td style=\"color: #000000; background-color: #FFFFFF;\">Fernanda & Fernando Empreendimentos Imobili\u00e1rios Ltda<\/td><td style=\"color: #000000; background-color: #FFFFFF;\">14.390.864\/0001-71<\/td><td style=\"color: #000000; background-color: #FFFFFF;\">Im\u00f3vel localizado na Pra\u00e7a Get\u00falio Vargas, n\u00b0 326, Centro, Bela Vista de Goi\u00e1s - GO<\/td><td style=\"color: #000000; background-color: #FFFFFF;\">Instala\u00e7\u00e3o da unidade Vapt Vupt de Bela Vista de Goi\u00e1s<\/td><td style=\"color: #000000; background-color: #FFFFFF;\">4800<\/td><td style=\"color: #000000; background-color: #FFFFFF;\">IPCA (IBGE)<\/td><td style=\"color: #000000; background-color: #FFFFFF;\">08\/11\/2023<\/td><td style=\"color: #000000; background-color: #FFFFFF;\">07\/11\/2028<\/td><\/tr><tr><td style=\"color: #000000; background-color: #FFFFFF;\">038\/2023<\/td><td style=\"color: #000000; background-color: #FFFFFF;\">202200005023638<\/td><td style=\"color: #000000; background-color: #FFFFFF;\">Empreendimentos Imobili\u00e1rios Monte L\u00edbano Ltda EPP<\/td><td style=\"color: #000000; background-color: #FFFFFF;\">04.675.444\/0001-88<\/td><td style=\"color: #000000; background-color: #FFFFFF;\">Im\u00f3vel localizado naAvenida Progresso, Qd 02, Lt 03, Loja 05, Conjunto Sabi\u00e1, Senador Canedo -GO<\/td><td style=\"color: #000000; background-color: #FFFFFF;\"> Instala\u00e7\u00e3o da unidade Vapt Vupt de Senador Canedo<\/td><td style=\"color: #000000; background-color: #FFFFFF;\">R$ 7.500,00<\/td><td style=\"color: #000000; background-color: #FFFFFF;\">\u00cdndice mais Vantajoso para Adm P\u00fablica<\/td><td style=\"color: #000000; background-color: #FFFFFF;\">21\/08\/2023<\/td><td style=\"color: #000000; background-color: #FFFFFF;\">20\/08\/2028<\/td><\/tr><tr><td style=\"color: #000000; background-color: #FFFFFF;\">041\/2023<\/td><td style=\"color: #000000; background-color: #FFFFFF;\">202300005000311<\/td><td style=\"color: #000000; background-color: #FFFFFF;\">Dan\u00fabia de Freitas Queiroz<\/td><td style=\"color: #000000; background-color: #FFFFFF;\">003.406.991-75<\/td><td style=\"color: #000000; background-color: #FFFFFF;\"> Rua 76, esquina com a Avenida Lucena Roriz, Quadra 129, Lote 19, Parque Es-trela Dalva IX, Luzi\u00e2nia GO, registrado sob a matr\u00edcula n\u00ba 25.374<\/td><td style=\"color: #000000; background-color: #FFFFFF;\">Instala\u00e7\u00e3o da unidade Vapt Vupt do Jardim Ing\u00e1<\/td><td style=\"color: #000000; background-color: #FFFFFF;\">R$ 8.000,00<\/td><td style=\"color: #000000; background-color: #FFFFFF;\">\u00cdndice mais Vantajoso para Adm P\u00fablica<\/td><td style=\"color: #000000; background-color: #FFFFFF;\">28\/12\/2023<\/td><td style=\"color: #000000; background-color: #FFFFFF;\">28\/12\/2028<\/td><\/tr><tr><td style=\"color: #000000; background-color: #FFFFFF;\">001\/2024<\/td><td style=\"color: #000000; background-color: #FFFFFF;\">202300005000794<\/td><td style=\"color: #000000; background-color: #FFFFFF;\">Hemerson Dias Ribeiro e Maria Zuleide dos Santos Ribeiro<\/td><td style=\"color: #000000; background-color: #FFFFFF;\">602.042.301-87 e 611.322.411-20<\/td><td style=\"color: #000000; background-color: #FFFFFF;\">Imovel de 400m2 situado na Avenida Goi\u00e1s, quadra 12, lotes 13 e 14, Setor Central, Santo Ant\u00f4nio do Descoberto-GO, registrado sob as matr\u00edculas n\u00ba 7.603 e 25.921 <\/td><td style=\"color: #000000; background-color: #FFFFFF;\">Instala\u00e7\u00e3o da unidade Vapt Vupt de Santo Ant\u00f4nio do Descoberto<\/td><td style=\"color: #000000; background-color: #FFFFFF;\">7772<\/td><td style=\"color: #000000; background-color: #FFFFFF;\">\u00cdndice mais Vantajoso para Adm P\u00fablica<\/td><td style=\"color: #000000; background-color: #FFFFFF;\">16\/01\/2024<\/td><td style=\"color: #000000; background-color: #FFFFFF;\">15\/01\/2029<\/td><\/tr><tr><td style=\"color: #000000; background-color: #FFFFFF;\">017\/2024<\/td><td style=\"color: #000000; background-color: #FFFFFF;\">202300005032139<\/td><td style=\"color: #000000; background-color: #FFFFFF;\">Zelia Goul\u00e3o<\/td><td style=\"color: #000000; background-color: #FFFFFF;\">436.039.981-20<\/td><td style=\"color: #000000; background-color: #FFFFFF;\">Im\u00f3vel com \u00e1rea de 444m2, sito na Rua Emmanoel Jaime Lopes, Quadra 18, Lote 0, n\u00b0 16, Centro, CEP: 72.980-000, Piren\u00f3polis - GO<\/td><td style=\"color: #000000; background-color: #FFFFFF;\"> Instala\u00e7\u00e3o da unidade Vapt Vupt de Piren\u00f3polis<\/td><td style=\"color: #000000; background-color: #FFFFFF;\">5700,81<\/td><td style=\"color: #000000; background-color: #FFFFFF;\">\u00cdndice mais Vantajoso para Adm P\u00fablica<\/td><td style=\"color: #000000; background-color: #FFFFFF;\">26\/03\/2024<\/td><td style=\"color: #000000; background-color: #FFFFFF;\">26\/09\/2026<\/td><\/tr><tr><td style=\"color: #000000; background-color: #FFFFFF;\">031\/2024<\/td><td style=\"color: #000000; background-color: #FFFFFF;\">202400005030744<\/td><td style=\"color: #000000; background-color: #FFFFFF;\">Jos\u00e9 Maria de Carvalho e Marisa Nunes de Carvalho<\/td><td style=\"color: #000000; background-color: #FFFFFF;\">436.039.981-20436.039.981-20436.039.981-20<\/td><td style=\"color: #000000; background-color: #FFFFFF;\">Im\u00f3vel com \u00e1rea de 288,89 m2 sito no Lote sob o n\u00ba 02 (dois), da quadra n\u00ba 15 (quinze), com dez metros de frente pela Rua 02, situado no Setor Planalto, Rialma\u2013GO<\/td><td style=\"color: #000000; background-color: #FFFFFF;\">Instala\u00e7\u00e3o da unidade Vapt Vupt de Rialma<\/td><td style=\"color: #000000; background-color: #FFFFFF;\">5600<\/td><td style=\"color: #000000; background-color: #FFFFFF;\">\u00cdndice mais Vantajoso para Adm P\u00fablica<\/td><td style=\"color: #000000; background-color: #FFFFFF;\">06\/09\/2024<\/td><td style=\"color: #000000; background-color: #FFFFFF;\">06\/09\/2029<\/td><\/tr><tr><td style=\"color: #000000; background-color: #FFFFFF;\">034\/2024<\/td><td style=\"color: #000000; background-color: #FFFFFF;\">202400005033256<\/td><td style=\"color: #000000; background-color: #FFFFFF;\">Rez\u00edria Atti\u00ea<\/td><td style=\"color: #000000; background-color: #FFFFFF;\">427.335.611-20<\/td><td style=\"color: #000000; background-color: #FFFFFF;\">Pr\u00e9dio de uso comercial com \u00e1rea de 855,00 m\u00b2, sito na Rua Otaviano de Paiva, quadra 27, lote 13-A, Setor Central, Cristalina - GO.<\/td><td style=\"color: #000000; background-color: #FFFFFF;\">Instala\u00e7\u00e3o da unidade Vapt Vupt de Cristalina<\/td><td style=\"color: #000000; background-color: #FFFFFF;\">7800<\/td><td style=\"color: #000000; background-color: #FFFFFF;\">\u00cdndice mais Vantajoso para Adm P\u00fablica<\/td><td style=\"color: #000000; background-color: #FFFFFF;\">24\/09\/2024<\/td><td style=\"color: #000000; background-color: #FFFFFF;\">27\/09\/2029<\/td><\/tr><tr><td style=\"color: #000000; background-color: #FFFFFF;\">037\/2024<\/td><td style=\"color: #000000; background-color: #FFFFFF;\">202400005031841<\/td><td style=\"color: #000000; background-color: #FFFFFF;\">Carlos Alberto Andrade Oliveira e Jacqueline Flores Oliveira<\/td><td style=\"color: #000000; background-color: #FFFFFF;\">251.204.411-49; 003.940.791-83<\/td><td style=\"color: #000000; background-color: #FFFFFF;\">Im\u00f3vel localizado na Avenida Goi\u00e1s, n\u00ba 249, Setor Central, Goianira - GO.<\/td><td style=\"color: #000000; background-color: #FFFFFF;\">Instala\u00e7\u00e3o da unidade Vapt Vupt de Goianira<\/td><td style=\"color: #000000; background-color: #FFFFFF;\">6000<\/td><td style=\"color: #000000; background-color: #FFFFFF;\">\u00cdndice mais Vantajoso para Adm P\u00fablica<\/td><td style=\"color: #000000; background-color: #FFFFFF;\">29\/09\/2024<\/td><td style=\"color: #000000; background-color: #FFFFFF;\">29\/09\/2025<\/td><\/tr><tr><td style=\"color: #000000; background-color: #FFFFFF;\">038\/2024<\/td><td style=\"color: #000000; background-color: #FFFFFF;\">202400005040487<\/td><td style=\"color: #000000; background-color: #FFFFFF;\">Marcelo Costa e Luciene Aparecida Lopes Vaz Costa<\/td><td style=\"color: #000000; background-color: #FFFFFF;\">841.753.701-53; 796.858.891-04<\/td><td style=\"color: #000000; background-color: #FFFFFF;\">Im\u00f3vel com \u00e1rea total do im\u00f3vel 469,65 m\u00b2 e \u00e1rea edificada de 444,00 m\u00b2, sito na Avenida Professor Boa Ventura, Quadra 08, Lote 01, Vila Baiocchi, Ipameri\u2013GO<\/td><td style=\"color: #000000; background-color: #FFFFFF;\">Instala\u00e7\u00e3o da unidade Vapt Vupt de Ipameri<\/td><td style=\"color: #000000; background-color: #FFFFFF;\">5221,44<\/td><td style=\"color: #000000; background-color: #FFFFFF;\">\u00cdndice mais Vantajoso para Adm P\u00fablica<\/td><td style=\"color: #000000; background-color: #FFFFFF;\">07\/11\/2024<\/td><td style=\"color: #000000; background-color: #FFFFFF;\">07\/11\/2029<\/td><\/tr><tr><td style=\"color: #000000; background-color: #FFFFFF;\">042\/2024<\/td><td style=\"color: #000000; background-color: #FFFFFF;\">202400005037378<\/td><td style=\"color: #000000; background-color: #FFFFFF;\">Vicente de Paula Freire da Silva <\/td><td style=\"color: #000000; background-color: #FFFFFF;\">242.191.341-15<\/td><td style=\"color: #000000; background-color: #FFFFFF;\">Im\u00f3vel localizado na Avenida Jos\u00e9 Pereira do Nascimento, lote 4, quadra 56, loteamento S\u00e3o Miguel do Araguaia, S\u00e3o Miguel do Araguia - GO<\/td><td style=\"color: #000000; background-color: #FFFFFF;\"> Instala\u00e7\u00e3o da unidade Vapt Vupt de  S\u00e3o Miguel do Araguaia<\/td><td style=\"color: #000000; background-color: #FFFFFF;\">R$ 5.700,00<\/td><td style=\"color: #000000; background-color: #FFFFFF;\">\u00cdndice mais Vantajoso para Adm P\u00fablica<\/td><td style=\"color: #000000; background-color: #FFFFFF;\">23\/10\/2024<\/td><td style=\"color: #000000; background-color: #FFFFFF;\">23\/10\/2029<\/td><\/tr><tr><td style=\"color: #000000; background-color: #FFFFFF;\">044\/2024<\/td><td style=\"color: #000000; background-color: #FFFFFF;\">202400005040549<\/td><td style=\"color: #000000; background-color: #FFFFFF;\">Roberto Costa e Silva Junior e Virg\u00ednia Costa e Silva<\/td><td style=\"color: #000000; background-color: #FFFFFF;\">062.645.221-04; 167.116.701-59<\/td><td style=\"color: #000000; background-color: #FFFFFF;\">Im\u00f3vel de uso comercial localizado na Avenida Ant\u00f4nio Batista Arantes, lote n\u00ba 01, quadra 11, Setor Central, Piracanjuba - GO.<\/td><td style=\"color: #000000; background-color: #FFFFFF;\">Instala\u00e7\u00e3o da unidade Vapt Vupt de Piracanjuba<\/td><td style=\"color: #000000; background-color: #FFFFFF;\">R$ 7.058,18<\/td><td style=\"color: #000000; background-color: #FFFFFF;\">\u00cdndice mais Vantajoso para Adm P\u00fablica<\/td><td style=\"color: #000000; background-color: #FFFFFF;\">02\/11\/2024<\/td><td style=\"color: #000000; background-color: #FFFFFF;\">02\/11\/2026<\/td><\/tr><tr><td style=\"color: #000000; background-color: #FFFFFF;\">045\/2024<\/td><td style=\"color: #000000; background-color: #FFFFFF;\">202400005041668<\/td><td style=\"color: #000000; background-color: #FFFFFF;\">Premier Shopping Ltda<\/td><td style=\"color: #000000; background-color: #FFFFFF;\">00.572.271\/0001-11<\/td><td style=\"color: #000000; background-color: #FFFFFF;\">Im\u00f3vel de uso comercial, com \u00e1rea total de 540,45 m\u00b2 e de 347,01 m\u00b2 de \u00e1rea locada, situado no terceiro pavimento do Premier Shopping, lote 09, quadra QA 04, categoria comercial, m\u00f3dulo MC, Setor Leste do Loteamento Oficial de Planaltina - GO.<\/td><td style=\"color: #000000; background-color: #FFFFFF;\">Instala\u00e7\u00e3o da unidade Vapt Vupt de Planaltina<\/td><td style=\"color: #000000; background-color: #FFFFFF;\">R$ 10.000,33<\/td><td style=\"color: #000000; background-color: #FFFFFF;\">\u00cdndice mais Vantajoso para Adm P\u00fablica<\/td><td style=\"color: #000000; background-color: #FFFFFF;\">07\/11\/2024<\/td><td style=\"color: #000000; background-color: #FFFFFF;\">07\/11\/2029<\/td><\/tr><tr><td style=\"color: #000000; background-color: #FFFFFF;\">046\/2024<\/td><td style=\"color: #000000; background-color: #FFFFFF;\">202400005042574<\/td><td style=\"color: #000000; background-color: #FFFFFF;\">Luiz Mauro Donato Ribeiro; Nelma Aparecida Fernandes Pereira Ribeiro<\/td><td style=\"color: #000000; background-color: #FFFFFF;\">218.682.711-53; 566.898.456-72<\/td><td style=\"color: #000000; background-color: #FFFFFF;\">Im\u00f3vel de uso comercial, com \u00e1ra total de 585,63 m\u00b2, localizado na Rua 07, Avenida A, quadra 10, lote 14, Est\u00e2ncia Itaj\u00e1, Caldas Novas - GO.<\/td><td style=\"color: #000000; background-color: #FFFFFF;\">Instala\u00e7\u00e3o da unidade Vapt Vupt de Caldas Novas<\/td><td style=\"color: #000000; background-color: #FFFFFF;\">8300<\/td><td style=\"color: #000000; background-color: #FFFFFF;\">\u00cdndice mais Vantajoso para Adm P\u00fablica<\/td><td style=\"color: #000000; background-color: #FFFFFF;\">19\/11\/2024<\/td><td style=\"color: #000000; background-color: #FFFFFF;\">19\/11\/2026<\/td><\/tr><tr><td style=\"color: #000000; background-color: #FFFFFF;\">047\/2024<\/td><td style=\"color: #000000; background-color: #FFFFFF;\">202400005042986<\/td><td style=\"color: #000000; background-color: #FFFFFF;\">Nelson Carlos Resende<\/td><td style=\"color: #000000; background-color: #FFFFFF;\">573.302.986-20<\/td><td style=\"color: #000000; background-color: #FFFFFF;\">Im\u00f3vel com \u00e1rea total de 375,00 m\u00b2 e \u00e1rea edificada de 366,91 m\u00b2, localizado na Rua Eduvado Veloso do Carmo, lote s\/n, quadra 09, n\u00ba 395, Centro, Santa Helena de Goi\u00e1s - GO.<\/td><td style=\"color: #000000; background-color: #FFFFFF;\">Instala\u00e7\u00e3o da unidade Vapt Vupt de Santa Helena<\/td><td style=\"color: #000000; background-color: #FFFFFF;\">R$ 6.000,00<\/td><td style=\"color: #000000; background-color: #FFFFFF;\">\u00cdndice mais Vantajoso para Adm P\u00fablica<\/td><td style=\"color: #000000; background-color: #FFFFFF;\">27\/11\/2024<\/td><td style=\"color: #000000; background-color: #FFFFFF;\">27\/11\/2029<\/td><\/tr><tr><td style=\"color: #000000; background-color: #FFFFFF;\">049\/2024<\/td><td style=\"color: #000000; background-color: #FFFFFF;\">202400005044623<\/td><td style=\"color: #000000; background-color: #FFFFFF;\">Agroecom Com\u00e9rcio e Servi\u00e7os Ltda<\/td><td style=\"color: #000000; background-color: #FFFFFF;\">40.685.713\/0001-50<\/td><td style=\"color: #000000; background-color: #FFFFFF;\">Im\u00f3vel com \u00e1rea de 652,50 m\u00b2, coporificaod na sala comercial de 408 m\u00b2, localizado na Avenida Presidente Juscelino Kubitschek de Oliveira, quadra 05, lote 03-A, Centro Comercial, Bairro Botafogo I, Ner\u00f3polis-GO.<\/td><td style=\"color: #000000; background-color: #FFFFFF;\"> Instala\u00e7\u00e3o da unidade Vapt Vupt de Ner\u00f3polis<\/td><td style=\"color: #000000; background-color: #FFFFFF;\">5800<\/td><td style=\"color: #000000; background-color: #FFFFFF;\">IPCA (IBGE)<\/td><td style=\"color: #000000; background-color: #FFFFFF;\">04\/12\/2024<\/td><td style=\"color: #000000; background-color: #FFFFFF;\">04\/12\/2029<\/td><\/tr><tr><td style=\"color: #000000; background-color: #FFFFFF;\">008\/2025<\/td><td style=\"color: #000000; background-color: #FFFFFF;\">202500005005855<\/td><td style=\"color: #000000; background-color: #FFFFFF;\">Autorio Adminstradora e Construtora Ltda<\/td><td style=\"color: #000000; background-color: #FFFFFF;\">37.029.048\/0001-32<\/td><td style=\"color: #000000; background-color: #FFFFFF;\">Im\u00f3vel de \u00e1rea de 1.102,56 m\u00b2, localizado na Avenida Universit\u00e1ria, n\u00ba 2.221, Vila Santa Izabel, An\u00e1polis - GO.<\/td><td style=\"color: #000000; background-color: #FFFFFF;\">Instala\u00e7\u00e3o da unidade Vapt Vupt do Ana Shopping<\/td><td style=\"color: #000000; background-color: #FFFFFF;\">12000<\/td><td style=\"color: #000000; background-color: #FFFFFF;\">\u00cdndice mais Vantajoso para Adm P\u00fablica<\/td><td style=\"color: #000000; background-color: #FFFFFF;\">14\/03\/2025<\/td><td style=\"color: #000000; background-color: #FFFFFF;\">14\/03\/2026<\/td><\/tr><tr><td style=\"color: #000000; background-color: #FFFFFF;\">014\/2025<\/td><td style=\"color: #000000; background-color: #FFFFFF;\">202500005008766<\/td><td style=\"color: #000000; background-color: #FFFFFF;\">H\u00e9lio Rosa Cardoso<\/td><td style=\"color: #000000; background-color: #FFFFFF;\">159.785.081-00<\/td><td style=\"color: #000000; background-color: #FFFFFF;\">Im\u00f3vel com \u00e1rea de 468,10 m\u00b2, localizado na Rua Pedro Sifuente Machado,  lote 02, quadra 08, loteamento \"Margem Esquerda do Rio Canastra ou Joaquim Cardoso\", Itapuranga - GO.<\/td><td style=\"color: #000000; background-color: #FFFFFF;\">Instala\u00e7\u00e3o da unidade Vapt Vupt de Itapuranga<\/td><td style=\"color: #000000; background-color: #FFFFFF;\">7300<\/td><td style=\"color: #000000; background-color: #FFFFFF;\">IPCA (IBGE)<\/td><td style=\"color: #000000; background-color: #FFFFFF;\">17\/03\/2025<\/td><td style=\"color: #000000; background-color: #FFFFFF;\">17\/03\/2030<\/td><\/tr><tr><td style=\"color: #000000; background-color: #FFFFFF;\">018\/2025<\/td><td style=\"color: #000000; background-color: #FFFFFF;\">202500005010640<\/td><td style=\"color: #000000; background-color: #FFFFFF;\">Buriti Participa\u00e7\u00f5es e Empreendimentos Ltda<\/td><td style=\"color: #000000; background-color: #FFFFFF;\">01.045.156\/0001-51<\/td><td style=\"color: #000000; background-color: #FFFFFF;\">Im\u00f3vel lozalizado na \u00e1rea a quadra 102 02\/\u00e1rea iii\/parte das ruas Campos do Jord\u00e3o e Narayola\/lote 01-06 da quadra 78a\/lote 02 da quadra 77a\/lote 01 da quadra 17a\/lote 02\/05\/06 da quadra 103\/lote 01 da quadra 105 do loteamento Vila S\u00e3o Tomaz, Aparecida de Goi\u00e2nia-GO<\/td><td style=\"color: #000000; background-color: #FFFFFF;\">Instala\u00e7\u00e3o da unidade Vapt Vupt do Buriti Shopping<\/td><td style=\"color: #000000; background-color: #FFFFFF;\">R$ 21.764,41<\/td><td style=\"color: #000000; background-color: #FFFFFF;\">IPCA (IBGE)<\/td><td style=\"color: #000000; background-color: #FFFFFF;\">08\/04\/2025<\/td><td style=\"color: #000000; background-color: #FFFFFF;\">08\/04\/2030<\/td><\/tr><tr><td style=\"color: #000000; background-color: #FFFFFF;\">020\/2025<\/td><td style=\"color: #000000; background-color: #FFFFFF;\">202500005012024<\/td><td style=\"color: #000000; background-color: #FFFFFF;\">Roberta Carolinni Barros Ferreira<\/td><td style=\"color: #000000; background-color: #FFFFFF;\">002.619.721-97<\/td><td style=\"color: #000000; background-color: #FFFFFF;\">Im\u00f3vel, corporificado na sala comerical composta de pavimento t\u00e9rreo e mezanino, com um total de 653,59 m\u00b2, integrante do im\u00f3vel sito \u00e0 Rua 265, lote 06, quadra 114 - A, com \u00e1rea de 642,00 m\u00b2, Setor Univerist\u00e1rio, Goi\u00e2nia - GO.<\/td><td style=\"color: #000000; background-color: #FFFFFF;\">Instala\u00e7\u00e3o da unidade Vapt Vupt da Pra\u00e7a da Biblia<\/td><td style=\"color: #000000; background-color: #FFFFFF;\">R$ 12.500,00<\/td><td style=\"color: #000000; background-color: #FFFFFF;\">IPCA (IBGE)<\/td><td style=\"color: #000000; background-color: #FFFFFF;\">19\/04\/2025<\/td><td style=\"color: #000000; background-color: #FFFFFF;\">19\/04\/2030<\/td><\/tr><\/tbody><\/table><div class=\"wp-block-file\"><a href=\"https:\/\/goias.gov.br\/administracao\/wp-content\/uploads\/sites\/27\/2025\/07\/planilha-5-relatorio-dos-contratos-de-locacao-revisao-jp.xlsx\">planilha-5-relatorio-dos-contratos-de-locacao-revisao-jp.xlsx&nbsp; <span class=\"wp-block-file__button wp-element-button\">Baixar<\/span><\/a><\/div>\n\n\n<p><em><strong>Unidade Respons\u00e1veis pelas Informa\u00e7\u00f5es.<\/strong><\/em><br \/><em>Ger\u00eancia de Compras Governamentais-SEAD<\/em><br \/><em><strong>Informa\u00e7\u00f5es: (62) 3201-8761<\/strong><\/em><\/p>\n\n\n<p><\/p>\n","protected":false},"excerpt":{"rendered":"<p>Relat\u00f3rio PDF Relat\u00f3rio Excel Unidade Respons\u00e1veis pelas Informa\u00e7\u00f5es.Ger\u00eancia de Compras Governamentais-SEADInforma\u00e7\u00f5es: (62) 3201-8761<\/p>\n","protected":false},"author":41,"featured_media":0,"comment_status":"closed","ping_status":"open","sticky":false,"template":"","format":"standard","meta":{"footnotes":""},"categories":[98],"tags":[],"class_list":["post-10968","post","type-post","status-publish","format-standard","hentry","category-acesso-a-informacao"],"rttpg_featured_image_url":null,"rttpg_author":{"display_name":"donizetheb","author_link":"https:\/\/goias.gov.br\/administracao\/author\/donizetheb\/"},"rttpg_comment":0,"rttpg_category":"<a href=\"https:\/\/goias.gov.br\/administracao\/categoria\/acesso-a-informacao\/\" rel=\"category tag\">Acesso \u00e0 Informa\u00e7\u00e3o<\/a>","rttpg_excerpt":"Relat\u00f3rio PDF Relat\u00f3rio Excel Unidade Respons\u00e1veis pelas Informa\u00e7\u00f5es.Ger\u00eancia de Compras Governamentais-SEADInforma\u00e7\u00f5es: (62) 3201-8761","_links":{"self":[{"href":"https:\/\/goias.gov.br\/administracao\/wp-json\/wp\/v2\/posts\/10968","targetHints":{"allow":["GET"]}}],"collection":[{"href":"https:\/\/goias.gov.br\/administracao\/wp-json\/wp\/v2\/posts"}],"about":[{"href":"https:\/\/goias.gov.br\/administracao\/wp-json\/wp\/v2\/types\/post"}],"author":[{"embeddable":true,"href":"https:\/\/goias.gov.br\/administracao\/wp-json\/wp\/v2\/users\/41"}],"replies":[{"embeddable":true,"href":"https:\/\/goias.gov.br\/administracao\/wp-json\/wp\/v2\/comments?post=10968"}],"version-history":[{"count":2,"href":"https:\/\/goias.gov.br\/administracao\/wp-json\/wp\/v2\/posts\/10968\/revisions"}],"predecessor-version":[{"id":135790,"href":"https:\/\/goias.gov.br\/administracao\/wp-json\/wp\/v2\/posts\/10968\/revisions\/135790"}],"wp:attachment":[{"href":"https:\/\/goias.gov.br\/administracao\/wp-json\/wp\/v2\/media?parent=10968"}],"wp:term":[{"taxonomy":"category","embeddable":true,"href":"https:\/\/goias.gov.br\/administracao\/wp-json\/wp\/v2\/categories?post=10968"},{"taxonomy":"post_tag","embeddable":true,"href":"https:\/\/goias.gov.br\/administracao\/wp-json\/wp\/v2\/tags?post=10968"}],"curies":[{"name":"wp","href":"https:\/\/api.w.org\/{rel}","templated":true}]}}