

{"id":10272,"date":"2018-01-08T16:22:18","date_gmt":"2018-01-08T18:22:18","guid":{"rendered":"http:\/\/localhost\/multisites\/sead\/2018\/01\/08\/dgap-legislacao-2019-a-2020\/"},"modified":"2023-10-18T16:24:06","modified_gmt":"2023-10-18T19:24:06","slug":"dgap-legislacao-2019-a-2020","status":"publish","type":"post","link":"https:\/\/goias.gov.br\/administracao\/dgap-legislacao-2019-a-2020\/","title":{"rendered":"Diretoria-Geral de Administra\u00e7\u00e3o Penitenci\u00e1ria   &#8211; Legisla\u00e7\u00e3o 2019 a 2020"},"content":{"rendered":"<table border=\"1\" cellpadding=\"1\" cellspacing=\"1\" style=\"list-style: none; margin: 0px; padding: 0px; width: 867px; color: rgb(0, 0, 0); text-transform: none; text-indent: 0px; letter-spacing: normal; font-family: open_sansregular,&quot;Open Sans&quot;,Arial,Helvetica,sans-serif; font-size: 14px; font-style: normal; font-weight: 400; word-spacing: 0px; vertical-align: baseline; white-space: normal; border-collapse: collapse; max-width: 100%; border-spacing: 0px; orphans: 2; widows: 2; background-color: rgb(255, 255, 255);\">\n<tbody style=\"list-style: none; margin: 0px; padding: 0px; vertical-align: baseline;\">\n<tr style=\"list-style: none; margin: 0px; padding: 0px; vertical-align: baseline;\">\n<td colspan=\"8\" style=\"list-style: none; margin: 0px; padding: 5px 10px; text-align: right; vertical-align: top;\"><a href=\"https:\/\/goias.gov.br\/administracao\/tee-2\/\" style=\"list-style: none; margin: 0px; padding: 0px; color: rgb(0, 136, 204); text-decoration: none; vertical-align: baseline;\"><span style=\"list-style: none; margin: 0px; padding: 0px; color: rgb(0, 0, 255); vertical-align: baseline;\">Fale Conosco<\/span><\/a><\/td>\n<\/tr>\n<tr style=\"list-style: none; margin: 0px; padding: 0px; vertical-align: baseline;\">\n<td style=\"list-style: none; margin: 0px; padding: 5px 10px; text-align: center; vertical-align: top; background-color: rgb(255, 153, 0);\" valign=\"center\">\n<p><strong style=\"list-style: none; margin: 0px; padding: 0px; font-weight: bold; vertical-align: baseline;\"><a href=\"https:\/\/goias.gov.br\/administracao\/siga-eng\/\" style=\"list-style: none; margin: 0px; padding: 0px; color: rgb(0, 136, 204); text-decoration: none; vertical-align: baseline;\" title=\"P\u00e1gina inicial do SIGA - Sistema de Gest\u00e3o Administrativa.\">SIGA<\/a><\/strong><\/p>\n<\/td>\n<td style=\"list-style: none; margin: 0px; padding: 5px 10px; width: 94px; text-align: center; vertical-align: top; background-color: rgb(187, 232, 255);\" valign=\"center\">\n<p><a href=\"https:\/\/goias.gov.br\/administracao\/siga-governadoria\/\" style=\"list-style: none; margin: 0px; padding: 0px; color: rgb(0, 136, 204); text-decoration: none; vertical-align: baseline;\" title=\"Integrada por \u00f3rg\u00e3os de assessoramento e aux\u00edlio direto ao Chefe do Poder Executivo.\">Governadoria<\/a><\/p>\n<\/td>\n<td style=\"list-style: none; margin: 0px; padding: 5px 10px; width: 95px; text-align: center; vertical-align: top; background-color: rgb(187, 232, 255);\" valign=\"center\">\n<p><a href=\"https:\/\/goias.gov.br\/administracao\/vg-1\/\" style=\"list-style: none; margin: 0px; padding: 0px; color: rgb(0, 136, 204); text-decoration: none; vertical-align: baseline;\" title=\"Exerce compet\u00eancias constitucionais, legais e regulamentares de aux\u00edlio ao Governador.\">Vice-Governadoria<\/a><\/p>\n<\/td>\n<td style=\"list-style: none; margin: 0px; padding: 5px 10px; width: 87px; text-align: center; vertical-align: top; background-color: rgb(187, 232, 255);\" valign=\"center\">\n<p><a href=\"https:\/\/goias.gov.br\/administracao\/siga-secretarias\/\" style=\"list-style: none; margin: 0px; padding: 0px; color: rgb(0, 136, 204); text-decoration: none; vertical-align: baseline;\" title=\"\u00d3rg\u00e3os de primeiro escal\u00e3o, respons\u00e1veis pela supervis\u00e3o e articula\u00e7\u00e3o das atividades das respectivas \u00e1reas de atua\u00e7\u00e3o, cabendo-lhes especificamente exercerem dentro do seu espa\u00e7o institucional, pol\u00edtico e administrativo, a formula\u00e7\u00e3o das pol\u00edticas e diretrizes, a coordena\u00e7\u00e3o de sua execu\u00e7\u00e3o e a supervis\u00e3o geral das entidades jurisdicionadas.\">Secretarias<\/a><\/p>\n<\/td>\n<td style=\"list-style: none; margin: 0px; padding: 5px 10px; width: 134px; text-align: center; vertical-align: top; background-color: rgb(187, 232, 255);\" valign=\"center\">\n<p><a href=\"https:\/\/goias.gov.br\/administracao\/siga-agencias\/\" style=\"list-style: none; margin: 0px; padding: 0px; color: rgb(0, 136, 204); text-decoration: none; vertical-align: baseline;\" title=\"Entidades com personalidade jur\u00eddica de direito p\u00fablico, patrim\u00f4nio e receita pr\u00f3prios e capacidade de auto-administra\u00e7\u00e3o sob controle estatal, para executar atividades e servi\u00e7os do Poder P\u00fablico que, para melhor desempenho, requeiram gest\u00e3o administrativa e financeira descentralizada.\">Ag&ecirc;ncias\/Autarquias<\/a><\/p>\n<\/td>\n<td style=\"list-style: none; margin: 0px; padding: 5px 10px; width: 83px; text-align: center; vertical-align: top; background-color: rgb(187, 232, 255);\" valign=\"center\">\n<p><a href=\"https:\/\/goias.gov.br\/administracao\/fundacao-de-amparo-a-pesquisa-do-estado-de-goias-fapeg-dados-gerais\/\" style=\"list-style: none; margin: 0px; padding: 0px; color: rgb(0, 136, 204); text-decoration: none; vertical-align: baseline;\" title=\"Entidade com personalidade jur\u00eddica de direito p\u00fablico, patrim\u00f4nio e receita pr\u00f3prios e capacidade de auto-administra\u00e7\u00e3o, sob controle estatal, para desenvolver atividades assistenciais, culturais, educacionais, de estudos e pesquisas, ou de apoio \u00e0s referidas atividades.\">Funda&ccedil;&atilde;o<\/a><\/p>\n<\/td>\n<td style=\"list-style: none; margin: 0px; padding: 5px 10px; width: 88px; text-align: center; vertical-align: top; background-color: rgb(187, 232, 255);\" valign=\"center\">\n<p><a href=\"https:\/\/goias.gov.br\/administracao\/siga-sociedades\/\" style=\"list-style: none; margin: 0px; padding: 0px; color: rgb(0, 136, 204); text-decoration: none; vertical-align: baseline;\" title=\"Entidades institu\u00eddas sob a forma de sociedade por a\u00e7\u00f5es, tendo em sua denomina\u00e7\u00e3o \u2018Companhia\u2019 ou \u2018S.A.\u2019 (sociedade an\u00f4nima), com o objetivo de realizar atividade econ\u00f4mica ou servi\u00e7o de interesse coletivo.\">Sociedades de Economia Mista<\/a><\/p>\n<\/td>\n<td style=\"list-style: none; margin: 0px; padding: 5px 10px; width: 85px; text-align: center; vertical-align: top; background-color: rgb(187, 232, 255);\" valign=\"center\">\n<p><a href=\"https:\/\/goias.gov.br\/administracao\/siga-conselhos\/\" style=\"list-style: none; margin: 0px; padding: 0px; color: rgb(0, 136, 204); text-decoration: none; vertical-align: baseline;\" title=\"\u00d3rg\u00e3os colegiados, que atuam e decidem pela manifesta\u00e7\u00e3o conjunta e majorit\u00e1ria da vontade de seus membros compostos por representantes do Poder P\u00fablico e da sociedade civil. S\u00e3o de natureza normativa, deliberativa, consultiva ou fiscalizadora.\">Conselhos Estaduais<\/a><\/p>\n<\/td>\n<\/tr>\n<\/tbody>\n<\/table>\n<p>&nbsp;<\/p>\n<p style=\"list-style: none; margin: 0px 0px 10px; padding: 0px; color: rgb(0, 0, 0); text-transform: none; line-height: 1.75em; text-indent: 0px; letter-spacing: normal; font-family: open_sansregular,&quot;Open Sans&quot;,Arial,Helvetica,sans-serif; font-size: 14px; font-style: normal; font-weight: 400; word-spacing: 0px; vertical-align: baseline; white-space: normal; orphans: 2; widows: 2; background-color: rgb(255, 255, 255);\"><strong style=\"list-style: none; margin: 0px; padding: 0px; font-weight: bold; vertical-align: baseline;\">Diretoria-Geral de Administra&ccedil;&atilde;o Penitenci&aacute;ria&nbsp; <\/strong><\/p>\n<p style=\"list-style: none; margin: 0px 0px 10px; padding: 0px; color: rgb(0, 0, 0); text-transform: none; line-height: 1.75em; text-indent: 0px; letter-spacing: normal; font-family: open_sansregular,&quot;Open Sans&quot;,Arial,Helvetica,sans-serif; font-size: 14px; font-style: normal; font-weight: 400; word-spacing: 0px; vertical-align: baseline; white-space: normal; orphans: 2; widows: 2; background-color: rgb(255, 255, 255);\"><a href=\"https:\/\/goias.gov.br\/administracao\/2018\/01\/08\/dgap-dados-gerais\/\" style=\"list-style: none; margin: 0px; padding: 0px; color: rgb(0, 136, 204); text-transform: none; text-indent: 0px; letter-spacing: normal; font-family: open_sansregular,&quot;Open Sans&quot;,Arial,Helvetica,sans-serif; font-size: 14px; font-style: normal; font-weight: 400; text-decoration: none; word-spacing: 0px; vertical-align: baseline; white-space: normal; orphans: 2; widows: 2;\"><span style=\"list-style: none; margin: 0px; padding: 0px; vertical-align: baseline;\"><span style=\"list-style: none; margin: 0px; padding: 0px; color: rgb(0, 0, 255); vertical-align: baseline;\">Dados Gerais<\/span><\/span><\/a><span style=\"color: rgb(0, 0, 0); text-transform: none; text-indent: 0px; letter-spacing: normal; font-family: open_sansregular,&quot;Open Sans&quot;,Arial,Helvetica,sans-serif; font-size: 14px; font-style: normal; font-weight: 400; word-spacing: 0px; float: none; white-space: normal; orphans: 2; widows: 2; background-color: rgb(255, 255, 255);\">&nbsp;|&nbsp;<\/span><a href=\"https:\/\/goias.gov.br\/administracao\/2018\/01\/08\/dgap-regulamento\/\" style=\"list-style: none; margin: 0px; padding: 0px; color: rgb(0, 136, 204); text-transform: none; text-indent: 0px; letter-spacing: normal; font-family: open_sansregular,&quot;Open Sans&quot;,Arial,Helvetica,sans-serif; font-size: 14px; font-style: normal; font-weight: 400; text-decoration: none; word-spacing: 0px; vertical-align: baseline; white-space: normal; orphans: 2; widows: 2;\"><span style=\"list-style: none; margin: 0px; padding: 0px; color: rgb(0, 0, 255); vertical-align: baseline;\"><\/span><\/a>&nbsp;<a href=\"https:\/\/www.administracao.go.gov.br\/component\/content\/article.html?id=20952&amp;Itemid=101\">Regulamento<\/a><a href=\"https:\/\/goias.gov.br\/administracao\/2018\/01\/08\/dgap-regulamento\/\" style=\"list-style: none; margin: 0px; padding: 0px; color: rgb(0, 136, 204); text-transform: none; text-indent: 0px; letter-spacing: normal; font-family: open_sansregular,&quot;Open Sans&quot;,Arial,Helvetica,sans-serif; font-size: 14px; font-style: normal; font-weight: 400; text-decoration: none; word-spacing: 0px; vertical-align: baseline; white-space: normal; orphans: 2; widows: 2;\"><span style=\"list-style: none; margin: 0px; padding: 0px; color: rgb(0, 0, 255); vertical-align: baseline;\"><\/span><\/a><span style=\"color: rgb(0, 0, 0); text-transform: none; text-indent: 0px; letter-spacing: normal; font-family: open_sansregular,&quot;Open Sans&quot;,Arial,Helvetica,sans-serif; font-size: 14px; font-style: normal; font-weight: 400; word-spacing: 0px; float: none; white-space: normal; orphans: 2; widows: 2; background-color: rgb(255, 255, 255);\">&nbsp;|&nbsp;<\/span><a href=\"https:\/\/goias.gov.br\/administracao\/2018\/01\/08\/dgap-legislacao\/\" style=\"list-style: none; margin: 0px; padding: 0px; color: rgb(0, 136, 204); text-transform: none; text-indent: 0px; letter-spacing: normal; font-family: open_sansregular,&quot;Open Sans&quot;,Arial,Helvetica,sans-serif; font-size: 14px; font-style: normal; font-weight: 400; text-decoration: none; word-spacing: 0px; vertical-align: baseline; white-space: normal; orphans: 2; widows: 2;\"><span style=\"list-style: none; margin: 0px; padding: 0px; vertical-align: baseline;\"><span style=\"list-style: none; margin: 0px; padding: 0px; color: rgb(0, 0, 255); vertical-align: baseline;\">Legisla&ccedil;&atilde;o<\/span><\/span>&nbsp;<\/a><span style=\"color: rgb(0, 0, 0); text-transform: none; text-indent: 0px; letter-spacing: normal; font-family: open_sansregular,&quot;Open Sans&quot;,Arial,Helvetica,sans-serif; font-size: 14px; font-style: normal; font-weight: 400; word-spacing: 0px; float: none; white-space: normal; orphans: 2; widows: 2; background-color: rgb(255, 255, 255);\">|&nbsp;<\/span><a href=\"https:\/\/goias.gov.br\/administracao\/2011\/08\/10\/fundo-penitenciario-estadual-funpes\/\" style=\"list-style: none; margin: 0px; padding: 0px; color: rgb(0, 136, 204); text-transform: none; text-indent: 0px; letter-spacing: normal; font-family: open_sansregular,&quot;Open Sans&quot;,Arial,Helvetica,sans-serif; font-size: 14px; font-style: normal; font-weight: 400; text-decoration: none; word-spacing: 0px; vertical-align: baseline; white-space: normal; orphans: 2; widows: 2;\">Fundo&nbsp;<\/a><span style=\"color: rgb(0, 0, 0); text-transform: none; text-indent: 0px; letter-spacing: normal; font-family: open_sansregular,&quot;Open Sans&quot;,Arial,Helvetica,sans-serif; font-size: 14px; font-style: normal; font-weight: 400; word-spacing: 0px; float: none; white-space: normal; orphans: 2; widows: 2; background-color: rgb(255, 255, 255);\">| <\/span><span style=\"list-style: none; margin: 0px; padding: 0px; color: rgb(0, 0, 255); text-transform: none; text-indent: 0px; letter-spacing: normal; font-family: open_sansregular,&quot;Open Sans&quot;,Arial,Helvetica,sans-serif; font-size: 14px; font-style: normal; font-weight: 400; word-spacing: 0px; vertical-align: baseline; white-space: normal; orphans: 2; widows: 2;\"><span style=\"list-style: none; margin: 0px; padding: 0px; color: rgb(0, 0, 255); vertical-align: baseline;\"><a href=\"https:\/\/goias.gov.br\/administracao\/wp-content\/uploads\/sites\/27\/2011\/08\/DGAPED20-09-e27.pdf\" rel=\"noopener noreferrer\" style=\"list-style: none; margin: 0px; padding: 0px; color: rgb(0, 136, 204); text-decoration: none; vertical-align: baseline;\" target=\"_blank\"><span style=\"list-style: none; margin: 0px; padding: 0px; color: rgb(0, 0, 255); vertical-align: baseline;\"><\/span><\/a><u><a href=\"https:\/\/goias.gov.br\/administracao\/wp-content\/uploads\/sites\/27\/files\/GGC\/DGAP17032021.pdf\" id=\"\" rel=\"noopener noreferrer\" target=\"_blank\" title=\"\">Organograma<\/a><\/u><a href=\"https:\/\/goias.gov.br\/administracao\/wp-content\/uploads\/sites\/27\/2011\/08\/DGAPED20-09-e27.pdf\" rel=\"noopener noreferrer\" style=\"list-style: none; margin: 0px; padding: 0px; color: rgb(0, 136, 204); text-decoration: none; vertical-align: baseline;\" target=\"_blank\"><span style=\"list-style: none; margin: 0px; padding: 0px; color: rgb(0, 0, 255); vertical-align: baseline;\"><\/span><\/a><\/span><\/span><span style=\"list-style: none; margin: 0px; padding: 0px; color: rgb(0, 0, 255); text-transform: none; text-indent: 0px; letter-spacing: normal; font-family: open_sansregular,&quot;Open Sans&quot;,Arial,Helvetica,sans-serif; font-size: 14px; font-style: normal; font-weight: 400; word-spacing: 0px; vertical-align: baseline; white-space: normal; orphans: 2; widows: 2;\"><span style=\"list-style: none; margin: 0px; padding: 0px; color: rgb(0, 0, 255); vertical-align: baseline;\"><\/span><\/span><\/p>\n<p style=\"list-style: none; margin: 0px 0px 10px; padding: 0px; color: rgb(0, 0, 0); text-transform: none; line-height: 1.75em; text-indent: 0px; letter-spacing: normal; font-family: open_sansregular,&quot;Open Sans&quot;,Arial,Helvetica,sans-serif; font-size: 14px; font-style: normal; font-weight: 400; word-spacing: 0px; vertical-align: baseline; white-space: normal; orphans: 2; widows: 2; background-color: rgb(255, 255, 255);\">&nbsp;<\/p>\n<p style=\"list-style: none; margin: 0px 0px 10px; padding: 0px; color: rgb(0, 0, 0); text-transform: none; line-height: 1.75em; text-indent: 0px; letter-spacing: normal; font-family: open_sansregular,&quot;Open Sans&quot;,Arial,Helvetica,sans-serif; font-size: 14px; font-style: normal; font-weight: 400; word-spacing: 0px; vertical-align: baseline; white-space: normal; orphans: 2; widows: 2; background-color: rgb(255, 255, 255);\"><strong style=\"list-style: none; margin: 0px; padding: 0px; font-weight: bold; vertical-align: baseline;\"><span style=\"list-style: none; margin: 0px; padding: 0px; color: rgb(136, 136, 136); vertical-align: baseline;\"><span style=\"list-style: none; margin: 0px; padding: 0px; color: rgb(0, 0, 0); vertical-align: baseline;\"><span style=\"list-style: none; margin: 0px; padding: 0px; color: rgb(0, 0, 0); vertical-align: baseline;\"><span style=\"list-style: none; margin: 0px; padding: 0px; font-family: Arial; font-size: x-small; vertical-align: baseline;\"><\/span><\/span><\/span><\/span>Legisla&ccedil;&atilde;o:<\/strong><\/p>\n<p style=\"list-style: none; margin: 0px 0px 10px; padding: 0px; color: rgb(0, 0, 0); text-transform: none; line-height: 1.75em; text-indent: 0px; letter-spacing: normal; font-family: open_sansregular,&quot;Open Sans&quot;,Arial,Helvetica,sans-serif; font-size: 14px; font-style: normal; font-weight: 400; word-spacing: 0px; vertical-align: baseline; white-space: normal; orphans: 2; widows: 2; background-color: rgb(255, 255, 255);\"><u><a href=\"https:\/\/legisla.casacivil.go.gov.br\/pesquisa_legislacao\/103665\/emenda-constitucional-68\" target=\"_blank\" rel=\"noopener\">&#8211; Emenda Consttucional N&ordm; 68, de 28 de Dezembro de 202<\/a><\/u>0 &#8211; Institui a Pol&iacute;cia Penal no &acirc;mbito do Estado de Goi&aacute;s e d&aacute; outras provid&ecirc;ncias.<\/p>\n<p style=\"list-style: none; margin: 0px 0px 10px; padding: 0px; color: rgb(0, 0, 0); text-transform: none; line-height: 1.75em; text-indent: 0px; letter-spacing: normal; font-family: open_sansregular,&quot;Open Sans&quot;,Arial,Helvetica,sans-serif; font-size: 14px; font-style: normal; font-weight: 400; word-spacing: 0px; vertical-align: baseline; white-space: normal; orphans: 2; widows: 2; background-color: rgb(255, 255, 255);\"><u><a href=\"https:\/\/legisla.casacivil.go.gov.br\/pesquisa_legislacao\/103481\/lei-20880\" target=\"_blank\" rel=\"noopener\">&#8211; Lei n&ordm; 20.880, de 15 de Outubro de 2020<\/a><\/u>&nbsp;&#8211; Institui a Pol&iacute;tica Estadual Emergencial de Enfrentamento &agrave; COVID-19, no &acirc;mbito dos territ&oacute;rios ind&iacute;genas e quilombolas.<\/p>\n<p><u><a href=\"https:\/\/legisla.casacivil.go.gov.br\/pesquisa_legislacao\/103300\/lei-20820\" target=\"_blank\" rel=\"noopener\">&#8211; Lei n&ordm; 20.820, de 04 de agosto de 2020<\/a><\/u>&nbsp;&#8211; Altera a Lei n&ordm; 20.491, de 25 de junho de 2019, que estabelece a organiza&ccedil;&atilde;o administrativa do Poder Executivo e d&aacute; outras provid&ecirc;ncias.<\/p>\n<p><u><a href=\"https:\/\/legisla.casacivil.go.gov.br\/pesquisa_legislacao\/103251\/decreto-9685\" target=\"_blank\" rel=\"noopener\">&#8211; Decreto n&ordm; 9.685, de 29 de junho de 2020<\/a><\/u>&nbsp;&#8211; Altera o Decreto n&ordm; 9.653, de 19 de abril de 2020.<\/p>\n<p><u><a href=\"https:\/\/legisla.casacivil.go.gov.br\/pesquisa_legislacao\/103178\" target=\"_blank\" rel=\"noopener\">&#8211; Decreto N&ordm; 9.668, de 28 de maio de 2020<\/a><\/u>&nbsp;&#8211; Institui o Portal Goi&aacute;s Digital, determina aos &oacute;rg&atilde;os da Administra&ccedil;&atilde;o P&uacute;blica estadual a atualiza&ccedil;&atilde;o urgente das suas Cartas de Servi&ccedil;os, no contexto da pandemia do novo coronav&iacute;rus (COVID-19) e d&aacute; outras provid&ecirc;ncias.<\/p>\n<p><u><a href=\"https:\/\/legisla.casacivil.go.gov.br\/pesquisa_legislacao\/103079\" target=\"_blank\" rel=\"noopener\">&#8211; Decreto N&ordm; 9.644, de 26 de mar&ccedil;o de 2020<\/a><\/u>. &#8211; Altera o Decreto n&ordm; 9.633, de 13 de mar&ccedil;o de 2020.<\/p>\n<p><a href=\"https:\/\/goias.gov.br\/administracao\/wp-content\/uploads\/sites\/27\/files\/SCTG\/DecretoN9634-1.pdf\" target=\"_blank\" rel=\"noopener\"><u>&#8211; Decreto N&ordm; 9.634, de 13 de Mar&ccedil;o de 2020<\/u>,<\/a>&nbsp;&#8211; Estabelece os procedimentos preventivos de emerg&ecirc;ncia a serem adotados pelo Poder Executivo do Estado de Goi&aacute;s e seus servidores, em raz&atilde;o de pandemia do novo coronav&iacute;rus (COVID-19).<\/p>\n<p><u><a href=\"http:\/\/www.gabinetecivil.go.gov.br\/pagina_decretos.php?id=21054\" target=\"_blank\" rel=\"noopener\">&#8211; Decreto N&ordm; 9.628, de 10 de Mar&ccedil;o de 2020<\/a><\/u>, &#8211; Disp&otilde;e sobre o procedimento para loca&ccedil;&atilde;o de im&oacute;vel pelos &oacute;rg&atilde;os da administra&ccedil;&atilde;o p&uacute;blica direta e pelas entidades aut&aacute;rquicas e fundacionais do Poder Executivo do Estado de Goi&aacute;s.<\/p>\n<p><u><a href=\"http:\/\/www.gabinetecivil.go.gov.br\/pagina_decretos.php?id=21050\" target=\"_blank\" rel=\"noopener\">&#8211; Decreto No 9.625, de 03 de Mar&ccedil;o de 2020,<\/a><\/u>&nbsp;&#8211; Disp&otilde;e sobre os procedimentos a serem observados pela administra&ccedil;&atilde;o p&uacute;blica direta e indireta do Poder Executivo, para fins de celebra&ccedil;&atilde;o de atos complementares de coopera&ccedil;&atilde;o t&eacute;cnica, recebida de organismos internacionais e da aprova&ccedil;&atilde;o e<br \/>\ngest&atilde;o de projetos vinculados aos referidos instrumentos.<\/p>\n<p><u><a href=\"http:\/\/www.gabinetecivil.go.gov.br\/pagina_decretos.php?id=20916\" target=\"_blank\" rel=\"noopener\">&#8211; Decreto N&ordm; 9.606, de 07 de fevereiro de 2020<\/a><\/u>. &#8211; Altera o Decreto no 9.462, de 11 de julho de 2019, que, essencialmente, institui o Programa MOVE Goi&aacute;s no &acirc;mbito da administra&ccedil;&atilde;o direta, aut&aacute;rquica e fundacional do Poder Executivo.<\/p>\n<p><u><a href=\"http:\/\/www.gabinetecivil.go.gov.br\/pagina_leis.php?id=24004\" target=\"_blank\" rel=\"noopener\">&#8211; Lei N&ordm; 20.756, de 28 de janeiro de 2020,<\/a><\/u>&nbsp;&#8211; Disp&otilde;e sobre o regime jur&iacute;dico dos servidores p&uacute;blicos civis do Estado de Goi&aacute;s, das autarquias e funda&ccedil;&otilde;es p&uacute;blicas estaduais, e d&aacute; outras provid&ecirc;ncias.<\/p>\n<p><u><a href=\"https:\/\/goias.gov.br\/administracao\/wp-content\/uploads\/sites\/27\/files\/DecretoN9601.pdf\" target=\"_blank\" rel=\"noopener\">&#8211; Decreto N&ordm; 9.601, DE 24 de janeiro de &nbsp;2020<\/a><\/u>. &#8211; Altera o Decreto n&ordm; 9.462, de 11 de julho de 2019, que institui o Programa MOVE Goi&aacute;s no &acirc;mbito da administra&ccedil;&atilde;o direta, aut&aacute;rquica e fundacional do Poder Executivo e d&aacute; outras provid&ecirc;ncias.<\/p>\n<p><u><a href=\"https:\/\/goias.gov.br\/administracao\/wp-content\/uploads\/sites\/27\/files\/Portaria476SEAD.pdf\" target=\"_blank\" rel=\"noopener\">&#8211; Portaria n&deg; 476\/2019<\/a><\/u>&nbsp;&#8211; O SECRET&Aacute;RIO DE ESTADO DA ADMINISTRA&Ccedil;&Atilde;O, no uso de suas atribui&ccedil;&otilde;es legais, tendo em vista o que disp&otilde;e a Lei Estadual n&ordm; 20.491, de 25 de junho de 2019, e, ainda, o Decreto n&ordm; 9.566, de 25 de novembro de 2019, especialmente no &sect;3&ordm; de seu art. 6&ordm;; RESOLVE:<\/p>\n<p><u><a href=\"https:\/\/goias.gov.br\/administracao\/wp-content\/uploads\/sites\/27\/files\/GEMOG\/Decreto9541.pdf\" target=\"_blank\" rel=\"noopener\">&#8211; Decreto N&ordm; 9.541, de 23 de outubro de 2019,<\/a><\/u>&nbsp;&#8211; Disp&otilde;e sobre a gest&atilde;o dos ve&iacute;culos utilizados pela administra&ccedil;&atilde;o direta, aut&aacute;rquica e fundacional do Poder Executivo e d&aacute; outras provid&ecirc;ncias.<\/p>\n<p><u><a href=\"http:\/\/www.gabinetecivil.go.gov.br\/pagina_decretos.php?id=20680\" target=\"_blank\" rel=\"noopener\">&#8211; Decreto N&ordm; 9.517, de 23 de setembro de 2019,<\/a><\/u>&nbsp;&#8211; Aprova o Regulamento da Diretoria-Geral de Administra&ccedil;&atilde;o Penitenci&aacute;ria-DGAP e d&aacute; outras provid&ecirc;ncias.<\/p>\n<p><u><a href=\"http:\/\/www.gabinetecivil.go.gov.br\/pagina_decretos.php?id=20339\" target=\"_blank\" rel=\"noopener\">&#8211; Decreto N&deg; 9.462, de 11 de Julho de 2019<\/a><\/u>&nbsp;&#8211; Institui o Programa MOVE Goi&aacute;s no &acirc;mbito da administra&ccedil;&atilde;o direta, aut&aacute;rquica e fundacional do Poder Executivo e d&aacute; outras provid&ecirc;ncias.<\/p>\n<p>&#8211;&nbsp;<a href=\"http:\/\/www.gabinetecivil.go.gov.br\/pagina_leis.php?id=23592\" target=\"_blank\" rel=\"noopener\"><u>Lei n&ordm; 20.491, de 25 de junho de 2019<\/u><\/a>&nbsp;&#8211; Estabelece a organiza&ccedil;&atilde;o administrativa do Poder Executivo e d&aacute; outras provid&ecirc;ncias.<\/p>\n<p><u><a href=\"https:\/\/goias.gov.br\/administracao\/wp-content\/uploads\/sites\/27\/files\/GEMOG\/DecretoNo9434.pdf\" target=\"_blank\" rel=\"noopener\">&#8211; Decreto No 9.434, de 25 de Abril de 2019<\/a><\/u>&nbsp;&#8211; Estabelece diretrizes para a elabora&ccedil;&atilde;o do Plano Plurianual 2020-2023 e cria grupo de trabalho que especifica.<\/p>\n<p><u><a href=\"https:\/\/goias.gov.br\/administracao\/wp-content\/uploads\/sites\/27\/files\/GEMOG\/PortariaNo140.pdf\" target=\"_blank\" rel=\"noopener\">&#8211; Portaria N.140\/2019 &#8211; GAB\/DGAP<\/a><\/u>&nbsp;&#8211; Institui Comit&ecirc; Setorial de Compliance P&uacute;blico no &acirc;mbito da DIRETORIA GERAL DE ADMINISTRA&Ccedil;&Atilde;O PENITENCI&Aacute;RIA DE GOI&Aacute;S e d&aacute; outras provid&ecirc;ncias<\/p>\n<p><u><a href=\"https:\/\/goias.gov.br\/administracao\/wp-content\/uploads\/sites\/27\/files\/GEMOG\/PortariaNo139.pdf\" target=\"_blank\" rel=\"noopener\">&#8211; Portaria N.139\/2019 &#8211; GAB\/DGAP<\/a><\/u>&nbsp;&#8211; Disp&otilde;e sobre a Pol&iacute;tica de Gest&atilde;o de Riscos da DIRETORIA GERAL DE ADMINISTRA&Ccedil;&Atilde;O PENITENCI&Aacute;RIA DE GOI&Aacute;S e d&aacute; outras provid&ecirc;ncias.<\/p>\n<p><a href=\"https:\/\/goias.gov.br\/administracao\/wp-content\/uploads\/sites\/27\/files\/GEMOG\/CURSOSSPPORTARIA.pdf\" target=\"\" title=\"\" rel=\"noopener\">&#8211; Portaria n&ordm; 0167\/2019\/SSP<\/a>&nbsp;&#8211; &nbsp;1&ordm; Retificar a Portaria n. 0152\/2019\/SSP de 12 de mar&ccedil;o de 2019, que versa sobre a fixa&ccedil;&atilde;o de regras no &acirc;mbito desta Secretaria para os cursos realizados pelas Ger&ecirc;ncias\/Escolas e Comandos de Ensino.<\/p>\n<p><a href=\"http:\/\/www.segplan.go.gov.br\/files\/DIARIOSUPLEMENTO14-03.pdf\" target=\"_blank\" rel=\"noopener\">&#8211; PORTARIA 041\/2019 &ndash; CGE<\/a>&nbsp;Resolve: Art. 1&ordm; Instituir Grupo de Trabalho para realizar as atividades de consultoria, orienta&ccedil;&atilde;o e apoio necess&aacute;rias a implanta&ccedil;&atilde;o nos &oacute;rg&atilde;os e entidades do Poder Executivo da Gest&atilde;o de Riscos, eixo IV do Programa Compliance P&uacute;blico &#8211; PCP institu&iacute;do pelo Decreto n&ordm; 9.406, de 18 de fevereiro de 2019.<\/p>\n<p><a href=\"https:\/\/goias.gov.br\/administracao\/wp-content\/uploads\/sites\/27\/files\/SSPCURSOSREGRASPORTARIA.pdf\" target=\"\" title=\"\" rel=\"noopener\">&#8211; Portaria n&ordm; 0152\/2019\/SSP&nbsp;<\/a>&#8211; Resolve: Art. 1&ordm;. Fixar regras no &acirc;mbito desta Secretaria para os cursos realizados pelas Ger&ecirc;ncias\/Escolas e Comandos de Ensino: I &#8211; Ger&ecirc;ncia de ensino da Escola Superior da Administra&ccedil;&atilde;o Penitenci&aacute;ria; II &#8211; Escola Estadual de Defesa do Consumidor &#8211; PROCON-EEDC; III &#8211; Comando da Academia da Pol&iacute;cia Militar; IV &#8211; Comando da Academia e Ensino Bombeiro Militar; e V &#8211; Escola Superior da Pol&iacute;cia Civil.<\/p>\n<p><a href=\"https:\/\/goias.gov.br\/administracao\/wp-content\/uploads\/sites\/27\/files\/DGAPPORTARIA.pdf\" target=\"\" title=\"\" rel=\"noopener\">&#8211; Portaria n&ordm; 89\/2019-GAB\/DGAP&nbsp;<\/a>&#8211; Institui Comiss&atilde;o de Fiscaliza&ccedil;&atilde;o de Contratos, termos de Colabora&ccedil;&atilde;o ou fomento, acordos de coopera&ccedil;&atilde;o, termos de parceria, contratos de repasse, contratos de gest&atilde;o, conv&ecirc;nios e ajustes similares.<\/p>\n<p>&#8211;<strong>&nbsp;<\/strong><a href=\"http:\/\/www.gabinetecivil.go.gov.br\/pagina_decretos.php?id=19663\" target=\"_blank\" rel=\"noopener\">Decreto n&deg;&nbsp;9.412, de&nbsp;11 de mar&ccedil;o de&nbsp;2019<\/a>&nbsp;&#8211;&nbsp; Art. 1&deg;&nbsp;Fica institu&iacute;do Grupo de Trabalho para, no &acirc;mbito do Poder Executivo, realizar os estudos necess&aacute;rios &agrave;s medidas de conten&ccedil;&atilde;o de gastos com pessoal do Estado de Goi&aacute;s.<\/p>\n<p>&#8211;&nbsp;<a href=\"http:\/\/www.gabinetecivil.go.gov.br\/pagina_decretos.php?id=19656\" target=\"_blank\" rel=\"noopener\">Decreto n&ordm; 9.407, de 18 de fevereiro de 2019<\/a>&nbsp;&#8211; Altera o Decreto n&ordm; 9.376, de 2 de janeiro de 2019.<\/p>\n<p>&#8211;&nbsp;<a href=\"http:\/\/www.gabinetecivil.go.gov.br\/pagina_decretos.php?id=19655\" target=\"_blank\" rel=\"noopener\">Decreto n&deg; 9.406, de 18 de fevereiro de 2019<\/a>&nbsp;&#8211; Institui o Programa de Compliance P&uacute;blico no Poder Executivo do Estado de Goi&aacute;s e d&aacute; outras provid&ecirc;ncias.<\/p>\n<p>&#8211;&nbsp;<a href=\"http:\/\/www.gabinetecivil.go.gov.br\/pagina_decretos.php?id=19650\" target=\"_blank\" rel=\"noopener\">Decreto n&ordm; 9.402, de 07 de fevereiro de 2019<\/a>&nbsp;&#8211; Disp&otilde;e sobre as regras de governan&ccedil;a e o tratamento diferenciado para as empresas estatais de menor porte, nos termos da Lei federal n&ordm; 13.303, de 30 de junho de 2016.<\/p>\n<p>&#8211;&nbsp;<a href=\"http:\/\/www.gabinetecivil.go.gov.br\/pagina_decretos.php?id=19649\" target=\"_blank\" rel=\"noopener\">Decreto n&ordm; 9.401, de 07 de fevereiro de 2019<\/a>&nbsp;&#8211; Disp&otilde;e sobre a desnecessidade de novo provimento para os cargos em&nbsp;comiss&atilde;o&nbsp;nos casos que especifica.<\/p>\n<p>&#8211;&nbsp;<a href=\"http:\/\/www.gabinetecivil.go.gov.br\/pagina_leis.php?id=23173\" target=\"_blank\" rel=\"noopener\">Lei n&ordm; 20.417, de 06 de fevereiro de 2019<\/a>&nbsp;&#8211; Altera a Lei estadual n&ordm; 17.257, de 25 de janeiro de 2011, e d&aacute; outras provid&ecirc;ncias.<\/p>\n<p>&#8211;<a href=\"http:\/\/www.gabinetecivil.go.gov.br\/pagina_decretos.php?id=19643\" target=\"_blank\" rel=\"noopener\">&nbsp;Decreto n&deg; 9.400, de 05 de fevereiro de 2019<\/a>&nbsp;&#8211; Acresce dispositivo ao Decreto n&ordm; 9.376, de 02 de janeiro de 2019, que estabelece medidas de conten&ccedil;&atilde;o de gastos com pessoal e outras despesas correntes, no &acirc;mbito da administra&ccedil;&atilde;o direta, aut&aacute;rquica e fundacional do Poder Executivo e empresas estatais dependentes.<\/p>\n<p>&#8211;<a href=\"http:\/\/www.gabinetecivil.go.gov.br\/pagina_decretos.php?id=19642\" target=\"_blank\" rel=\"noopener\">&nbsp;Decreto n&ordm; 9.399, de 05 de fevereiro de 2019<\/a>&nbsp;&#8211; Disp&otilde;e sobre a fiscaliza&ccedil;&atilde;o a ser realizada em contratos, termos de colabora&ccedil;&atilde;o ou fomento, acordos de coopera&ccedil;&atilde;o, termos de parceria, contratos de repasse, contratos de gest&atilde;o, conv&ecirc;nios e quaisquer outros ajustes similares.<\/p>\n<p><a href=\"http:\/\/www.segplan.go.gov.br\/files\/PORTARIA044.pdf\" title=\"\">&#8211; Portaria n&ordm; 044\/2019-GSF&nbsp;<\/a>RESOLVE: Art. 1&ordm; Instituir o Comit&ecirc; Gestor, vinculado &agrave; Secretaria de Estado da Fazenda, respons&aacute;vel pelo acompanhamento e avalia&ccedil;&atilde;o das medidas de conten&ccedil;&atilde;o de gastos com pessoal e outras despesas correntes, no &acirc;mbito da administra&ccedil;&atilde;o direta, aut&aacute;rquica e fundacional do Poder Executivo e empresas estatais dependentes, previstas no Decreto n&ordm; 9.376, de 02 de janeiro de 2019.<\/p>\n<p><a href=\"http:\/\/www.segplan.go.gov.br\/files\/CONSELHOSUPERIORDOGOVERNO.pdf\" target=\"_blank\" rel=\"noopener\">&#8211; DECRETO DE 12 DE FEVEREIRO DE 2019<\/a>&nbsp;&#8211; O GOVERNADOR DO ESTADO DE GOI&Aacute;S, tendo em vista os termos do art. 5o, inciso II, al&iacute;nea &ldquo;c&rdquo;, da Lei no 19.661, de 06 de junho de 2017, resolve constituir o Conselho Superior de Desenvolvimento Industrial, Comercial e de Servi&ccedil;os do Estado de Goi&aacute;s, com fun&ccedil;&atilde;o de estabelecer as diretrizes para fomento dos projetos de industrializa&ccedil;&atilde;o, de com&eacute;rcio e de servi&ccedil;os, composto pelos seguintes membros, Secret&aacute;rios de Estado.<\/p>\n<p><a href=\"https:\/\/goias.gov.br\/administracao\/wp-content\/uploads\/sites\/27\/files\/PORTARIA044.pdf\" target=\"\" title=\"\" rel=\"noopener\">&#8211; Portaria n&ordm; 044\/2019-GSF&nbsp;<\/a>RESOLVE: Art. 1&ordm; Instituir o Comit&ecirc; Gestor, vinculado &agrave; Secretaria de Estado da Fazenda, respons&aacute;vel pelo acompanhamento e avalia&ccedil;&atilde;o das medidas de conten&ccedil;&atilde;o de gastos com pessoal e outras despesas correntes, no &acirc;mbito da administra&ccedil;&atilde;o direta, aut&aacute;rquica e fundacional do Poder Executivo e empresas estatais dependentes, previstas no Decreto n&ordm; 9.376, de 02 de janeiro de 2019.<\/p>\n<p><a href=\"https:\/\/goias.gov.br\/administracao\/wp-content\/uploads\/sites\/27\/files\/PORTARIA044.pdf\" title=\"\">&#8211; Portaria n&ordm; 044\/2019-GSF&nbsp;<\/a>RESOLVE: Art. 1&ordm; Instituir o Comit&ecirc; Gestor, vinculado &agrave; Secretaria de Estado da Fazenda, respons&aacute;vel pelo acompanhamento e avalia&ccedil;&atilde;o das medidas de conten&ccedil;&atilde;o de gastos com pessoal e outras despesas correntes, no &acirc;mbito da administra&ccedil;&atilde;o direta, aut&aacute;rquica e fundacional do Poder Executivo e empresas estatais dependentes, previstas no Decreto n&ordm; 9.376, de 02 de janeiro de 2019.<\/p>\n<p><a href=\"http:\/\/www.segplan.go.gov.br\/files\/decretocalamidade-publica.pdf\" target=\"_blank\" rel=\"noopener\">&#8211; Decreto Legislativo n&ordm; 483, de 24 de janeiro de 2019<\/a>&nbsp;&#8211; Reconhece o estado de calamidade p&uacute;blica de ordem financeira no Estado de Goi&aacute;s, nos termos do Decreto n&ordm; 9.392, de 21 de janeiro de 2019.<\/p>\n<p><a href=\"http:\/\/www.gabinetecivil.go.gov.br\/pagina_decretos.php?id=19636\" target=\"_blank\" rel=\"noopener\">&#8211; Decreto n&ordm; 9.392, de 21 de janeiro de&nbsp; 2019<\/a>&nbsp;&#8211; Disp&otilde;e sobre a decreta&ccedil;&atilde;o de situa&ccedil;&atilde;o de calamidade financeira no Estado de Goi&aacute;s.<\/p>\n<p><a href=\"http:\/\/www.gabinetecivil.go.gov.br\/pagina_decretos.php?id=19633\" target=\"_blank\" rel=\"noopener\">&#8211; Decreto n&ordm; 9.389, de 14 de janeiro de 2019<\/a>&nbsp;&#8211; Cria o Grupo de Trabalho para o fim que especifica. Fica institu&iacute;do Grupo de Trabalho para, no &acirc;mbito do Poder Executivo, realizar os estudos necess&aacute;rios &agrave; realiza&ccedil;&atilde;o da reforma administrativa do Estado de Goi&aacute;s<\/p>\n<p><a href=\"http:\/\/www.gabinetecivil.go.gov.br\/pagina_decretos.php?id=19628\" target=\"_blank\" rel=\"noopener\"><strong>&#8211;&nbsp;<\/strong>Decreto n&ordm; 9.384, de 09 de janeiro de 2019<\/a>&nbsp;&#8211; Introduz altera&ccedil;&otilde;es no Decreto n&ordm; 9.376, de 02 de janeiro de 2019, que estabelece medidas de conten&ccedil;&atilde;o de gastos com pessoal e outras despesas correntes, no &acirc;mbito da administra&ccedil;&atilde;o direta, aut&aacute;rquica e fundacional do Poder Executivo, e empresas estatais dependentes.<\/p>\n<p><a href=\"http:\/\/www.gabinetecivil.go.gov.br\/pagina_decretos.php?id=19627\" target=\"_blank\" rel=\"noopener\"><strong>&#8211;&nbsp;<\/strong>Decreto n&ordm; 9.381, de 08 de janeiro&nbsp; de 2019<\/a>&nbsp;&#8211; Introduz altera&ccedil;&atilde;o no inciso I do art. 8&ordm; do Decreto n&ordm; 9.376, de 02 de janeiro de 2019, que estabelece medidas de conten&ccedil;&atilde;o de gastos com pessoal e outras despesas correntes, no &acirc;mbito da administra&ccedil;&atilde;o direta, aut&aacute;rquica e fundacional do Poder Executivo e empresas estatais dependentes.<\/p>\n<p><a href=\"http:\/\/www.gabinetecivil.go.gov.br\/pagina_decretos.php?id=19614\" target=\"_blank\" rel=\"noopener\">Decreto n&ordm; 9.376, de 02 de janeiro de 2019<\/a>&nbsp; &#8211; Estabelece medidas de conten&ccedil;&atilde;o de gastos com pessoal e outras despesas correntes, no &acirc;mbito da administra&ccedil;&atilde;o direta, aut&aacute;rquica e fundacional do Poder Executivo e empresas estatais dependentes.<\/p>\n","protected":false},"excerpt":{"rendered":"<p>Fale Conosco SIGA Governadoria Vice-Governadoria Secretarias Ag&ecirc;ncias\/Autarquias Funda&ccedil;&atilde;o Sociedades de Economia Mista Conselhos Estaduais &nbsp; Diretoria-Geral de Administra&ccedil;&atilde;o Penitenci&aacute;ria&nbsp; Dados Gerais&nbsp;|&nbsp;&nbsp;Regulamento&nbsp;|&nbsp;Legisla&ccedil;&atilde;o&nbsp;|&nbsp;Fundo&nbsp;| Organograma &nbsp; Legisla&ccedil;&atilde;o: &#8211; Emenda Consttucional N&ordm; 68, de 28 de Dezembro de 2020 &#8211; Institui a Pol&iacute;cia Penal no &acirc;mbito do Estado de Goi&aacute;s e d&aacute; outras provid&ecirc;ncias. &#8211; Lei n&ordm; 20.880, de [&hellip;]<\/p>\n","protected":false},"author":54,"featured_media":0,"comment_status":"closed","ping_status":"open","sticky":false,"template":"","format":"standard","meta":{"footnotes":""},"categories":[3],"tags":[],"class_list":["post-10272","post","type-post","status-publish","format-standard","hentry","category-artigos-nao-categorizados"],"rttpg_featured_image_url":null,"rttpg_author":{"display_name":"hosanagodoy","author_link":"https:\/\/goias.gov.br\/administracao\/author\/hosanagodoy\/"},"rttpg_comment":0,"rttpg_category":"<a href=\"https:\/\/goias.gov.br\/administracao\/categoria\/artigos-nao-categorizados\/\" rel=\"category tag\">Artigos n\u00e3o Categorizados<\/a>","rttpg_excerpt":"Fale Conosco SIGA Governadoria Vice-Governadoria Secretarias Ag&ecirc;ncias\/Autarquias Funda&ccedil;&atilde;o Sociedades de Economia Mista Conselhos Estaduais &nbsp; Diretoria-Geral de Administra&ccedil;&atilde;o Penitenci&aacute;ria&nbsp; Dados Gerais&nbsp;|&nbsp;&nbsp;Regulamento&nbsp;|&nbsp;Legisla&ccedil;&atilde;o&nbsp;|&nbsp;Fundo&nbsp;| Organograma &nbsp; Legisla&ccedil;&atilde;o: &#8211; Emenda Consttucional N&ordm; 68, de 28 de Dezembro de 2020 &#8211; Institui a Pol&iacute;cia Penal no &acirc;mbito do Estado de Goi&aacute;s e d&aacute; outras provid&ecirc;ncias. &#8211; Lei n&ordm; 20.880, de&hellip;","_links":{"self":[{"href":"https:\/\/goias.gov.br\/administracao\/wp-json\/wp\/v2\/posts\/10272","targetHints":{"allow":["GET"]}}],"collection":[{"href":"https:\/\/goias.gov.br\/administracao\/wp-json\/wp\/v2\/posts"}],"about":[{"href":"https:\/\/goias.gov.br\/administracao\/wp-json\/wp\/v2\/types\/post"}],"author":[{"embeddable":true,"href":"https:\/\/goias.gov.br\/administracao\/wp-json\/wp\/v2\/users\/54"}],"replies":[{"embeddable":true,"href":"https:\/\/goias.gov.br\/administracao\/wp-json\/wp\/v2\/comments?post=10272"}],"version-history":[{"count":1,"href":"https:\/\/goias.gov.br\/administracao\/wp-json\/wp\/v2\/posts\/10272\/revisions"}],"predecessor-version":[{"id":14430,"href":"https:\/\/goias.gov.br\/administracao\/wp-json\/wp\/v2\/posts\/10272\/revisions\/14430"}],"wp:attachment":[{"href":"https:\/\/goias.gov.br\/administracao\/wp-json\/wp\/v2\/media?parent=10272"}],"wp:term":[{"taxonomy":"category","embeddable":true,"href":"https:\/\/goias.gov.br\/administracao\/wp-json\/wp\/v2\/categories?post=10272"},{"taxonomy":"post_tag","embeddable":true,"href":"https:\/\/goias.gov.br\/administracao\/wp-json\/wp\/v2\/tags?post=10272"}],"curies":[{"name":"wp","href":"https:\/\/api.w.org\/{rel}","templated":true}]}}