

{"id":93449,"date":"2025-08-08T09:15:00","date_gmt":"2025-08-08T12:15:00","guid":{"rendered":"https:\/\/goias.gov.br\/abc\/?p=93449"},"modified":"2025-08-08T14:07:06","modified_gmt":"2025-08-08T17:07:06","slug":"governo-estadual-inicia-pavimentacao-da-go-409-no-sudoeste-goiano","status":"publish","type":"post","link":"https:\/\/goias.gov.br\/abc\/governo-estadual-inicia-pavimentacao-da-go-409-no-sudoeste-goiano\/","title":{"rendered":"Governo estadual inicia pavimenta\u00e7\u00e3o da GO-409 no Sudoeste goiano"},"content":{"rendered":"\n<p>O vice-governador Daniel Vilela, acompanhado de autoridades do estado e prefeitos, assinou na quinta-feira (7) a ordem de servi\u00e7o para pavimenta\u00e7\u00e3o da G0-409, ligando Acre\u00fana a Turvel\u00e2ndia, regi\u00e3o Sudoeste de Goi\u00e1s. O trecho a ser pavimentado tem extens\u00e3o de 48 quil\u00f4metros e exigir\u00e1 investimentos de R$ 58,8 milh\u00f5es, como mostrou reportagem da TV Brasil Central.<\/p>\n\n\n\n<p>\u201cO conjunto de obras estruturantes que Goi\u00e1s est\u00e1 realizando comprova a import\u00e2ncia do Fundo de Desenvolvimento da Infraestrutura (Fundeinfra), que garante os recursos para rodovias, pontes e outras obras que contribuem para o desenvolvimento do estado\u201d, argumentou Daniel Vilela. Ele acrescentou que Goi\u00e1s tem hoje uma carteira de projetos estruturantes planejada com intelig\u00eancia e foco em retorno social e econ\u00f4mico. O presidente da Ag\u00eancia Goiana de Infraestrutura (Goinfra), Pedro Sales, informou que a obra dever\u00e1 ser conclu\u00edda no primeiro semestre de 2026.<\/p>\n\n\n\n<p>O prefeito de Acre\u00fana, Claudiomar Portugal, frisou o car\u00e1ter municipalista do governo de Goi\u00e1s, ao interiorizar diversos benef\u00edcios \u00e0s cidades goianas. \u201cQuando Daniel e Caiado dizem que v\u00e3o fazer, fazem. Essa obra ter\u00e1 grande impacto em nossa regi\u00e3o, beneficiando diretamente todos os setores da economia\u201d, asseverou. A prefeita de Turvel\u00e2ndia, Os\u00e9lia L\u00facia de Carvalho, classificou o dia como hist\u00f3rico. \u201cA pavimenta\u00e7\u00e3o da GO-409 \u00e9 um sonho antigo. Representa dignidade, desenvolvimento e seguran\u00e7a. Foram anos de espera e agora o sonho se realiza\u201d, finalizou.<\/p>\n\n\n\n<p><strong>ABC Digital<\/strong><\/p>\n\n\n\n<figure class=\"wp-block-embed aligncenter is-type-video is-provider-youtube wp-block-embed-youtube wp-embed-aspect-16-9 wp-has-aspect-ratio\"><div class=\"wp-block-embed__wrapper\">\n<iframe title=\"O Mundo em sua Casa |08-08| Daniel lan\u00e7a Pavimenta\u00e7\u00e3o da Go409 entre Acre\u00fana e Turv\u00e2nia\" width=\"500\" height=\"281\" src=\"https:\/\/www.youtube.com\/embed\/Zzey31VWP64?feature=oembed\" frameborder=\"0\" allow=\"accelerometer; autoplay; clipboard-write; encrypted-media; gyroscope; picture-in-picture; web-share\" referrerpolicy=\"strict-origin-when-cross-origin\" allowfullscreen><\/iframe>\n<\/div><\/figure>\n","protected":false},"excerpt":{"rendered":"<p>O vice-governador Daniel Vilela, acompanhado de autoridades do estado e prefeitos, assinou na quinta-feira (7) a ordem de servi\u00e7o para pavimenta\u00e7\u00e3o da G0-409, ligando Acre\u00fana a Turvel\u00e2ndia, regi\u00e3o Sudoeste de Goi\u00e1s. O trecho a ser pavimentado tem extens\u00e3o de 48 quil\u00f4metros e exigir\u00e1 investimentos de R$ 58,8 milh\u00f5es, como mostrou reportagem da TV Brasil Central. [&hellip;]<\/p>\n","protected":false},"author":381,"featured_media":93512,"comment_status":"closed","ping_status":"open","sticky":false,"template":"","format":"standard","meta":{"footnotes":""},"categories":[39],"tags":[58],"class_list":["post-93449","post","type-post","status-publish","format-standard","has-post-thumbnail","hentry","category-noticias","tag-jornalismo"],"rttpg_featured_image_url":{"full":["https:\/\/goias.gov.br\/abc\/wp-content\/uploads\/sites\/23\/2025\/08\/2025.08.08_OMESC_RODOVIA.jpg",1200,600,false],"landscape":["https:\/\/goias.gov.br\/abc\/wp-content\/uploads\/sites\/23\/2025\/08\/2025.08.08_OMESC_RODOVIA.jpg",1200,600,false],"portraits":["https:\/\/goias.gov.br\/abc\/wp-content\/uploads\/sites\/23\/2025\/08\/2025.08.08_OMESC_RODOVIA.jpg",1200,600,false],"thumbnail":["https:\/\/goias.gov.br\/abc\/wp-content\/uploads\/sites\/23\/2025\/08\/2025.08.08_OMESC_RODOVIA-150x150.jpg",150,150,true],"medium":["https:\/\/goias.gov.br\/abc\/wp-content\/uploads\/sites\/23\/2025\/08\/2025.08.08_OMESC_RODOVIA-300x150.jpg",300,150,true],"large":["https:\/\/goias.gov.br\/abc\/wp-content\/uploads\/sites\/23\/2025\/08\/2025.08.08_OMESC_RODOVIA-1024x512.jpg",1024,512,true],"1536x1536":["https:\/\/goias.gov.br\/abc\/wp-content\/uploads\/sites\/23\/2025\/08\/2025.08.08_OMESC_RODOVIA.jpg",1200,600,false],"2048x2048":["https:\/\/goias.gov.br\/abc\/wp-content\/uploads\/sites\/23\/2025\/08\/2025.08.08_OMESC_RODOVIA.jpg",1200,600,false]},"rttpg_author":{"display_name":"paulolicio","author_link":"https:\/\/goias.gov.br\/abc\/author\/paulolicio\/"},"rttpg_comment":0,"rttpg_category":"<a href=\"https:\/\/goias.gov.br\/abc\/categoria\/institucional\/noticias\/\" rel=\"category tag\">Not\u00edcias<\/a>","rttpg_excerpt":"O vice-governador Daniel Vilela, acompanhado de autoridades do estado e prefeitos, assinou na quinta-feira (7) a ordem de servi\u00e7o para pavimenta\u00e7\u00e3o da G0-409, ligando Acre\u00fana a Turvel\u00e2ndia, regi\u00e3o Sudoeste de Goi\u00e1s. O trecho a ser pavimentado tem extens\u00e3o de 48 quil\u00f4metros e exigir\u00e1 investimentos de R$ 58,8 milh\u00f5es, como mostrou reportagem da TV Brasil Central.&hellip;","_links":{"self":[{"href":"https:\/\/goias.gov.br\/abc\/wp-json\/wp\/v2\/posts\/93449","targetHints":{"allow":["GET"]}}],"collection":[{"href":"https:\/\/goias.gov.br\/abc\/wp-json\/wp\/v2\/posts"}],"about":[{"href":"https:\/\/goias.gov.br\/abc\/wp-json\/wp\/v2\/types\/post"}],"author":[{"embeddable":true,"href":"https:\/\/goias.gov.br\/abc\/wp-json\/wp\/v2\/users\/381"}],"replies":[{"embeddable":true,"href":"https:\/\/goias.gov.br\/abc\/wp-json\/wp\/v2\/comments?post=93449"}],"version-history":[{"count":2,"href":"https:\/\/goias.gov.br\/abc\/wp-json\/wp\/v2\/posts\/93449\/revisions"}],"predecessor-version":[{"id":93574,"href":"https:\/\/goias.gov.br\/abc\/wp-json\/wp\/v2\/posts\/93449\/revisions\/93574"}],"wp:featuredmedia":[{"embeddable":true,"href":"https:\/\/goias.gov.br\/abc\/wp-json\/wp\/v2\/media\/93512"}],"wp:attachment":[{"href":"https:\/\/goias.gov.br\/abc\/wp-json\/wp\/v2\/media?parent=93449"}],"wp:term":[{"taxonomy":"category","embeddable":true,"href":"https:\/\/goias.gov.br\/abc\/wp-json\/wp\/v2\/categories?post=93449"},{"taxonomy":"post_tag","embeddable":true,"href":"https:\/\/goias.gov.br\/abc\/wp-json\/wp\/v2\/tags?post=93449"}],"curies":[{"name":"wp","href":"https:\/\/api.w.org\/{rel}","templated":true}]}}