

{"id":93447,"date":"2025-08-08T09:30:00","date_gmt":"2025-08-08T12:30:00","guid":{"rendered":"https:\/\/goias.gov.br\/abc\/?p=93447"},"modified":"2025-08-08T11:03:22","modified_gmt":"2025-08-08T14:03:22","slug":"seminario-da-educacao-debate-recomposicao-da-aprendizagem","status":"publish","type":"post","link":"https:\/\/goias.gov.br\/abc\/seminario-da-educacao-debate-recomposicao-da-aprendizagem\/","title":{"rendered":"Semin\u00e1rio da Educa\u00e7\u00e3o debate recomposi\u00e7\u00e3o da aprendizagem"},"content":{"rendered":"\n<p>O principal objetivo do semin\u00e1rio <em>Recompor com Equidade<\/em>, promovido nestas quinta e sexta-feira (7 e 8) pela Secretaria de Estado da Educa\u00e7\u00e3o (Seduc), \u00e9 consolidar a pol\u00edtica de recomposi\u00e7\u00e3o das aprendizagens atrav\u00e9s de um conjunto de estrat\u00e9gias e a\u00e7\u00f5es para reduzir o d\u00e9ficit educacional dos estudantes. Reportagem da TV Brasil Central mostrou a abertura do evento, que \u00e9 realizado no Centro de Eventos da PUC Goi\u00e1s em Goi\u00e2nia.<\/p>\n\n\n\n<p>O semin\u00e1rio \u00e9 uma iniciativa da Seduc em parceria com o Instituto Unibanco. O coordenador de Projetos do Instituto, Felipe de Souza, lembrou que depois da pandemia os estudantes n\u00e3o aprenderam tudo o que deveriam aprender. \u201cEnt\u00e3o, essa \u00e9 uma a\u00e7\u00e3o extrema de equidade, ou seja, de n\u00e3o deixar ningu\u00e9m para tr\u00e1s\u201d, acrescentou.<\/p>\n\n\n\n<p>A secret\u00e1ria F\u00e1tima Gavioli explicou que a Seduc est\u00e1 falando tanto a respeito de equidade porque n\u00e3o deseja que Goi\u00e1s tenha que enfrentar a situa\u00e7\u00e3o de que as crian\u00e7as brancas estejam aprendendo mais que as crian\u00e7as pretas, pardas ou ind\u00edgenas. Para a secret\u00e1ria de Educa\u00e7\u00e3o Continuada do Minist\u00e9rio da Educa\u00e7\u00e3o, Zara Figueiredo, que participou da abertura do evento, \u00e9 urgente garantir a aprendizagem adequada para todos os estudantes e, principalmente, minimizar as desigualdades nas escolas.<\/p>\n\n\n\n<p><strong>ABC Digital<\/strong><\/p>\n\n\n\n<p><\/p>\n","protected":false},"excerpt":{"rendered":"<p>O principal objetivo do semin\u00e1rio Recompor com Equidade, promovido nestas quinta e sexta-feira (7 e 8) pela Secretaria de Estado da Educa\u00e7\u00e3o (Seduc), \u00e9 consolidar a pol\u00edtica de recomposi\u00e7\u00e3o das aprendizagens atrav\u00e9s de um conjunto de estrat\u00e9gias e a\u00e7\u00f5es para reduzir o d\u00e9ficit educacional dos estudantes. Reportagem da TV Brasil Central mostrou a abertura do [&hellip;]<\/p>\n","protected":false},"author":379,"featured_media":93502,"comment_status":"closed","ping_status":"open","sticky":false,"template":"","format":"standard","meta":{"footnotes":""},"categories":[39],"tags":[57],"class_list":["post-93447","post","type-post","status-publish","format-standard","has-post-thumbnail","hentry","category-noticias","tag-programacao"],"rttpg_featured_image_url":{"full":["https:\/\/goias.gov.br\/abc\/wp-content\/uploads\/sites\/23\/2025\/08\/2025.08.08_OMESC_SEDUC.jpg",1200,600,false],"landscape":["https:\/\/goias.gov.br\/abc\/wp-content\/uploads\/sites\/23\/2025\/08\/2025.08.08_OMESC_SEDUC.jpg",1200,600,false],"portraits":["https:\/\/goias.gov.br\/abc\/wp-content\/uploads\/sites\/23\/2025\/08\/2025.08.08_OMESC_SEDUC.jpg",1200,600,false],"thumbnail":["https:\/\/goias.gov.br\/abc\/wp-content\/uploads\/sites\/23\/2025\/08\/2025.08.08_OMESC_SEDUC-150x150.jpg",150,150,true],"medium":["https:\/\/goias.gov.br\/abc\/wp-content\/uploads\/sites\/23\/2025\/08\/2025.08.08_OMESC_SEDUC-300x150.jpg",300,150,true],"large":["https:\/\/goias.gov.br\/abc\/wp-content\/uploads\/sites\/23\/2025\/08\/2025.08.08_OMESC_SEDUC-1024x512.jpg",1024,512,true],"1536x1536":["https:\/\/goias.gov.br\/abc\/wp-content\/uploads\/sites\/23\/2025\/08\/2025.08.08_OMESC_SEDUC.jpg",1200,600,false],"2048x2048":["https:\/\/goias.gov.br\/abc\/wp-content\/uploads\/sites\/23\/2025\/08\/2025.08.08_OMESC_SEDUC.jpg",1200,600,false]},"rttpg_author":{"display_name":"marizasantana","author_link":"https:\/\/goias.gov.br\/abc\/author\/marizasantana\/"},"rttpg_comment":0,"rttpg_category":"<a href=\"https:\/\/goias.gov.br\/abc\/categoria\/institucional\/noticias\/\" rel=\"category tag\">Not\u00edcias<\/a>","rttpg_excerpt":"O principal objetivo do semin\u00e1rio Recompor com Equidade, promovido nestas quinta e sexta-feira (7 e 8) pela Secretaria de Estado da Educa\u00e7\u00e3o (Seduc), \u00e9 consolidar a pol\u00edtica de recomposi\u00e7\u00e3o das aprendizagens atrav\u00e9s de um conjunto de estrat\u00e9gias e a\u00e7\u00f5es para reduzir o d\u00e9ficit educacional dos estudantes. Reportagem da TV Brasil Central mostrou a abertura do&hellip;","_links":{"self":[{"href":"https:\/\/goias.gov.br\/abc\/wp-json\/wp\/v2\/posts\/93447","targetHints":{"allow":["GET"]}}],"collection":[{"href":"https:\/\/goias.gov.br\/abc\/wp-json\/wp\/v2\/posts"}],"about":[{"href":"https:\/\/goias.gov.br\/abc\/wp-json\/wp\/v2\/types\/post"}],"author":[{"embeddable":true,"href":"https:\/\/goias.gov.br\/abc\/wp-json\/wp\/v2\/users\/379"}],"replies":[{"embeddable":true,"href":"https:\/\/goias.gov.br\/abc\/wp-json\/wp\/v2\/comments?post=93447"}],"version-history":[{"count":1,"href":"https:\/\/goias.gov.br\/abc\/wp-json\/wp\/v2\/posts\/93447\/revisions"}],"predecessor-version":[{"id":93448,"href":"https:\/\/goias.gov.br\/abc\/wp-json\/wp\/v2\/posts\/93447\/revisions\/93448"}],"wp:featuredmedia":[{"embeddable":true,"href":"https:\/\/goias.gov.br\/abc\/wp-json\/wp\/v2\/media\/93502"}],"wp:attachment":[{"href":"https:\/\/goias.gov.br\/abc\/wp-json\/wp\/v2\/media?parent=93447"}],"wp:term":[{"taxonomy":"category","embeddable":true,"href":"https:\/\/goias.gov.br\/abc\/wp-json\/wp\/v2\/categories?post=93447"},{"taxonomy":"post_tag","embeddable":true,"href":"https:\/\/goias.gov.br\/abc\/wp-json\/wp\/v2\/tags?post=93447"}],"curies":[{"name":"wp","href":"https:\/\/api.w.org\/{rel}","templated":true}]}}