

{"id":89930,"date":"2025-08-06T15:00:00","date_gmt":"2025-08-06T18:00:00","guid":{"rendered":"https:\/\/goias.gov.br\/abc\/?p=89930"},"modified":"2025-08-07T15:48:37","modified_gmt":"2025-08-07T18:48:37","slug":"goias-lidera-geracao-de-empregos-formais-no-centro-oeste","status":"publish","type":"post","link":"https:\/\/goias.gov.br\/abc\/goias-lidera-geracao-de-empregos-formais-no-centro-oeste\/","title":{"rendered":"Goi\u00e1s lidera gera\u00e7\u00e3o de empregos formais no Centro-Oeste"},"content":{"rendered":"\n<p>De janeiro a junho deste ano, Goi\u00e1s registrou a cria\u00e7\u00e3o de mais de 64 mil vagas formais de trabalho, conforme dados divulgados pelo Cadastro Geral de Empregados e Desempregados (Caged), do Minist\u00e9rio do Trabalho e Emprego. Esse resultado coloca o estado como l\u00edder na gera\u00e7\u00e3o de empregos na regi\u00e3o Centro-Oeste. Os segmentos que abriram mais vagas foram os setores de servi\u00e7os, ind\u00fastria, agropecu\u00e1ria, constru\u00e7\u00e3o e com\u00e9rcio. O tema foi alvo de reportagem da TV Brasil Central.<\/p>\n\n\n\n<p>\u201cA maior oferta de empregos formais \u00e9 resultado da ousadia do empreender goiano, mas em grande parte das pol\u00edticas p\u00fablicas adotadas pelo governo estadual. Somente no primeiro semestre deste ano tivemos 15% a mais de vagas do que em todo o ano de 2024\u201d, afirmou a chefe de Gabinete da Secretaria da Retomada, Suellen Couto. Conforme disse, a gera\u00e7\u00e3o de empregos \u00e9 impulsionada por meio dos feir\u00f5es de empregos, pela Central de Vagas Mais Empregos e por meio dos Sines Mais Empregos espalhados pelo estado. Outro ponto destacado \u00e9 a qualifica\u00e7\u00e3o da m\u00e3o-de-obra proporcionada pelos Col\u00e9gios Tecnol\u00f3gicos (Cotegs).<\/p>\n\n\n\n<p>Jo\u00e3o Kleber, gerente de Estudos Econ\u00f4micos, refor\u00e7a que 40% dos empregos formais gerados no estado s\u00e3o reflexo das pol\u00edticas p\u00fablicas do governo estadual. Contribui para isso a capacita\u00e7\u00e3o da m\u00e3o de obra no \u00e2mbito do programa <em>Goi\u00e1s Social<\/em> que, al\u00e9m de ensinar as pessoas a trabalharem, ainda concede cr\u00e9dito para que elas possam iniciar o pr\u00f3prio neg\u00f3cio.<\/p>\n\n\n\n<p><strong>ABC Digital<\/strong><\/p>\n","protected":false},"excerpt":{"rendered":"<p>De janeiro a junho deste ano, Goi\u00e1s registrou a cria\u00e7\u00e3o de mais de 64 mil vagas formais de trabalho, conforme dados divulgados pelo Cadastro Geral de Empregados e Desempregados (Caged), do Minist\u00e9rio do Trabalho e Emprego. Esse resultado coloca o estado como l\u00edder na gera\u00e7\u00e3o de empregos na regi\u00e3o Centro-Oeste. Os segmentos que abriram mais [&hellip;]<\/p>\n","protected":false},"author":381,"featured_media":16647,"comment_status":"closed","ping_status":"open","sticky":false,"template":"","format":"standard","meta":{"footnotes":""},"categories":[39],"tags":[58],"class_list":["post-89930","post","type-post","status-publish","format-standard","has-post-thumbnail","hentry","category-noticias","tag-jornalismo"],"rttpg_featured_image_url":{"full":["https:\/\/goias.gov.br\/abc\/wp-content\/uploads\/sites\/23\/2021\/03\/0903_OMESC_EMPREGO_16x9-9ee.png",984,554,false],"landscape":["https:\/\/goias.gov.br\/abc\/wp-content\/uploads\/sites\/23\/2021\/03\/0903_OMESC_EMPREGO_16x9-9ee.png",984,554,false],"portraits":["https:\/\/goias.gov.br\/abc\/wp-content\/uploads\/sites\/23\/2021\/03\/0903_OMESC_EMPREGO_16x9-9ee.png",984,554,false],"thumbnail":["https:\/\/goias.gov.br\/abc\/wp-content\/uploads\/sites\/23\/2021\/03\/0903_OMESC_EMPREGO_16x9-9ee-150x150.png",150,150,true],"medium":["https:\/\/goias.gov.br\/abc\/wp-content\/uploads\/sites\/23\/2021\/03\/0903_OMESC_EMPREGO_16x9-9ee-300x169.png",300,169,true],"large":["https:\/\/goias.gov.br\/abc\/wp-content\/uploads\/sites\/23\/2021\/03\/0903_OMESC_EMPREGO_16x9-9ee.png",984,554,false],"1536x1536":["https:\/\/goias.gov.br\/abc\/wp-content\/uploads\/sites\/23\/2021\/03\/0903_OMESC_EMPREGO_16x9-9ee.png",984,554,false],"2048x2048":["https:\/\/goias.gov.br\/abc\/wp-content\/uploads\/sites\/23\/2021\/03\/0903_OMESC_EMPREGO_16x9-9ee.png",984,554,false]},"rttpg_author":{"display_name":"paulolicio","author_link":"https:\/\/goias.gov.br\/abc\/author\/paulolicio\/"},"rttpg_comment":0,"rttpg_category":"<a href=\"https:\/\/goias.gov.br\/abc\/categoria\/institucional\/noticias\/\" rel=\"category tag\">Not\u00edcias<\/a>","rttpg_excerpt":"De janeiro a junho deste ano, Goi\u00e1s registrou a cria\u00e7\u00e3o de mais de 64 mil vagas formais de trabalho, conforme dados divulgados pelo Cadastro Geral de Empregados e Desempregados (Caged), do Minist\u00e9rio do Trabalho e Emprego. Esse resultado coloca o estado como l\u00edder na gera\u00e7\u00e3o de empregos na regi\u00e3o Centro-Oeste. Os segmentos que abriram mais&hellip;","_links":{"self":[{"href":"https:\/\/goias.gov.br\/abc\/wp-json\/wp\/v2\/posts\/89930","targetHints":{"allow":["GET"]}}],"collection":[{"href":"https:\/\/goias.gov.br\/abc\/wp-json\/wp\/v2\/posts"}],"about":[{"href":"https:\/\/goias.gov.br\/abc\/wp-json\/wp\/v2\/types\/post"}],"author":[{"embeddable":true,"href":"https:\/\/goias.gov.br\/abc\/wp-json\/wp\/v2\/users\/381"}],"replies":[{"embeddable":true,"href":"https:\/\/goias.gov.br\/abc\/wp-json\/wp\/v2\/comments?post=89930"}],"version-history":[{"count":2,"href":"https:\/\/goias.gov.br\/abc\/wp-json\/wp\/v2\/posts\/89930\/revisions"}],"predecessor-version":[{"id":89951,"href":"https:\/\/goias.gov.br\/abc\/wp-json\/wp\/v2\/posts\/89930\/revisions\/89951"}],"wp:featuredmedia":[{"embeddable":true,"href":"https:\/\/goias.gov.br\/abc\/wp-json\/wp\/v2\/media\/16647"}],"wp:attachment":[{"href":"https:\/\/goias.gov.br\/abc\/wp-json\/wp\/v2\/media?parent=89930"}],"wp:term":[{"taxonomy":"category","embeddable":true,"href":"https:\/\/goias.gov.br\/abc\/wp-json\/wp\/v2\/categories?post=89930"},{"taxonomy":"post_tag","embeddable":true,"href":"https:\/\/goias.gov.br\/abc\/wp-json\/wp\/v2\/tags?post=89930"}],"curies":[{"name":"wp","href":"https:\/\/api.w.org\/{rel}","templated":true}]}}