

{"id":89608,"date":"2025-08-05T09:00:00","date_gmt":"2025-08-05T12:00:00","guid":{"rendered":"https:\/\/goias.gov.br\/abc\/?p=89608"},"modified":"2025-08-05T09:39:48","modified_gmt":"2025-08-05T12:39:48","slug":"sala-lilas-reforca-apoio-a-mulheres-vitimas-de-violencia","status":"publish","type":"post","link":"https:\/\/goias.gov.br\/abc\/sala-lilas-reforca-apoio-a-mulheres-vitimas-de-violencia\/","title":{"rendered":"Sala Lil\u00e1s refor\u00e7a apoio a mulheres v\u00edtimas de viol\u00eancia"},"content":{"rendered":"\n<p>No pr\u00f3ximo dia 7 de agosto, a Lei Maria da Penha completa 19 anos de exist\u00eancia, marcando um avan\u00e7o na prote\u00e7\u00e3o \u00e0s mulheres contra a viol\u00eancia de g\u00eanero. Em Goi\u00e1s, o governo estadual mant\u00e9m a\u00e7\u00f5es de apoio \u00e0s v\u00edtimas por meio do projeto Sala Lil\u00e1s, criado em 2021 em parceria entre as secretarias de Sa\u00fade e Seguran\u00e7a P\u00fablica. O projeto oferece atendimentos espec\u00edficos \u00e0s v\u00edtimas de viol\u00eancia, incluindo consulta m\u00e9dica, suporte psicol\u00f3gico e social, com atendimentos nos Institutos M\u00e9dicos Legais (IMLs).<\/p>\n\n\n\n<p>Em entrevista para o jornalismo da TV Brasil Central, a gerente de Aten\u00e7\u00e3o \u00e0s Popula\u00e7\u00f5es Espec\u00edficas da Secretaria Estadual de Sa\u00fade, Maria Sena, explicou que a iniciativa busca oferecer um atendimento humanizado. \u201cA v\u00edtima vai para fazer um exame de corpo de delito e temos uma equipe de sa\u00fade que atende essa v\u00edtima em tempo oportuno. Muitas vezes at\u00e9 contendo uma crise, com o apoio de psic\u00f3logos\u201d. Ela explicou ainda que os atendimentos tamb\u00e9m tem continuidade na rede de sa\u00fade. \u201cDiversos profissionais, como m\u00e9dicos legistas, enfermeiras, psic\u00f3logas e assistentes sociais, est\u00e3o envolvidos nesse trabalho, que visa oferecer acolhimento e suporte \u00e0s v\u00edtimas\u201d, completou.<\/p>\n\n\n\n<p>De acordo com levantamentos, a satisfa\u00e7\u00e3o das pessoas atendidas \u00e9 alta. Uma pesquisa realizada entre mar\u00e7o e julho deste ano indicou 90% de aprova\u00e7\u00e3o geral. Os dados revelaram que 87,9% das v\u00edtimas declararam-se totalmente satisfeitas com o atendimento m\u00e9dico recebido, enquanto mais de 80% aprovaram a estrutura f\u00edsica da Sala Lil\u00e1s. Desde o in\u00edcio do projeto, mais de 8 mil pessoas j\u00e1 foram atendidas, incluindo crian\u00e7as, adolescentes e pessoas LGBTQI+. \u201cQuantas vidas foram transformadas nessa Sala Lil\u00e1s. Aquelas v\u00edtimas que est\u00e3o t\u00e3o feridas quando chegam no IML, recebem um atendimento humanizado, acolhedor. Elas saem de l\u00e1 um pouco menos feridas\u201d, concluiu Maria Sena.<\/p>\n\n\n\n<p><strong>ABC Digital<\/strong><\/p>\n","protected":false},"excerpt":{"rendered":"<p>No pr\u00f3ximo dia 7 de agosto, a Lei Maria da Penha completa 19 anos de exist\u00eancia, marcando um avan\u00e7o na prote\u00e7\u00e3o \u00e0s mulheres contra a viol\u00eancia de g\u00eanero. Em Goi\u00e1s, o governo estadual mant\u00e9m a\u00e7\u00f5es de apoio \u00e0s v\u00edtimas por meio do projeto Sala Lil\u00e1s, criado em 2021 em parceria entre as secretarias de Sa\u00fade [&hellip;]<\/p>\n","protected":false},"author":380,"featured_media":89610,"comment_status":"closed","ping_status":"open","sticky":false,"template":"","format":"standard","meta":{"footnotes":""},"categories":[39],"tags":[58],"class_list":["post-89608","post","type-post","status-publish","format-standard","has-post-thumbnail","hentry","category-noticias","tag-jornalismo"],"rttpg_featured_image_url":{"full":["https:\/\/goias.gov.br\/abc\/wp-content\/uploads\/sites\/23\/2025\/08\/04.08_NEWS_SALA_LILAS.jpg",1200,600,false],"landscape":["https:\/\/goias.gov.br\/abc\/wp-content\/uploads\/sites\/23\/2025\/08\/04.08_NEWS_SALA_LILAS.jpg",1200,600,false],"portraits":["https:\/\/goias.gov.br\/abc\/wp-content\/uploads\/sites\/23\/2025\/08\/04.08_NEWS_SALA_LILAS.jpg",1200,600,false],"thumbnail":["https:\/\/goias.gov.br\/abc\/wp-content\/uploads\/sites\/23\/2025\/08\/04.08_NEWS_SALA_LILAS-150x150.jpg",150,150,true],"medium":["https:\/\/goias.gov.br\/abc\/wp-content\/uploads\/sites\/23\/2025\/08\/04.08_NEWS_SALA_LILAS-300x150.jpg",300,150,true],"large":["https:\/\/goias.gov.br\/abc\/wp-content\/uploads\/sites\/23\/2025\/08\/04.08_NEWS_SALA_LILAS-1024x512.jpg",1024,512,true],"1536x1536":["https:\/\/goias.gov.br\/abc\/wp-content\/uploads\/sites\/23\/2025\/08\/04.08_NEWS_SALA_LILAS.jpg",1200,600,false],"2048x2048":["https:\/\/goias.gov.br\/abc\/wp-content\/uploads\/sites\/23\/2025\/08\/04.08_NEWS_SALA_LILAS.jpg",1200,600,false]},"rttpg_author":{"display_name":"nadialima","author_link":"https:\/\/goias.gov.br\/abc\/author\/nadialima\/"},"rttpg_comment":0,"rttpg_category":"<a href=\"https:\/\/goias.gov.br\/abc\/categoria\/institucional\/noticias\/\" rel=\"category tag\">Not\u00edcias<\/a>","rttpg_excerpt":"No pr\u00f3ximo dia 7 de agosto, a Lei Maria da Penha completa 19 anos de exist\u00eancia, marcando um avan\u00e7o na prote\u00e7\u00e3o \u00e0s mulheres contra a viol\u00eancia de g\u00eanero. Em Goi\u00e1s, o governo estadual mant\u00e9m a\u00e7\u00f5es de apoio \u00e0s v\u00edtimas por meio do projeto Sala Lil\u00e1s, criado em 2021 em parceria entre as secretarias de Sa\u00fade&hellip;","_links":{"self":[{"href":"https:\/\/goias.gov.br\/abc\/wp-json\/wp\/v2\/posts\/89608","targetHints":{"allow":["GET"]}}],"collection":[{"href":"https:\/\/goias.gov.br\/abc\/wp-json\/wp\/v2\/posts"}],"about":[{"href":"https:\/\/goias.gov.br\/abc\/wp-json\/wp\/v2\/types\/post"}],"author":[{"embeddable":true,"href":"https:\/\/goias.gov.br\/abc\/wp-json\/wp\/v2\/users\/380"}],"replies":[{"embeddable":true,"href":"https:\/\/goias.gov.br\/abc\/wp-json\/wp\/v2\/comments?post=89608"}],"version-history":[{"count":2,"href":"https:\/\/goias.gov.br\/abc\/wp-json\/wp\/v2\/posts\/89608\/revisions"}],"predecessor-version":[{"id":89707,"href":"https:\/\/goias.gov.br\/abc\/wp-json\/wp\/v2\/posts\/89608\/revisions\/89707"}],"wp:featuredmedia":[{"embeddable":true,"href":"https:\/\/goias.gov.br\/abc\/wp-json\/wp\/v2\/media\/89610"}],"wp:attachment":[{"href":"https:\/\/goias.gov.br\/abc\/wp-json\/wp\/v2\/media?parent=89608"}],"wp:term":[{"taxonomy":"category","embeddable":true,"href":"https:\/\/goias.gov.br\/abc\/wp-json\/wp\/v2\/categories?post=89608"},{"taxonomy":"post_tag","embeddable":true,"href":"https:\/\/goias.gov.br\/abc\/wp-json\/wp\/v2\/tags?post=89608"}],"curies":[{"name":"wp","href":"https:\/\/api.w.org\/{rel}","templated":true}]}}