

{"id":87071,"date":"2025-07-04T14:30:00","date_gmt":"2025-07-04T17:30:00","guid":{"rendered":"https:\/\/goias.gov.br\/abc\/?p=87071"},"modified":"2025-07-04T15:44:17","modified_gmt":"2025-07-04T18:44:17","slug":"tbc-memoria-conversa-com-paulo-beringhs-sobre-os-50-anos-da-tbc","status":"publish","type":"post","link":"https:\/\/goias.gov.br\/abc\/tbc-memoria-conversa-com-paulo-beringhs-sobre-os-50-anos-da-tbc\/","title":{"rendered":"TBC Mem\u00f3ria conversa com Paulo Beringhs sobre os 50 anos da TBC"},"content":{"rendered":"\n<p>Neste ano em que s\u00e3o comemoradas as Bodas de Ouro da Televis\u00e3o Brasil Central (TBC), um dos epis\u00f3dios dessa hist\u00f3ria \u00e9 contado pelo jornalista Paulo Beringhs, decano da imprensa goiana e que milita na \u00e1rea aqui no estado desde 1975, no programa <em>TBC Mem\u00f3ria<\/em> que vai ao ar na sexta-feira (4). Atualmente apresenta, em parceria com a TV Assembleia Legislativa o <em>Boa Noite Goi\u00e1s<\/em>. Antes, no in\u00edcio dos anos 2000, tamb\u00e9m trabalhou na TBC e vai recordar aos telespectadores como foi o in\u00edcio de sua carreira no jornalismo, em Bebedouro (SP), onde come\u00e7ou, e em Goi\u00e1s, no jornal O Popular, nas TVs Anhanguera e Serra Dourada, e na rede Globo de Bras\u00edlia.<\/p>\n\n\n\n<p>Ele fala tamb\u00e9m sobre a import\u00e2ncia do jornalismo hoje, em fun\u00e7\u00e3o do aparecimento das redes sociais, os desafios de comandar uma TV p\u00fablica, especialmente na TV que entrou no ar no ano em que ele se mudou para Goi\u00e1s, o ineditismo do formato de plateia, como se deram as melhorias na estrutura da TBC, com transmissores novos, e o desafio que \u00e9 comandar o <em>Boa Noite Goi\u00e1s<\/em>, com um jornalismo de hor\u00e1rio nobre.<\/p>\n\n\n\n<p>Falar\u00e1 ainda sobre a hist\u00f3ria e as transforma\u00e7\u00f5es no jornalismo e que significado tem para a comunica\u00e7\u00e3o a evolu\u00e7\u00e3o tecnol\u00f3gica da atualidade. O <em>TBC Mem\u00f3ria<\/em> \u00e9 apresentado pelo jornalista Enzo de Lisita e vai ao ar pela TV Brasil Central na sexta-feira (4), \u00e0s 23h, com reprise no s\u00e1bado, \u00e0s 10h30, podendo pode ser conferido tamb\u00e9m pelo canal da TV Brasil Central no YouTube e pelo aplicativo TBC Flix.<\/p>\n\n\n\n<p><strong>ABC Digital<\/strong><\/p>\n\n\n\n<figure class=\"wp-block-embed aligncenter is-type-video is-provider-youtube wp-block-embed-youtube wp-embed-aspect-16-9 wp-has-aspect-ratio\"><div class=\"wp-block-embed__wrapper\">\n<iframe title=\"TBC MEM\u00d3RIA | OS BASTIDORES DO JORNALISMO EM GOI\u00c1S, 50 ANOS DA TBC | PAULO BERINGHS | 04\/07\/2025\" width=\"500\" height=\"281\" src=\"https:\/\/www.youtube.com\/embed\/BrdTh0u6lkg?feature=oembed\" frameborder=\"0\" allow=\"accelerometer; autoplay; clipboard-write; encrypted-media; gyroscope; picture-in-picture; web-share\" referrerpolicy=\"strict-origin-when-cross-origin\" allowfullscreen><\/iframe>\n<\/div><\/figure>\n","protected":false},"excerpt":{"rendered":"<p>Neste ano em que s\u00e3o comemoradas as Bodas de Ouro da Televis\u00e3o Brasil Central (TBC), um dos epis\u00f3dios dessa hist\u00f3ria \u00e9 contado pelo jornalista Paulo Beringhs, decano da imprensa goiana e que milita na \u00e1rea aqui no estado desde 1975, no programa TBC Mem\u00f3ria que vai ao ar na sexta-feira (4). Atualmente apresenta, em parceria [&hellip;]<\/p>\n","protected":false},"author":378,"featured_media":87064,"comment_status":"closed","ping_status":"open","sticky":false,"template":"","format":"standard","meta":{"footnotes":""},"categories":[39],"tags":[57],"class_list":["post-87071","post","type-post","status-publish","format-standard","has-post-thumbnail","hentry","category-noticias","tag-programacao"],"rttpg_featured_image_url":{"full":["https:\/\/goias.gov.br\/abc\/wp-content\/uploads\/sites\/23\/2025\/07\/2025.07.04_TBC_MEMORIA.jpg",1200,600,false],"landscape":["https:\/\/goias.gov.br\/abc\/wp-content\/uploads\/sites\/23\/2025\/07\/2025.07.04_TBC_MEMORIA.jpg",1200,600,false],"portraits":["https:\/\/goias.gov.br\/abc\/wp-content\/uploads\/sites\/23\/2025\/07\/2025.07.04_TBC_MEMORIA.jpg",1200,600,false],"thumbnail":["https:\/\/goias.gov.br\/abc\/wp-content\/uploads\/sites\/23\/2025\/07\/2025.07.04_TBC_MEMORIA-150x150.jpg",150,150,true],"medium":["https:\/\/goias.gov.br\/abc\/wp-content\/uploads\/sites\/23\/2025\/07\/2025.07.04_TBC_MEMORIA-300x150.jpg",300,150,true],"large":["https:\/\/goias.gov.br\/abc\/wp-content\/uploads\/sites\/23\/2025\/07\/2025.07.04_TBC_MEMORIA-1024x512.jpg",1024,512,true],"1536x1536":["https:\/\/goias.gov.br\/abc\/wp-content\/uploads\/sites\/23\/2025\/07\/2025.07.04_TBC_MEMORIA.jpg",1200,600,false],"2048x2048":["https:\/\/goias.gov.br\/abc\/wp-content\/uploads\/sites\/23\/2025\/07\/2025.07.04_TBC_MEMORIA.jpg",1200,600,false]},"rttpg_author":{"display_name":"helvertonsilva","author_link":"https:\/\/goias.gov.br\/abc\/author\/helvertonsilva\/"},"rttpg_comment":0,"rttpg_category":"<a href=\"https:\/\/goias.gov.br\/abc\/categoria\/institucional\/noticias\/\" rel=\"category tag\">Not\u00edcias<\/a>","rttpg_excerpt":"Neste ano em que s\u00e3o comemoradas as Bodas de Ouro da Televis\u00e3o Brasil Central (TBC), um dos epis\u00f3dios dessa hist\u00f3ria \u00e9 contado pelo jornalista Paulo Beringhs, decano da imprensa goiana e que milita na \u00e1rea aqui no estado desde 1975, no programa TBC Mem\u00f3ria que vai ao ar na sexta-feira (4). Atualmente apresenta, em parceria&hellip;","_links":{"self":[{"href":"https:\/\/goias.gov.br\/abc\/wp-json\/wp\/v2\/posts\/87071","targetHints":{"allow":["GET"]}}],"collection":[{"href":"https:\/\/goias.gov.br\/abc\/wp-json\/wp\/v2\/posts"}],"about":[{"href":"https:\/\/goias.gov.br\/abc\/wp-json\/wp\/v2\/types\/post"}],"author":[{"embeddable":true,"href":"https:\/\/goias.gov.br\/abc\/wp-json\/wp\/v2\/users\/378"}],"replies":[{"embeddable":true,"href":"https:\/\/goias.gov.br\/abc\/wp-json\/wp\/v2\/comments?post=87071"}],"version-history":[{"count":2,"href":"https:\/\/goias.gov.br\/abc\/wp-json\/wp\/v2\/posts\/87071\/revisions"}],"predecessor-version":[{"id":87277,"href":"https:\/\/goias.gov.br\/abc\/wp-json\/wp\/v2\/posts\/87071\/revisions\/87277"}],"wp:featuredmedia":[{"embeddable":true,"href":"https:\/\/goias.gov.br\/abc\/wp-json\/wp\/v2\/media\/87064"}],"wp:attachment":[{"href":"https:\/\/goias.gov.br\/abc\/wp-json\/wp\/v2\/media?parent=87071"}],"wp:term":[{"taxonomy":"category","embeddable":true,"href":"https:\/\/goias.gov.br\/abc\/wp-json\/wp\/v2\/categories?post=87071"},{"taxonomy":"post_tag","embeddable":true,"href":"https:\/\/goias.gov.br\/abc\/wp-json\/wp\/v2\/tags?post=87071"}],"curies":[{"name":"wp","href":"https:\/\/api.w.org\/{rel}","templated":true}]}}