

{"id":86169,"date":"2025-06-30T15:16:04","date_gmt":"2025-06-30T18:16:04","guid":{"rendered":"https:\/\/goias.gov.br\/abc\/?p=86169"},"modified":"2025-06-30T15:16:05","modified_gmt":"2025-06-30T18:16:05","slug":"projetos-de-participacao-social","status":"publish","type":"post","link":"https:\/\/goias.gov.br\/abc\/projetos-de-participacao-social\/","title":{"rendered":"Projetos de Participa\u00e7\u00e3o Social"},"content":{"rendered":"\n<p>Com base no princ\u00edpio da transpar\u00eancia p\u00fablica e em conformidade com o Art. 9\u00ba, II, da Lei Federal n\u00ba 12.527\/2011, a Ag\u00eancia Brasil Central declara que nos \u00faltimos 12 meses, e at\u00e9 a presente data, n\u00e3o desenvolveu nenhum Projeto de Participa\u00e7\u00e3o Social pela Pasta.<\/p>\n","protected":false},"excerpt":{"rendered":"<p>Com base no princ\u00edpio da transpar\u00eancia p\u00fablica e em conformidade com o Art. 9\u00ba, II, da Lei Federal n\u00ba 12.527\/2011, a Ag\u00eancia Brasil Central declara que nos \u00faltimos 12 meses, e at\u00e9 a presente data, n\u00e3o desenvolveu nenhum Projeto de Participa\u00e7\u00e3o Social pela Pasta.<\/p>\n","protected":false},"author":376,"featured_media":0,"comment_status":"closed","ping_status":"open","sticky":false,"template":"","format":"standard","meta":{"footnotes":""},"categories":[38],"tags":[],"class_list":["post-86169","post","type-post","status-publish","format-standard","hentry","category-institucional"],"rttpg_featured_image_url":null,"rttpg_author":{"display_name":"jorgeluiznascimento","author_link":"https:\/\/goias.gov.br\/abc\/author\/jorgeluiznascimento\/"},"rttpg_comment":0,"rttpg_category":"<a href=\"https:\/\/goias.gov.br\/abc\/categoria\/institucional\/\" rel=\"category tag\">Institucional<\/a>","rttpg_excerpt":"Com base no princ\u00edpio da transpar\u00eancia p\u00fablica e em conformidade com o Art. 9\u00ba, II, da Lei Federal n\u00ba 12.527\/2011, a Ag\u00eancia Brasil Central declara que nos \u00faltimos 12 meses, e at\u00e9 a presente data, n\u00e3o desenvolveu nenhum Projeto de Participa\u00e7\u00e3o Social pela Pasta.","_links":{"self":[{"href":"https:\/\/goias.gov.br\/abc\/wp-json\/wp\/v2\/posts\/86169","targetHints":{"allow":["GET"]}}],"collection":[{"href":"https:\/\/goias.gov.br\/abc\/wp-json\/wp\/v2\/posts"}],"about":[{"href":"https:\/\/goias.gov.br\/abc\/wp-json\/wp\/v2\/types\/post"}],"author":[{"embeddable":true,"href":"https:\/\/goias.gov.br\/abc\/wp-json\/wp\/v2\/users\/376"}],"replies":[{"embeddable":true,"href":"https:\/\/goias.gov.br\/abc\/wp-json\/wp\/v2\/comments?post=86169"}],"version-history":[{"count":1,"href":"https:\/\/goias.gov.br\/abc\/wp-json\/wp\/v2\/posts\/86169\/revisions"}],"predecessor-version":[{"id":86170,"href":"https:\/\/goias.gov.br\/abc\/wp-json\/wp\/v2\/posts\/86169\/revisions\/86170"}],"wp:attachment":[{"href":"https:\/\/goias.gov.br\/abc\/wp-json\/wp\/v2\/media?parent=86169"}],"wp:term":[{"taxonomy":"category","embeddable":true,"href":"https:\/\/goias.gov.br\/abc\/wp-json\/wp\/v2\/categories?post=86169"},{"taxonomy":"post_tag","embeddable":true,"href":"https:\/\/goias.gov.br\/abc\/wp-json\/wp\/v2\/tags?post=86169"}],"curies":[{"name":"wp","href":"https:\/\/api.w.org\/{rel}","templated":true}]}}