

{"id":85675,"date":"2025-06-27T14:00:32","date_gmt":"2025-06-27T17:00:32","guid":{"rendered":"https:\/\/goias.gov.br\/abc\/?p=85675"},"modified":"2025-06-30T09:14:53","modified_gmt":"2025-06-30T12:14:53","slug":"secult-doa-1-500-livros-para-presidios","status":"publish","type":"post","link":"https:\/\/goias.gov.br\/abc\/secult-doa-1-500-livros-para-presidios\/","title":{"rendered":"Secult doa 1.500 livros para pres\u00eddios"},"content":{"rendered":"\n<p>A Secretaria Estadual de Cultura (Secult) fez a doa\u00e7\u00e3o de 1.500 livros para a Pol\u00edcia Penal goiana. A a\u00e7\u00e3o faz parte do programa de remi\u00e7\u00e3o de pena e ressocializa\u00e7\u00e3o dos detentos por meio da leitura. O projeto teve in\u00edcio em 2018 e j\u00e1 beneficiou cerca de 23 mil reeducandos. A policial penal Michelle Evangelista, em entrevista para a TV Brasil Central, explicou que os exemplares ser\u00e3o distribu\u00eddos por todo o estado. \u201cA partir de resolu\u00e7\u00e3o do CNJ foram criadas as pr\u00e1ticas sociais educativas, que aumentaram o alcance da remi\u00e7\u00e3o por leitura. E, sentimos a necessidade de expandir esse projeto maravilhoso. A partir da\u00ed, temos buscado a parceria com a Secretaria de Cultura, que tem sempre nos atendido doando livros\u201d.<\/p>\n\n\n\n<p>Em 2025, j\u00e1 foram registradas 23 mil remi\u00e7\u00f5es atrav\u00e9s da pr\u00e1tica da leitura. \u201cEsse n\u00e3o \u00e9 apenas um gesto de entrega de livros. Mas, um gesto pensando no amanh\u00e3, quando as pessoas privadas de liberdade sa\u00edrem \u00e0s ruas. N\u00f3s temos que executar pol\u00edticas p\u00fablicas pensando na sociedade, em melhorar a vida do cidad\u00e3o\u201d, analisou o gerente de Museus, Bibliotecas, Instituto do Livro e Arquivo Hist\u00f3rico, Tonis Lacerda.<\/p>\n\n\n\n<p><strong>ABC Digital<\/strong><\/p>\n\n\n\n<figure class=\"wp-block-embed aligncenter is-type-video is-provider-youtube wp-block-embed-youtube wp-embed-aspect-16-9 wp-has-aspect-ratio\"><div class=\"wp-block-embed__wrapper\">\n<iframe title=\"Jornal Brasil Central |27-06| Secult doa 1.500 Livros para Pres\u00eddios\" width=\"500\" height=\"281\" src=\"https:\/\/www.youtube.com\/embed\/TJLr3FnC0lM?feature=oembed\" frameborder=\"0\" allow=\"accelerometer; autoplay; clipboard-write; encrypted-media; gyroscope; picture-in-picture; web-share\" referrerpolicy=\"strict-origin-when-cross-origin\" allowfullscreen><\/iframe>\n<\/div><\/figure>\n","protected":false},"excerpt":{"rendered":"<p>A Secretaria Estadual de Cultura (Secult) fez a doa\u00e7\u00e3o de 1.500 livros para a Pol\u00edcia Penal goiana. A a\u00e7\u00e3o faz parte do programa de remi\u00e7\u00e3o de pena e ressocializa\u00e7\u00e3o dos detentos por meio da leitura. O projeto teve in\u00edcio em 2018 e j\u00e1 beneficiou cerca de 23 mil reeducandos. A policial penal Michelle Evangelista, em [&hellip;]<\/p>\n","protected":false},"author":380,"featured_media":85673,"comment_status":"closed","ping_status":"open","sticky":false,"template":"","format":"standard","meta":{"footnotes":""},"categories":[39],"tags":[58],"class_list":["post-85675","post","type-post","status-publish","format-standard","has-post-thumbnail","hentry","category-noticias","tag-jornalismo"],"rttpg_featured_image_url":{"full":["https:\/\/goias.gov.br\/abc\/wp-content\/uploads\/sites\/23\/2025\/06\/2025.05.27_JBC_LIVROS.jpg",1200,600,false],"landscape":["https:\/\/goias.gov.br\/abc\/wp-content\/uploads\/sites\/23\/2025\/06\/2025.05.27_JBC_LIVROS.jpg",1200,600,false],"portraits":["https:\/\/goias.gov.br\/abc\/wp-content\/uploads\/sites\/23\/2025\/06\/2025.05.27_JBC_LIVROS.jpg",1200,600,false],"thumbnail":["https:\/\/goias.gov.br\/abc\/wp-content\/uploads\/sites\/23\/2025\/06\/2025.05.27_JBC_LIVROS-150x150.jpg",150,150,true],"medium":["https:\/\/goias.gov.br\/abc\/wp-content\/uploads\/sites\/23\/2025\/06\/2025.05.27_JBC_LIVROS-300x150.jpg",300,150,true],"large":["https:\/\/goias.gov.br\/abc\/wp-content\/uploads\/sites\/23\/2025\/06\/2025.05.27_JBC_LIVROS-1024x512.jpg",1024,512,true],"1536x1536":["https:\/\/goias.gov.br\/abc\/wp-content\/uploads\/sites\/23\/2025\/06\/2025.05.27_JBC_LIVROS.jpg",1200,600,false],"2048x2048":["https:\/\/goias.gov.br\/abc\/wp-content\/uploads\/sites\/23\/2025\/06\/2025.05.27_JBC_LIVROS.jpg",1200,600,false]},"rttpg_author":{"display_name":"nadialima","author_link":"https:\/\/goias.gov.br\/abc\/author\/nadialima\/"},"rttpg_comment":0,"rttpg_category":"<a href=\"https:\/\/goias.gov.br\/abc\/categoria\/institucional\/noticias\/\" rel=\"category tag\">Not\u00edcias<\/a>","rttpg_excerpt":"A Secretaria Estadual de Cultura (Secult) fez a doa\u00e7\u00e3o de 1.500 livros para a Pol\u00edcia Penal goiana. A a\u00e7\u00e3o faz parte do programa de remi\u00e7\u00e3o de pena e ressocializa\u00e7\u00e3o dos detentos por meio da leitura. O projeto teve in\u00edcio em 2018 e j\u00e1 beneficiou cerca de 23 mil reeducandos. A policial penal Michelle Evangelista, em&hellip;","_links":{"self":[{"href":"https:\/\/goias.gov.br\/abc\/wp-json\/wp\/v2\/posts\/85675","targetHints":{"allow":["GET"]}}],"collection":[{"href":"https:\/\/goias.gov.br\/abc\/wp-json\/wp\/v2\/posts"}],"about":[{"href":"https:\/\/goias.gov.br\/abc\/wp-json\/wp\/v2\/types\/post"}],"author":[{"embeddable":true,"href":"https:\/\/goias.gov.br\/abc\/wp-json\/wp\/v2\/users\/380"}],"replies":[{"embeddable":true,"href":"https:\/\/goias.gov.br\/abc\/wp-json\/wp\/v2\/comments?post=85675"}],"version-history":[{"count":2,"href":"https:\/\/goias.gov.br\/abc\/wp-json\/wp\/v2\/posts\/85675\/revisions"}],"predecessor-version":[{"id":85740,"href":"https:\/\/goias.gov.br\/abc\/wp-json\/wp\/v2\/posts\/85675\/revisions\/85740"}],"wp:featuredmedia":[{"embeddable":true,"href":"https:\/\/goias.gov.br\/abc\/wp-json\/wp\/v2\/media\/85673"}],"wp:attachment":[{"href":"https:\/\/goias.gov.br\/abc\/wp-json\/wp\/v2\/media?parent=85675"}],"wp:term":[{"taxonomy":"category","embeddable":true,"href":"https:\/\/goias.gov.br\/abc\/wp-json\/wp\/v2\/categories?post=85675"},{"taxonomy":"post_tag","embeddable":true,"href":"https:\/\/goias.gov.br\/abc\/wp-json\/wp\/v2\/tags?post=85675"}],"curies":[{"name":"wp","href":"https:\/\/api.w.org\/{rel}","templated":true}]}}