

{"id":85285,"date":"2025-06-26T14:18:25","date_gmt":"2025-06-26T17:18:25","guid":{"rendered":"https:\/\/goias.gov.br\/abc\/?p=85285"},"modified":"2025-06-30T15:16:56","modified_gmt":"2025-06-30T18:16:56","slug":"audiencias-publicas","status":"publish","type":"post","link":"https:\/\/goias.gov.br\/abc\/audiencias-publicas\/","title":{"rendered":"Audi\u00eancias P\u00fablicas"},"content":{"rendered":"\n<p>Com base no princ\u00edpio da transpar\u00eancia p\u00fablica e em conformidade com o Art. 9\u00ba, II, da Lei Federal n\u00ba 12.527\/2011, a Ag\u00eancia Brasil Central declara que nos \u00faltimos 12 meses, e at\u00e9 a presente data, n\u00e3o realizou audi\u00eancias p\u00fablicas entre o poder p\u00fablico e a popula\u00e7\u00e3o. <\/p>\n","protected":false},"excerpt":{"rendered":"<p>Com base no princ\u00edpio da transpar\u00eancia p\u00fablica e em conformidade com o Art. 9\u00ba, II, da Lei Federal n\u00ba 12.527\/2011, a Ag\u00eancia Brasil Central declara que nos \u00faltimos 12 meses, e at\u00e9 a presente data, n\u00e3o realizou audi\u00eancias p\u00fablicas entre o poder p\u00fablico e a popula\u00e7\u00e3o.<\/p>\n","protected":false},"author":376,"featured_media":0,"comment_status":"closed","ping_status":"open","sticky":false,"template":"","format":"standard","meta":{"footnotes":""},"categories":[38],"tags":[],"class_list":["post-85285","post","type-post","status-publish","format-standard","hentry","category-institucional"],"rttpg_featured_image_url":null,"rttpg_author":{"display_name":"jorgeluiznascimento","author_link":"https:\/\/goias.gov.br\/abc\/author\/jorgeluiznascimento\/"},"rttpg_comment":0,"rttpg_category":"<a href=\"https:\/\/goias.gov.br\/abc\/categoria\/institucional\/\" rel=\"category tag\">Institucional<\/a>","rttpg_excerpt":"Com base no princ\u00edpio da transpar\u00eancia p\u00fablica e em conformidade com o Art. 9\u00ba, II, da Lei Federal n\u00ba 12.527\/2011, a Ag\u00eancia Brasil Central declara que nos \u00faltimos 12 meses, e at\u00e9 a presente data, n\u00e3o realizou audi\u00eancias p\u00fablicas entre o poder p\u00fablico e a popula\u00e7\u00e3o.","_links":{"self":[{"href":"https:\/\/goias.gov.br\/abc\/wp-json\/wp\/v2\/posts\/85285","targetHints":{"allow":["GET"]}}],"collection":[{"href":"https:\/\/goias.gov.br\/abc\/wp-json\/wp\/v2\/posts"}],"about":[{"href":"https:\/\/goias.gov.br\/abc\/wp-json\/wp\/v2\/types\/post"}],"author":[{"embeddable":true,"href":"https:\/\/goias.gov.br\/abc\/wp-json\/wp\/v2\/users\/376"}],"replies":[{"embeddable":true,"href":"https:\/\/goias.gov.br\/abc\/wp-json\/wp\/v2\/comments?post=85285"}],"version-history":[{"count":2,"href":"https:\/\/goias.gov.br\/abc\/wp-json\/wp\/v2\/posts\/85285\/revisions"}],"predecessor-version":[{"id":86178,"href":"https:\/\/goias.gov.br\/abc\/wp-json\/wp\/v2\/posts\/85285\/revisions\/86178"}],"wp:attachment":[{"href":"https:\/\/goias.gov.br\/abc\/wp-json\/wp\/v2\/media?parent=85285"}],"wp:term":[{"taxonomy":"category","embeddable":true,"href":"https:\/\/goias.gov.br\/abc\/wp-json\/wp\/v2\/categories?post=85285"},{"taxonomy":"post_tag","embeddable":true,"href":"https:\/\/goias.gov.br\/abc\/wp-json\/wp\/v2\/tags?post=85285"}],"curies":[{"name":"wp","href":"https:\/\/api.w.org\/{rel}","templated":true}]}}