

{"id":84900,"date":"2025-06-25T08:00:00","date_gmt":"2025-06-25T11:00:00","guid":{"rendered":"https:\/\/goias.gov.br\/abc\/?p=84900"},"modified":"2025-06-25T09:19:58","modified_gmt":"2025-06-25T12:19:58","slug":"boa-noite-goias-destaca-acoes-da-campanha-junho-violeta","status":"publish","type":"post","link":"https:\/\/goias.gov.br\/abc\/boa-noite-goias-destaca-acoes-da-campanha-junho-violeta\/","title":{"rendered":"Boa Noite Goi\u00e1s destaca a\u00e7\u00f5es da campanha Junho Violeta"},"content":{"rendered":"\n<p>O <em>Boa Noite Goi\u00e1s<\/em> recebeu o deputado estadual Ricardo Quirino na ter\u00e7a-feira (24). O parlamentar falou de sua atua\u00e7\u00e3o em diversas \u00e1reas, em especial com rela\u00e7\u00e3o \u00e0s pessoas idosas. Ele come\u00e7ou falando do movimento Junho Violeta, que \u00e9 um m\u00eas dedicado a conscientiza\u00e7\u00e3o e enfrentamento da viol\u00eancia contra a pessoa idosa. Ele, como presidente da Comiss\u00e3o de Aten\u00e7\u00e3o \u00e0 Pessoa Idosa da Assembleia Legislativa de Goi\u00e1s (Alego), coordena mobiliza\u00e7\u00e3o que busca promover a\u00e7\u00f5es de conscientiza\u00e7\u00e3o e tamb\u00e9m a arrecada\u00e7\u00e3o de itens de higiene b\u00e1sica para pessoas idosas em situa\u00e7\u00e3o de vulnerabilidade. \u201cO abandono e a neglig\u00eancia s\u00e3o viol\u00eancias. Ent\u00e3o \u00e9 importante a doa\u00e7\u00e3o. Eu pe\u00e7o que a pessoa se dirija \u00e0 Assembleia Legislativa do Estado de Goi\u00e1s nos pontos de coleta, at\u00e9 o dia 30 de junho\u201d, explicou.<\/p>\n\n\n\n<p>Ricardo Quirino tamb\u00e9m comentou sobre as leis de sua autoria que aprovou, uma delas foi a que estabelece a prioridade na matr\u00edcula em unidade escolar da rede estadual de ensino para pessoa idosa quando ela tem uma crian\u00e7a ou adolescente sob seus cuidados. Outro ponto foi a lei que prev\u00ea que as empresas de \u00f4nibus disponibilizem canais online para a reserva de passagens interestaduais gratuitas previstas pelo Estatuto do Idoso. O parlamentar comentou ainda sobre o cen\u00e1rio pol\u00edtico nacional e local.<\/p>\n\n\n\n<p><strong>ABC Digital <\/strong><\/p>\n\n\n\n<figure class=\"wp-block-embed aligncenter is-type-video is-provider-youtube wp-block-embed-youtube wp-embed-aspect-4-3 wp-has-aspect-ratio\"><div class=\"wp-block-embed__wrapper\">\n<iframe title=\"BOA NOITE GOI\u00c1S RECEBE RICARDO QUIRINO | 24\/06\/2025\" width=\"500\" height=\"375\" src=\"https:\/\/www.youtube.com\/embed\/oNb5_1YQN28?feature=oembed\" frameborder=\"0\" allow=\"accelerometer; autoplay; clipboard-write; encrypted-media; gyroscope; picture-in-picture; web-share\" referrerpolicy=\"strict-origin-when-cross-origin\" allowfullscreen><\/iframe>\n<\/div><\/figure>\n","protected":false},"excerpt":{"rendered":"<p>O Boa Noite Goi\u00e1s recebeu o deputado estadual Ricardo Quirino na ter\u00e7a-feira (24). O parlamentar falou de sua atua\u00e7\u00e3o em diversas \u00e1reas, em especial com rela\u00e7\u00e3o \u00e0s pessoas idosas. Ele come\u00e7ou falando do movimento Junho Violeta, que \u00e9 um m\u00eas dedicado a conscientiza\u00e7\u00e3o e enfrentamento da viol\u00eancia contra a pessoa idosa. Ele, como presidente da [&hellip;]<\/p>\n","protected":false},"author":380,"featured_media":27009,"comment_status":"closed","ping_status":"open","sticky":false,"template":"","format":"standard","meta":{"footnotes":""},"categories":[39],"tags":[57],"class_list":["post-84900","post","type-post","status-publish","format-standard","has-post-thumbnail","hentry","category-noticias","tag-programacao"],"rttpg_featured_image_url":{"full":["https:\/\/goias.gov.br\/abc\/wp-content\/uploads\/sites\/23\/2024\/08\/BOA_NOITE_GOIAS-scaled-1200x600-c-default.jpg",1200,600,false],"landscape":["https:\/\/goias.gov.br\/abc\/wp-content\/uploads\/sites\/23\/2024\/08\/BOA_NOITE_GOIAS-scaled-1200x600-c-default.jpg",1200,600,false],"portraits":["https:\/\/goias.gov.br\/abc\/wp-content\/uploads\/sites\/23\/2024\/08\/BOA_NOITE_GOIAS-scaled-1200x600-c-default.jpg",1200,600,false],"thumbnail":["https:\/\/goias.gov.br\/abc\/wp-content\/uploads\/sites\/23\/2024\/08\/BOA_NOITE_GOIAS-scaled-1200x600-c-default-150x150.jpg",150,150,true],"medium":["https:\/\/goias.gov.br\/abc\/wp-content\/uploads\/sites\/23\/2024\/08\/BOA_NOITE_GOIAS-scaled-1200x600-c-default-300x150.jpg",300,150,true],"large":["https:\/\/goias.gov.br\/abc\/wp-content\/uploads\/sites\/23\/2024\/08\/BOA_NOITE_GOIAS-scaled-1200x600-c-default-1024x512.jpg",1024,512,true],"1536x1536":["https:\/\/goias.gov.br\/abc\/wp-content\/uploads\/sites\/23\/2024\/08\/BOA_NOITE_GOIAS-scaled-1200x600-c-default.jpg",1200,600,false],"2048x2048":["https:\/\/goias.gov.br\/abc\/wp-content\/uploads\/sites\/23\/2024\/08\/BOA_NOITE_GOIAS-scaled-1200x600-c-default.jpg",1200,600,false]},"rttpg_author":{"display_name":"nadialima","author_link":"https:\/\/goias.gov.br\/abc\/author\/nadialima\/"},"rttpg_comment":0,"rttpg_category":"<a href=\"https:\/\/goias.gov.br\/abc\/categoria\/institucional\/noticias\/\" rel=\"category tag\">Not\u00edcias<\/a>","rttpg_excerpt":"O Boa Noite Goi\u00e1s recebeu o deputado estadual Ricardo Quirino na ter\u00e7a-feira (24). O parlamentar falou de sua atua\u00e7\u00e3o em diversas \u00e1reas, em especial com rela\u00e7\u00e3o \u00e0s pessoas idosas. Ele come\u00e7ou falando do movimento Junho Violeta, que \u00e9 um m\u00eas dedicado a conscientiza\u00e7\u00e3o e enfrentamento da viol\u00eancia contra a pessoa idosa. Ele, como presidente da&hellip;","_links":{"self":[{"href":"https:\/\/goias.gov.br\/abc\/wp-json\/wp\/v2\/posts\/84900","targetHints":{"allow":["GET"]}}],"collection":[{"href":"https:\/\/goias.gov.br\/abc\/wp-json\/wp\/v2\/posts"}],"about":[{"href":"https:\/\/goias.gov.br\/abc\/wp-json\/wp\/v2\/types\/post"}],"author":[{"embeddable":true,"href":"https:\/\/goias.gov.br\/abc\/wp-json\/wp\/v2\/users\/380"}],"replies":[{"embeddable":true,"href":"https:\/\/goias.gov.br\/abc\/wp-json\/wp\/v2\/comments?post=84900"}],"version-history":[{"count":2,"href":"https:\/\/goias.gov.br\/abc\/wp-json\/wp\/v2\/posts\/84900\/revisions"}],"predecessor-version":[{"id":84925,"href":"https:\/\/goias.gov.br\/abc\/wp-json\/wp\/v2\/posts\/84900\/revisions\/84925"}],"wp:featuredmedia":[{"embeddable":true,"href":"https:\/\/goias.gov.br\/abc\/wp-json\/wp\/v2\/media\/27009"}],"wp:attachment":[{"href":"https:\/\/goias.gov.br\/abc\/wp-json\/wp\/v2\/media?parent=84900"}],"wp:term":[{"taxonomy":"category","embeddable":true,"href":"https:\/\/goias.gov.br\/abc\/wp-json\/wp\/v2\/categories?post=84900"},{"taxonomy":"post_tag","embeddable":true,"href":"https:\/\/goias.gov.br\/abc\/wp-json\/wp\/v2\/tags?post=84900"}],"curies":[{"name":"wp","href":"https:\/\/api.w.org\/{rel}","templated":true}]}}