

{"id":84814,"date":"2025-06-24T14:30:00","date_gmt":"2025-06-24T17:30:00","guid":{"rendered":"https:\/\/goias.gov.br\/abc\/?p=84814"},"modified":"2025-06-24T15:26:51","modified_gmt":"2025-06-24T18:26:51","slug":"ovg-abre-inscricoes-para-5-mil-bolsas-do-programa-probem","status":"publish","type":"post","link":"https:\/\/goias.gov.br\/abc\/ovg-abre-inscricoes-para-5-mil-bolsas-do-programa-probem\/","title":{"rendered":"OVG abre inscri\u00e7\u00f5es para 5 mil bolsas do programa Probem"},"content":{"rendered":"\n<p>A Organiza\u00e7\u00e3o das Volunt\u00e1rias de Goi\u00e1s (OVG) abriu o prazo de inscri\u00e7\u00f5es para 5 mil bolsas de estudo a estudantes no <em>Programa Universit\u00e1rio do Bem (Probem)<\/em>. O programa \u00e9 voltado para alunos de fam\u00edlias cadastradas no Cad\u00danico. As inscri\u00e7\u00f5es devem ser feitas at\u00e9 4 de julho pelo site <a href=\"http:\/\/www.ovg.org.br\/probem\" data-type=\"link\" data-id=\"www.ovg.org.br\/probem\" target=\"_blank\" rel=\"noreferrer noopener\">www.ovg.org.br\/probem<\/a>.<\/p>\n\n\n\n<p>R\u00fabia Prado, diretora de Programas para Juventude da OVG, participou do <em>Jornal Brasil Central<\/em> detalhando o funcionamento do <em>Probem<\/em>. Segundo ela, as novas 5 mil vagas representam um aumento de 1 mil vagas em rela\u00e7\u00e3o ao processo anterior. Ela destacou a longevidade e seriedade do programa que proporciona a oportunidade de forma\u00e7\u00e3o superior a milhares de jovens goianos.<\/p>\n\n\n\n<p><strong>ABC Digital<\/strong><\/p>\n\n\n\n<p><\/p>\n","protected":false},"excerpt":{"rendered":"<p>A Organiza\u00e7\u00e3o das Volunt\u00e1rias de Goi\u00e1s (OVG) abriu o prazo de inscri\u00e7\u00f5es para 5 mil bolsas de estudo a estudantes no Programa Universit\u00e1rio do Bem (Probem). O programa \u00e9 voltado para alunos de fam\u00edlias cadastradas no Cad\u00danico. As inscri\u00e7\u00f5es devem ser feitas at\u00e9 4 de julho pelo site www.ovg.org.br\/probem. R\u00fabia Prado, diretora de Programas para [&hellip;]<\/p>\n","protected":false},"author":377,"featured_media":84821,"comment_status":"closed","ping_status":"open","sticky":false,"template":"","format":"standard","meta":{"footnotes":""},"categories":[39],"tags":[58],"class_list":["post-84814","post","type-post","status-publish","format-standard","has-post-thumbnail","hentry","category-noticias","tag-jornalismo"],"rttpg_featured_image_url":{"full":["https:\/\/goias.gov.br\/abc\/wp-content\/uploads\/sites\/23\/2025\/06\/2025.06.24_JBC_OVG.jpg",1200,600,false],"landscape":["https:\/\/goias.gov.br\/abc\/wp-content\/uploads\/sites\/23\/2025\/06\/2025.06.24_JBC_OVG.jpg",1200,600,false],"portraits":["https:\/\/goias.gov.br\/abc\/wp-content\/uploads\/sites\/23\/2025\/06\/2025.06.24_JBC_OVG.jpg",1200,600,false],"thumbnail":["https:\/\/goias.gov.br\/abc\/wp-content\/uploads\/sites\/23\/2025\/06\/2025.06.24_JBC_OVG-150x150.jpg",150,150,true],"medium":["https:\/\/goias.gov.br\/abc\/wp-content\/uploads\/sites\/23\/2025\/06\/2025.06.24_JBC_OVG-300x150.jpg",300,150,true],"large":["https:\/\/goias.gov.br\/abc\/wp-content\/uploads\/sites\/23\/2025\/06\/2025.06.24_JBC_OVG-1024x512.jpg",1024,512,true],"1536x1536":["https:\/\/goias.gov.br\/abc\/wp-content\/uploads\/sites\/23\/2025\/06\/2025.06.24_JBC_OVG.jpg",1200,600,false],"2048x2048":["https:\/\/goias.gov.br\/abc\/wp-content\/uploads\/sites\/23\/2025\/06\/2025.06.24_JBC_OVG.jpg",1200,600,false]},"rttpg_author":{"display_name":"edsonfonseca","author_link":"https:\/\/goias.gov.br\/abc\/author\/edsonfonseca\/"},"rttpg_comment":0,"rttpg_category":"<a href=\"https:\/\/goias.gov.br\/abc\/categoria\/institucional\/noticias\/\" rel=\"category tag\">Not\u00edcias<\/a>","rttpg_excerpt":"A Organiza\u00e7\u00e3o das Volunt\u00e1rias de Goi\u00e1s (OVG) abriu o prazo de inscri\u00e7\u00f5es para 5 mil bolsas de estudo a estudantes no Programa Universit\u00e1rio do Bem (Probem). O programa \u00e9 voltado para alunos de fam\u00edlias cadastradas no Cad\u00danico. As inscri\u00e7\u00f5es devem ser feitas at\u00e9 4 de julho pelo site www.ovg.org.br\/probem. R\u00fabia Prado, diretora de Programas para&hellip;","_links":{"self":[{"href":"https:\/\/goias.gov.br\/abc\/wp-json\/wp\/v2\/posts\/84814","targetHints":{"allow":["GET"]}}],"collection":[{"href":"https:\/\/goias.gov.br\/abc\/wp-json\/wp\/v2\/posts"}],"about":[{"href":"https:\/\/goias.gov.br\/abc\/wp-json\/wp\/v2\/types\/post"}],"author":[{"embeddable":true,"href":"https:\/\/goias.gov.br\/abc\/wp-json\/wp\/v2\/users\/377"}],"replies":[{"embeddable":true,"href":"https:\/\/goias.gov.br\/abc\/wp-json\/wp\/v2\/comments?post=84814"}],"version-history":[{"count":1,"href":"https:\/\/goias.gov.br\/abc\/wp-json\/wp\/v2\/posts\/84814\/revisions"}],"predecessor-version":[{"id":84830,"href":"https:\/\/goias.gov.br\/abc\/wp-json\/wp\/v2\/posts\/84814\/revisions\/84830"}],"wp:featuredmedia":[{"embeddable":true,"href":"https:\/\/goias.gov.br\/abc\/wp-json\/wp\/v2\/media\/84821"}],"wp:attachment":[{"href":"https:\/\/goias.gov.br\/abc\/wp-json\/wp\/v2\/media?parent=84814"}],"wp:term":[{"taxonomy":"category","embeddable":true,"href":"https:\/\/goias.gov.br\/abc\/wp-json\/wp\/v2\/categories?post=84814"},{"taxonomy":"post_tag","embeddable":true,"href":"https:\/\/goias.gov.br\/abc\/wp-json\/wp\/v2\/tags?post=84814"}],"curies":[{"name":"wp","href":"https:\/\/api.w.org\/{rel}","templated":true}]}}