

{"id":83503,"date":"2025-06-16T14:48:04","date_gmt":"2025-06-16T17:48:04","guid":{"rendered":"https:\/\/goias.gov.br\/abc\/?p=83503"},"modified":"2026-03-02T10:44:13","modified_gmt":"2026-03-02T13:44:13","slug":"obras-paralisadas","status":"publish","type":"post","link":"https:\/\/goias.gov.br\/abc\/obras-paralisadas\/","title":{"rendered":"Obras Paralisadas"},"content":{"rendered":"\n<p>Com base no princ\u00edpio da transpar\u00eancia p\u00fablica e em conformidade com o Art. 8\u00ba, \u00a71\u00ba, V, da Lei Federal n\u00ba 12.527\/2011; Art. 6\u00ba \u00a7 1\u00ba, II, da Lei Estadual n\u00ba 18.025\/2013 e Art. 115, \u00a7 6\u00ba, da Lei Federal n\u00ba 14.133\/2021, Lei Estadual n\u00ba 20.726\/2020 e Portaria SEGES\/ME n\u00ba 25.405\/2020, a Ag\u00eancia Brasil Central declara que, nos \u00faltimos (3) tr\u00eas anos, e at\u00e9 a presente data, n\u00e3o possuiu Obras Paralisadas. <\/p>\n","protected":false},"excerpt":{"rendered":"<p>Com base no princ\u00edpio da transpar\u00eancia p\u00fablica e em conformidade com o Art. 8\u00ba, \u00a71\u00ba, V, da Lei Federal n\u00ba 12.527\/2011; Art. 6\u00ba \u00a7 1\u00ba, II, da Lei Estadual n\u00ba 18.025\/2013 e Art. 115, \u00a7 6\u00ba, da Lei Federal n\u00ba 14.133\/2021, Lei Estadual n\u00ba 20.726\/2020 e Portaria SEGES\/ME n\u00ba 25.405\/2020, a Ag\u00eancia Brasil Central declara [&hellip;]<\/p>\n","protected":false},"author":376,"featured_media":0,"comment_status":"closed","ping_status":"open","sticky":false,"template":"","format":"standard","meta":{"footnotes":""},"categories":[38],"tags":[],"class_list":["post-83503","post","type-post","status-publish","format-standard","hentry","category-institucional"],"rttpg_featured_image_url":null,"rttpg_author":{"display_name":"jorgeluiznascimento","author_link":"https:\/\/goias.gov.br\/abc\/author\/jorgeluiznascimento\/"},"rttpg_comment":0,"rttpg_category":"<a href=\"https:\/\/goias.gov.br\/abc\/categoria\/institucional\/\" rel=\"category tag\">Institucional<\/a>","rttpg_excerpt":"Com base no princ\u00edpio da transpar\u00eancia p\u00fablica e em conformidade com o Art. 8\u00ba, \u00a71\u00ba, V, da Lei Federal n\u00ba 12.527\/2011; Art. 6\u00ba \u00a7 1\u00ba, II, da Lei Estadual n\u00ba 18.025\/2013 e Art. 115, \u00a7 6\u00ba, da Lei Federal n\u00ba 14.133\/2021, Lei Estadual n\u00ba 20.726\/2020 e Portaria SEGES\/ME n\u00ba 25.405\/2020, a Ag\u00eancia Brasil Central declara&hellip;","_links":{"self":[{"href":"https:\/\/goias.gov.br\/abc\/wp-json\/wp\/v2\/posts\/83503","targetHints":{"allow":["GET"]}}],"collection":[{"href":"https:\/\/goias.gov.br\/abc\/wp-json\/wp\/v2\/posts"}],"about":[{"href":"https:\/\/goias.gov.br\/abc\/wp-json\/wp\/v2\/types\/post"}],"author":[{"embeddable":true,"href":"https:\/\/goias.gov.br\/abc\/wp-json\/wp\/v2\/users\/376"}],"replies":[{"embeddable":true,"href":"https:\/\/goias.gov.br\/abc\/wp-json\/wp\/v2\/comments?post=83503"}],"version-history":[{"count":2,"href":"https:\/\/goias.gov.br\/abc\/wp-json\/wp\/v2\/posts\/83503\/revisions"}],"predecessor-version":[{"id":86063,"href":"https:\/\/goias.gov.br\/abc\/wp-json\/wp\/v2\/posts\/83503\/revisions\/86063"}],"wp:attachment":[{"href":"https:\/\/goias.gov.br\/abc\/wp-json\/wp\/v2\/media?parent=83503"}],"wp:term":[{"taxonomy":"category","embeddable":true,"href":"https:\/\/goias.gov.br\/abc\/wp-json\/wp\/v2\/categories?post=83503"},{"taxonomy":"post_tag","embeddable":true,"href":"https:\/\/goias.gov.br\/abc\/wp-json\/wp\/v2\/tags?post=83503"}],"curies":[{"name":"wp","href":"https:\/\/api.w.org\/{rel}","templated":true}]}}