

{"id":80245,"date":"2025-06-04T14:00:00","date_gmt":"2025-06-04T17:00:00","guid":{"rendered":"https:\/\/goias.gov.br\/abc\/?p=80245"},"modified":"2025-06-04T17:39:10","modified_gmt":"2025-06-04T20:39:10","slug":"em-seis-anos-goias-reduziu-em-mais-de-80-os-menores-infratores-internados","status":"publish","type":"post","link":"https:\/\/goias.gov.br\/abc\/em-seis-anos-goias-reduziu-em-mais-de-80-os-menores-infratores-internados\/","title":{"rendered":"Em seis anos, Goi\u00e1s reduziu em mais de 80% os menores infratores internados"},"content":{"rendered":"\n<p>Entre os anos de 2019 e 2025, registrou-se em Goi\u00e1s queda acentuada no n\u00famero de menores infratores internados em institui\u00e7\u00f5es socioeducativas, indo de 980 para 160, o que d\u00e1 uma redu\u00e7\u00e3o de mais de 80%. Os dados s\u00e3o da Secretaria de Desenvolvimento Social (SEDS) e foram apresentados pelo governador Ronaldo Caiado em uma audi\u00eancia p\u00fablica na Comiss\u00e3o de Constitui\u00e7\u00e3o de Justi\u00e7a da C\u00e2mara dos Deputados. Em entrevista ao <em>Jornal Brasil Central<\/em> dessa quarta-feira (4), a superintendente do Sistema Socioeducativo da SEDS, Samira Jorge, disse que antes de 2019 s\u00f3 na unidade de Goi\u00e2nia havia mais de 300 menores infratores cumprindo pena e esse n\u00famero hoje est\u00e1 em torno de 160 nas oito unidades existentes em todo o estado.<\/p>\n\n\n\n<p>Segundo ela, essas unidades trabalham visando a reinser\u00e7\u00e3o social desses menores, sendo importante frisar que essa redu\u00e7\u00e3o se d\u00e1 por um conjunto de esfor\u00e7os da SEDS, das Secretarias de Seguran\u00e7a P\u00fablica e da Educa\u00e7\u00e3o, do poder Judici\u00e1rio, da Defensoria P\u00fablica e do Minist\u00e9rio P\u00fablico. Al\u00e9m do trabalho interno, o governo de Goi\u00e1s desenvolve pol\u00edticas socioassistenciais para tamb\u00e9m receber esse adolescente depois que ele cumpriu a pena, dando apoio \u00e0 fam\u00edlia e proporcionando acesso \u00e0s a\u00e7\u00f5es assistenciais do governo, \u201cpara a fam\u00edlia poder receb\u00ea-lo e encerrar esse ciclo de reincid\u00eancia.\u201d<\/p>\n\n\n\n<p><strong>ABC Digital<\/strong><\/p>\n\n\n\n<figure class=\"wp-block-embed aligncenter is-type-video is-provider-youtube wp-block-embed-youtube wp-embed-aspect-16-9 wp-has-aspect-ratio\"><div class=\"wp-block-embed__wrapper\">\n<iframe title=\"Jornal Brasil Central |04-06| Goi\u00e1s: Cai numero de Menores Infratores Internados\" width=\"500\" height=\"281\" src=\"https:\/\/www.youtube.com\/embed\/C2a8enCjQX4?feature=oembed\" frameborder=\"0\" allow=\"accelerometer; autoplay; clipboard-write; encrypted-media; gyroscope; picture-in-picture; web-share\" referrerpolicy=\"strict-origin-when-cross-origin\" allowfullscreen><\/iframe>\n<\/div><\/figure>\n","protected":false},"excerpt":{"rendered":"<p>Entre os anos de 2019 e 2025, registrou-se em Goi\u00e1s queda acentuada no n\u00famero de menores infratores internados em institui\u00e7\u00f5es socioeducativas, indo de 980 para 160, o que d\u00e1 uma redu\u00e7\u00e3o de mais de 80%. Os dados s\u00e3o da Secretaria de Desenvolvimento Social (SEDS) e foram apresentados pelo governador Ronaldo Caiado em uma audi\u00eancia p\u00fablica [&hellip;]<\/p>\n","protected":false},"author":378,"featured_media":80234,"comment_status":"closed","ping_status":"open","sticky":false,"template":"","format":"standard","meta":{"footnotes":""},"categories":[39],"tags":[58],"class_list":["post-80245","post","type-post","status-publish","format-standard","has-post-thumbnail","hentry","category-noticias","tag-jornalismo"],"rttpg_featured_image_url":{"full":["https:\/\/goias.gov.br\/abc\/wp-content\/uploads\/sites\/23\/2025\/06\/2025.06.04_JBC_MENORES.jpg",1200,600,false],"landscape":["https:\/\/goias.gov.br\/abc\/wp-content\/uploads\/sites\/23\/2025\/06\/2025.06.04_JBC_MENORES.jpg",1200,600,false],"portraits":["https:\/\/goias.gov.br\/abc\/wp-content\/uploads\/sites\/23\/2025\/06\/2025.06.04_JBC_MENORES.jpg",1200,600,false],"thumbnail":["https:\/\/goias.gov.br\/abc\/wp-content\/uploads\/sites\/23\/2025\/06\/2025.06.04_JBC_MENORES-150x150.jpg",150,150,true],"medium":["https:\/\/goias.gov.br\/abc\/wp-content\/uploads\/sites\/23\/2025\/06\/2025.06.04_JBC_MENORES-300x150.jpg",300,150,true],"large":["https:\/\/goias.gov.br\/abc\/wp-content\/uploads\/sites\/23\/2025\/06\/2025.06.04_JBC_MENORES-1024x512.jpg",1024,512,true],"1536x1536":["https:\/\/goias.gov.br\/abc\/wp-content\/uploads\/sites\/23\/2025\/06\/2025.06.04_JBC_MENORES.jpg",1200,600,false],"2048x2048":["https:\/\/goias.gov.br\/abc\/wp-content\/uploads\/sites\/23\/2025\/06\/2025.06.04_JBC_MENORES.jpg",1200,600,false]},"rttpg_author":{"display_name":"helvertonsilva","author_link":"https:\/\/goias.gov.br\/abc\/author\/helvertonsilva\/"},"rttpg_comment":0,"rttpg_category":"<a href=\"https:\/\/goias.gov.br\/abc\/categoria\/institucional\/noticias\/\" rel=\"category tag\">Not\u00edcias<\/a>","rttpg_excerpt":"Entre os anos de 2019 e 2025, registrou-se em Goi\u00e1s queda acentuada no n\u00famero de menores infratores internados em institui\u00e7\u00f5es socioeducativas, indo de 980 para 160, o que d\u00e1 uma redu\u00e7\u00e3o de mais de 80%. Os dados s\u00e3o da Secretaria de Desenvolvimento Social (SEDS) e foram apresentados pelo governador Ronaldo Caiado em uma audi\u00eancia p\u00fablica&hellip;","_links":{"self":[{"href":"https:\/\/goias.gov.br\/abc\/wp-json\/wp\/v2\/posts\/80245","targetHints":{"allow":["GET"]}}],"collection":[{"href":"https:\/\/goias.gov.br\/abc\/wp-json\/wp\/v2\/posts"}],"about":[{"href":"https:\/\/goias.gov.br\/abc\/wp-json\/wp\/v2\/types\/post"}],"author":[{"embeddable":true,"href":"https:\/\/goias.gov.br\/abc\/wp-json\/wp\/v2\/users\/378"}],"replies":[{"embeddable":true,"href":"https:\/\/goias.gov.br\/abc\/wp-json\/wp\/v2\/comments?post=80245"}],"version-history":[{"count":2,"href":"https:\/\/goias.gov.br\/abc\/wp-json\/wp\/v2\/posts\/80245\/revisions"}],"predecessor-version":[{"id":80266,"href":"https:\/\/goias.gov.br\/abc\/wp-json\/wp\/v2\/posts\/80245\/revisions\/80266"}],"wp:featuredmedia":[{"embeddable":true,"href":"https:\/\/goias.gov.br\/abc\/wp-json\/wp\/v2\/media\/80234"}],"wp:attachment":[{"href":"https:\/\/goias.gov.br\/abc\/wp-json\/wp\/v2\/media?parent=80245"}],"wp:term":[{"taxonomy":"category","embeddable":true,"href":"https:\/\/goias.gov.br\/abc\/wp-json\/wp\/v2\/categories?post=80245"},{"taxonomy":"post_tag","embeddable":true,"href":"https:\/\/goias.gov.br\/abc\/wp-json\/wp\/v2\/tags?post=80245"}],"curies":[{"name":"wp","href":"https:\/\/api.w.org\/{rel}","templated":true}]}}