

{"id":80085,"date":"2025-06-03T14:15:00","date_gmt":"2025-06-03T17:15:00","guid":{"rendered":"https:\/\/goias.gov.br\/abc\/?p=80085"},"modified":"2025-06-03T15:55:42","modified_gmt":"2025-06-03T18:55:42","slug":"caiado-participou-de-seminario-que-discutiu-violencia-nos-estadios","status":"publish","type":"post","link":"https:\/\/goias.gov.br\/abc\/caiado-participou-de-seminario-que-discutiu-violencia-nos-estadios\/","title":{"rendered":"Caiado participou de semin\u00e1rio que discutiu viol\u00eancia nos est\u00e1dios"},"content":{"rendered":"\n<p>O governador Ronaldo Caiado participou da abertura do 1\u00ba Semin\u00e1rio sobre Viol\u00eancia em Est\u00e1dios, na sede da Associa\u00e7\u00e3o dos Oficiais da Pol\u00edcia Militar e Corpo de Bombeiros Militar de Goi\u00e1s (Assof-GO), em Goi\u00e2nia, com a participa\u00e7\u00e3o de representantes de 19 estados brasileiros e do Distrito Federal. Ele destacou a atua\u00e7\u00e3o da Pol\u00edcia Militar de Goi\u00e1s no combate \u00e0 viol\u00eancia nos est\u00e1dios de futebol. \u201cIsso \u00e9 motivo de aplauso para a nossa pol\u00edcia, que avan\u00e7ou e conseguiu mostrar que n\u00f3s temos um ordenamento, temos um plano de seguran\u00e7a, n\u00f3s temos as diretrizes gerais no estado e que n\u00f3s n\u00e3o precisamos de receber diretriz do Minist\u00e9rio da Justi\u00e7a, que n\u00e3o tem compet\u00eancia nem para gerir as for\u00e7as de seguran\u00e7a que ele controla, afirmou Caiado.<\/p>\n\n\n\n<p>O semin\u00e1rio discutiu, entre outros assuntos, a seguran\u00e7a em jogos de futebol, a seguran\u00e7a de grandes eventos, a utiliza\u00e7\u00e3o das novas tecnologias, a aplica\u00e7\u00e3o da legisla\u00e7\u00e3o, as estrat\u00e9gias de policiamento e como lidar com as torcidas organizadas. Presidente da Associa\u00e7\u00e3o dos Oficiais da Pol\u00edcia Militar e Corpo de Bombeiros Militar do Estado de Goi\u00e1s, coronel Allan Pereira Cardoso disse que a iniciativa busca trocar experi\u00eancias entre as corpora\u00e7\u00f5es militares do pa\u00eds para lidar com grandes eventos e as torcidas organizadas, com o objetivo comum de promover maior seguran\u00e7a com um debate qualificado. <\/p>\n\n\n\n<p><strong>ABC Digital<\/strong><\/p>\n\n\n\n<figure class=\"wp-block-embed aligncenter is-type-video is-provider-youtube wp-block-embed-youtube wp-embed-aspect-16-9 wp-has-aspect-ratio\"><div class=\"wp-block-embed__wrapper\">\n<iframe title=\"Jornal Brasil Central |03-06| Caiado abre 1\u00ba Semin\u00e1rio sobre Viol\u00eancia em Est\u00e1dios\" width=\"500\" height=\"281\" src=\"https:\/\/www.youtube.com\/embed\/LzNKagRvLcQ?feature=oembed\" frameborder=\"0\" allow=\"accelerometer; autoplay; clipboard-write; encrypted-media; gyroscope; picture-in-picture; web-share\" referrerpolicy=\"strict-origin-when-cross-origin\" allowfullscreen><\/iframe>\n<\/div><\/figure>\n","protected":false},"excerpt":{"rendered":"<p>O governador Ronaldo Caiado participou da abertura do 1\u00ba Semin\u00e1rio sobre Viol\u00eancia em Est\u00e1dios, na sede da Associa\u00e7\u00e3o dos Oficiais da Pol\u00edcia Militar e Corpo de Bombeiros Militar de Goi\u00e1s (Assof-GO), em Goi\u00e2nia, com a participa\u00e7\u00e3o de representantes de 19 estados brasileiros e do Distrito Federal. Ele destacou a atua\u00e7\u00e3o da Pol\u00edcia Militar de Goi\u00e1s [&hellip;]<\/p>\n","protected":false},"author":378,"featured_media":80103,"comment_status":"closed","ping_status":"open","sticky":false,"template":"","format":"standard","meta":{"footnotes":""},"categories":[39],"tags":[58],"class_list":["post-80085","post","type-post","status-publish","format-standard","has-post-thumbnail","hentry","category-noticias","tag-jornalismo"],"rttpg_featured_image_url":{"full":["https:\/\/goias.gov.br\/abc\/wp-content\/uploads\/sites\/23\/2025\/06\/2025.06.03_JBC_TORCIDAS.jpg",1200,600,false],"landscape":["https:\/\/goias.gov.br\/abc\/wp-content\/uploads\/sites\/23\/2025\/06\/2025.06.03_JBC_TORCIDAS.jpg",1200,600,false],"portraits":["https:\/\/goias.gov.br\/abc\/wp-content\/uploads\/sites\/23\/2025\/06\/2025.06.03_JBC_TORCIDAS.jpg",1200,600,false],"thumbnail":["https:\/\/goias.gov.br\/abc\/wp-content\/uploads\/sites\/23\/2025\/06\/2025.06.03_JBC_TORCIDAS-150x150.jpg",150,150,true],"medium":["https:\/\/goias.gov.br\/abc\/wp-content\/uploads\/sites\/23\/2025\/06\/2025.06.03_JBC_TORCIDAS-300x150.jpg",300,150,true],"large":["https:\/\/goias.gov.br\/abc\/wp-content\/uploads\/sites\/23\/2025\/06\/2025.06.03_JBC_TORCIDAS-1024x512.jpg",1024,512,true],"1536x1536":["https:\/\/goias.gov.br\/abc\/wp-content\/uploads\/sites\/23\/2025\/06\/2025.06.03_JBC_TORCIDAS.jpg",1200,600,false],"2048x2048":["https:\/\/goias.gov.br\/abc\/wp-content\/uploads\/sites\/23\/2025\/06\/2025.06.03_JBC_TORCIDAS.jpg",1200,600,false]},"rttpg_author":{"display_name":"helvertonsilva","author_link":"https:\/\/goias.gov.br\/abc\/author\/helvertonsilva\/"},"rttpg_comment":0,"rttpg_category":"<a href=\"https:\/\/goias.gov.br\/abc\/categoria\/institucional\/noticias\/\" rel=\"category tag\">Not\u00edcias<\/a>","rttpg_excerpt":"O governador Ronaldo Caiado participou da abertura do 1\u00ba Semin\u00e1rio sobre Viol\u00eancia em Est\u00e1dios, na sede da Associa\u00e7\u00e3o dos Oficiais da Pol\u00edcia Militar e Corpo de Bombeiros Militar de Goi\u00e1s (Assof-GO), em Goi\u00e2nia, com a participa\u00e7\u00e3o de representantes de 19 estados brasileiros e do Distrito Federal. Ele destacou a atua\u00e7\u00e3o da Pol\u00edcia Militar de Goi\u00e1s&hellip;","_links":{"self":[{"href":"https:\/\/goias.gov.br\/abc\/wp-json\/wp\/v2\/posts\/80085","targetHints":{"allow":["GET"]}}],"collection":[{"href":"https:\/\/goias.gov.br\/abc\/wp-json\/wp\/v2\/posts"}],"about":[{"href":"https:\/\/goias.gov.br\/abc\/wp-json\/wp\/v2\/types\/post"}],"author":[{"embeddable":true,"href":"https:\/\/goias.gov.br\/abc\/wp-json\/wp\/v2\/users\/378"}],"replies":[{"embeddable":true,"href":"https:\/\/goias.gov.br\/abc\/wp-json\/wp\/v2\/comments?post=80085"}],"version-history":[{"count":2,"href":"https:\/\/goias.gov.br\/abc\/wp-json\/wp\/v2\/posts\/80085\/revisions"}],"predecessor-version":[{"id":80124,"href":"https:\/\/goias.gov.br\/abc\/wp-json\/wp\/v2\/posts\/80085\/revisions\/80124"}],"wp:featuredmedia":[{"embeddable":true,"href":"https:\/\/goias.gov.br\/abc\/wp-json\/wp\/v2\/media\/80103"}],"wp:attachment":[{"href":"https:\/\/goias.gov.br\/abc\/wp-json\/wp\/v2\/media?parent=80085"}],"wp:term":[{"taxonomy":"category","embeddable":true,"href":"https:\/\/goias.gov.br\/abc\/wp-json\/wp\/v2\/categories?post=80085"},{"taxonomy":"post_tag","embeddable":true,"href":"https:\/\/goias.gov.br\/abc\/wp-json\/wp\/v2\/tags?post=80085"}],"curies":[{"name":"wp","href":"https:\/\/api.w.org\/{rel}","templated":true}]}}