

{"id":75766,"date":"2025-05-15T08:00:00","date_gmt":"2025-05-15T11:00:00","guid":{"rendered":"https:\/\/goias.gov.br\/abc\/?p=75766"},"modified":"2025-05-15T10:46:36","modified_gmt":"2025-05-15T13:46:36","slug":"programa-de-quinta-traz-musica-em-dupla-e-o-teatro-de-almir-amorim","status":"publish","type":"post","link":"https:\/\/goias.gov.br\/abc\/programa-de-quinta-traz-musica-em-dupla-e-o-teatro-de-almir-amorim\/","title":{"rendered":"Programa de Quinta traz m\u00fasica em dupla e o teatro de Almir Amorim"},"content":{"rendered":"\n<p>O <em>Programa de Quinta<\/em> desta semana traz como convidados a dupla musical formada pelo DJ Daniel de Melo com a cantora Cejane Verdejo, e o diretor de teatro Almir Amorim. O programa vai ao ar na TBC \u00e0s 16 horas comandado por Maz\u00e9 Alves e Gra\u00e7a Torres e tem reprise nesta mesma quinta-feira (15), \u00e0s 23 horas. E pode ser conferido ainda pelo canal da Brasil Central no YouTube.<\/p>\n\n\n\n<p>A parte musical do programa \u00e9 animada pela dupla que re\u00fane a pick-up do DJ Daniel de Melo com a voz da cantora Cejane Verdejo no projeto batizado de Soulfus\u00e3o. O resultado rende uma mistura sonora em que cabe m\u00fasica brasileira, soul, black music e rock. No bate-papo, eles contam a trajet\u00f3ria de cada um e a uni\u00e3o no projeto que tem se apresentado no Sesc.<\/p>\n\n\n\n<p>J\u00e1 o diretor, roteirista e professor de teatro Almir Amorim fala da novidade dele com o Grupo M\u00e1skara, atuando em Esperando Godot, de Samuel Beckett, um dos textos mais ic\u00f4nicos do teatro. Ainda em cartaz no Sesc, Amorim conta sobre a montagem e a experi\u00eancia de trabalho com o elenco da pe\u00e7a. Envolvido em teatro e cinema desde os anos de 1960, Almir Amorim fala tamb\u00e9m um pouco de suas experi\u00eancias ao lado de grandes nomes como Paulo Autran e S\u00f4nia Braga.<\/p>\n\n\n\n<p><strong>ABC Digital<\/strong><\/p>\n\n\n\n<figure class=\"wp-block-embed aligncenter is-type-video is-provider-youtube wp-block-embed-youtube wp-embed-aspect-4-3 wp-has-aspect-ratio\"><div class=\"wp-block-embed__wrapper\">\n<iframe title=\"Programa de Quinta traz m\u00fasica em dupla e o teatro de Almir Amorim | 15\/05\/2025\" width=\"500\" height=\"375\" src=\"https:\/\/www.youtube.com\/embed\/7qYC62UqLuE?feature=oembed\" frameborder=\"0\" allow=\"accelerometer; autoplay; clipboard-write; encrypted-media; gyroscope; picture-in-picture; web-share\" referrerpolicy=\"strict-origin-when-cross-origin\" allowfullscreen><\/iframe>\n<\/div><\/figure>\n","protected":false},"excerpt":{"rendered":"<p>O Programa de Quinta desta semana traz como convidados a dupla musical formada pelo DJ Daniel de Melo com a cantora Cejane Verdejo, e o diretor de teatro Almir Amorim. O programa vai ao ar na TBC \u00e0s 16 horas comandado por Maz\u00e9 Alves e Gra\u00e7a Torres e tem reprise nesta mesma quinta-feira (15), \u00e0s [&hellip;]<\/p>\n","protected":false},"author":377,"featured_media":46654,"comment_status":"closed","ping_status":"open","sticky":false,"template":"","format":"standard","meta":{"footnotes":""},"categories":[39],"tags":[57],"class_list":["post-75766","post","type-post","status-publish","format-standard","has-post-thumbnail","hentry","category-noticias","tag-programacao"],"rttpg_featured_image_url":{"full":["https:\/\/goias.gov.br\/abc\/wp-content\/uploads\/sites\/23\/2024\/12\/2024.12.05_PD_QUINTA.jpg",1200,600,false],"landscape":["https:\/\/goias.gov.br\/abc\/wp-content\/uploads\/sites\/23\/2024\/12\/2024.12.05_PD_QUINTA.jpg",1200,600,false],"portraits":["https:\/\/goias.gov.br\/abc\/wp-content\/uploads\/sites\/23\/2024\/12\/2024.12.05_PD_QUINTA.jpg",1200,600,false],"thumbnail":["https:\/\/goias.gov.br\/abc\/wp-content\/uploads\/sites\/23\/2024\/12\/2024.12.05_PD_QUINTA-150x150.jpg",150,150,true],"medium":["https:\/\/goias.gov.br\/abc\/wp-content\/uploads\/sites\/23\/2024\/12\/2024.12.05_PD_QUINTA-300x150.jpg",300,150,true],"large":["https:\/\/goias.gov.br\/abc\/wp-content\/uploads\/sites\/23\/2024\/12\/2024.12.05_PD_QUINTA-1024x512.jpg",1024,512,true],"1536x1536":["https:\/\/goias.gov.br\/abc\/wp-content\/uploads\/sites\/23\/2024\/12\/2024.12.05_PD_QUINTA.jpg",1200,600,false],"2048x2048":["https:\/\/goias.gov.br\/abc\/wp-content\/uploads\/sites\/23\/2024\/12\/2024.12.05_PD_QUINTA.jpg",1200,600,false]},"rttpg_author":{"display_name":"edsonfonseca","author_link":"https:\/\/goias.gov.br\/abc\/author\/edsonfonseca\/"},"rttpg_comment":0,"rttpg_category":"<a href=\"https:\/\/goias.gov.br\/abc\/categoria\/institucional\/noticias\/\" rel=\"category tag\">Not\u00edcias<\/a>","rttpg_excerpt":"O Programa de Quinta desta semana traz como convidados a dupla musical formada pelo DJ Daniel de Melo com a cantora Cejane Verdejo, e o diretor de teatro Almir Amorim. O programa vai ao ar na TBC \u00e0s 16 horas comandado por Maz\u00e9 Alves e Gra\u00e7a Torres e tem reprise nesta mesma quinta-feira (15), \u00e0s&hellip;","_links":{"self":[{"href":"https:\/\/goias.gov.br\/abc\/wp-json\/wp\/v2\/posts\/75766","targetHints":{"allow":["GET"]}}],"collection":[{"href":"https:\/\/goias.gov.br\/abc\/wp-json\/wp\/v2\/posts"}],"about":[{"href":"https:\/\/goias.gov.br\/abc\/wp-json\/wp\/v2\/types\/post"}],"author":[{"embeddable":true,"href":"https:\/\/goias.gov.br\/abc\/wp-json\/wp\/v2\/users\/377"}],"replies":[{"embeddable":true,"href":"https:\/\/goias.gov.br\/abc\/wp-json\/wp\/v2\/comments?post=75766"}],"version-history":[{"count":2,"href":"https:\/\/goias.gov.br\/abc\/wp-json\/wp\/v2\/posts\/75766\/revisions"}],"predecessor-version":[{"id":75906,"href":"https:\/\/goias.gov.br\/abc\/wp-json\/wp\/v2\/posts\/75766\/revisions\/75906"}],"wp:featuredmedia":[{"embeddable":true,"href":"https:\/\/goias.gov.br\/abc\/wp-json\/wp\/v2\/media\/46654"}],"wp:attachment":[{"href":"https:\/\/goias.gov.br\/abc\/wp-json\/wp\/v2\/media?parent=75766"}],"wp:term":[{"taxonomy":"category","embeddable":true,"href":"https:\/\/goias.gov.br\/abc\/wp-json\/wp\/v2\/categories?post=75766"},{"taxonomy":"post_tag","embeddable":true,"href":"https:\/\/goias.gov.br\/abc\/wp-json\/wp\/v2\/tags?post=75766"}],"curies":[{"name":"wp","href":"https:\/\/api.w.org\/{rel}","templated":true}]}}