

{"id":73390,"date":"2025-04-24T07:59:23","date_gmt":"2025-04-24T10:59:23","guid":{"rendered":"https:\/\/goias.gov.br\/abc\/?p=73390"},"modified":"2025-05-21T19:23:29","modified_gmt":"2025-05-21T22:23:29","slug":"programa-de-quinta-tem-musica-e-danca-contemporanea-de-goias","status":"publish","type":"post","link":"https:\/\/goias.gov.br\/abc\/programa-de-quinta-tem-musica-e-danca-contemporanea-de-goias\/","title":{"rendered":"Programa de Quinta tem m\u00fasica e dan\u00e7a contempor\u00e2nea de Goi\u00e1s"},"content":{"rendered":"\n<p>O <em>Programa de Quinta<\/em> desta semana traz como convidados especiais os irm\u00e3os Marcelo e Rinaldo Barra e Daniel Calvet, do Ateli\u00ea do Gesto, grupo goiano de dan\u00e7a contempor\u00e2nea. A partir das 16 horas na TBC, Gra\u00e7a Torres e Maz\u00e9 Alves recebem os artistas ao vivo para um bate-papo cheio de m\u00fasica, mem\u00f3rias e novos projetos. O programa tem reprise na TV nesta mesma quinta-feira (24) \u00e0s 23 horas e pode ser conferido tamb\u00e9m pelo canal da Brasil Central no Youtube.<\/p>\n\n\n\n<p>Os irm\u00e3os Barra s\u00e3o figuras de destaque da m\u00fasica popular feita em Goi\u00e1s. Marcelo como cantor e Rinaldo como compositor e produtor. No programa, eles relembram a trajet\u00f3ria iniciada nos festivais de m\u00fasica dos anos de 1970 com a m\u00fasica Araguaia, grande sucesso que virou s\u00edmbolo da can\u00e7\u00e3o popular goiana. Entre uma m\u00fasica e outra, eles tamb\u00e9m apresentam novidades como a m\u00fasica Na Morada do Sol, composi\u00e7\u00e3o de Pedro Ferreira com \u00c9cio Duarte e Nars Chaul. O programa apresentar\u00e1 trechos do clipe da can\u00e7\u00e3o, produzido pelo diretor musical Ricardo Le\u00e3o, com participa\u00e7\u00e3o da cantora Paula Santoro. &nbsp;&nbsp;&nbsp;&nbsp;<\/p>\n\n\n\n<p>No papo com Daniel Calvet tamb\u00e9m tem celebra\u00e7\u00e3o pela primeira d\u00e9cada de vida do grupo Ateli\u00ea do Gesto. Coordenador art\u00edstico do grupo, Calvet fala de O Crivo, espet\u00e1culo de dan\u00e7a inspirado no livro Primeiras Est\u00f3rias, de Guimar\u00e3es Rosa. O novo trabalho ser\u00e1 apresentado neste fim de semana no Centro Cultural da UFG, em Goi\u00e2nia. Daniel Calvet aborda ainda outras atividades que celebram os 10 anos do grupo. <\/p>\n\n\n\n<p>O Programa de Quinta vai apresentart tamb\u00e9m uma mat\u00e9ria especial sobre a 20\u00aa edi\u00e7\u00e3o da Mostra de Teatro Nacional de Porangatu (TeNpo), que acontece de 22 a 26 de abril de 2025, transformando a cidade goiana em um vibrante&nbsp;palco&nbsp;cultural. <\/p>\n\n\n\n<p><strong>ABC Digital<\/strong><\/p>\n\n\n\n<figure class=\"wp-block-embed aligncenter is-type-video is-provider-youtube wp-block-embed-youtube wp-embed-aspect-4-3 wp-has-aspect-ratio\"><div class=\"wp-block-embed__wrapper\">\n<iframe title=\"DAN\u00c7A COMTEMPOR\u00c2NEA, M\u00daSICA E CINEMA SE DESTACAM NO PROGRAMA DE QUINTA | 24\/04\/2025\" width=\"500\" height=\"375\" src=\"https:\/\/www.youtube.com\/embed\/3BSmehS7q44?feature=oembed\" frameborder=\"0\" allow=\"accelerometer; autoplay; clipboard-write; encrypted-media; gyroscope; picture-in-picture; web-share\" referrerpolicy=\"strict-origin-when-cross-origin\" allowfullscreen><\/iframe>\n<\/div><\/figure>\n","protected":false},"excerpt":{"rendered":"<p>O Programa de Quinta desta semana traz como convidados especiais os irm\u00e3os Marcelo e Rinaldo Barra e Daniel Calvet, do Ateli\u00ea do Gesto, grupo goiano de dan\u00e7a contempor\u00e2nea. A partir das 16 horas na TBC, Gra\u00e7a Torres e Maz\u00e9 Alves recebem os artistas ao vivo para um bate-papo cheio de m\u00fasica, mem\u00f3rias e novos projetos. [&hellip;]<\/p>\n","protected":false},"author":377,"featured_media":46654,"comment_status":"closed","ping_status":"open","sticky":false,"template":"","format":"standard","meta":{"footnotes":""},"categories":[39],"tags":[57],"class_list":["post-73390","post","type-post","status-publish","format-standard","has-post-thumbnail","hentry","category-noticias","tag-programacao"],"rttpg_featured_image_url":{"full":["https:\/\/goias.gov.br\/abc\/wp-content\/uploads\/sites\/23\/2024\/12\/2024.12.05_PD_QUINTA.jpg",1200,600,false],"landscape":["https:\/\/goias.gov.br\/abc\/wp-content\/uploads\/sites\/23\/2024\/12\/2024.12.05_PD_QUINTA.jpg",1200,600,false],"portraits":["https:\/\/goias.gov.br\/abc\/wp-content\/uploads\/sites\/23\/2024\/12\/2024.12.05_PD_QUINTA.jpg",1200,600,false],"thumbnail":["https:\/\/goias.gov.br\/abc\/wp-content\/uploads\/sites\/23\/2024\/12\/2024.12.05_PD_QUINTA-150x150.jpg",150,150,true],"medium":["https:\/\/goias.gov.br\/abc\/wp-content\/uploads\/sites\/23\/2024\/12\/2024.12.05_PD_QUINTA-300x150.jpg",300,150,true],"large":["https:\/\/goias.gov.br\/abc\/wp-content\/uploads\/sites\/23\/2024\/12\/2024.12.05_PD_QUINTA-1024x512.jpg",1024,512,true],"1536x1536":["https:\/\/goias.gov.br\/abc\/wp-content\/uploads\/sites\/23\/2024\/12\/2024.12.05_PD_QUINTA.jpg",1200,600,false],"2048x2048":["https:\/\/goias.gov.br\/abc\/wp-content\/uploads\/sites\/23\/2024\/12\/2024.12.05_PD_QUINTA.jpg",1200,600,false]},"rttpg_author":{"display_name":"edsonfonseca","author_link":"https:\/\/goias.gov.br\/abc\/author\/edsonfonseca\/"},"rttpg_comment":0,"rttpg_category":"<a href=\"https:\/\/goias.gov.br\/abc\/categoria\/institucional\/noticias\/\" rel=\"category tag\">Not\u00edcias<\/a>","rttpg_excerpt":"O Programa de Quinta desta semana traz como convidados especiais os irm\u00e3os Marcelo e Rinaldo Barra e Daniel Calvet, do Ateli\u00ea do Gesto, grupo goiano de dan\u00e7a contempor\u00e2nea. A partir das 16 horas na TBC, Gra\u00e7a Torres e Maz\u00e9 Alves recebem os artistas ao vivo para um bate-papo cheio de m\u00fasica, mem\u00f3rias e novos projetos.&hellip;","_links":{"self":[{"href":"https:\/\/goias.gov.br\/abc\/wp-json\/wp\/v2\/posts\/73390","targetHints":{"allow":["GET"]}}],"collection":[{"href":"https:\/\/goias.gov.br\/abc\/wp-json\/wp\/v2\/posts"}],"about":[{"href":"https:\/\/goias.gov.br\/abc\/wp-json\/wp\/v2\/types\/post"}],"author":[{"embeddable":true,"href":"https:\/\/goias.gov.br\/abc\/wp-json\/wp\/v2\/users\/377"}],"replies":[{"embeddable":true,"href":"https:\/\/goias.gov.br\/abc\/wp-json\/wp\/v2\/comments?post=73390"}],"version-history":[{"count":2,"href":"https:\/\/goias.gov.br\/abc\/wp-json\/wp\/v2\/posts\/73390\/revisions"}],"predecessor-version":[{"id":73404,"href":"https:\/\/goias.gov.br\/abc\/wp-json\/wp\/v2\/posts\/73390\/revisions\/73404"}],"wp:featuredmedia":[{"embeddable":true,"href":"https:\/\/goias.gov.br\/abc\/wp-json\/wp\/v2\/media\/46654"}],"wp:attachment":[{"href":"https:\/\/goias.gov.br\/abc\/wp-json\/wp\/v2\/media?parent=73390"}],"wp:term":[{"taxonomy":"category","embeddable":true,"href":"https:\/\/goias.gov.br\/abc\/wp-json\/wp\/v2\/categories?post=73390"},{"taxonomy":"post_tag","embeddable":true,"href":"https:\/\/goias.gov.br\/abc\/wp-json\/wp\/v2\/tags?post=73390"}],"curies":[{"name":"wp","href":"https:\/\/api.w.org\/{rel}","templated":true}]}}