

{"id":68507,"date":"2025-04-04T15:00:00","date_gmt":"2025-04-04T18:00:00","guid":{"rendered":"https:\/\/goias.gov.br\/abc\/?p=68507"},"modified":"2025-04-04T16:03:22","modified_gmt":"2025-04-04T19:03:22","slug":"abc-prepara-migracao-am-fm-da-radio-brasil-central","status":"publish","type":"post","link":"https:\/\/goias.gov.br\/abc\/abc-prepara-migracao-am-fm-da-radio-brasil-central\/","title":{"rendered":"ABC prepara migra\u00e7\u00e3o AM-FM da R\u00e1dio Brasil Central"},"content":{"rendered":"\n<p>A Ag\u00eancia Brasil Central (ABC) passar\u00e1 a ter duas emissoras de r\u00e1dio em FM (Frequ\u00eancia Modulada). \u00c9 que at\u00e9 o in\u00edcio do pr\u00f3ximo semestre a R\u00e1dio Brasil Central AM \u2013 que opera atualmente em 1.270 KHz \u2013 migrar\u00e1 para o FM, conforme processo aprovado pelo Minist\u00e9rio das Comunica\u00e7\u00f5es no final de fevereiro \u00faltimo. De acordo com o presidente da Ag\u00eancia Brasil Central, Reginaldo Junior, a migra\u00e7\u00e3o garantir\u00e1 a sobreviv\u00eancia e o legado de 75 anos da emissora.<\/p>\n\n\n\n<p>\u201cO AM morreu no Brasil pela n\u00e3o-defini\u00e7\u00e3o do Governo Federal quanto \u00e0 digitaliza\u00e7\u00e3o do r\u00e1dio. Fui contra a migra\u00e7\u00e3o por algum tempo, mas fui convencido de que a mudan\u00e7a \u00e9 \u00fanica forma poss\u00edvel de resgatarmos a R\u00e1dio Brasil Central e garantirmos que as pr\u00f3ximas gera\u00e7\u00f5es conhe\u00e7am a import\u00e2ncia desse canh\u00e3o de som que tanto orgulhou nosso estado ao longo de mais de sete d\u00e9cadas\u201d, disse.<\/p>\n\n\n\n<p>Segundo Mardem Costa Jr., titular da Secretaria-Geral da ABC e que liderou esse processo, a frequ\u00eancia inicial de opera\u00e7\u00e3o da nova FM da Brasil Central ser\u00e1 85,7 MHz, no chamado FM estendido \u2013 que vai de 76,1 MHz a 87,3 MHz \u2013 mas a ABC vai buscar readequ\u00e1-la ao FM convencional junto \u00e0 Ag\u00eancia Nacional de Telecomunica\u00e7\u00f5es (ANATEL).<\/p>\n\n\n\n<p>Com a mudan\u00e7a, a opera\u00e7\u00e3o em AM ser\u00e1 encerrada na Fazenda Bananal, onde est\u00e3o instalados os transmissores destas opera\u00e7\u00f5es em ondas m\u00e9dia, curta e tropical. Outras duas r\u00e1dios FM poder\u00e3o ser criadas com a migra\u00e7\u00e3o tamb\u00e9m das frequ\u00eancias em ondas curtas e tropicais, ainda sem previs\u00e3o.<\/p>\n\n\n\n<p>Ainda de acordo com Mardem, o processo de aquisi\u00e7\u00e3o de novos transmissores FM de at\u00e9 15 KW de pot\u00eancia e antenas de transmiss\u00e3o tanto para a 90,1 MHz quanto para a 85,7 MHz est\u00e3o em tramita\u00e7\u00e3o. Outros equipamentos ser\u00e3o licitados em conjunto, de acordo com as necessidades de moderniza\u00e7\u00e3o dos est\u00fadios e da central t\u00e9cnica da r\u00e1dio, localizados na unidade da ABC do Parque Santa Cruz, na capital.<\/p>\n\n\n\n<p>Os transmissores FM ser\u00e3o instalados no s\u00edtio de transmiss\u00e3o do Morro do Mendanha, regi\u00e3o Noroeste de Goi\u00e2nia, que est\u00e1 sendo preparado para receber os novos equipamentos, al\u00e9m do novo transmissor da TV Brasil Central. Sobre a programa\u00e7\u00e3o, o secret\u00e1rio diz que a parte art\u00edstica ainda ser\u00e1 definida, mas o perfil da nova FM da ag\u00eancia manter\u00e1 o atual formato popular da R\u00e1dio Brasil Central, mesclando m\u00fasicas e informa\u00e7\u00e3o.<\/p>\n\n\n\n<p><strong>ABC Digital<\/strong><\/p>\n","protected":false},"excerpt":{"rendered":"<p>A Ag\u00eancia Brasil Central (ABC) passar\u00e1 a ter duas emissoras de r\u00e1dio em FM (Frequ\u00eancia Modulada). \u00c9 que at\u00e9 o in\u00edcio do pr\u00f3ximo semestre a R\u00e1dio Brasil Central AM \u2013 que opera atualmente em 1.270 KHz \u2013 migrar\u00e1 para o FM, conforme processo aprovado pelo Minist\u00e9rio das Comunica\u00e7\u00f5es no final de fevereiro \u00faltimo. De acordo [&hellip;]<\/p>\n","protected":false},"author":377,"featured_media":68663,"comment_status":"closed","ping_status":"open","sticky":false,"template":"","format":"standard","meta":{"footnotes":""},"categories":[39],"tags":[59],"class_list":["post-68507","post","type-post","status-publish","format-standard","has-post-thumbnail","hentry","category-noticias","tag-gestao"],"rttpg_featured_image_url":{"full":["https:\/\/goias.gov.br\/abc\/wp-content\/uploads\/sites\/23\/2025\/04\/2025.04.01_RBC_MIGRACAO.png",1200,600,false],"landscape":["https:\/\/goias.gov.br\/abc\/wp-content\/uploads\/sites\/23\/2025\/04\/2025.04.01_RBC_MIGRACAO.png",1200,600,false],"portraits":["https:\/\/goias.gov.br\/abc\/wp-content\/uploads\/sites\/23\/2025\/04\/2025.04.01_RBC_MIGRACAO.png",1200,600,false],"thumbnail":["https:\/\/goias.gov.br\/abc\/wp-content\/uploads\/sites\/23\/2025\/04\/2025.04.01_RBC_MIGRACAO-150x150.png",150,150,true],"medium":["https:\/\/goias.gov.br\/abc\/wp-content\/uploads\/sites\/23\/2025\/04\/2025.04.01_RBC_MIGRACAO-300x150.png",300,150,true],"large":["https:\/\/goias.gov.br\/abc\/wp-content\/uploads\/sites\/23\/2025\/04\/2025.04.01_RBC_MIGRACAO-1024x512.png",1024,512,true],"1536x1536":["https:\/\/goias.gov.br\/abc\/wp-content\/uploads\/sites\/23\/2025\/04\/2025.04.01_RBC_MIGRACAO.png",1200,600,false],"2048x2048":["https:\/\/goias.gov.br\/abc\/wp-content\/uploads\/sites\/23\/2025\/04\/2025.04.01_RBC_MIGRACAO.png",1200,600,false]},"rttpg_author":{"display_name":"edsonfonseca","author_link":"https:\/\/goias.gov.br\/abc\/author\/edsonfonseca\/"},"rttpg_comment":0,"rttpg_category":"<a href=\"https:\/\/goias.gov.br\/abc\/categoria\/institucional\/noticias\/\" rel=\"category tag\">Not\u00edcias<\/a>","rttpg_excerpt":"A Ag\u00eancia Brasil Central (ABC) passar\u00e1 a ter duas emissoras de r\u00e1dio em FM (Frequ\u00eancia Modulada). \u00c9 que at\u00e9 o in\u00edcio do pr\u00f3ximo semestre a R\u00e1dio Brasil Central AM \u2013 que opera atualmente em 1.270 KHz \u2013 migrar\u00e1 para o FM, conforme processo aprovado pelo Minist\u00e9rio das Comunica\u00e7\u00f5es no final de fevereiro \u00faltimo. De acordo&hellip;","_links":{"self":[{"href":"https:\/\/goias.gov.br\/abc\/wp-json\/wp\/v2\/posts\/68507","targetHints":{"allow":["GET"]}}],"collection":[{"href":"https:\/\/goias.gov.br\/abc\/wp-json\/wp\/v2\/posts"}],"about":[{"href":"https:\/\/goias.gov.br\/abc\/wp-json\/wp\/v2\/types\/post"}],"author":[{"embeddable":true,"href":"https:\/\/goias.gov.br\/abc\/wp-json\/wp\/v2\/users\/377"}],"replies":[{"embeddable":true,"href":"https:\/\/goias.gov.br\/abc\/wp-json\/wp\/v2\/comments?post=68507"}],"version-history":[{"count":2,"href":"https:\/\/goias.gov.br\/abc\/wp-json\/wp\/v2\/posts\/68507\/revisions"}],"predecessor-version":[{"id":68688,"href":"https:\/\/goias.gov.br\/abc\/wp-json\/wp\/v2\/posts\/68507\/revisions\/68688"}],"wp:featuredmedia":[{"embeddable":true,"href":"https:\/\/goias.gov.br\/abc\/wp-json\/wp\/v2\/media\/68663"}],"wp:attachment":[{"href":"https:\/\/goias.gov.br\/abc\/wp-json\/wp\/v2\/media?parent=68507"}],"wp:term":[{"taxonomy":"category","embeddable":true,"href":"https:\/\/goias.gov.br\/abc\/wp-json\/wp\/v2\/categories?post=68507"},{"taxonomy":"post_tag","embeddable":true,"href":"https:\/\/goias.gov.br\/abc\/wp-json\/wp\/v2\/tags?post=68507"}],"curies":[{"name":"wp","href":"https:\/\/api.w.org\/{rel}","templated":true}]}}