

{"id":67753,"date":"2025-03-28T09:00:00","date_gmt":"2025-03-28T12:00:00","guid":{"rendered":"https:\/\/goias.gov.br\/abc\/?p=67753"},"modified":"2025-03-28T11:35:24","modified_gmt":"2025-03-28T14:35:24","slug":"evento-discutiu-os-desafios-da-gestao-de-cidades-tecnologicas","status":"publish","type":"post","link":"https:\/\/goias.gov.br\/abc\/evento-discutiu-os-desafios-da-gestao-de-cidades-tecnologicas\/","title":{"rendered":"Evento discutiu os desafios da gest\u00e3o de cidades tecnol\u00f3gicas"},"content":{"rendered":"\n<p>A Secretaria-Geral de Governo realizou nesta quinta-feira (27) a s\u00e9tima edi\u00e7\u00e3o do evento <em>Etos.IA Provoca\u00e7\u00f5es<\/em>, que discutiu os desafios a gest\u00e3o de cidades tecnol\u00f3gicas. Realizado no Centro Cultural Oscar Niemeyer, em Goi\u00e2nia, o encontro reuniu estudantes, pesquisadores e gestores p\u00fablicos no debate das quest\u00f5es \u00e9ticas na ado\u00e7\u00e3o de tecnologias na administra\u00e7\u00e3o das cidades.<\/p>\n\n\n\n<p>Equipe de reportagem do jornal\u00edstico <em>O Mundo em Sua Casa<\/em> acompanhou o evento, entrevistando participantes, palestrantes e representantes do poder p\u00fablico. Segundo Marcos Tadeu de Andrade, da Controladoria-Geral do Estado (CGE), \u00e9 imposs\u00edvel dissociar as quest\u00f5es \u00e9ticas das tecnologias que v\u00e3o sendo adotadas no apoio \u00e0s administra\u00e7\u00f5es p\u00fablicas, da\u00ed a import\u00e2ncia de debater, por exemplo, como aproveitar as vantagens da Intelig\u00eancia Artificial na gest\u00e3o das cidades. &nbsp;<\/p>\n\n\n\n<p><strong>ABC Digital &nbsp;<\/strong><\/p>\n\n\n\n<figure class=\"wp-block-embed aligncenter is-type-video is-provider-youtube wp-block-embed-youtube wp-embed-aspect-16-9 wp-has-aspect-ratio\"><div class=\"wp-block-embed__wrapper\">\n<iframe title=\"O Mundo em sua Casa |28-03| Cidades Inteligentes e o Tema do ETOS IA  Provoca\u00e7\u00f5es\" width=\"500\" height=\"281\" src=\"https:\/\/www.youtube.com\/embed\/G11ZhovYaEo?feature=oembed\" frameborder=\"0\" allow=\"accelerometer; autoplay; clipboard-write; encrypted-media; gyroscope; picture-in-picture; web-share\" referrerpolicy=\"strict-origin-when-cross-origin\" allowfullscreen><\/iframe>\n<\/div><\/figure>\n","protected":false},"excerpt":{"rendered":"<p>A Secretaria-Geral de Governo realizou nesta quinta-feira (27) a s\u00e9tima edi\u00e7\u00e3o do evento Etos.IA Provoca\u00e7\u00f5es, que discutiu os desafios a gest\u00e3o de cidades tecnol\u00f3gicas. Realizado no Centro Cultural Oscar Niemeyer, em Goi\u00e2nia, o encontro reuniu estudantes, pesquisadores e gestores p\u00fablicos no debate das quest\u00f5es \u00e9ticas na ado\u00e7\u00e3o de tecnologias na administra\u00e7\u00e3o das cidades. Equipe de [&hellip;]<\/p>\n","protected":false},"author":377,"featured_media":67774,"comment_status":"closed","ping_status":"open","sticky":false,"template":"","format":"standard","meta":{"footnotes":""},"categories":[39],"tags":[58],"class_list":["post-67753","post","type-post","status-publish","format-standard","has-post-thumbnail","hentry","category-noticias","tag-jornalismo"],"rttpg_featured_image_url":{"full":["https:\/\/goias.gov.br\/abc\/wp-content\/uploads\/sites\/23\/2025\/03\/2025.03.28_OMESC_ETOS.jpg",1200,600,false],"landscape":["https:\/\/goias.gov.br\/abc\/wp-content\/uploads\/sites\/23\/2025\/03\/2025.03.28_OMESC_ETOS.jpg",1200,600,false],"portraits":["https:\/\/goias.gov.br\/abc\/wp-content\/uploads\/sites\/23\/2025\/03\/2025.03.28_OMESC_ETOS.jpg",1200,600,false],"thumbnail":["https:\/\/goias.gov.br\/abc\/wp-content\/uploads\/sites\/23\/2025\/03\/2025.03.28_OMESC_ETOS-150x150.jpg",150,150,true],"medium":["https:\/\/goias.gov.br\/abc\/wp-content\/uploads\/sites\/23\/2025\/03\/2025.03.28_OMESC_ETOS-300x150.jpg",300,150,true],"large":["https:\/\/goias.gov.br\/abc\/wp-content\/uploads\/sites\/23\/2025\/03\/2025.03.28_OMESC_ETOS-1024x512.jpg",1024,512,true],"1536x1536":["https:\/\/goias.gov.br\/abc\/wp-content\/uploads\/sites\/23\/2025\/03\/2025.03.28_OMESC_ETOS.jpg",1200,600,false],"2048x2048":["https:\/\/goias.gov.br\/abc\/wp-content\/uploads\/sites\/23\/2025\/03\/2025.03.28_OMESC_ETOS.jpg",1200,600,false]},"rttpg_author":{"display_name":"edsonfonseca","author_link":"https:\/\/goias.gov.br\/abc\/author\/edsonfonseca\/"},"rttpg_comment":0,"rttpg_category":"<a href=\"https:\/\/goias.gov.br\/abc\/categoria\/institucional\/noticias\/\" rel=\"category tag\">Not\u00edcias<\/a>","rttpg_excerpt":"A Secretaria-Geral de Governo realizou nesta quinta-feira (27) a s\u00e9tima edi\u00e7\u00e3o do evento Etos.IA Provoca\u00e7\u00f5es, que discutiu os desafios a gest\u00e3o de cidades tecnol\u00f3gicas. Realizado no Centro Cultural Oscar Niemeyer, em Goi\u00e2nia, o encontro reuniu estudantes, pesquisadores e gestores p\u00fablicos no debate das quest\u00f5es \u00e9ticas na ado\u00e7\u00e3o de tecnologias na administra\u00e7\u00e3o das cidades. Equipe de&hellip;","_links":{"self":[{"href":"https:\/\/goias.gov.br\/abc\/wp-json\/wp\/v2\/posts\/67753","targetHints":{"allow":["GET"]}}],"collection":[{"href":"https:\/\/goias.gov.br\/abc\/wp-json\/wp\/v2\/posts"}],"about":[{"href":"https:\/\/goias.gov.br\/abc\/wp-json\/wp\/v2\/types\/post"}],"author":[{"embeddable":true,"href":"https:\/\/goias.gov.br\/abc\/wp-json\/wp\/v2\/users\/377"}],"replies":[{"embeddable":true,"href":"https:\/\/goias.gov.br\/abc\/wp-json\/wp\/v2\/comments?post=67753"}],"version-history":[{"count":2,"href":"https:\/\/goias.gov.br\/abc\/wp-json\/wp\/v2\/posts\/67753\/revisions"}],"predecessor-version":[{"id":67848,"href":"https:\/\/goias.gov.br\/abc\/wp-json\/wp\/v2\/posts\/67753\/revisions\/67848"}],"wp:featuredmedia":[{"embeddable":true,"href":"https:\/\/goias.gov.br\/abc\/wp-json\/wp\/v2\/media\/67774"}],"wp:attachment":[{"href":"https:\/\/goias.gov.br\/abc\/wp-json\/wp\/v2\/media?parent=67753"}],"wp:term":[{"taxonomy":"category","embeddable":true,"href":"https:\/\/goias.gov.br\/abc\/wp-json\/wp\/v2\/categories?post=67753"},{"taxonomy":"post_tag","embeddable":true,"href":"https:\/\/goias.gov.br\/abc\/wp-json\/wp\/v2\/tags?post=67753"}],"curies":[{"name":"wp","href":"https:\/\/api.w.org\/{rel}","templated":true}]}}