

{"id":67489,"date":"2025-03-27T13:15:16","date_gmt":"2025-03-27T16:15:16","guid":{"rendered":"https:\/\/goias.gov.br\/abc\/?p=67489"},"modified":"2025-03-28T09:06:51","modified_gmt":"2025-03-28T12:06:51","slug":"goias-turismo-promoveu-encontro-de-gestores-em-brasilia","status":"publish","type":"post","link":"https:\/\/goias.gov.br\/abc\/goias-turismo-promoveu-encontro-de-gestores-em-brasilia\/","title":{"rendered":"Goi\u00e1s Turismo promoveu encontro de gestores em Bras\u00edlia"},"content":{"rendered":"\n<p>A Ag\u00eancia Estadual de Turismo (Goi\u00e1s Turismo) promoveu nesta semana (entre ter\u00e7a e quarta-feira) o Encontro Estadual do Turismo em Goi\u00e1s, reunindo 250 gestores municipais da \u00e1rea. O evento foi sediado na Confedera\u00e7\u00e3o Nacional dos Trabalhadores do Com\u00e9rcio (CNTC), em Bras\u00edlia. Na pauta de discuss\u00f5es esteve a\u00e7\u00f5es para o desenvolvimento tur\u00edstico no estado.<\/p>\n\n\n\n<p>Equipe de reportagem do <em>Jornal Brasil Central<\/em> acompanhou o evento, entrevistando o presidente da Goi\u00e1s Turismo, Fabr\u00edcio Amaral, gestores municipais e o representante do Minist\u00e9rio do Turismo, que palestrou no encontro. Segundo Amaral, a realiza\u00e7\u00e3o em Bras\u00edlia buscou tanto facilitar a participa\u00e7\u00e3o de gestores municipais de diferentes cidades do Entorno e do Norte e Nordeste goiano, quanto contar com palestrantes do Minist\u00e9rio do Turismo.<\/p>\n\n\n\n<p><strong>ABC Digital &nbsp;<\/strong><\/p>\n\n\n\n<figure class=\"wp-block-embed aligncenter is-type-video is-provider-youtube wp-block-embed-youtube wp-embed-aspect-16-9 wp-has-aspect-ratio\"><div class=\"wp-block-embed__wrapper\">\n<iframe title=\"Jornal Brasil Central |27-03| Feira em Bras\u00edlia promove Turismo Goiano\" width=\"500\" height=\"281\" src=\"https:\/\/www.youtube.com\/embed\/9QdxoQG8tvs?feature=oembed\" frameborder=\"0\" allow=\"accelerometer; autoplay; clipboard-write; encrypted-media; gyroscope; picture-in-picture; web-share\" referrerpolicy=\"strict-origin-when-cross-origin\" allowfullscreen><\/iframe>\n<\/div><\/figure>\n","protected":false},"excerpt":{"rendered":"<p>A Ag\u00eancia Estadual de Turismo (Goi\u00e1s Turismo) promoveu nesta semana (entre ter\u00e7a e quarta-feira) o Encontro Estadual do Turismo em Goi\u00e1s, reunindo 250 gestores municipais da \u00e1rea. O evento foi sediado na Confedera\u00e7\u00e3o Nacional dos Trabalhadores do Com\u00e9rcio (CNTC), em Bras\u00edlia. Na pauta de discuss\u00f5es esteve a\u00e7\u00f5es para o desenvolvimento tur\u00edstico no estado. Equipe de [&hellip;]<\/p>\n","protected":false},"author":377,"featured_media":67525,"comment_status":"closed","ping_status":"open","sticky":false,"template":"","format":"standard","meta":{"footnotes":""},"categories":[39],"tags":[58],"class_list":["post-67489","post","type-post","status-publish","format-standard","has-post-thumbnail","hentry","category-noticias","tag-jornalismo"],"rttpg_featured_image_url":{"full":["https:\/\/goias.gov.br\/abc\/wp-content\/uploads\/sites\/23\/2025\/03\/2025.03.27_JBC_TURISMO.jpg",1200,600,false],"landscape":["https:\/\/goias.gov.br\/abc\/wp-content\/uploads\/sites\/23\/2025\/03\/2025.03.27_JBC_TURISMO.jpg",1200,600,false],"portraits":["https:\/\/goias.gov.br\/abc\/wp-content\/uploads\/sites\/23\/2025\/03\/2025.03.27_JBC_TURISMO.jpg",1200,600,false],"thumbnail":["https:\/\/goias.gov.br\/abc\/wp-content\/uploads\/sites\/23\/2025\/03\/2025.03.27_JBC_TURISMO-150x150.jpg",150,150,true],"medium":["https:\/\/goias.gov.br\/abc\/wp-content\/uploads\/sites\/23\/2025\/03\/2025.03.27_JBC_TURISMO-300x150.jpg",300,150,true],"large":["https:\/\/goias.gov.br\/abc\/wp-content\/uploads\/sites\/23\/2025\/03\/2025.03.27_JBC_TURISMO-1024x512.jpg",1024,512,true],"1536x1536":["https:\/\/goias.gov.br\/abc\/wp-content\/uploads\/sites\/23\/2025\/03\/2025.03.27_JBC_TURISMO.jpg",1200,600,false],"2048x2048":["https:\/\/goias.gov.br\/abc\/wp-content\/uploads\/sites\/23\/2025\/03\/2025.03.27_JBC_TURISMO.jpg",1200,600,false]},"rttpg_author":{"display_name":"edsonfonseca","author_link":"https:\/\/goias.gov.br\/abc\/author\/edsonfonseca\/"},"rttpg_comment":0,"rttpg_category":"<a href=\"https:\/\/goias.gov.br\/abc\/categoria\/institucional\/noticias\/\" rel=\"category tag\">Not\u00edcias<\/a>","rttpg_excerpt":"A Ag\u00eancia Estadual de Turismo (Goi\u00e1s Turismo) promoveu nesta semana (entre ter\u00e7a e quarta-feira) o Encontro Estadual do Turismo em Goi\u00e1s, reunindo 250 gestores municipais da \u00e1rea. O evento foi sediado na Confedera\u00e7\u00e3o Nacional dos Trabalhadores do Com\u00e9rcio (CNTC), em Bras\u00edlia. Na pauta de discuss\u00f5es esteve a\u00e7\u00f5es para o desenvolvimento tur\u00edstico no estado. Equipe de&hellip;","_links":{"self":[{"href":"https:\/\/goias.gov.br\/abc\/wp-json\/wp\/v2\/posts\/67489","targetHints":{"allow":["GET"]}}],"collection":[{"href":"https:\/\/goias.gov.br\/abc\/wp-json\/wp\/v2\/posts"}],"about":[{"href":"https:\/\/goias.gov.br\/abc\/wp-json\/wp\/v2\/types\/post"}],"author":[{"embeddable":true,"href":"https:\/\/goias.gov.br\/abc\/wp-json\/wp\/v2\/users\/377"}],"replies":[{"embeddable":true,"href":"https:\/\/goias.gov.br\/abc\/wp-json\/wp\/v2\/comments?post=67489"}],"version-history":[{"count":2,"href":"https:\/\/goias.gov.br\/abc\/wp-json\/wp\/v2\/posts\/67489\/revisions"}],"predecessor-version":[{"id":67542,"href":"https:\/\/goias.gov.br\/abc\/wp-json\/wp\/v2\/posts\/67489\/revisions\/67542"}],"wp:featuredmedia":[{"embeddable":true,"href":"https:\/\/goias.gov.br\/abc\/wp-json\/wp\/v2\/media\/67525"}],"wp:attachment":[{"href":"https:\/\/goias.gov.br\/abc\/wp-json\/wp\/v2\/media?parent=67489"}],"wp:term":[{"taxonomy":"category","embeddable":true,"href":"https:\/\/goias.gov.br\/abc\/wp-json\/wp\/v2\/categories?post=67489"},{"taxonomy":"post_tag","embeddable":true,"href":"https:\/\/goias.gov.br\/abc\/wp-json\/wp\/v2\/tags?post=67489"}],"curies":[{"name":"wp","href":"https:\/\/api.w.org\/{rel}","templated":true}]}}