

{"id":67015,"date":"2025-03-27T10:15:00","date_gmt":"2025-03-27T13:15:00","guid":{"rendered":"https:\/\/goias.gov.br\/abc\/?p=67015"},"modified":"2025-03-27T10:47:49","modified_gmt":"2025-03-27T13:47:49","slug":"tem-mais-arte-feminina-fechando-o-mes-no-programa-de-quinta","status":"publish","type":"post","link":"https:\/\/goias.gov.br\/abc\/tem-mais-arte-feminina-fechando-o-mes-no-programa-de-quinta\/","title":{"rendered":"Tem mais arte feminina fechando o m\u00eas no Programa de Quinta"},"content":{"rendered":"\n<p>O <em>Programa de Quinta<\/em> fecha o m\u00eas da mulher destacando mais tr\u00eas nomes femininos das artes feitas em Goi\u00e1s. As apresentadoras Gra\u00e7a Torres e Maz\u00e9 Alves recebem a artista visual Ci\u00e7a Fittipaldi e as cantoras Nila Branco e Cl\u00e1udia Vieira. O programa tem reprise nesta mesma quinta-feira (27), \u00e0s 23h, e pode ser visto ainda pelo canal da TBC no Youtube.<\/p>\n\n\n\n<p>Ci\u00e7a Fittipaldi \u00e9 ilustradora e autora de livros para crian\u00e7as. Seu trabalho \u00e9 fortemente marcado pelo interesse e pesquisa nas culturas ind\u00edgenas, africanas e afro-brasileiras e pelas viv\u00eancias com povos origin\u00e1rios. Ela recebeu o Pr\u00eamio Jabuti, da C\u00e2mara Brasileira do Livro em 1988, 1990 e 2014. O pr\u00eamio \u00e9 o mais tradicional do pa\u00eds, concedido pela C\u00e2mara Brasileira do Livro (CBL) e foi criado em 1959 para premiar autores, editores, ilustradores, gr\u00e1ficos e livreiros que mais se destacam a cada ano.<\/p>\n\n\n\n<p>A parte musical do programa tem as presen\u00e7as de Nila Branco e Cl\u00e1udia Vieira cantando acompanhadas pelo violonista e guitarrista Front Jr. Cada uma ao seu estilo, Nila e Cl\u00e1udia cantam e contam suas trajet\u00f3rias e os novos projetos em andamento. O programa traz ainda as colunas <em>Quinta do Livro<\/em>, apresentando o escritor alem\u00e3o Nick Bradley, e <em>Cine Goi\u00e1s<\/em>, mostrando o trabalho de Larissa Ferreira, diretora e roteirista de tev\u00ea com carreira consolidada tamb\u00e9m na dire\u00e7\u00e3o de document\u00e1rios e novelas.<\/p>\n\n\n\n<p><strong>ABC Digital<\/strong><\/p>\n\n\n\n<figure class=\"wp-block-embed aligncenter is-type-video is-provider-youtube wp-block-embed-youtube wp-embed-aspect-4-3 wp-has-aspect-ratio\"><div class=\"wp-block-embed__wrapper\">\n<iframe title=\"ARTE FEMININA FECHANDO O M\u00caS NO PROGRAMA DE QUINTA | PROGRAMA DE QUINTA | 27\/03\/2025\" width=\"500\" height=\"375\" src=\"https:\/\/www.youtube.com\/embed\/djoboBJuQg4?feature=oembed\" frameborder=\"0\" allow=\"accelerometer; autoplay; clipboard-write; encrypted-media; gyroscope; picture-in-picture; web-share\" referrerpolicy=\"strict-origin-when-cross-origin\" allowfullscreen><\/iframe>\n<\/div><\/figure>\n","protected":false},"excerpt":{"rendered":"<p>O Programa de Quinta fecha o m\u00eas da mulher destacando mais tr\u00eas nomes femininos das artes feitas em Goi\u00e1s. As apresentadoras Gra\u00e7a Torres e Maz\u00e9 Alves recebem a artista visual Ci\u00e7a Fittipaldi e as cantoras Nila Branco e Cl\u00e1udia Vieira. O programa tem reprise nesta mesma quinta-feira (27), \u00e0s 23h, e pode ser visto ainda [&hellip;]<\/p>\n","protected":false},"author":377,"featured_media":43901,"comment_status":"closed","ping_status":"open","sticky":false,"template":"","format":"standard","meta":{"footnotes":""},"categories":[39],"tags":[57],"class_list":["post-67015","post","type-post","status-publish","format-standard","has-post-thumbnail","hentry","category-noticias","tag-programacao"],"rttpg_featured_image_url":{"full":["https:\/\/goias.gov.br\/abc\/wp-content\/uploads\/sites\/23\/2024\/11\/2024.11.21_PD_QUINTA.jpg",1200,600,false],"landscape":["https:\/\/goias.gov.br\/abc\/wp-content\/uploads\/sites\/23\/2024\/11\/2024.11.21_PD_QUINTA.jpg",1200,600,false],"portraits":["https:\/\/goias.gov.br\/abc\/wp-content\/uploads\/sites\/23\/2024\/11\/2024.11.21_PD_QUINTA.jpg",1200,600,false],"thumbnail":["https:\/\/goias.gov.br\/abc\/wp-content\/uploads\/sites\/23\/2024\/11\/2024.11.21_PD_QUINTA-150x150.jpg",150,150,true],"medium":["https:\/\/goias.gov.br\/abc\/wp-content\/uploads\/sites\/23\/2024\/11\/2024.11.21_PD_QUINTA-300x150.jpg",300,150,true],"large":["https:\/\/goias.gov.br\/abc\/wp-content\/uploads\/sites\/23\/2024\/11\/2024.11.21_PD_QUINTA-1024x512.jpg",1024,512,true],"1536x1536":["https:\/\/goias.gov.br\/abc\/wp-content\/uploads\/sites\/23\/2024\/11\/2024.11.21_PD_QUINTA.jpg",1200,600,false],"2048x2048":["https:\/\/goias.gov.br\/abc\/wp-content\/uploads\/sites\/23\/2024\/11\/2024.11.21_PD_QUINTA.jpg",1200,600,false]},"rttpg_author":{"display_name":"edsonfonseca","author_link":"https:\/\/goias.gov.br\/abc\/author\/edsonfonseca\/"},"rttpg_comment":0,"rttpg_category":"<a href=\"https:\/\/goias.gov.br\/abc\/categoria\/institucional\/noticias\/\" rel=\"category tag\">Not\u00edcias<\/a>","rttpg_excerpt":"O Programa de Quinta fecha o m\u00eas da mulher destacando mais tr\u00eas nomes femininos das artes feitas em Goi\u00e1s. As apresentadoras Gra\u00e7a Torres e Maz\u00e9 Alves recebem a artista visual Ci\u00e7a Fittipaldi e as cantoras Nila Branco e Cl\u00e1udia Vieira. O programa tem reprise nesta mesma quinta-feira (27), \u00e0s 23h, e pode ser visto ainda&hellip;","_links":{"self":[{"href":"https:\/\/goias.gov.br\/abc\/wp-json\/wp\/v2\/posts\/67015","targetHints":{"allow":["GET"]}}],"collection":[{"href":"https:\/\/goias.gov.br\/abc\/wp-json\/wp\/v2\/posts"}],"about":[{"href":"https:\/\/goias.gov.br\/abc\/wp-json\/wp\/v2\/types\/post"}],"author":[{"embeddable":true,"href":"https:\/\/goias.gov.br\/abc\/wp-json\/wp\/v2\/users\/377"}],"replies":[{"embeddable":true,"href":"https:\/\/goias.gov.br\/abc\/wp-json\/wp\/v2\/comments?post=67015"}],"version-history":[{"count":2,"href":"https:\/\/goias.gov.br\/abc\/wp-json\/wp\/v2\/posts\/67015\/revisions"}],"predecessor-version":[{"id":67197,"href":"https:\/\/goias.gov.br\/abc\/wp-json\/wp\/v2\/posts\/67015\/revisions\/67197"}],"wp:featuredmedia":[{"embeddable":true,"href":"https:\/\/goias.gov.br\/abc\/wp-json\/wp\/v2\/media\/43901"}],"wp:attachment":[{"href":"https:\/\/goias.gov.br\/abc\/wp-json\/wp\/v2\/media?parent=67015"}],"wp:term":[{"taxonomy":"category","embeddable":true,"href":"https:\/\/goias.gov.br\/abc\/wp-json\/wp\/v2\/categories?post=67015"},{"taxonomy":"post_tag","embeddable":true,"href":"https:\/\/goias.gov.br\/abc\/wp-json\/wp\/v2\/tags?post=67015"}],"curies":[{"name":"wp","href":"https:\/\/api.w.org\/{rel}","templated":true}]}}