

{"id":64886,"date":"2025-03-20T10:00:24","date_gmt":"2025-03-20T13:00:24","guid":{"rendered":"https:\/\/goias.gov.br\/abc\/?p=64886"},"modified":"2025-04-09T17:21:01","modified_gmt":"2025-04-09T20:21:01","slug":"programa-de-quinta-traz-palhacada-musica-literatura-e-cinema","status":"publish","type":"post","link":"https:\/\/goias.gov.br\/abc\/programa-de-quinta-traz-palhacada-musica-literatura-e-cinema\/","title":{"rendered":"Programa de Quinta traz palha\u00e7ada, m\u00fasica, literatura e cinema"},"content":{"rendered":"\n<p>A edi\u00e7\u00e3o de hoje (20) do <em>Programa de Quinta<\/em>, que come\u00e7a \u00e0s 16h, vem cheia de cultura, com artes c\u00eanicas, m\u00fasica, literatura e cinema. Ainda aproveitando o mote do m\u00eas de mar\u00e7o em homenagem \u00e0s mulheres, Maz\u00e9 Alves e Gra\u00e7a Torres recebem ao vivo nos est\u00fadios da Brasil Central a atriz Fernanda Pimenta e tamb\u00e9m a cantora Camila Berg. O programa tem reprise nesta mesma quinta-feira, \u00e0s 23h, e pode ser conferido tamb\u00e9m pelo canal da TBC no YouTube.<\/p>\n\n\n\n<p>A atriz Fernanda Pimenta, que al\u00e9m de doutora em artes c\u00eanicas, diretora teatral e dramaturga, d\u00e1 vida \u00e0 Palha\u00e7a Malagueta. Ela vem com uma agenda extensa de espet\u00e1culos neste ano, come\u00e7ando por <em>Quando se Abrem os Guarda-chuvas<\/em>, que vai ser apresentado na Oficina Cultural Geppetto no pr\u00f3ximo dia 29, \u00e0s 20h.<\/p>\n\n\n\n<p>J\u00e1 Camila Berg come\u00e7ou sua carreira aos 15 anos como dan\u00e7arina e performer, agregando o canto e a composi\u00e7\u00e3o \u00e0s suas apresenta\u00e7\u00f5es. Ela tamb\u00e9m desenvolveu um trabalho como cover da cantora norte-americana Beyonc\u00e9, que a levou at\u00e9 ao Programa Raul Gil.<\/p>\n\n\n\n<p>E al\u00e9m das convidadas ao vivo, o <em>Programa de Quinta<\/em> abre espa\u00e7o para a literatura, com o mais novo imortal da Academia Goiana de Letras, o poeta e prosador H\u00e9lverton Baiano. Em mais de 45 anos de carreira, Baiano j\u00e1 publicou 15 livros, entre poesia, conto, romance e hist\u00f3ria. J\u00e1 o quadro <em>Cine Goi\u00e1s<\/em> recebe Victoria Nolasco, que compartilha sua trajet\u00f3ria no audiovisual goiano e destaca a import\u00e2ncia das produ\u00e7\u00f5es feitas por mulheres.<\/p>\n\n\n\n<p><strong>ABC Digital<\/strong><\/p>\n\n\n\n<figure class=\"wp-block-embed aligncenter is-type-video is-provider-youtube wp-block-embed-youtube wp-embed-aspect-4-3 wp-has-aspect-ratio\"><div class=\"wp-block-embed__wrapper\">\n<iframe title=\"\ud83c\udfad\u2728 CULTURA EM CENA: TEATRO, M\u00daSICA E LITERATURA COM GRANDES NOMES\ud83c\udfb6\ud83d\udcda| PROGRAMA DE QUINTA | 20\/03\/2025\" width=\"500\" height=\"375\" src=\"https:\/\/www.youtube.com\/embed\/UATT2V4AgVQ?feature=oembed\" frameborder=\"0\" allow=\"accelerometer; autoplay; clipboard-write; encrypted-media; gyroscope; picture-in-picture; web-share\" referrerpolicy=\"strict-origin-when-cross-origin\" allowfullscreen><\/iframe>\n<\/div><\/figure>\n","protected":false},"excerpt":{"rendered":"<p>A edi\u00e7\u00e3o de hoje (20) do Programa de Quinta, que come\u00e7a \u00e0s 16h, vem cheia de cultura, com artes c\u00eanicas, m\u00fasica, literatura e cinema. Ainda aproveitando o mote do m\u00eas de mar\u00e7o em homenagem \u00e0s mulheres, Maz\u00e9 Alves e Gra\u00e7a Torres recebem ao vivo nos est\u00fadios da Brasil Central a atriz Fernanda Pimenta e tamb\u00e9m [&hellip;]<\/p>\n","protected":false},"author":377,"featured_media":46654,"comment_status":"closed","ping_status":"open","sticky":false,"template":"","format":"standard","meta":{"footnotes":""},"categories":[39],"tags":[57],"class_list":["post-64886","post","type-post","status-publish","format-standard","has-post-thumbnail","hentry","category-noticias","tag-programacao"],"rttpg_featured_image_url":{"full":["https:\/\/goias.gov.br\/abc\/wp-content\/uploads\/sites\/23\/2024\/12\/2024.12.05_PD_QUINTA.jpg",1200,600,false],"landscape":["https:\/\/goias.gov.br\/abc\/wp-content\/uploads\/sites\/23\/2024\/12\/2024.12.05_PD_QUINTA.jpg",1200,600,false],"portraits":["https:\/\/goias.gov.br\/abc\/wp-content\/uploads\/sites\/23\/2024\/12\/2024.12.05_PD_QUINTA.jpg",1200,600,false],"thumbnail":["https:\/\/goias.gov.br\/abc\/wp-content\/uploads\/sites\/23\/2024\/12\/2024.12.05_PD_QUINTA-150x150.jpg",150,150,true],"medium":["https:\/\/goias.gov.br\/abc\/wp-content\/uploads\/sites\/23\/2024\/12\/2024.12.05_PD_QUINTA-300x150.jpg",300,150,true],"large":["https:\/\/goias.gov.br\/abc\/wp-content\/uploads\/sites\/23\/2024\/12\/2024.12.05_PD_QUINTA-1024x512.jpg",1024,512,true],"1536x1536":["https:\/\/goias.gov.br\/abc\/wp-content\/uploads\/sites\/23\/2024\/12\/2024.12.05_PD_QUINTA.jpg",1200,600,false],"2048x2048":["https:\/\/goias.gov.br\/abc\/wp-content\/uploads\/sites\/23\/2024\/12\/2024.12.05_PD_QUINTA.jpg",1200,600,false]},"rttpg_author":{"display_name":"edsonfonseca","author_link":"https:\/\/goias.gov.br\/abc\/author\/edsonfonseca\/"},"rttpg_comment":0,"rttpg_category":"<a href=\"https:\/\/goias.gov.br\/abc\/categoria\/institucional\/noticias\/\" rel=\"category tag\">Not\u00edcias<\/a>","rttpg_excerpt":"A edi\u00e7\u00e3o de hoje (20) do Programa de Quinta, que come\u00e7a \u00e0s 16h, vem cheia de cultura, com artes c\u00eanicas, m\u00fasica, literatura e cinema. Ainda aproveitando o mote do m\u00eas de mar\u00e7o em homenagem \u00e0s mulheres, Maz\u00e9 Alves e Gra\u00e7a Torres recebem ao vivo nos est\u00fadios da Brasil Central a atriz Fernanda Pimenta e tamb\u00e9m&hellip;","_links":{"self":[{"href":"https:\/\/goias.gov.br\/abc\/wp-json\/wp\/v2\/posts\/64886","targetHints":{"allow":["GET"]}}],"collection":[{"href":"https:\/\/goias.gov.br\/abc\/wp-json\/wp\/v2\/posts"}],"about":[{"href":"https:\/\/goias.gov.br\/abc\/wp-json\/wp\/v2\/types\/post"}],"author":[{"embeddable":true,"href":"https:\/\/goias.gov.br\/abc\/wp-json\/wp\/v2\/users\/377"}],"replies":[{"embeddable":true,"href":"https:\/\/goias.gov.br\/abc\/wp-json\/wp\/v2\/comments?post=64886"}],"version-history":[{"count":2,"href":"https:\/\/goias.gov.br\/abc\/wp-json\/wp\/v2\/posts\/64886\/revisions"}],"predecessor-version":[{"id":64976,"href":"https:\/\/goias.gov.br\/abc\/wp-json\/wp\/v2\/posts\/64886\/revisions\/64976"}],"wp:featuredmedia":[{"embeddable":true,"href":"https:\/\/goias.gov.br\/abc\/wp-json\/wp\/v2\/media\/46654"}],"wp:attachment":[{"href":"https:\/\/goias.gov.br\/abc\/wp-json\/wp\/v2\/media?parent=64886"}],"wp:term":[{"taxonomy":"category","embeddable":true,"href":"https:\/\/goias.gov.br\/abc\/wp-json\/wp\/v2\/categories?post=64886"},{"taxonomy":"post_tag","embeddable":true,"href":"https:\/\/goias.gov.br\/abc\/wp-json\/wp\/v2\/tags?post=64886"}],"curies":[{"name":"wp","href":"https:\/\/api.w.org\/{rel}","templated":true}]}}