

{"id":54790,"date":"2025-02-07T09:30:28","date_gmt":"2025-02-07T12:30:28","guid":{"rendered":"https:\/\/goias.gov.br\/abc\/?p=54790"},"modified":"2025-02-07T09:53:42","modified_gmt":"2025-02-07T12:53:42","slug":"goias-tem-queda-acentuada-da-criminalidade-no-meio-rural","status":"publish","type":"post","link":"https:\/\/goias.gov.br\/abc\/goias-tem-queda-acentuada-da-criminalidade-no-meio-rural\/","title":{"rendered":"Goi\u00e1s tem queda acentuada da criminalidade no meio rural"},"content":{"rendered":"\n<p>Os crimes praticados contra pessoas e patrim\u00f4nios na zona rural tiveram queda significativa de 2019 a 2024. \u00c9 o que mostra levantamento realizado pelo Observat\u00f3rio da Seguran\u00e7a P\u00fablica, divulgado nesta sexta-feira (7) no programa <em>O Mundo em Sua Casa<\/em>. No per\u00edodo avaliado, houve redu\u00e7\u00e3o de 79% no n\u00famero de roubos, 23% nos casos de furtos e 24% no registro de homic\u00eddios. Esses \u00edndices mostram o resultado positivo das a\u00e7\u00f5es governamentais no segmento da seguran\u00e7a p\u00fablica e s\u00e3o semelhantes \u00e0s varia\u00e7\u00f5es negativas ocorridas tamb\u00e9m no meio urbano.<\/p>\n\n\n\n<p>O major M\u00e1rcio Pereira de Lima, subcomandante do Batalh\u00e3o Rural, destacou em entrevista \u00e0 Brasil Central as principais a\u00e7\u00f5es que levaram \u00e0 queda de todos os \u00edndices criminais no campo. \u201cA integra\u00e7\u00e3o das for\u00e7as de seguran\u00e7a &#8211; Pol\u00edcia Militar, Pol\u00edcia Civil, Pol\u00edcia T\u00e9cnico Cient\u00edfica e Pol\u00edcia Penal &#8211; \u00a0bem como os investimentos feitos pelo governo estadual em capacita\u00e7\u00e3o profissional, equipamentos e programas de intelig\u00eancia s\u00e3o fatores fundamentais para o alcance de maior efici\u00eancia e efic\u00e1cia no combate aos crimes rurais\u201d, asseverou. Ele tamb\u00e9m alertou para a import\u00e2ncia do cadastro georrefenciado das propriedades, para que o tempo de atendimento da ocorr\u00eancia ap\u00f3s o acionamento da pol\u00edcia seja o menor poss\u00edvel.<\/p>\n\n\n\n<p><strong>ABC Digital<\/strong><\/p>\n","protected":false},"excerpt":{"rendered":"<p>Os crimes praticados contra pessoas e patrim\u00f4nios na zona rural tiveram queda significativa de 2019 a 2024. \u00c9 o que mostra levantamento realizado pelo Observat\u00f3rio da Seguran\u00e7a P\u00fablica, divulgado nesta sexta-feira (7) no programa O Mundo em Sua Casa. No per\u00edodo avaliado, houve redu\u00e7\u00e3o de 79% no n\u00famero de roubos, 23% nos casos de furtos [&hellip;]<\/p>\n","protected":false},"author":381,"featured_media":54801,"comment_status":"closed","ping_status":"open","sticky":false,"template":"","format":"standard","meta":{"footnotes":""},"categories":[39],"tags":[58],"class_list":["post-54790","post","type-post","status-publish","format-standard","has-post-thumbnail","hentry","category-noticias","tag-jornalismo"],"rttpg_featured_image_url":{"full":["https:\/\/goias.gov.br\/abc\/wp-content\/uploads\/sites\/23\/2025\/02\/2025.02.07_OMESC_CRIMES.jpg",1200,600,false],"landscape":["https:\/\/goias.gov.br\/abc\/wp-content\/uploads\/sites\/23\/2025\/02\/2025.02.07_OMESC_CRIMES.jpg",1200,600,false],"portraits":["https:\/\/goias.gov.br\/abc\/wp-content\/uploads\/sites\/23\/2025\/02\/2025.02.07_OMESC_CRIMES.jpg",1200,600,false],"thumbnail":["https:\/\/goias.gov.br\/abc\/wp-content\/uploads\/sites\/23\/2025\/02\/2025.02.07_OMESC_CRIMES-150x150.jpg",150,150,true],"medium":["https:\/\/goias.gov.br\/abc\/wp-content\/uploads\/sites\/23\/2025\/02\/2025.02.07_OMESC_CRIMES-300x150.jpg",300,150,true],"large":["https:\/\/goias.gov.br\/abc\/wp-content\/uploads\/sites\/23\/2025\/02\/2025.02.07_OMESC_CRIMES-1024x512.jpg",1024,512,true],"1536x1536":["https:\/\/goias.gov.br\/abc\/wp-content\/uploads\/sites\/23\/2025\/02\/2025.02.07_OMESC_CRIMES.jpg",1200,600,false],"2048x2048":["https:\/\/goias.gov.br\/abc\/wp-content\/uploads\/sites\/23\/2025\/02\/2025.02.07_OMESC_CRIMES.jpg",1200,600,false]},"rttpg_author":{"display_name":"paulolicio","author_link":"https:\/\/goias.gov.br\/abc\/author\/paulolicio\/"},"rttpg_comment":0,"rttpg_category":"<a href=\"https:\/\/goias.gov.br\/abc\/categoria\/institucional\/noticias\/\" rel=\"category tag\">Not\u00edcias<\/a>","rttpg_excerpt":"Os crimes praticados contra pessoas e patrim\u00f4nios na zona rural tiveram queda significativa de 2019 a 2024. \u00c9 o que mostra levantamento realizado pelo Observat\u00f3rio da Seguran\u00e7a P\u00fablica, divulgado nesta sexta-feira (7) no programa O Mundo em Sua Casa. No per\u00edodo avaliado, houve redu\u00e7\u00e3o de 79% no n\u00famero de roubos, 23% nos casos de furtos&hellip;","_links":{"self":[{"href":"https:\/\/goias.gov.br\/abc\/wp-json\/wp\/v2\/posts\/54790","targetHints":{"allow":["GET"]}}],"collection":[{"href":"https:\/\/goias.gov.br\/abc\/wp-json\/wp\/v2\/posts"}],"about":[{"href":"https:\/\/goias.gov.br\/abc\/wp-json\/wp\/v2\/types\/post"}],"author":[{"embeddable":true,"href":"https:\/\/goias.gov.br\/abc\/wp-json\/wp\/v2\/users\/381"}],"replies":[{"embeddable":true,"href":"https:\/\/goias.gov.br\/abc\/wp-json\/wp\/v2\/comments?post=54790"}],"version-history":[{"count":2,"href":"https:\/\/goias.gov.br\/abc\/wp-json\/wp\/v2\/posts\/54790\/revisions"}],"predecessor-version":[{"id":54811,"href":"https:\/\/goias.gov.br\/abc\/wp-json\/wp\/v2\/posts\/54790\/revisions\/54811"}],"wp:featuredmedia":[{"embeddable":true,"href":"https:\/\/goias.gov.br\/abc\/wp-json\/wp\/v2\/media\/54801"}],"wp:attachment":[{"href":"https:\/\/goias.gov.br\/abc\/wp-json\/wp\/v2\/media?parent=54790"}],"wp:term":[{"taxonomy":"category","embeddable":true,"href":"https:\/\/goias.gov.br\/abc\/wp-json\/wp\/v2\/categories?post=54790"},{"taxonomy":"post_tag","embeddable":true,"href":"https:\/\/goias.gov.br\/abc\/wp-json\/wp\/v2\/tags?post=54790"}],"curies":[{"name":"wp","href":"https:\/\/api.w.org\/{rel}","templated":true}]}}