

{"id":53727,"date":"2025-02-04T08:20:00","date_gmt":"2025-02-04T11:20:00","guid":{"rendered":"https:\/\/goias.gov.br\/abc\/?p=53727"},"modified":"2025-02-05T10:05:22","modified_gmt":"2025-02-05T13:05:22","slug":"boa-noite-goias-abre-temporada-2025-com-sandro-mabel","status":"publish","type":"post","link":"https:\/\/goias.gov.br\/abc\/boa-noite-goias-abre-temporada-2025-com-sandro-mabel\/","title":{"rendered":"Boa Noite Goi\u00e1s abre temporada 2025 com Sandro Mabel"},"content":{"rendered":"\n<p>O <em>Boa Noite Goi\u00e1s<\/em>, apresentado por Paulo Beringhs, est\u00e1 de volta nesta ter\u00e7a-feira (4). O entrevistado da estreia da temporada 2025 \u00e9 o prefeito de Goi\u00e2nia, Sandro Mabel. O programa ser\u00e1 exibido \u00e0s 22h30, logo ap\u00f3s <a href=\"https:\/\/goias.gov.br\/abc\/7a-rodada-do-goianao-tbc-exibe-atletico-x-goiatuba\/\" data-type=\"post\" data-id=\"53513\">a transmiss\u00e3o do jogo Atl\u00e9tico Goianiense x Goiatuba, v\u00e1lido pela s\u00e9tima rodada do Goian\u00e3o 2025<\/a>. O <em><em>Boa Noite Goi\u00e1s<\/em><\/em> tamb\u00e9m pode ser visto no canal do YouTube da TV Brasil Central e pelo aplicativo TBC Flix.<\/p>\n\n\n\n<p>Em entrevista \u00e0 TBC, Sandro Mabel citou alguns resultados obtidos durante os primeiros dias de sua gest\u00e3o: oferta de mais vagas nos Centros Municipais de Educa\u00e7\u00e3o Infantil (Cmeis), avan\u00e7os nas \u00e1reas da sa\u00fade municipal e tr\u00e2nsito, al\u00e9m da realiza\u00e7\u00e3o de mutir\u00f5es de limpeza nos bairros da capital. \u201cConvido voc\u00ea, telespectador. Nos acompanhe. A gente esteve fora do ar durante um m\u00eas, de f\u00e9rias, mas agora a gente voltou com todo o g\u00e1s\u201d, disse Paulo Beringhs.<\/p>\n\n\n\n<p>O <em>Boa Noite Goi\u00e1s<\/em> \u00e9 exibido \u00e0s ter\u00e7as, quartas e quintas-feiras. Durante o Campeonato Goiano de Futebol, que vai at\u00e9 o fim de mar\u00e7o pr\u00f3ximo, ser\u00e1 exibido excepcionalmente \u00e0s 22h30.<\/p>\n\n\n\n<p><strong>ABC Digital<\/strong><\/p>\n\n\n\n<figure class=\"wp-block-embed aligncenter is-type-video is-provider-youtube wp-block-embed-youtube wp-embed-aspect-16-9 wp-has-aspect-ratio\"><div class=\"wp-block-embed__wrapper\">\n<iframe title=\"O MUNDO EM SUA CASA |04-02| Sandro Mabel participa do Programa Boa Noite Goi\u00e1s\" width=\"500\" height=\"281\" src=\"https:\/\/www.youtube.com\/embed\/GAYrw4VZMFM?feature=oembed\" frameborder=\"0\" allow=\"accelerometer; autoplay; clipboard-write; encrypted-media; gyroscope; picture-in-picture; web-share\" referrerpolicy=\"strict-origin-when-cross-origin\" allowfullscreen><\/iframe>\n<\/div><\/figure>\n\n\n\n<p><\/p>\n","protected":false},"excerpt":{"rendered":"<p>O Boa Noite Goi\u00e1s, apresentado por Paulo Beringhs, est\u00e1 de volta nesta ter\u00e7a-feira (4). O entrevistado da estreia da temporada 2025 \u00e9 o prefeito de Goi\u00e2nia, Sandro Mabel. O programa ser\u00e1 exibido \u00e0s 22h30, logo ap\u00f3s a transmiss\u00e3o do jogo Atl\u00e9tico Goianiense x Goiatuba, v\u00e1lido pela s\u00e9tima rodada do Goian\u00e3o 2025. O Boa Noite Goi\u00e1s [&hellip;]<\/p>\n","protected":false},"author":379,"featured_media":53785,"comment_status":"closed","ping_status":"open","sticky":false,"template":"","format":"standard","meta":{"footnotes":""},"categories":[39],"tags":[57],"class_list":["post-53727","post","type-post","status-publish","format-standard","has-post-thumbnail","hentry","category-noticias","tag-programacao"],"rttpg_featured_image_url":{"full":["https:\/\/goias.gov.br\/abc\/wp-content\/uploads\/sites\/23\/2025\/02\/2025.02.04_OMESC_BNG.jpg",1200,600,false],"landscape":["https:\/\/goias.gov.br\/abc\/wp-content\/uploads\/sites\/23\/2025\/02\/2025.02.04_OMESC_BNG.jpg",1200,600,false],"portraits":["https:\/\/goias.gov.br\/abc\/wp-content\/uploads\/sites\/23\/2025\/02\/2025.02.04_OMESC_BNG.jpg",1200,600,false],"thumbnail":["https:\/\/goias.gov.br\/abc\/wp-content\/uploads\/sites\/23\/2025\/02\/2025.02.04_OMESC_BNG-150x150.jpg",150,150,true],"medium":["https:\/\/goias.gov.br\/abc\/wp-content\/uploads\/sites\/23\/2025\/02\/2025.02.04_OMESC_BNG-300x150.jpg",300,150,true],"large":["https:\/\/goias.gov.br\/abc\/wp-content\/uploads\/sites\/23\/2025\/02\/2025.02.04_OMESC_BNG-1024x512.jpg",1024,512,true],"1536x1536":["https:\/\/goias.gov.br\/abc\/wp-content\/uploads\/sites\/23\/2025\/02\/2025.02.04_OMESC_BNG.jpg",1200,600,false],"2048x2048":["https:\/\/goias.gov.br\/abc\/wp-content\/uploads\/sites\/23\/2025\/02\/2025.02.04_OMESC_BNG.jpg",1200,600,false]},"rttpg_author":{"display_name":"marizasantana","author_link":"https:\/\/goias.gov.br\/abc\/author\/marizasantana\/"},"rttpg_comment":0,"rttpg_category":"<a href=\"https:\/\/goias.gov.br\/abc\/categoria\/institucional\/noticias\/\" rel=\"category tag\">Not\u00edcias<\/a>","rttpg_excerpt":"O Boa Noite Goi\u00e1s, apresentado por Paulo Beringhs, est\u00e1 de volta nesta ter\u00e7a-feira (4). O entrevistado da estreia da temporada 2025 \u00e9 o prefeito de Goi\u00e2nia, Sandro Mabel. O programa ser\u00e1 exibido \u00e0s 22h30, logo ap\u00f3s a transmiss\u00e3o do jogo Atl\u00e9tico Goianiense x Goiatuba, v\u00e1lido pela s\u00e9tima rodada do Goian\u00e3o 2025. O Boa Noite Goi\u00e1s&hellip;","_links":{"self":[{"href":"https:\/\/goias.gov.br\/abc\/wp-json\/wp\/v2\/posts\/53727","targetHints":{"allow":["GET"]}}],"collection":[{"href":"https:\/\/goias.gov.br\/abc\/wp-json\/wp\/v2\/posts"}],"about":[{"href":"https:\/\/goias.gov.br\/abc\/wp-json\/wp\/v2\/types\/post"}],"author":[{"embeddable":true,"href":"https:\/\/goias.gov.br\/abc\/wp-json\/wp\/v2\/users\/379"}],"replies":[{"embeddable":true,"href":"https:\/\/goias.gov.br\/abc\/wp-json\/wp\/v2\/comments?post=53727"}],"version-history":[{"count":2,"href":"https:\/\/goias.gov.br\/abc\/wp-json\/wp\/v2\/posts\/53727\/revisions"}],"predecessor-version":[{"id":53989,"href":"https:\/\/goias.gov.br\/abc\/wp-json\/wp\/v2\/posts\/53727\/revisions\/53989"}],"wp:featuredmedia":[{"embeddable":true,"href":"https:\/\/goias.gov.br\/abc\/wp-json\/wp\/v2\/media\/53785"}],"wp:attachment":[{"href":"https:\/\/goias.gov.br\/abc\/wp-json\/wp\/v2\/media?parent=53727"}],"wp:term":[{"taxonomy":"category","embeddable":true,"href":"https:\/\/goias.gov.br\/abc\/wp-json\/wp\/v2\/categories?post=53727"},{"taxonomy":"post_tag","embeddable":true,"href":"https:\/\/goias.gov.br\/abc\/wp-json\/wp\/v2\/tags?post=53727"}],"curies":[{"name":"wp","href":"https:\/\/api.w.org\/{rel}","templated":true}]}}