

{"id":53565,"date":"2025-02-04T07:50:00","date_gmt":"2025-02-04T10:50:00","guid":{"rendered":"https:\/\/goias.gov.br\/abc\/?p=53565"},"modified":"2025-02-04T14:57:21","modified_gmt":"2025-02-04T17:57:21","slug":"governo-de-goias-tera-missao-a-india","status":"publish","type":"post","link":"https:\/\/goias.gov.br\/abc\/governo-de-goias-tera-missao-a-india\/","title":{"rendered":"Governo de Goi\u00e1s ter\u00e1 miss\u00e3o \u00e0 \u00cdndia"},"content":{"rendered":"\n<p>Depois de alguns meses de negocia\u00e7\u00e3o, a \u00cdndia se confirmou como pr\u00f3ximo destino para miss\u00e3o internacional do governo de Goi\u00e1s. A comitiva, liderada pelo governador Ronaldo Caiado, contar\u00e1 com agentes do governo, deputados, empres\u00e1rios e representantes do terceiro setor. \u201cN\u00f3s vamos apresentar Goi\u00e1s como uma vitrine de investimentos para o governo da \u00cdndia, para demonstrar as potencialidades e ter a atra\u00e7\u00e3o de empres\u00e1rios indianos e do pr\u00f3prio governo, fazendo acordos bilaterais\u201d, explicou o diretor do Goi\u00e1s Parcerias Diego Soares, em entrevista para a TV Brasil Central nesta segunda-feira (3).<\/p>\n\n\n\n<p>Paulo Azevedo, CEO da da C\u00e2mara de Com\u00e9rcio e Ind\u00fastria Indo-Brasileira, explicou que v\u00e3o ser visitadas duas cidades, a capital Nova Delhi e Mumbai. \u201cVamos fazer um evento na embaixada brasileira, chamado Investe Goi\u00e1s\u201d, relatou. O foco das apresenta\u00e7\u00f5es ser\u00e3o as \u00e1reas farmac\u00eautica, de energia, agroneg\u00f3cios e turismo. A \u00cdndia, como parceiro comercial, possui atra\u00e7\u00f5es para Goi\u00e1s, como fornecimento de mat\u00e9rias-primas para as ind\u00fastrias farmac\u00eauticas, tecnologia industrial e energia renov\u00e1vel.<\/p>\n\n\n\n<p><strong>ABC Digital<\/strong><\/p>\n\n\n\n<figure class=\"wp-block-embed aligncenter is-type-video is-provider-youtube wp-block-embed-youtube wp-embed-aspect-16-9 wp-has-aspect-ratio\"><div class=\"wp-block-embed__wrapper\">\n<iframe title=\"O MUNDO EM SUA CASA |04-02| Governo de Goi\u00e1s ter\u00e1 Miss\u00e3o na \u00cdndia\" width=\"500\" height=\"281\" src=\"https:\/\/www.youtube.com\/embed\/OnGQ23sQa4w?feature=oembed\" frameborder=\"0\" allow=\"accelerometer; autoplay; clipboard-write; encrypted-media; gyroscope; picture-in-picture; web-share\" referrerpolicy=\"strict-origin-when-cross-origin\" allowfullscreen><\/iframe>\n<\/div><\/figure>\n","protected":false},"excerpt":{"rendered":"<p>Depois de alguns meses de negocia\u00e7\u00e3o, a \u00cdndia se confirmou como pr\u00f3ximo destino para miss\u00e3o internacional do governo de Goi\u00e1s. A comitiva, liderada pelo governador Ronaldo Caiado, contar\u00e1 com agentes do governo, deputados, empres\u00e1rios e representantes do terceiro setor. \u201cN\u00f3s vamos apresentar Goi\u00e1s como uma vitrine de investimentos para o governo da \u00cdndia, para demonstrar [&hellip;]<\/p>\n","protected":false},"author":380,"featured_media":53567,"comment_status":"closed","ping_status":"open","sticky":false,"template":"","format":"standard","meta":{"footnotes":""},"categories":[39],"tags":[58],"class_list":["post-53565","post","type-post","status-publish","format-standard","has-post-thumbnail","hentry","category-noticias","tag-jornalismo"],"rttpg_featured_image_url":{"full":["https:\/\/goias.gov.br\/abc\/wp-content\/uploads\/sites\/23\/2025\/02\/3.2_NEWS_INDIA.jpg",1200,600,false],"landscape":["https:\/\/goias.gov.br\/abc\/wp-content\/uploads\/sites\/23\/2025\/02\/3.2_NEWS_INDIA.jpg",1200,600,false],"portraits":["https:\/\/goias.gov.br\/abc\/wp-content\/uploads\/sites\/23\/2025\/02\/3.2_NEWS_INDIA.jpg",1200,600,false],"thumbnail":["https:\/\/goias.gov.br\/abc\/wp-content\/uploads\/sites\/23\/2025\/02\/3.2_NEWS_INDIA-150x150.jpg",150,150,true],"medium":["https:\/\/goias.gov.br\/abc\/wp-content\/uploads\/sites\/23\/2025\/02\/3.2_NEWS_INDIA-300x150.jpg",300,150,true],"large":["https:\/\/goias.gov.br\/abc\/wp-content\/uploads\/sites\/23\/2025\/02\/3.2_NEWS_INDIA-1024x512.jpg",1024,512,true],"1536x1536":["https:\/\/goias.gov.br\/abc\/wp-content\/uploads\/sites\/23\/2025\/02\/3.2_NEWS_INDIA.jpg",1200,600,false],"2048x2048":["https:\/\/goias.gov.br\/abc\/wp-content\/uploads\/sites\/23\/2025\/02\/3.2_NEWS_INDIA.jpg",1200,600,false]},"rttpg_author":{"display_name":"nadialima","author_link":"https:\/\/goias.gov.br\/abc\/author\/nadialima\/"},"rttpg_comment":0,"rttpg_category":"<a href=\"https:\/\/goias.gov.br\/abc\/categoria\/institucional\/noticias\/\" rel=\"category tag\">Not\u00edcias<\/a>","rttpg_excerpt":"Depois de alguns meses de negocia\u00e7\u00e3o, a \u00cdndia se confirmou como pr\u00f3ximo destino para miss\u00e3o internacional do governo de Goi\u00e1s. A comitiva, liderada pelo governador Ronaldo Caiado, contar\u00e1 com agentes do governo, deputados, empres\u00e1rios e representantes do terceiro setor. \u201cN\u00f3s vamos apresentar Goi\u00e1s como uma vitrine de investimentos para o governo da \u00cdndia, para demonstrar&hellip;","_links":{"self":[{"href":"https:\/\/goias.gov.br\/abc\/wp-json\/wp\/v2\/posts\/53565","targetHints":{"allow":["GET"]}}],"collection":[{"href":"https:\/\/goias.gov.br\/abc\/wp-json\/wp\/v2\/posts"}],"about":[{"href":"https:\/\/goias.gov.br\/abc\/wp-json\/wp\/v2\/types\/post"}],"author":[{"embeddable":true,"href":"https:\/\/goias.gov.br\/abc\/wp-json\/wp\/v2\/users\/380"}],"replies":[{"embeddable":true,"href":"https:\/\/goias.gov.br\/abc\/wp-json\/wp\/v2\/comments?post=53565"}],"version-history":[{"count":2,"href":"https:\/\/goias.gov.br\/abc\/wp-json\/wp\/v2\/posts\/53565\/revisions"}],"predecessor-version":[{"id":54002,"href":"https:\/\/goias.gov.br\/abc\/wp-json\/wp\/v2\/posts\/53565\/revisions\/54002"}],"wp:featuredmedia":[{"embeddable":true,"href":"https:\/\/goias.gov.br\/abc\/wp-json\/wp\/v2\/media\/53567"}],"wp:attachment":[{"href":"https:\/\/goias.gov.br\/abc\/wp-json\/wp\/v2\/media?parent=53565"}],"wp:term":[{"taxonomy":"category","embeddable":true,"href":"https:\/\/goias.gov.br\/abc\/wp-json\/wp\/v2\/categories?post=53565"},{"taxonomy":"post_tag","embeddable":true,"href":"https:\/\/goias.gov.br\/abc\/wp-json\/wp\/v2\/tags?post=53565"}],"curies":[{"name":"wp","href":"https:\/\/api.w.org\/{rel}","templated":true}]}}