

{"id":52317,"date":"2025-01-27T08:41:00","date_gmt":"2025-01-27T11:41:00","guid":{"rendered":"https:\/\/goias.gov.br\/abc\/?p=52317"},"modified":"2025-01-27T09:48:25","modified_gmt":"2025-01-27T12:48:25","slug":"esplanada-do-oscar-niemeyer-volta-a-funcionar-como-area-de-lazer","status":"publish","type":"post","link":"https:\/\/goias.gov.br\/abc\/esplanada-do-oscar-niemeyer-volta-a-funcionar-como-area-de-lazer\/","title":{"rendered":"Esplanada do Oscar Niemeyer volta a funcionar como \u00e1rea de lazer"},"content":{"rendered":"\n<p>Ap\u00f3s o per\u00edodo de recesso para dar lugar \u00e0 realiza\u00e7\u00e3o do Natal do Bem, a esplanada do Centro Cultural Oscar Niemeyer (CCON), em Goi\u00e2nia, volta a receber pessoas para atividades de lazer como patina\u00e7\u00e3o, ciclismo, peteca, jogos e competi\u00e7\u00f5es. Em entrevista \u00e0 Brasil Central, o superintendente do Centro, Diego Moura, aproveitou para convidar a popula\u00e7\u00e3o a desfrutar do espa\u00e7o. \u201cA esplanada do CCON \u00e9 um local seguro, com estacionamento amplo e gratuito e agora, terminadas as atividades do Natal do Bem, volta a ficar dispon\u00edvel para uso pelas pessoas\u201d, declarou.<\/p>\n\n\n\n<p>Conforme Diego Moura, o local disp\u00f5e de amplo estacionamento gratuito e \u00e9 muito apropriado para receber crian\u00e7as e pets, que podem brincar com seguran\u00e7a e total liberdade. Ele anunciou tamb\u00e9m a realiza\u00e7\u00e3o de uma s\u00e9rie de eventos no local ao longo do ano, incluindo feiras, shows art\u00edsticos, performances e outros. Um dos primeiros eventos ser\u00e1 a Feira de Artes de Goi\u00e1s (Fargo), prevista para maio, que inclui tamb\u00e9m a realiza\u00e7\u00e3o de diversos shows.<\/p>\n\n\n\n<p><strong>ABC Digital<\/strong><\/p>\n","protected":false},"excerpt":{"rendered":"<p>Ap\u00f3s o per\u00edodo de recesso para dar lugar \u00e0 realiza\u00e7\u00e3o do Natal do Bem, a esplanada do Centro Cultural Oscar Niemeyer (CCON), em Goi\u00e2nia, volta a receber pessoas para atividades de lazer como patina\u00e7\u00e3o, ciclismo, peteca, jogos e competi\u00e7\u00f5es. Em entrevista \u00e0 Brasil Central, o superintendente do Centro, Diego Moura, aproveitou para convidar a popula\u00e7\u00e3o [&hellip;]<\/p>\n","protected":false},"author":381,"featured_media":52333,"comment_status":"closed","ping_status":"open","sticky":false,"template":"","format":"standard","meta":{"footnotes":""},"categories":[39],"tags":[58],"class_list":["post-52317","post","type-post","status-publish","format-standard","has-post-thumbnail","hentry","category-noticias","tag-jornalismo"],"rttpg_featured_image_url":{"full":["https:\/\/goias.gov.br\/abc\/wp-content\/uploads\/sites\/23\/2025\/01\/2025.01.27_JBC_CCON.jpg",1200,600,false],"landscape":["https:\/\/goias.gov.br\/abc\/wp-content\/uploads\/sites\/23\/2025\/01\/2025.01.27_JBC_CCON.jpg",1200,600,false],"portraits":["https:\/\/goias.gov.br\/abc\/wp-content\/uploads\/sites\/23\/2025\/01\/2025.01.27_JBC_CCON.jpg",1200,600,false],"thumbnail":["https:\/\/goias.gov.br\/abc\/wp-content\/uploads\/sites\/23\/2025\/01\/2025.01.27_JBC_CCON-150x150.jpg",150,150,true],"medium":["https:\/\/goias.gov.br\/abc\/wp-content\/uploads\/sites\/23\/2025\/01\/2025.01.27_JBC_CCON-300x150.jpg",300,150,true],"large":["https:\/\/goias.gov.br\/abc\/wp-content\/uploads\/sites\/23\/2025\/01\/2025.01.27_JBC_CCON-1024x512.jpg",1024,512,true],"1536x1536":["https:\/\/goias.gov.br\/abc\/wp-content\/uploads\/sites\/23\/2025\/01\/2025.01.27_JBC_CCON.jpg",1200,600,false],"2048x2048":["https:\/\/goias.gov.br\/abc\/wp-content\/uploads\/sites\/23\/2025\/01\/2025.01.27_JBC_CCON.jpg",1200,600,false]},"rttpg_author":{"display_name":"paulolicio","author_link":"https:\/\/goias.gov.br\/abc\/author\/paulolicio\/"},"rttpg_comment":0,"rttpg_category":"<a href=\"https:\/\/goias.gov.br\/abc\/categoria\/institucional\/noticias\/\" rel=\"category tag\">Not\u00edcias<\/a>","rttpg_excerpt":"Ap\u00f3s o per\u00edodo de recesso para dar lugar \u00e0 realiza\u00e7\u00e3o do Natal do Bem, a esplanada do Centro Cultural Oscar Niemeyer (CCON), em Goi\u00e2nia, volta a receber pessoas para atividades de lazer como patina\u00e7\u00e3o, ciclismo, peteca, jogos e competi\u00e7\u00f5es. Em entrevista \u00e0 Brasil Central, o superintendente do Centro, Diego Moura, aproveitou para convidar a popula\u00e7\u00e3o&hellip;","_links":{"self":[{"href":"https:\/\/goias.gov.br\/abc\/wp-json\/wp\/v2\/posts\/52317","targetHints":{"allow":["GET"]}}],"collection":[{"href":"https:\/\/goias.gov.br\/abc\/wp-json\/wp\/v2\/posts"}],"about":[{"href":"https:\/\/goias.gov.br\/abc\/wp-json\/wp\/v2\/types\/post"}],"author":[{"embeddable":true,"href":"https:\/\/goias.gov.br\/abc\/wp-json\/wp\/v2\/users\/381"}],"replies":[{"embeddable":true,"href":"https:\/\/goias.gov.br\/abc\/wp-json\/wp\/v2\/comments?post=52317"}],"version-history":[{"count":2,"href":"https:\/\/goias.gov.br\/abc\/wp-json\/wp\/v2\/posts\/52317\/revisions"}],"predecessor-version":[{"id":52343,"href":"https:\/\/goias.gov.br\/abc\/wp-json\/wp\/v2\/posts\/52317\/revisions\/52343"}],"wp:featuredmedia":[{"embeddable":true,"href":"https:\/\/goias.gov.br\/abc\/wp-json\/wp\/v2\/media\/52333"}],"wp:attachment":[{"href":"https:\/\/goias.gov.br\/abc\/wp-json\/wp\/v2\/media?parent=52317"}],"wp:term":[{"taxonomy":"category","embeddable":true,"href":"https:\/\/goias.gov.br\/abc\/wp-json\/wp\/v2\/categories?post=52317"},{"taxonomy":"post_tag","embeddable":true,"href":"https:\/\/goias.gov.br\/abc\/wp-json\/wp\/v2\/tags?post=52317"}],"curies":[{"name":"wp","href":"https:\/\/api.w.org\/{rel}","templated":true}]}}