

{"id":50565,"date":"2025-01-06T17:03:22","date_gmt":"2025-01-06T20:03:22","guid":{"rendered":"https:\/\/goias.gov.br\/abc\/?p=50565"},"modified":"2025-01-06T17:03:22","modified_gmt":"2025-01-06T20:03:22","slug":"saude-volta-a-alertar-sobre-cuidados-para-evitar-a-dengue","status":"publish","type":"post","link":"https:\/\/goias.gov.br\/abc\/saude-volta-a-alertar-sobre-cuidados-para-evitar-a-dengue\/","title":{"rendered":"Sa\u00fade volta a alertar sobre cuidados para evitar a dengue"},"content":{"rendered":"\n<p>A Secretaria de Sa\u00fade de Goi\u00e1s (SES) faz alerta para que as pessoas intensifiquem os cuidados no combate \u00e0 prolifera\u00e7\u00e3o do mosquito Aedes aegypti nesse per\u00edodo de chuvas. Em entrevista ao <em>Jornal Brasil Central<\/em> nessa segunda-feira (6), Murilo do Carmo, coordenador de Dengue, Chikungunia e Zika da SES, disse que 2024 foi o pior cen\u00e1rio de epidemia de dengue, com mais de 400 mil casos, constatando um aumento de 300% em rela\u00e7\u00e3o a 2023, e mais de 400 mortes registradas. Esses dados, segundo ele, s\u00e3o realmente muito preocupantes.<\/p>\n\n\n\n<p>Ressaltou a necessidade dos cuidados b\u00e1sicos com a \u00e1gua e afirmou que na capital, em 60% dos im\u00f3veis onde \u00e9 preciso entrar de maneira compuls\u00f3ria, existe o foco do Aedes aegypti. Segundo ele, apenas um im\u00f3vel fechado coloca em xeque todo o trabalho realizado pelos agentes de sa\u00fade. Murilo conclamou a sociedade de uma maneira geral a se transformar em agente de sa\u00fade, porque, afirmou, a popula\u00e7\u00e3o j\u00e1 sabe quais os procedimentos para evitar a prolifera\u00e7\u00e3o do mosquito e precisa contribuir.<\/p>\n\n\n\n<p><strong>ABC Digital<\/strong><\/p>\n\n\n\n<p><\/p>\n","protected":false},"excerpt":{"rendered":"<p>A Secretaria de Sa\u00fade de Goi\u00e1s (SES) faz alerta para que as pessoas intensifiquem os cuidados no combate \u00e0 prolifera\u00e7\u00e3o do mosquito Aedes aegypti nesse per\u00edodo de chuvas. Em entrevista ao Jornal Brasil Central nessa segunda-feira (6), Murilo do Carmo, coordenador de Dengue, Chikungunia e Zika da SES, disse que 2024 foi o pior cen\u00e1rio [&hellip;]<\/p>\n","protected":false},"author":378,"featured_media":50566,"comment_status":"closed","ping_status":"open","sticky":false,"template":"","format":"standard","meta":{"footnotes":""},"categories":[39],"tags":[58],"class_list":["post-50565","post","type-post","status-publish","format-standard","has-post-thumbnail","hentry","category-noticias","tag-jornalismo"],"rttpg_featured_image_url":{"full":["https:\/\/goias.gov.br\/abc\/wp-content\/uploads\/sites\/23\/2025\/01\/WhatsApp-Image-2025-01-06-at-14.51.05.jpeg",583,344,false],"landscape":["https:\/\/goias.gov.br\/abc\/wp-content\/uploads\/sites\/23\/2025\/01\/WhatsApp-Image-2025-01-06-at-14.51.05.jpeg",583,344,false],"portraits":["https:\/\/goias.gov.br\/abc\/wp-content\/uploads\/sites\/23\/2025\/01\/WhatsApp-Image-2025-01-06-at-14.51.05.jpeg",583,344,false],"thumbnail":["https:\/\/goias.gov.br\/abc\/wp-content\/uploads\/sites\/23\/2025\/01\/WhatsApp-Image-2025-01-06-at-14.51.05-150x150.jpeg",150,150,true],"medium":["https:\/\/goias.gov.br\/abc\/wp-content\/uploads\/sites\/23\/2025\/01\/WhatsApp-Image-2025-01-06-at-14.51.05-300x177.jpeg",300,177,true],"large":["https:\/\/goias.gov.br\/abc\/wp-content\/uploads\/sites\/23\/2025\/01\/WhatsApp-Image-2025-01-06-at-14.51.05.jpeg",583,344,false],"1536x1536":["https:\/\/goias.gov.br\/abc\/wp-content\/uploads\/sites\/23\/2025\/01\/WhatsApp-Image-2025-01-06-at-14.51.05.jpeg",583,344,false],"2048x2048":["https:\/\/goias.gov.br\/abc\/wp-content\/uploads\/sites\/23\/2025\/01\/WhatsApp-Image-2025-01-06-at-14.51.05.jpeg",583,344,false]},"rttpg_author":{"display_name":"helvertonsilva","author_link":"https:\/\/goias.gov.br\/abc\/author\/helvertonsilva\/"},"rttpg_comment":0,"rttpg_category":"<a href=\"https:\/\/goias.gov.br\/abc\/categoria\/institucional\/noticias\/\" rel=\"category tag\">Not\u00edcias<\/a>","rttpg_excerpt":"A Secretaria de Sa\u00fade de Goi\u00e1s (SES) faz alerta para que as pessoas intensifiquem os cuidados no combate \u00e0 prolifera\u00e7\u00e3o do mosquito Aedes aegypti nesse per\u00edodo de chuvas. Em entrevista ao Jornal Brasil Central nessa segunda-feira (6), Murilo do Carmo, coordenador de Dengue, Chikungunia e Zika da SES, disse que 2024 foi o pior cen\u00e1rio&hellip;","_links":{"self":[{"href":"https:\/\/goias.gov.br\/abc\/wp-json\/wp\/v2\/posts\/50565","targetHints":{"allow":["GET"]}}],"collection":[{"href":"https:\/\/goias.gov.br\/abc\/wp-json\/wp\/v2\/posts"}],"about":[{"href":"https:\/\/goias.gov.br\/abc\/wp-json\/wp\/v2\/types\/post"}],"author":[{"embeddable":true,"href":"https:\/\/goias.gov.br\/abc\/wp-json\/wp\/v2\/users\/378"}],"replies":[{"embeddable":true,"href":"https:\/\/goias.gov.br\/abc\/wp-json\/wp\/v2\/comments?post=50565"}],"version-history":[{"count":2,"href":"https:\/\/goias.gov.br\/abc\/wp-json\/wp\/v2\/posts\/50565\/revisions"}],"predecessor-version":[{"id":50574,"href":"https:\/\/goias.gov.br\/abc\/wp-json\/wp\/v2\/posts\/50565\/revisions\/50574"}],"wp:featuredmedia":[{"embeddable":true,"href":"https:\/\/goias.gov.br\/abc\/wp-json\/wp\/v2\/media\/50566"}],"wp:attachment":[{"href":"https:\/\/goias.gov.br\/abc\/wp-json\/wp\/v2\/media?parent=50565"}],"wp:term":[{"taxonomy":"category","embeddable":true,"href":"https:\/\/goias.gov.br\/abc\/wp-json\/wp\/v2\/categories?post=50565"},{"taxonomy":"post_tag","embeddable":true,"href":"https:\/\/goias.gov.br\/abc\/wp-json\/wp\/v2\/tags?post=50565"}],"curies":[{"name":"wp","href":"https:\/\/api.w.org\/{rel}","templated":true}]}}