

{"id":49580,"date":"2024-12-31T08:00:00","date_gmt":"2024-12-31T11:00:00","guid":{"rendered":"https:\/\/goias.gov.br\/abc\/?p=49580"},"modified":"2024-12-31T10:28:03","modified_gmt":"2024-12-31T13:28:03","slug":"tbc-pop-apresenta-a-retrospectiva-de-2024","status":"publish","type":"post","link":"https:\/\/goias.gov.br\/abc\/tbc-pop-apresenta-a-retrospectiva-de-2024\/","title":{"rendered":"TBC Pop apresenta a retrospectiva de 2024"},"content":{"rendered":"\n<p>O <em>TBC Pop<\/em> apresenta nesta ter\u00e7a-feira (31), a partir das 16 horas, a sua retrospectiva de 2024. O programa ser\u00e1 especial e repleto de emo\u00e7\u00e3o, risadas e momentos inesquec\u00edveis. Porque ao longo deste ano, o <em>TBC Pop<\/em> trouxe hist\u00f3rias tocantes, entrevistas marcantes e aquela dose extra de divers\u00e3o que j\u00e1 virou sua marca registrada.&nbsp;<\/p>\n\n\n\n<p>Com a companhia de Mariana Gidr\u00e3o, Geovanna Costa e Rener Arantes, o programa vai revisitar os epis\u00f3dios mais ic\u00f4nicos, os bastidores curiosos e at\u00e9 aquelas situa\u00e7\u00f5es engra\u00e7adas, que s\u00f3 quem est\u00e1 no est\u00fadio sabe como acontecem. Os telespectadores ter\u00e3o espa\u00e7o especial, por meio de depoimentos cheios de carinho e participa\u00e7\u00f5es emocionantes.&nbsp;<\/p>\n\n\n\n<p>Mas o programa n\u00e3o vai falar somente sobre o passado. Trar\u00e1 tamb\u00e9m reflex\u00f5es sobre o novo ciclo que chega, com mensagens inspiradoras para 2025. Para isso, a equipe completa do <em>TBC Pop<\/em> estar\u00e1 reunida no est\u00fadio, mostrando o que acontece por tr\u00e1s das c\u00e2meras e compartilhando desejos de um ano novo repleto de conquistas. A atra\u00e7\u00e3o musical ficar\u00e1 a cargo do cantor Paulinho Braga. O <em>TBC Pop<\/em> \u00e9 exibido no canais 13.1 (aberto), &nbsp;20 (Net) el 303 (Sky). Tem reprise na ter\u00e7a-feira \u00e0s 23h, al\u00e9m de ficar dispon\u00edvel no YouTube da TV Brasil Central.&nbsp;<\/p>\n\n\n\n<p><strong>ABC Digital<\/strong><\/p>\n\n\n\n<figure class=\"wp-block-embed aligncenter is-type-video is-provider-youtube wp-block-embed-youtube wp-embed-aspect-16-9 wp-has-aspect-ratio\"><div class=\"wp-block-embed__wrapper\">\n<iframe title=\"\u2728 RETROSPECTIVA \u00c9 POP \u2013 RELEMBRANDO 2024 COM EMO\u00c7\u00c3O E ALEGRIA!\ud83c\udf89 | TBC POP | 31\/12\/2024\" width=\"500\" height=\"281\" src=\"https:\/\/www.youtube.com\/embed\/7zTbJa_JLCs?feature=oembed\" frameborder=\"0\" allow=\"accelerometer; autoplay; clipboard-write; encrypted-media; gyroscope; picture-in-picture; web-share\" referrerpolicy=\"strict-origin-when-cross-origin\" allowfullscreen><\/iframe>\n<\/div><\/figure>\n","protected":false},"excerpt":{"rendered":"<p>O TBC Pop apresenta nesta ter\u00e7a-feira (31), a partir das 16 horas, a sua retrospectiva de 2024. O programa ser\u00e1 especial e repleto de emo\u00e7\u00e3o, risadas e momentos inesquec\u00edveis. Porque ao longo deste ano, o TBC Pop trouxe hist\u00f3rias tocantes, entrevistas marcantes e aquela dose extra de divers\u00e3o que j\u00e1 virou sua marca registrada.&nbsp; Com [&hellip;]<\/p>\n","protected":false},"author":379,"featured_media":50296,"comment_status":"closed","ping_status":"open","sticky":false,"template":"","format":"standard","meta":{"footnotes":""},"categories":[39],"tags":[57],"class_list":["post-49580","post","type-post","status-publish","format-standard","has-post-thumbnail","hentry","category-noticias","tag-programacao"],"rttpg_featured_image_url":{"full":["https:\/\/goias.gov.br\/abc\/wp-content\/uploads\/sites\/23\/2024\/12\/2024.12.31_TBC_POP.jpg",1200,600,false],"landscape":["https:\/\/goias.gov.br\/abc\/wp-content\/uploads\/sites\/23\/2024\/12\/2024.12.31_TBC_POP.jpg",1200,600,false],"portraits":["https:\/\/goias.gov.br\/abc\/wp-content\/uploads\/sites\/23\/2024\/12\/2024.12.31_TBC_POP.jpg",1200,600,false],"thumbnail":["https:\/\/goias.gov.br\/abc\/wp-content\/uploads\/sites\/23\/2024\/12\/2024.12.31_TBC_POP-150x150.jpg",150,150,true],"medium":["https:\/\/goias.gov.br\/abc\/wp-content\/uploads\/sites\/23\/2024\/12\/2024.12.31_TBC_POP-300x150.jpg",300,150,true],"large":["https:\/\/goias.gov.br\/abc\/wp-content\/uploads\/sites\/23\/2024\/12\/2024.12.31_TBC_POP-1024x512.jpg",1024,512,true],"1536x1536":["https:\/\/goias.gov.br\/abc\/wp-content\/uploads\/sites\/23\/2024\/12\/2024.12.31_TBC_POP.jpg",1200,600,false],"2048x2048":["https:\/\/goias.gov.br\/abc\/wp-content\/uploads\/sites\/23\/2024\/12\/2024.12.31_TBC_POP.jpg",1200,600,false]},"rttpg_author":{"display_name":"marizasantana","author_link":"https:\/\/goias.gov.br\/abc\/author\/marizasantana\/"},"rttpg_comment":0,"rttpg_category":"<a href=\"https:\/\/goias.gov.br\/abc\/categoria\/institucional\/noticias\/\" rel=\"category tag\">Not\u00edcias<\/a>","rttpg_excerpt":"O TBC Pop apresenta nesta ter\u00e7a-feira (31), a partir das 16 horas, a sua retrospectiva de 2024. O programa ser\u00e1 especial e repleto de emo\u00e7\u00e3o, risadas e momentos inesquec\u00edveis. Porque ao longo deste ano, o TBC Pop trouxe hist\u00f3rias tocantes, entrevistas marcantes e aquela dose extra de divers\u00e3o que j\u00e1 virou sua marca registrada.&nbsp; Com&hellip;","_links":{"self":[{"href":"https:\/\/goias.gov.br\/abc\/wp-json\/wp\/v2\/posts\/49580","targetHints":{"allow":["GET"]}}],"collection":[{"href":"https:\/\/goias.gov.br\/abc\/wp-json\/wp\/v2\/posts"}],"about":[{"href":"https:\/\/goias.gov.br\/abc\/wp-json\/wp\/v2\/types\/post"}],"author":[{"embeddable":true,"href":"https:\/\/goias.gov.br\/abc\/wp-json\/wp\/v2\/users\/379"}],"replies":[{"embeddable":true,"href":"https:\/\/goias.gov.br\/abc\/wp-json\/wp\/v2\/comments?post=49580"}],"version-history":[{"count":2,"href":"https:\/\/goias.gov.br\/abc\/wp-json\/wp\/v2\/posts\/49580\/revisions"}],"predecessor-version":[{"id":50367,"href":"https:\/\/goias.gov.br\/abc\/wp-json\/wp\/v2\/posts\/49580\/revisions\/50367"}],"wp:featuredmedia":[{"embeddable":true,"href":"https:\/\/goias.gov.br\/abc\/wp-json\/wp\/v2\/media\/50296"}],"wp:attachment":[{"href":"https:\/\/goias.gov.br\/abc\/wp-json\/wp\/v2\/media?parent=49580"}],"wp:term":[{"taxonomy":"category","embeddable":true,"href":"https:\/\/goias.gov.br\/abc\/wp-json\/wp\/v2\/categories?post=49580"},{"taxonomy":"post_tag","embeddable":true,"href":"https:\/\/goias.gov.br\/abc\/wp-json\/wp\/v2\/tags?post=49580"}],"curies":[{"name":"wp","href":"https:\/\/api.w.org\/{rel}","templated":true}]}}