

{"id":47966,"date":"2024-12-16T09:06:00","date_gmt":"2024-12-16T12:06:00","guid":{"rendered":"https:\/\/goias.gov.br\/abc\/?p=47966"},"modified":"2024-12-17T09:21:57","modified_gmt":"2024-12-17T12:21:57","slug":"campanha-na-radio-e-tv-alerta-contra-a-dengue","status":"publish","type":"post","link":"https:\/\/goias.gov.br\/abc\/campanha-na-radio-e-tv-alerta-contra-a-dengue\/","title":{"rendered":"Campanha na r\u00e1dio e TV alerta contra a dengue"},"content":{"rendered":"\n<p>A Secretaria de Estado da Sa\u00fade lan\u00e7ou a campanha <em>O combate \u00e0 dengue n\u00e3o pode tirar f\u00e9rias<\/em>. O objetivo \u00e9 alertar para o risco do per\u00edodo e mostrar que impedir o nascimento do A<em>edes aegypti<\/em> \u00e9 a melhor forma de combate a dengue. A \u00e9poca das chuvas \u00e9 prop\u00edcia para a reprodu\u00e7\u00e3o do mosquito e, com a \u00e9poca de temporada de f\u00e9rias, que muitas pessoas viajam e deixam as casas sem manuten\u00e7\u00e3o, o per\u00edodo aumenta. \u201cMuitas vezes, n\u00e3o se atentam a quest\u00e3o de ter locais que acumulam \u00e1gua. E, pode se transformar em um criadouro do mosquito da dengue\u201d, explicou o secret\u00e1rio de Sa\u00fade, Ras\u00edvel dos Reis, em entrevista para a Brasil Central.<\/p>\n\n\n\n<p>Segundo dados da Vigil\u00e2ncia Epidemiol\u00f3gica, entre outubro e novembro foi poss\u00edvel notar um aumento m\u00e9dio de 10% na quantidade de casos notificados. Fator que acende alerta n\u00e3o s\u00f3 para dengue, mas para chikungunya e zika v\u00edrus, tamb\u00e9m causadas para o mosquito. O ano de 2024, foi o pior ano da s\u00e9rie hist\u00f3rica para a dengue em todo o pa\u00eds. Em Goi\u00e1s, foram notificados mais de 300 mil casos e 400 \u00f3bitos foram confirmados. O objetivo da Secretaria de Sa\u00fade \u00e9 mudar o cen\u00e1rio em 2025.<\/p>\n\n\n\n<p><strong>ABC Digital<\/strong><\/p>\n\n\n\n<figure class=\"wp-block-embed aligncenter is-type-video is-provider-youtube wp-block-embed-youtube wp-embed-aspect-16-9 wp-has-aspect-ratio\"><div class=\"wp-block-embed__wrapper\">\n<iframe title=\"JBC |14-12|  Campanha no R\u00e1dio e TV alerta contra Dengue\" width=\"500\" height=\"281\" src=\"https:\/\/www.youtube.com\/embed\/BoWenFQ0ao8?feature=oembed\" frameborder=\"0\" allow=\"accelerometer; autoplay; clipboard-write; encrypted-media; gyroscope; picture-in-picture; web-share\" referrerpolicy=\"strict-origin-when-cross-origin\" allowfullscreen><\/iframe>\n<\/div><\/figure>\n","protected":false},"excerpt":{"rendered":"<p>A Secretaria de Estado da Sa\u00fade lan\u00e7ou a campanha O combate \u00e0 dengue n\u00e3o pode tirar f\u00e9rias. O objetivo \u00e9 alertar para o risco do per\u00edodo e mostrar que impedir o nascimento do Aedes aegypti \u00e9 a melhor forma de combate a dengue. A \u00e9poca das chuvas \u00e9 prop\u00edcia para a reprodu\u00e7\u00e3o do mosquito e, [&hellip;]<\/p>\n","protected":false},"author":380,"featured_media":16292,"comment_status":"closed","ping_status":"open","sticky":false,"template":"","format":"standard","meta":{"footnotes":""},"categories":[39],"tags":[58],"class_list":["post-47966","post","type-post","status-publish","format-standard","has-post-thumbnail","hentry","category-noticias","tag-jornalismo"],"rttpg_featured_image_url":{"full":["https:\/\/goias.gov.br\/abc\/wp-content\/uploads\/sites\/23\/2021\/01\/0801_TBC2_DENGUE_16x9-9e2.png",1280,720,false],"landscape":["https:\/\/goias.gov.br\/abc\/wp-content\/uploads\/sites\/23\/2021\/01\/0801_TBC2_DENGUE_16x9-9e2.png",1280,720,false],"portraits":["https:\/\/goias.gov.br\/abc\/wp-content\/uploads\/sites\/23\/2021\/01\/0801_TBC2_DENGUE_16x9-9e2.png",1280,720,false],"thumbnail":["https:\/\/goias.gov.br\/abc\/wp-content\/uploads\/sites\/23\/2021\/01\/0801_TBC2_DENGUE_16x9-9e2-150x150.png",150,150,true],"medium":["https:\/\/goias.gov.br\/abc\/wp-content\/uploads\/sites\/23\/2021\/01\/0801_TBC2_DENGUE_16x9-9e2-300x169.png",300,169,true],"large":["https:\/\/goias.gov.br\/abc\/wp-content\/uploads\/sites\/23\/2021\/01\/0801_TBC2_DENGUE_16x9-9e2-1024x576.png",1024,576,true],"1536x1536":["https:\/\/goias.gov.br\/abc\/wp-content\/uploads\/sites\/23\/2021\/01\/0801_TBC2_DENGUE_16x9-9e2.png",1280,720,false],"2048x2048":["https:\/\/goias.gov.br\/abc\/wp-content\/uploads\/sites\/23\/2021\/01\/0801_TBC2_DENGUE_16x9-9e2.png",1280,720,false]},"rttpg_author":{"display_name":"nadialima","author_link":"https:\/\/goias.gov.br\/abc\/author\/nadialima\/"},"rttpg_comment":0,"rttpg_category":"<a href=\"https:\/\/goias.gov.br\/abc\/categoria\/institucional\/noticias\/\" rel=\"category tag\">Not\u00edcias<\/a>","rttpg_excerpt":"A Secretaria de Estado da Sa\u00fade lan\u00e7ou a campanha O combate \u00e0 dengue n\u00e3o pode tirar f\u00e9rias. O objetivo \u00e9 alertar para o risco do per\u00edodo e mostrar que impedir o nascimento do Aedes aegypti \u00e9 a melhor forma de combate a dengue. A \u00e9poca das chuvas \u00e9 prop\u00edcia para a reprodu\u00e7\u00e3o do mosquito e,&hellip;","_links":{"self":[{"href":"https:\/\/goias.gov.br\/abc\/wp-json\/wp\/v2\/posts\/47966","targetHints":{"allow":["GET"]}}],"collection":[{"href":"https:\/\/goias.gov.br\/abc\/wp-json\/wp\/v2\/posts"}],"about":[{"href":"https:\/\/goias.gov.br\/abc\/wp-json\/wp\/v2\/types\/post"}],"author":[{"embeddable":true,"href":"https:\/\/goias.gov.br\/abc\/wp-json\/wp\/v2\/users\/380"}],"replies":[{"embeddable":true,"href":"https:\/\/goias.gov.br\/abc\/wp-json\/wp\/v2\/comments?post=47966"}],"version-history":[{"count":2,"href":"https:\/\/goias.gov.br\/abc\/wp-json\/wp\/v2\/posts\/47966\/revisions"}],"predecessor-version":[{"id":48141,"href":"https:\/\/goias.gov.br\/abc\/wp-json\/wp\/v2\/posts\/47966\/revisions\/48141"}],"wp:featuredmedia":[{"embeddable":true,"href":"https:\/\/goias.gov.br\/abc\/wp-json\/wp\/v2\/media\/16292"}],"wp:attachment":[{"href":"https:\/\/goias.gov.br\/abc\/wp-json\/wp\/v2\/media?parent=47966"}],"wp:term":[{"taxonomy":"category","embeddable":true,"href":"https:\/\/goias.gov.br\/abc\/wp-json\/wp\/v2\/categories?post=47966"},{"taxonomy":"post_tag","embeddable":true,"href":"https:\/\/goias.gov.br\/abc\/wp-json\/wp\/v2\/tags?post=47966"}],"curies":[{"name":"wp","href":"https:\/\/api.w.org\/{rel}","templated":true}]}}