

{"id":47292,"date":"2024-12-10T09:15:47","date_gmt":"2024-12-10T12:15:47","guid":{"rendered":"https:\/\/goias.gov.br\/abc\/?p=47292"},"modified":"2024-12-10T16:00:06","modified_gmt":"2024-12-10T19:00:06","slug":"tbc-pop-fala-sobre-direitos-humanos","status":"publish","type":"post","link":"https:\/\/goias.gov.br\/abc\/tbc-pop-fala-sobre-direitos-humanos\/","title":{"rendered":"TBC Pop fala sobre direitos humanos"},"content":{"rendered":"\n<p>O <em>TBC Pop<\/em> desta ter\u00e7a-feira (10) vai abordar, a partir das 16 horas, um tema de grande import\u00e2ncia: os direitos humanos. Com a volta da apresentadora Mariana Gidr\u00e3o, o programa promete trazer uma conversa esclarecedora sobre o que s\u00e3o os direitos humanos, como funcionam e como impactam a vida de todos n\u00f3s. Foram convidados o professor e pesquisador Eduardo Sugizaki, o jurista e advogado Em\u00eddio Brasileiro e o defensor p\u00fablico Tairo Esperan\u00e7a.<\/p>\n\n\n\n<p>No quadro <em>Povo Fala<\/em>, o rep\u00f3rter Rener Arantes conversar\u00e1 com estudantes da PUC Goi\u00e1s, buscando entender como os jovens percebem a tem\u00e1tica dos direitos humanos e como se sentem em rela\u00e7\u00e3o a sua prote\u00e7\u00e3o no Brasil. J\u00e1 o <em>Babado Pop<\/em> vai apresentar os principais acontecimentos e desafios relacionados aos direitos humanos, discutindo tanto os avan\u00e7os quanto as quest\u00f5es ainda em debate.<\/p>\n\n\n\n<p>A <em>Hora Pop<\/em> ser\u00e1 animada pela cantora Luiza Dam, que, al\u00e9m de sua performance ao vivo, compartilhar\u00e1 um pouco de sua trajet\u00f3ria musical e novidades sobre seus pr\u00f3ximos shows. O quadro <em>Giro Pop<\/em> vai trazer a agenda cultural de Goi\u00e2nia para o fim de semana. O <em>TBC Pop<\/em> vai ao ar \u00e0s 16h, no canal aberto 13.1, na Net (canal 20) e Sky (303), com reprise tamb\u00e9m na ter\u00e7a-feira (10) \u00e0s 23h na programa\u00e7\u00e3o da TBC. O programa fica dispon\u00edvel tamb\u00e9m no canal do YouTube da TV Brasil Central.<\/p>\n\n\n\n<p><strong>ABC Digital<\/strong><\/p>\n\n\n\n<figure class=\"wp-block-embed aligncenter is-type-video is-provider-youtube wp-block-embed-youtube wp-embed-aspect-4-3 wp-has-aspect-ratio\"><div class=\"wp-block-embed__wrapper\">\n<iframe title=\"DIREITOS HUMANOS \u00c9 POP | TBC POP | 10\/12\/2024\" width=\"500\" height=\"375\" src=\"https:\/\/www.youtube.com\/embed\/1XChY2k3ZGY?feature=oembed\" frameborder=\"0\" allow=\"accelerometer; autoplay; clipboard-write; encrypted-media; gyroscope; picture-in-picture; web-share\" referrerpolicy=\"strict-origin-when-cross-origin\" allowfullscreen><\/iframe>\n<\/div><\/figure>\n","protected":false},"excerpt":{"rendered":"<p>O TBC Pop desta ter\u00e7a-feira (10) vai abordar, a partir das 16 horas, um tema de grande import\u00e2ncia: os direitos humanos. Com a volta da apresentadora Mariana Gidr\u00e3o, o programa promete trazer uma conversa esclarecedora sobre o que s\u00e3o os direitos humanos, como funcionam e como impactam a vida de todos n\u00f3s. Foram convidados o [&hellip;]<\/p>\n","protected":false},"author":379,"featured_media":47337,"comment_status":"closed","ping_status":"open","sticky":false,"template":"","format":"standard","meta":{"footnotes":""},"categories":[39],"tags":[57],"class_list":["post-47292","post","type-post","status-publish","format-standard","has-post-thumbnail","hentry","category-noticias","tag-programacao"],"rttpg_featured_image_url":{"full":["https:\/\/goias.gov.br\/abc\/wp-content\/uploads\/sites\/23\/2024\/12\/2024.12.10_TBC_POP.jpg",1200,600,false],"landscape":["https:\/\/goias.gov.br\/abc\/wp-content\/uploads\/sites\/23\/2024\/12\/2024.12.10_TBC_POP.jpg",1200,600,false],"portraits":["https:\/\/goias.gov.br\/abc\/wp-content\/uploads\/sites\/23\/2024\/12\/2024.12.10_TBC_POP.jpg",1200,600,false],"thumbnail":["https:\/\/goias.gov.br\/abc\/wp-content\/uploads\/sites\/23\/2024\/12\/2024.12.10_TBC_POP-150x150.jpg",150,150,true],"medium":["https:\/\/goias.gov.br\/abc\/wp-content\/uploads\/sites\/23\/2024\/12\/2024.12.10_TBC_POP-300x150.jpg",300,150,true],"large":["https:\/\/goias.gov.br\/abc\/wp-content\/uploads\/sites\/23\/2024\/12\/2024.12.10_TBC_POP-1024x512.jpg",1024,512,true],"1536x1536":["https:\/\/goias.gov.br\/abc\/wp-content\/uploads\/sites\/23\/2024\/12\/2024.12.10_TBC_POP.jpg",1200,600,false],"2048x2048":["https:\/\/goias.gov.br\/abc\/wp-content\/uploads\/sites\/23\/2024\/12\/2024.12.10_TBC_POP.jpg",1200,600,false]},"rttpg_author":{"display_name":"marizasantana","author_link":"https:\/\/goias.gov.br\/abc\/author\/marizasantana\/"},"rttpg_comment":0,"rttpg_category":"<a href=\"https:\/\/goias.gov.br\/abc\/categoria\/institucional\/noticias\/\" rel=\"category tag\">Not\u00edcias<\/a>","rttpg_excerpt":"O TBC Pop desta ter\u00e7a-feira (10) vai abordar, a partir das 16 horas, um tema de grande import\u00e2ncia: os direitos humanos. Com a volta da apresentadora Mariana Gidr\u00e3o, o programa promete trazer uma conversa esclarecedora sobre o que s\u00e3o os direitos humanos, como funcionam e como impactam a vida de todos n\u00f3s. Foram convidados o&hellip;","_links":{"self":[{"href":"https:\/\/goias.gov.br\/abc\/wp-json\/wp\/v2\/posts\/47292","targetHints":{"allow":["GET"]}}],"collection":[{"href":"https:\/\/goias.gov.br\/abc\/wp-json\/wp\/v2\/posts"}],"about":[{"href":"https:\/\/goias.gov.br\/abc\/wp-json\/wp\/v2\/types\/post"}],"author":[{"embeddable":true,"href":"https:\/\/goias.gov.br\/abc\/wp-json\/wp\/v2\/users\/379"}],"replies":[{"embeddable":true,"href":"https:\/\/goias.gov.br\/abc\/wp-json\/wp\/v2\/comments?post=47292"}],"version-history":[{"count":2,"href":"https:\/\/goias.gov.br\/abc\/wp-json\/wp\/v2\/posts\/47292\/revisions"}],"predecessor-version":[{"id":47432,"href":"https:\/\/goias.gov.br\/abc\/wp-json\/wp\/v2\/posts\/47292\/revisions\/47432"}],"wp:featuredmedia":[{"embeddable":true,"href":"https:\/\/goias.gov.br\/abc\/wp-json\/wp\/v2\/media\/47337"}],"wp:attachment":[{"href":"https:\/\/goias.gov.br\/abc\/wp-json\/wp\/v2\/media?parent=47292"}],"wp:term":[{"taxonomy":"category","embeddable":true,"href":"https:\/\/goias.gov.br\/abc\/wp-json\/wp\/v2\/categories?post=47292"},{"taxonomy":"post_tag","embeddable":true,"href":"https:\/\/goias.gov.br\/abc\/wp-json\/wp\/v2\/tags?post=47292"}],"curies":[{"name":"wp","href":"https:\/\/api.w.org\/{rel}","templated":true}]}}