

{"id":46761,"date":"2024-12-05T09:50:56","date_gmt":"2024-12-05T12:50:56","guid":{"rendered":"https:\/\/goias.gov.br\/abc\/?p=46761"},"modified":"2024-12-05T10:23:21","modified_gmt":"2024-12-05T13:23:21","slug":"lancada-edicao-2025-do-claque-cultural","status":"publish","type":"post","link":"https:\/\/goias.gov.br\/abc\/lancada-edicao-2025-do-claque-cultural\/","title":{"rendered":"Lan\u00e7ada edi\u00e7\u00e3o 2025 do Claque Cultural"},"content":{"rendered":"\n<p>O jornalismo da Brasil Central noticiou o lan\u00e7amento do <em>Claque Cultural 2025<\/em>, que aconteceu durante a <a href=\"https:\/\/goias.gov.br\/abc\/comecou-na-praca-civica-a-6a-edicao-da-feira-goias-feito-a-mao\/\" data-type=\"post\" data-id=\"46486\">edi\u00e7\u00e3o de natal da feira cultural <em>Goi\u00e1s Feito a M\u00e3o<\/em><\/a>. O governador Ronaldo Caiado esteve presente e destacou os investimentos no setor da cultura. \u201cO estado de Goi\u00e1s entra com R$ 15 milh\u00f5es, a Fecom\u00e9rcio entra com R$ 6 milh\u00f5es e n\u00f3s promovemos eventos no interior do estado e tamb\u00e9m na capital\u201d, declarou o governador, que explicou ainda que, a cada ano, as cidades s\u00e3o alteradas, para atingir o maior n\u00famero de munic\u00edpios.<\/p>\n\n\n\n<p>O <em>Claque Cultural<\/em> est\u00e1 programado para acontecer entre mar\u00e7o e abril de 2025, em oito cidades goianas, incluindo Goi\u00e2nia. O programa oferece oportunidades para artistas na \u00e1rea das artes c\u00eanicas, visuais, literatura, m\u00fasica e audiovisual. \u201cCom o <em>Claque<\/em>, voc\u00ea recebe o recurso para poder se apresentar e o governo do estado oferece toda a estrutura. N\u00e3o \u00e9 s\u00f3 artista, mas para toda a engrenagem que por tr\u00e1s de um grande evento\u201d, detalhou C\u00e9sar Moura, secret\u00e1rio da Retomada.<\/p>\n\n\n\n<p>Em 2023 e 2023, mais de tr\u00eas mil artistas goianos foram contratados pela iniciativa, que realizaram mais de 800 apresenta\u00e7\u00f5es. Em 2025, estes n\u00fameros devem crescer, pois os investiemntos aumentaram. \u201cHouve um aumento de 40%, vamos investir no total pr\u00f3ximo a R$ 21 milh\u00f5es. Antes foram 90 dias, agora s\u00e3o 180 dias\u201d, afirmou o presidente da Fecom\u00e9rcio, Marcelo Baiocchi.<\/p>\n\n\n\n<p><strong>ABC Digital<\/strong><\/p>\n\n\n\n<p><\/p>\n","protected":false},"excerpt":{"rendered":"<p>O jornalismo da Brasil Central noticiou o lan\u00e7amento do Claque Cultural 2025, que aconteceu durante a edi\u00e7\u00e3o de natal da feira cultural Goi\u00e1s Feito a M\u00e3o. O governador Ronaldo Caiado esteve presente e destacou os investimentos no setor da cultura. \u201cO estado de Goi\u00e1s entra com R$ 15 milh\u00f5es, a Fecom\u00e9rcio entra com R$ 6 [&hellip;]<\/p>\n","protected":false},"author":380,"featured_media":46832,"comment_status":"closed","ping_status":"open","sticky":false,"template":"","format":"standard","meta":{"footnotes":""},"categories":[39],"tags":[58],"class_list":["post-46761","post","type-post","status-publish","format-standard","has-post-thumbnail","hentry","category-noticias","tag-jornalismo"],"rttpg_featured_image_url":{"full":["https:\/\/goias.gov.br\/abc\/wp-content\/uploads\/sites\/23\/2024\/12\/2024.12.05_OMESC_CLAQUE.jpg",1200,600,false],"landscape":["https:\/\/goias.gov.br\/abc\/wp-content\/uploads\/sites\/23\/2024\/12\/2024.12.05_OMESC_CLAQUE.jpg",1200,600,false],"portraits":["https:\/\/goias.gov.br\/abc\/wp-content\/uploads\/sites\/23\/2024\/12\/2024.12.05_OMESC_CLAQUE.jpg",1200,600,false],"thumbnail":["https:\/\/goias.gov.br\/abc\/wp-content\/uploads\/sites\/23\/2024\/12\/2024.12.05_OMESC_CLAQUE-150x150.jpg",150,150,true],"medium":["https:\/\/goias.gov.br\/abc\/wp-content\/uploads\/sites\/23\/2024\/12\/2024.12.05_OMESC_CLAQUE-300x150.jpg",300,150,true],"large":["https:\/\/goias.gov.br\/abc\/wp-content\/uploads\/sites\/23\/2024\/12\/2024.12.05_OMESC_CLAQUE-1024x512.jpg",1024,512,true],"1536x1536":["https:\/\/goias.gov.br\/abc\/wp-content\/uploads\/sites\/23\/2024\/12\/2024.12.05_OMESC_CLAQUE.jpg",1200,600,false],"2048x2048":["https:\/\/goias.gov.br\/abc\/wp-content\/uploads\/sites\/23\/2024\/12\/2024.12.05_OMESC_CLAQUE.jpg",1200,600,false]},"rttpg_author":{"display_name":"nadialima","author_link":"https:\/\/goias.gov.br\/abc\/author\/nadialima\/"},"rttpg_comment":0,"rttpg_category":"<a href=\"https:\/\/goias.gov.br\/abc\/categoria\/institucional\/noticias\/\" rel=\"category tag\">Not\u00edcias<\/a>","rttpg_excerpt":"O jornalismo da Brasil Central noticiou o lan\u00e7amento do Claque Cultural 2025, que aconteceu durante a edi\u00e7\u00e3o de natal da feira cultural Goi\u00e1s Feito a M\u00e3o. O governador Ronaldo Caiado esteve presente e destacou os investimentos no setor da cultura. \u201cO estado de Goi\u00e1s entra com R$ 15 milh\u00f5es, a Fecom\u00e9rcio entra com R$ 6&hellip;","_links":{"self":[{"href":"https:\/\/goias.gov.br\/abc\/wp-json\/wp\/v2\/posts\/46761","targetHints":{"allow":["GET"]}}],"collection":[{"href":"https:\/\/goias.gov.br\/abc\/wp-json\/wp\/v2\/posts"}],"about":[{"href":"https:\/\/goias.gov.br\/abc\/wp-json\/wp\/v2\/types\/post"}],"author":[{"embeddable":true,"href":"https:\/\/goias.gov.br\/abc\/wp-json\/wp\/v2\/users\/380"}],"replies":[{"embeddable":true,"href":"https:\/\/goias.gov.br\/abc\/wp-json\/wp\/v2\/comments?post=46761"}],"version-history":[{"count":2,"href":"https:\/\/goias.gov.br\/abc\/wp-json\/wp\/v2\/posts\/46761\/revisions"}],"predecessor-version":[{"id":46884,"href":"https:\/\/goias.gov.br\/abc\/wp-json\/wp\/v2\/posts\/46761\/revisions\/46884"}],"wp:featuredmedia":[{"embeddable":true,"href":"https:\/\/goias.gov.br\/abc\/wp-json\/wp\/v2\/media\/46832"}],"wp:attachment":[{"href":"https:\/\/goias.gov.br\/abc\/wp-json\/wp\/v2\/media?parent=46761"}],"wp:term":[{"taxonomy":"category","embeddable":true,"href":"https:\/\/goias.gov.br\/abc\/wp-json\/wp\/v2\/categories?post=46761"},{"taxonomy":"post_tag","embeddable":true,"href":"https:\/\/goias.gov.br\/abc\/wp-json\/wp\/v2\/tags?post=46761"}],"curies":[{"name":"wp","href":"https:\/\/api.w.org\/{rel}","templated":true}]}}