

{"id":43544,"date":"2024-11-18T10:17:53","date_gmt":"2024-11-18T13:17:53","guid":{"rendered":"https:\/\/goias.gov.br\/abc\/?p=43544"},"modified":"2024-11-18T15:21:17","modified_gmt":"2024-11-18T18:21:17","slug":"escolas-estaduais-estao-com-vagas-abertas-para-2025","status":"publish","type":"post","link":"https:\/\/goias.gov.br\/abc\/escolas-estaduais-estao-com-vagas-abertas-para-2025\/","title":{"rendered":"Escolas estaduais est\u00e3o com vagas abertas para 2025"},"content":{"rendered":"\n<p>Come\u00e7ou o per\u00edodo de solicita\u00e7\u00e3o de vagas na rede estadual de ensino em Goi\u00e1s. A Secretaria Estadual de Educa\u00e7\u00e3o (Seduc) lan\u00e7ou a campanha para solicita\u00e7\u00e3o de vagas e tamb\u00e9m para a renova\u00e7\u00e3o de matr\u00edcula dos veteranos. O jornalismo da Brasil Central destacou que s\u00e3o 25 mil novas vagas para o ensino t\u00e9cnico profissionalizante e 15 mil para escolas de tempo integral. \u201cVai at\u00e9 1\u00ba de dezembro a solicita\u00e7\u00e3o de vagas para quem tem interesse de ingressar na rede estadual de educa\u00e7\u00e3o\u201d, destacou a superintendente de Gest\u00e3o Estrat\u00e9gica da Seduc, M\u00e1rcia Carvalho.<\/p>\n\n\n\n<p>Para fazer a matr\u00edcula, a os interessados devem acessar o <a href=\"https:\/\/www.matricula.go.gov.br\" data-type=\"link\" data-id=\"https:\/\/www.matricula.go.gov.br\" target=\"_blank\" rel=\"noreferrer noopener\">portal de matr\u00edculas<\/a>, preencher as informa\u00e7\u00f5es solicitadas e indicar tr\u00eas op\u00e7\u00f5es de escolas. Os veteranos fazem a renova\u00e7\u00e3o nas unidades de ensino. H\u00e1 vagas para o Ensino Fundamental II, Ensino M\u00e9dio, Educa\u00e7\u00e3o de Jovens e Adultos (EJA Fundamental e M\u00e9dio), Goi\u00e1sTec e EJATec.<\/p>\n\n\n\n<p><strong>ABC Digital<\/strong><\/p>\n\n\n\n<figure class=\"wp-block-embed aligncenter is-type-video is-provider-youtube wp-block-embed-youtube wp-embed-aspect-16-9 wp-has-aspect-ratio\"><div class=\"wp-block-embed__wrapper\">\n<iframe title=\"O MUNDO |18-11| Come\u00e7a solicita\u00e7\u00e3o de vagas em Col\u00e9gios do Estado\" width=\"500\" height=\"281\" src=\"https:\/\/www.youtube.com\/embed\/LBOURdtlU3s?feature=oembed\" frameborder=\"0\" allow=\"accelerometer; autoplay; clipboard-write; encrypted-media; gyroscope; picture-in-picture; web-share\" referrerpolicy=\"strict-origin-when-cross-origin\" allowfullscreen><\/iframe>\n<\/div><\/figure>\n","protected":false},"excerpt":{"rendered":"<p>Come\u00e7ou o per\u00edodo de solicita\u00e7\u00e3o de vagas na rede estadual de ensino em Goi\u00e1s. A Secretaria Estadual de Educa\u00e7\u00e3o (Seduc) lan\u00e7ou a campanha para solicita\u00e7\u00e3o de vagas e tamb\u00e9m para a renova\u00e7\u00e3o de matr\u00edcula dos veteranos. O jornalismo da Brasil Central destacou que s\u00e3o 25 mil novas vagas para o ensino t\u00e9cnico profissionalizante e 15 [&hellip;]<\/p>\n","protected":false},"author":380,"featured_media":19719,"comment_status":"closed","ping_status":"open","sticky":false,"template":"","format":"standard","meta":{"footnotes":""},"categories":[39],"tags":[58],"class_list":["post-43544","post","type-post","status-publish","format-standard","has-post-thumbnail","hentry","category-noticias","tag-jornalismo"],"rttpg_featured_image_url":{"full":["https:\/\/goias.gov.br\/abc\/wp-content\/uploads\/sites\/23\/2023\/04\/03.04_OMESC_EDUCACAO-64a.jpg",1280,720,false],"landscape":["https:\/\/goias.gov.br\/abc\/wp-content\/uploads\/sites\/23\/2023\/04\/03.04_OMESC_EDUCACAO-64a.jpg",1280,720,false],"portraits":["https:\/\/goias.gov.br\/abc\/wp-content\/uploads\/sites\/23\/2023\/04\/03.04_OMESC_EDUCACAO-64a.jpg",1280,720,false],"thumbnail":["https:\/\/goias.gov.br\/abc\/wp-content\/uploads\/sites\/23\/2023\/04\/03.04_OMESC_EDUCACAO-64a-150x150.jpg",150,150,true],"medium":["https:\/\/goias.gov.br\/abc\/wp-content\/uploads\/sites\/23\/2023\/04\/03.04_OMESC_EDUCACAO-64a-300x169.jpg",300,169,true],"large":["https:\/\/goias.gov.br\/abc\/wp-content\/uploads\/sites\/23\/2023\/04\/03.04_OMESC_EDUCACAO-64a-1024x576.jpg",1024,576,true],"1536x1536":["https:\/\/goias.gov.br\/abc\/wp-content\/uploads\/sites\/23\/2023\/04\/03.04_OMESC_EDUCACAO-64a.jpg",1280,720,false],"2048x2048":["https:\/\/goias.gov.br\/abc\/wp-content\/uploads\/sites\/23\/2023\/04\/03.04_OMESC_EDUCACAO-64a.jpg",1280,720,false]},"rttpg_author":{"display_name":"nadialima","author_link":"https:\/\/goias.gov.br\/abc\/author\/nadialima\/"},"rttpg_comment":0,"rttpg_category":"<a href=\"https:\/\/goias.gov.br\/abc\/categoria\/institucional\/noticias\/\" rel=\"category tag\">Not\u00edcias<\/a>","rttpg_excerpt":"Come\u00e7ou o per\u00edodo de solicita\u00e7\u00e3o de vagas na rede estadual de ensino em Goi\u00e1s. A Secretaria Estadual de Educa\u00e7\u00e3o (Seduc) lan\u00e7ou a campanha para solicita\u00e7\u00e3o de vagas e tamb\u00e9m para a renova\u00e7\u00e3o de matr\u00edcula dos veteranos. O jornalismo da Brasil Central destacou que s\u00e3o 25 mil novas vagas para o ensino t\u00e9cnico profissionalizante e 15&hellip;","_links":{"self":[{"href":"https:\/\/goias.gov.br\/abc\/wp-json\/wp\/v2\/posts\/43544","targetHints":{"allow":["GET"]}}],"collection":[{"href":"https:\/\/goias.gov.br\/abc\/wp-json\/wp\/v2\/posts"}],"about":[{"href":"https:\/\/goias.gov.br\/abc\/wp-json\/wp\/v2\/types\/post"}],"author":[{"embeddable":true,"href":"https:\/\/goias.gov.br\/abc\/wp-json\/wp\/v2\/users\/380"}],"replies":[{"embeddable":true,"href":"https:\/\/goias.gov.br\/abc\/wp-json\/wp\/v2\/comments?post=43544"}],"version-history":[{"count":2,"href":"https:\/\/goias.gov.br\/abc\/wp-json\/wp\/v2\/posts\/43544\/revisions"}],"predecessor-version":[{"id":43679,"href":"https:\/\/goias.gov.br\/abc\/wp-json\/wp\/v2\/posts\/43544\/revisions\/43679"}],"wp:featuredmedia":[{"embeddable":true,"href":"https:\/\/goias.gov.br\/abc\/wp-json\/wp\/v2\/media\/19719"}],"wp:attachment":[{"href":"https:\/\/goias.gov.br\/abc\/wp-json\/wp\/v2\/media?parent=43544"}],"wp:term":[{"taxonomy":"category","embeddable":true,"href":"https:\/\/goias.gov.br\/abc\/wp-json\/wp\/v2\/categories?post=43544"},{"taxonomy":"post_tag","embeddable":true,"href":"https:\/\/goias.gov.br\/abc\/wp-json\/wp\/v2\/tags?post=43544"}],"curies":[{"name":"wp","href":"https:\/\/api.w.org\/{rel}","templated":true}]}}