

{"id":43093,"date":"2024-11-13T08:03:31","date_gmt":"2024-11-13T11:03:31","guid":{"rendered":"https:\/\/goias.gov.br\/abc\/?p=43093"},"modified":"2024-11-13T10:03:41","modified_gmt":"2024-11-13T13:03:41","slug":"agehab-entrega-496-apartamentos-em-goiania","status":"publish","type":"post","link":"https:\/\/goias.gov.br\/abc\/agehab-entrega-496-apartamentos-em-goiania\/","title":{"rendered":"Agehab entrega 496 apartamentos em Goi\u00e2nia"},"content":{"rendered":"\n<p>O Governo de Goi\u00e1s, por meio da Agehab, entregou, nesta ter\u00e7a-feira (12), 496 apartamentos no Setor Vera Cruz, em Goi\u00e2nia. Isso foi poss\u00edvel por meio do <em>Cr\u00e9dito Parceria<\/em>. A iniciativa do Governo do Estado com a prefeitura da capital e o governo federal oferece um subs\u00eddio com parcelas menores para que os contemplados possam adquirir o im\u00f3vel. Foi o que mostrou reportagem exibida pela TV Brasil Central.<\/p>\n\n\n\n<p>De acordo com o vice-presidente da Ag\u00eancia Goiana de Habita\u00e7\u00e3o, as fam\u00edlias contempladas estavam saindo do aluguel. \u201cE um detalhe: elas saem do aluguel para assumir a presta\u00e7\u00e3o de um im\u00f3vel pr\u00f3prio infinitamente menor. Portanto, a gente est\u00e1 fazendo com que haja o alcance do sonho da casa pr\u00f3pria, ao mesmo tempo em que a gente tamb\u00e9m entrega f\u00f4lego financeiro para essas fam\u00edlias\u201d, afirmou. O secret\u00e1rio municipal de Planejamento de Goi\u00e2nia, Valfran Ribeiro, conta que o empreendimento leva o nome de Iris Rezende 2, uma homenagem ao pol\u00edtico goiano que sempre investiu em moradias.<\/p>\n\n\n\n<p><strong>ABC Digital<\/strong><\/p>\n\n\n\n<p><\/p>\n","protected":false},"excerpt":{"rendered":"<p>O Governo de Goi\u00e1s, por meio da Agehab, entregou, nesta ter\u00e7a-feira (12), 496 apartamentos no Setor Vera Cruz, em Goi\u00e2nia. Isso foi poss\u00edvel por meio do Cr\u00e9dito Parceria. A iniciativa do Governo do Estado com a prefeitura da capital e o governo federal oferece um subs\u00eddio com parcelas menores para que os contemplados possam adquirir [&hellip;]<\/p>\n","protected":false},"author":379,"featured_media":43104,"comment_status":"closed","ping_status":"open","sticky":false,"template":"","format":"standard","meta":{"footnotes":""},"categories":[39],"tags":[58],"class_list":["post-43093","post","type-post","status-publish","format-standard","has-post-thumbnail","hentry","category-noticias","tag-jornalismo"],"rttpg_featured_image_url":{"full":["https:\/\/goias.gov.br\/abc\/wp-content\/uploads\/sites\/23\/2024\/11\/2024.11.13_TBCN_AGEHAB.jpg",1200,600,false],"landscape":["https:\/\/goias.gov.br\/abc\/wp-content\/uploads\/sites\/23\/2024\/11\/2024.11.13_TBCN_AGEHAB.jpg",1200,600,false],"portraits":["https:\/\/goias.gov.br\/abc\/wp-content\/uploads\/sites\/23\/2024\/11\/2024.11.13_TBCN_AGEHAB.jpg",1200,600,false],"thumbnail":["https:\/\/goias.gov.br\/abc\/wp-content\/uploads\/sites\/23\/2024\/11\/2024.11.13_TBCN_AGEHAB-150x150.jpg",150,150,true],"medium":["https:\/\/goias.gov.br\/abc\/wp-content\/uploads\/sites\/23\/2024\/11\/2024.11.13_TBCN_AGEHAB-300x150.jpg",300,150,true],"large":["https:\/\/goias.gov.br\/abc\/wp-content\/uploads\/sites\/23\/2024\/11\/2024.11.13_TBCN_AGEHAB-1024x512.jpg",1024,512,true],"1536x1536":["https:\/\/goias.gov.br\/abc\/wp-content\/uploads\/sites\/23\/2024\/11\/2024.11.13_TBCN_AGEHAB.jpg",1200,600,false],"2048x2048":["https:\/\/goias.gov.br\/abc\/wp-content\/uploads\/sites\/23\/2024\/11\/2024.11.13_TBCN_AGEHAB.jpg",1200,600,false]},"rttpg_author":{"display_name":"marizasantana","author_link":"https:\/\/goias.gov.br\/abc\/author\/marizasantana\/"},"rttpg_comment":0,"rttpg_category":"<a href=\"https:\/\/goias.gov.br\/abc\/categoria\/institucional\/noticias\/\" rel=\"category tag\">Not\u00edcias<\/a>","rttpg_excerpt":"O Governo de Goi\u00e1s, por meio da Agehab, entregou, nesta ter\u00e7a-feira (12), 496 apartamentos no Setor Vera Cruz, em Goi\u00e2nia. Isso foi poss\u00edvel por meio do Cr\u00e9dito Parceria. A iniciativa do Governo do Estado com a prefeitura da capital e o governo federal oferece um subs\u00eddio com parcelas menores para que os contemplados possam adquirir&hellip;","_links":{"self":[{"href":"https:\/\/goias.gov.br\/abc\/wp-json\/wp\/v2\/posts\/43093","targetHints":{"allow":["GET"]}}],"collection":[{"href":"https:\/\/goias.gov.br\/abc\/wp-json\/wp\/v2\/posts"}],"about":[{"href":"https:\/\/goias.gov.br\/abc\/wp-json\/wp\/v2\/types\/post"}],"author":[{"embeddable":true,"href":"https:\/\/goias.gov.br\/abc\/wp-json\/wp\/v2\/users\/379"}],"replies":[{"embeddable":true,"href":"https:\/\/goias.gov.br\/abc\/wp-json\/wp\/v2\/comments?post=43093"}],"version-history":[{"count":2,"href":"https:\/\/goias.gov.br\/abc\/wp-json\/wp\/v2\/posts\/43093\/revisions"}],"predecessor-version":[{"id":43105,"href":"https:\/\/goias.gov.br\/abc\/wp-json\/wp\/v2\/posts\/43093\/revisions\/43105"}],"wp:featuredmedia":[{"embeddable":true,"href":"https:\/\/goias.gov.br\/abc\/wp-json\/wp\/v2\/media\/43104"}],"wp:attachment":[{"href":"https:\/\/goias.gov.br\/abc\/wp-json\/wp\/v2\/media?parent=43093"}],"wp:term":[{"taxonomy":"category","embeddable":true,"href":"https:\/\/goias.gov.br\/abc\/wp-json\/wp\/v2\/categories?post=43093"},{"taxonomy":"post_tag","embeddable":true,"href":"https:\/\/goias.gov.br\/abc\/wp-json\/wp\/v2\/tags?post=43093"}],"curies":[{"name":"wp","href":"https:\/\/api.w.org\/{rel}","templated":true}]}}