

{"id":42749,"date":"2024-11-12T09:05:57","date_gmt":"2024-11-12T12:05:57","guid":{"rendered":"https:\/\/goias.gov.br\/abc\/?p=42749"},"modified":"2024-11-12T14:54:59","modified_gmt":"2024-11-12T17:54:59","slug":"programa-goiastec-ganha-novo-centro-de-midias","status":"publish","type":"post","link":"https:\/\/goias.gov.br\/abc\/programa-goiastec-ganha-novo-centro-de-midias\/","title":{"rendered":"Programa Goi\u00e1sTec ganha novo centro de m\u00eddias"},"content":{"rendered":"\n<p>A secretaria de Estado da Educa\u00e7\u00e3o (Seduc) inaugurou nesta segunda-feira (11), a nova sede do Centro de M\u00eddias do programa <em>Goi\u00e1sTec<\/em> de media\u00e7\u00e3o tecnol\u00f3gica. O espa\u00e7o recebeu investimentos de R$ 10 milh\u00f5es do tesouro estadual. O governador Ronaldo Caiado participou da solenidade, assim como a titular da pasta, F\u00e1tima Gavioli. As novas instala\u00e7\u00f5es prometem ampliar a oferta de aulas de ensino remoto. \u201cOs jovens sair\u00e3o daqui com uma base capaz de poder, ao entrar em uma faculdade, ter um alicerce necess\u00e1rio para desenvolver toda sua capacidade de aprendizagem\u201d, afirmou Caiado, em entrevista exibida no <em>TBC News.<\/em><\/p>\n\n\n\n<p>A nova sede do <em>Goi\u00e1sTec<\/em> conta com oito novos est\u00fadios equipados com tecnologias para transmiss\u00e3o de aulas ao vivo e gravadas. Com isso, alunos que moram em regi\u00f5es de dif\u00edcil locomo\u00e7\u00e3o podem ter acesso ao ensino de qualidade. \u201cO estudante tem a oportunidade de assistir aula com professores formados na \u00e1rea de atua\u00e7\u00e3o. O desempenho dos estudantes est\u00e1 cada vez melhor\u201d, afirmou a superintendente de Gest\u00e3o Estrat\u00e9gica e Avalia\u00e7\u00e3o de Resultados da Seduc, M\u00e1rcia Maria de Carvalho. Ela explicou tamb\u00e9m que todas as salas do <em>Goi\u00e1sTec<\/em> contam com um um mediador para tirar d\u00favida dos alunos.<\/p>\n\n\n\n<p>A superintendente tamb\u00e9m destacou que est\u00e3o abertas as matr\u00edculas da rede estadual de ensino para 2025, para renova\u00e7\u00e3o e ingresso de novos anos. Os estudantes t\u00eam at\u00e9 1 de dezembro para realizar a solicita\u00e7\u00e3o, que \u00e9 feita pelo porta de matr\u00edculas da Seduc.<\/p>\n\n\n\n<p><strong>ABC Digital<\/strong><\/p>\n\n\n\n<figure class=\"wp-block-embed aligncenter is-type-video is-provider-youtube wp-block-embed-youtube wp-embed-aspect-16-9 wp-has-aspect-ratio\"><div class=\"wp-block-embed__wrapper\">\n<iframe title=\"O MUNDO |12-11| Caiado inaugura instala\u00e7\u00f5es de M\u00eddias do Goi\u00e1stec\" width=\"500\" height=\"281\" src=\"https:\/\/www.youtube.com\/embed\/YKqDUYFQrMA?feature=oembed\" frameborder=\"0\" allow=\"accelerometer; autoplay; clipboard-write; encrypted-media; gyroscope; picture-in-picture; web-share\" referrerpolicy=\"strict-origin-when-cross-origin\" allowfullscreen><\/iframe>\n<\/div><\/figure>\n","protected":false},"excerpt":{"rendered":"<p>A secretaria de Estado da Educa\u00e7\u00e3o (Seduc) inaugurou nesta segunda-feira (11), a nova sede do Centro de M\u00eddias do programa Goi\u00e1sTec de media\u00e7\u00e3o tecnol\u00f3gica. O espa\u00e7o recebeu investimentos de R$ 10 milh\u00f5es do tesouro estadual. O governador Ronaldo Caiado participou da solenidade, assim como a titular da pasta, F\u00e1tima Gavioli. As novas instala\u00e7\u00f5es prometem ampliar [&hellip;]<\/p>\n","protected":false},"author":380,"featured_media":42751,"comment_status":"closed","ping_status":"open","sticky":false,"template":"","format":"standard","meta":{"footnotes":""},"categories":[39],"tags":[58],"class_list":["post-42749","post","type-post","status-publish","format-standard","has-post-thumbnail","hentry","category-noticias","tag-jornalismo"],"rttpg_featured_image_url":{"full":["https:\/\/goias.gov.br\/abc\/wp-content\/uploads\/sites\/23\/2024\/11\/Centro-de-Midias-GoiasTec-2-1536x1155-1.jpeg",1536,768,false],"landscape":["https:\/\/goias.gov.br\/abc\/wp-content\/uploads\/sites\/23\/2024\/11\/Centro-de-Midias-GoiasTec-2-1536x1155-1.jpeg",1536,768,false],"portraits":["https:\/\/goias.gov.br\/abc\/wp-content\/uploads\/sites\/23\/2024\/11\/Centro-de-Midias-GoiasTec-2-1536x1155-1.jpeg",1536,768,false],"thumbnail":["https:\/\/goias.gov.br\/abc\/wp-content\/uploads\/sites\/23\/2024\/11\/Centro-de-Midias-GoiasTec-2-1536x1155-1-150x150.jpeg",150,150,true],"medium":["https:\/\/goias.gov.br\/abc\/wp-content\/uploads\/sites\/23\/2024\/11\/Centro-de-Midias-GoiasTec-2-1536x1155-1-300x150.jpeg",300,150,true],"large":["https:\/\/goias.gov.br\/abc\/wp-content\/uploads\/sites\/23\/2024\/11\/Centro-de-Midias-GoiasTec-2-1536x1155-1-1024x512.jpeg",1024,512,true],"1536x1536":["https:\/\/goias.gov.br\/abc\/wp-content\/uploads\/sites\/23\/2024\/11\/Centro-de-Midias-GoiasTec-2-1536x1155-1.jpeg",1536,768,false],"2048x2048":["https:\/\/goias.gov.br\/abc\/wp-content\/uploads\/sites\/23\/2024\/11\/Centro-de-Midias-GoiasTec-2-1536x1155-1.jpeg",1536,768,false]},"rttpg_author":{"display_name":"nadialima","author_link":"https:\/\/goias.gov.br\/abc\/author\/nadialima\/"},"rttpg_comment":0,"rttpg_category":"<a href=\"https:\/\/goias.gov.br\/abc\/categoria\/institucional\/noticias\/\" rel=\"category tag\">Not\u00edcias<\/a>","rttpg_excerpt":"A secretaria de Estado da Educa\u00e7\u00e3o (Seduc) inaugurou nesta segunda-feira (11), a nova sede do Centro de M\u00eddias do programa Goi\u00e1sTec de media\u00e7\u00e3o tecnol\u00f3gica. O espa\u00e7o recebeu investimentos de R$ 10 milh\u00f5es do tesouro estadual. O governador Ronaldo Caiado participou da solenidade, assim como a titular da pasta, F\u00e1tima Gavioli. As novas instala\u00e7\u00f5es prometem ampliar&hellip;","_links":{"self":[{"href":"https:\/\/goias.gov.br\/abc\/wp-json\/wp\/v2\/posts\/42749","targetHints":{"allow":["GET"]}}],"collection":[{"href":"https:\/\/goias.gov.br\/abc\/wp-json\/wp\/v2\/posts"}],"about":[{"href":"https:\/\/goias.gov.br\/abc\/wp-json\/wp\/v2\/types\/post"}],"author":[{"embeddable":true,"href":"https:\/\/goias.gov.br\/abc\/wp-json\/wp\/v2\/users\/380"}],"replies":[{"embeddable":true,"href":"https:\/\/goias.gov.br\/abc\/wp-json\/wp\/v2\/comments?post=42749"}],"version-history":[{"count":2,"href":"https:\/\/goias.gov.br\/abc\/wp-json\/wp\/v2\/posts\/42749\/revisions"}],"predecessor-version":[{"id":43041,"href":"https:\/\/goias.gov.br\/abc\/wp-json\/wp\/v2\/posts\/42749\/revisions\/43041"}],"wp:featuredmedia":[{"embeddable":true,"href":"https:\/\/goias.gov.br\/abc\/wp-json\/wp\/v2\/media\/42751"}],"wp:attachment":[{"href":"https:\/\/goias.gov.br\/abc\/wp-json\/wp\/v2\/media?parent=42749"}],"wp:term":[{"taxonomy":"category","embeddable":true,"href":"https:\/\/goias.gov.br\/abc\/wp-json\/wp\/v2\/categories?post=42749"},{"taxonomy":"post_tag","embeddable":true,"href":"https:\/\/goias.gov.br\/abc\/wp-json\/wp\/v2\/tags?post=42749"}],"curies":[{"name":"wp","href":"https:\/\/api.w.org\/{rel}","templated":true}]}}