

{"id":39323,"date":"2024-10-25T09:00:14","date_gmt":"2024-10-25T12:00:14","guid":{"rendered":"https:\/\/goias.gov.br\/abc\/?p=39323"},"modified":"2024-10-25T15:10:57","modified_gmt":"2024-10-25T18:10:57","slug":"projeto-incentiva-a-participacao-de-meninas-na-ciencia","status":"publish","type":"post","link":"https:\/\/goias.gov.br\/abc\/projeto-incentiva-a-participacao-de-meninas-na-ciencia\/","title":{"rendered":"Projeto incentiva a participa\u00e7\u00e3o de meninas na ci\u00eancia"},"content":{"rendered":"\n<p>O governo de Goi\u00e1s, por meio da Funda\u00e7\u00e3o de Amparo \u00e0 Pesquisa do Estado de Goi\u00e1s (Fapeg), est\u00e1 fomentando um projeto de extens\u00e3o para promover a inclus\u00e3o de meninas e estimular a equidade de g\u00eanero nas \u00e1reas de ci\u00eancias, tecnologia, engenharia e matem\u00e1tica. A iniciativa \u00e9 conduzida por uma equipe de pesquisadoras do Instituto Federal Goiano (IF Goiano) do campus de Ipor\u00e1 e vai envolver cerca de 110 estudantes de escolas p\u00fablicas estaduais.<\/p>\n\n\n\n<p>O gerente cient\u00edfico da Fape, Fritz Eduardo Kasbaum esteve nesta sexta-feira (25) no est\u00fadio do programa <em>O Mundo em Sua Casa<\/em>. Ele falou que o projeto faz parte do programa conduzido pela Secretaria de Estado de Ci\u00eancia e Tecnologia e Inova\u00e7\u00e3o (Secti), denominado <em>Goianas na Ci\u00eancia e na Inova\u00e7\u00e3o<\/em><strong>.<\/strong> Segundo o gerente, a participa\u00e7\u00e3o da Fapeg se d\u00e1 atrav\u00e9s do lan\u00e7amento, este ano, de dois editais: um para apoiar pesquisadoras mulheres na ci\u00eancia e outro para apoiar meninas nesta \u00e1rea, principalmente em carreiras onde a participa\u00e7\u00e3o feminina ainda \u00e9 muito incipiente. Contou que, em 2023, a Funda\u00e7\u00e3o realizou o evento <em>Roda de Conversa <\/em>com pesquisadoras e p\u00f3s-graduandas, onde ouviu delas as dificuldades enfrentadas para evoluir na carreira.<\/p>\n\n\n\n<p><strong>ABC Digital<\/strong><\/p>\n\n\n\n<figure class=\"wp-block-embed aligncenter is-type-video is-provider-youtube wp-block-embed-youtube wp-embed-aspect-16-9 wp-has-aspect-ratio\"><div class=\"wp-block-embed__wrapper\">\n<iframe title=\"O MUNDO |25-10| Projeto incentiva participa\u00e7\u00e3o de Meninas na Ci\u00eancia\" width=\"500\" height=\"281\" src=\"https:\/\/www.youtube.com\/embed\/IllqtG7DqhA?feature=oembed\" frameborder=\"0\" allow=\"accelerometer; autoplay; clipboard-write; encrypted-media; gyroscope; picture-in-picture; web-share\" referrerpolicy=\"strict-origin-when-cross-origin\" allowfullscreen><\/iframe>\n<\/div><\/figure>\n","protected":false},"excerpt":{"rendered":"<p>O governo de Goi\u00e1s, por meio da Funda\u00e7\u00e3o de Amparo \u00e0 Pesquisa do Estado de Goi\u00e1s (Fapeg), est\u00e1 fomentando um projeto de extens\u00e3o para promover a inclus\u00e3o de meninas e estimular a equidade de g\u00eanero nas \u00e1reas de ci\u00eancias, tecnologia, engenharia e matem\u00e1tica. A iniciativa \u00e9 conduzida por uma equipe de pesquisadoras do Instituto Federal [&hellip;]<\/p>\n","protected":false},"author":379,"featured_media":39330,"comment_status":"closed","ping_status":"open","sticky":false,"template":"","format":"standard","meta":{"footnotes":""},"categories":[39],"tags":[58],"class_list":["post-39323","post","type-post","status-publish","format-standard","has-post-thumbnail","hentry","category-noticias","tag-jornalismo"],"rttpg_featured_image_url":{"full":["https:\/\/goias.gov.br\/abc\/wp-content\/uploads\/sites\/23\/2024\/10\/2024.10.25_OMESC_FAPEG.jpg",1200,600,false],"landscape":["https:\/\/goias.gov.br\/abc\/wp-content\/uploads\/sites\/23\/2024\/10\/2024.10.25_OMESC_FAPEG.jpg",1200,600,false],"portraits":["https:\/\/goias.gov.br\/abc\/wp-content\/uploads\/sites\/23\/2024\/10\/2024.10.25_OMESC_FAPEG.jpg",1200,600,false],"thumbnail":["https:\/\/goias.gov.br\/abc\/wp-content\/uploads\/sites\/23\/2024\/10\/2024.10.25_OMESC_FAPEG-150x150.jpg",150,150,true],"medium":["https:\/\/goias.gov.br\/abc\/wp-content\/uploads\/sites\/23\/2024\/10\/2024.10.25_OMESC_FAPEG-300x150.jpg",300,150,true],"large":["https:\/\/goias.gov.br\/abc\/wp-content\/uploads\/sites\/23\/2024\/10\/2024.10.25_OMESC_FAPEG-1024x512.jpg",1024,512,true],"1536x1536":["https:\/\/goias.gov.br\/abc\/wp-content\/uploads\/sites\/23\/2024\/10\/2024.10.25_OMESC_FAPEG.jpg",1200,600,false],"2048x2048":["https:\/\/goias.gov.br\/abc\/wp-content\/uploads\/sites\/23\/2024\/10\/2024.10.25_OMESC_FAPEG.jpg",1200,600,false]},"rttpg_author":{"display_name":"marizasantana","author_link":"https:\/\/goias.gov.br\/abc\/author\/marizasantana\/"},"rttpg_comment":0,"rttpg_category":"<a href=\"https:\/\/goias.gov.br\/abc\/categoria\/institucional\/noticias\/\" rel=\"category tag\">Not\u00edcias<\/a>","rttpg_excerpt":"O governo de Goi\u00e1s, por meio da Funda\u00e7\u00e3o de Amparo \u00e0 Pesquisa do Estado de Goi\u00e1s (Fapeg), est\u00e1 fomentando um projeto de extens\u00e3o para promover a inclus\u00e3o de meninas e estimular a equidade de g\u00eanero nas \u00e1reas de ci\u00eancias, tecnologia, engenharia e matem\u00e1tica. A iniciativa \u00e9 conduzida por uma equipe de pesquisadoras do Instituto Federal&hellip;","_links":{"self":[{"href":"https:\/\/goias.gov.br\/abc\/wp-json\/wp\/v2\/posts\/39323","targetHints":{"allow":["GET"]}}],"collection":[{"href":"https:\/\/goias.gov.br\/abc\/wp-json\/wp\/v2\/posts"}],"about":[{"href":"https:\/\/goias.gov.br\/abc\/wp-json\/wp\/v2\/types\/post"}],"author":[{"embeddable":true,"href":"https:\/\/goias.gov.br\/abc\/wp-json\/wp\/v2\/users\/379"}],"replies":[{"embeddable":true,"href":"https:\/\/goias.gov.br\/abc\/wp-json\/wp\/v2\/comments?post=39323"}],"version-history":[{"count":2,"href":"https:\/\/goias.gov.br\/abc\/wp-json\/wp\/v2\/posts\/39323\/revisions"}],"predecessor-version":[{"id":39439,"href":"https:\/\/goias.gov.br\/abc\/wp-json\/wp\/v2\/posts\/39323\/revisions\/39439"}],"wp:featuredmedia":[{"embeddable":true,"href":"https:\/\/goias.gov.br\/abc\/wp-json\/wp\/v2\/media\/39330"}],"wp:attachment":[{"href":"https:\/\/goias.gov.br\/abc\/wp-json\/wp\/v2\/media?parent=39323"}],"wp:term":[{"taxonomy":"category","embeddable":true,"href":"https:\/\/goias.gov.br\/abc\/wp-json\/wp\/v2\/categories?post=39323"},{"taxonomy":"post_tag","embeddable":true,"href":"https:\/\/goias.gov.br\/abc\/wp-json\/wp\/v2\/tags?post=39323"}],"curies":[{"name":"wp","href":"https:\/\/api.w.org\/{rel}","templated":true}]}}