

{"id":34769,"date":"2024-09-30T09:25:00","date_gmt":"2024-09-30T12:25:00","guid":{"rendered":"https:\/\/goias.gov.br\/abc\/?p=34769"},"modified":"2024-09-30T09:56:38","modified_gmt":"2024-09-30T12:56:38","slug":"programa-foca-a-saude-mental-do-servidor-publico","status":"publish","type":"post","link":"https:\/\/goias.gov.br\/abc\/programa-foca-a-saude-mental-do-servidor-publico\/","title":{"rendered":"Programa foca a sa\u00fade mental do servidor p\u00fablico"},"content":{"rendered":"\n<p>A sa\u00fade mental tem sido um dos principais temas discutidos na atualidade para a promo\u00e7\u00e3o do bem-estar e bom desempenho dos profissionais no ambiente de trabalho. Por isso, a Procuradoria-Geral do Estado (PGE) lan\u00e7ou, na \u00faltima sexta-feira (27), o programa de acolhimento, denominado <em>Trilha Terap\u00eautica<\/em>, com atendimento psicol\u00f3gico on-line e gratuito aos servidores p\u00fablicos do Poder Executivo. O evento foi tema de reportagem exibida no <em>Jornal Brasil Central <\/em>do \u00faltimo s\u00e1bado (28).<\/p>\n\n\n\n<p>Segundo o secret\u00e1rio de Estado de Administra\u00e7\u00e3o (Sead), Alan Tavares, o projeto-piloto tem in\u00edcio na PGE e a meta \u00e9 lev\u00e1-lo para todos os \u00f3rg\u00e3os do estado. \u201cPorque para o servidor entregar aquele servi\u00e7o p\u00fablico de qualidade, que \u00e9 o anseio de todos da popula\u00e7\u00e3o e do governo, ele precisa estar bem tanto psicologicamente quanto fisicamente\u201d, argumentou. O procurador-geral do Estado, Rafael Arruda, destacou que o tema tem \u201cimport\u00e2ncia internacional e o Poder P\u00fablico n\u00e3o pode, obviamente, negligenci\u00e1-lo\u201d.<\/p>\n\n\n\n<p>O diretor executivo da Sa\u00fade do Servidor da Sead, F\u00e1bio Chacur, explicou que a tr\u00edade do afastamento mensal sempre ocorre por sobrecarga de trabalho, discrimina\u00e7\u00e3o e desigualdade. Acrescentou que a meta \u00e9 a preven\u00e7\u00e3o, com o treinamento de gestores, um bom programa de sa\u00fade mental e o acolhimento ao servidor que fica afastado. \u201cAo retornar ao trabalho, o servidor precisa contar com o apoio, tanto da chefia imediata como da diretoria executiva da Sa\u00fade, completou.<\/p>\n\n\n\n<p><strong>ABC Digital<\/strong><\/p>\n","protected":false},"excerpt":{"rendered":"<p>A sa\u00fade mental tem sido um dos principais temas discutidos na atualidade para a promo\u00e7\u00e3o do bem-estar e bom desempenho dos profissionais no ambiente de trabalho. Por isso, a Procuradoria-Geral do Estado (PGE) lan\u00e7ou, na \u00faltima sexta-feira (27), o programa de acolhimento, denominado Trilha Terap\u00eautica, com atendimento psicol\u00f3gico on-line e gratuito aos servidores p\u00fablicos do [&hellip;]<\/p>\n","protected":false},"author":379,"featured_media":34779,"comment_status":"closed","ping_status":"open","sticky":false,"template":"","format":"standard","meta":{"footnotes":""},"categories":[39],"tags":[58],"class_list":["post-34769","post","type-post","status-publish","format-standard","has-post-thumbnail","hentry","category-noticias","tag-jornalismo"],"rttpg_featured_image_url":{"full":["https:\/\/goias.gov.br\/abc\/wp-content\/uploads\/sites\/23\/2024\/09\/2024.09.30_JBC_SERVIDOR.jpg",1200,600,false],"landscape":["https:\/\/goias.gov.br\/abc\/wp-content\/uploads\/sites\/23\/2024\/09\/2024.09.30_JBC_SERVIDOR.jpg",1200,600,false],"portraits":["https:\/\/goias.gov.br\/abc\/wp-content\/uploads\/sites\/23\/2024\/09\/2024.09.30_JBC_SERVIDOR.jpg",1200,600,false],"thumbnail":["https:\/\/goias.gov.br\/abc\/wp-content\/uploads\/sites\/23\/2024\/09\/2024.09.30_JBC_SERVIDOR-150x150.jpg",150,150,true],"medium":["https:\/\/goias.gov.br\/abc\/wp-content\/uploads\/sites\/23\/2024\/09\/2024.09.30_JBC_SERVIDOR-300x150.jpg",300,150,true],"large":["https:\/\/goias.gov.br\/abc\/wp-content\/uploads\/sites\/23\/2024\/09\/2024.09.30_JBC_SERVIDOR-1024x512.jpg",1024,512,true],"1536x1536":["https:\/\/goias.gov.br\/abc\/wp-content\/uploads\/sites\/23\/2024\/09\/2024.09.30_JBC_SERVIDOR.jpg",1200,600,false],"2048x2048":["https:\/\/goias.gov.br\/abc\/wp-content\/uploads\/sites\/23\/2024\/09\/2024.09.30_JBC_SERVIDOR.jpg",1200,600,false]},"rttpg_author":{"display_name":"marizasantana","author_link":"https:\/\/goias.gov.br\/abc\/author\/marizasantana\/"},"rttpg_comment":0,"rttpg_category":"<a href=\"https:\/\/goias.gov.br\/abc\/categoria\/institucional\/noticias\/\" rel=\"category tag\">Not\u00edcias<\/a>","rttpg_excerpt":"A sa\u00fade mental tem sido um dos principais temas discutidos na atualidade para a promo\u00e7\u00e3o do bem-estar e bom desempenho dos profissionais no ambiente de trabalho. Por isso, a Procuradoria-Geral do Estado (PGE) lan\u00e7ou, na \u00faltima sexta-feira (27), o programa de acolhimento, denominado Trilha Terap\u00eautica, com atendimento psicol\u00f3gico on-line e gratuito aos servidores p\u00fablicos do&hellip;","_links":{"self":[{"href":"https:\/\/goias.gov.br\/abc\/wp-json\/wp\/v2\/posts\/34769","targetHints":{"allow":["GET"]}}],"collection":[{"href":"https:\/\/goias.gov.br\/abc\/wp-json\/wp\/v2\/posts"}],"about":[{"href":"https:\/\/goias.gov.br\/abc\/wp-json\/wp\/v2\/types\/post"}],"author":[{"embeddable":true,"href":"https:\/\/goias.gov.br\/abc\/wp-json\/wp\/v2\/users\/379"}],"replies":[{"embeddable":true,"href":"https:\/\/goias.gov.br\/abc\/wp-json\/wp\/v2\/comments?post=34769"}],"version-history":[{"count":2,"href":"https:\/\/goias.gov.br\/abc\/wp-json\/wp\/v2\/posts\/34769\/revisions"}],"predecessor-version":[{"id":34795,"href":"https:\/\/goias.gov.br\/abc\/wp-json\/wp\/v2\/posts\/34769\/revisions\/34795"}],"wp:featuredmedia":[{"embeddable":true,"href":"https:\/\/goias.gov.br\/abc\/wp-json\/wp\/v2\/media\/34779"}],"wp:attachment":[{"href":"https:\/\/goias.gov.br\/abc\/wp-json\/wp\/v2\/media?parent=34769"}],"wp:term":[{"taxonomy":"category","embeddable":true,"href":"https:\/\/goias.gov.br\/abc\/wp-json\/wp\/v2\/categories?post=34769"},{"taxonomy":"post_tag","embeddable":true,"href":"https:\/\/goias.gov.br\/abc\/wp-json\/wp\/v2\/tags?post=34769"}],"curies":[{"name":"wp","href":"https:\/\/api.w.org\/{rel}","templated":true}]}}