

{"id":33239,"date":"2024-09-18T09:31:46","date_gmt":"2024-09-18T12:31:46","guid":{"rendered":"https:\/\/goias.gov.br\/abc\/?p=33239"},"modified":"2024-09-18T09:31:46","modified_gmt":"2024-09-18T12:31:46","slug":"estado-comemora-bom-resultado-do-programa-alfamais-e-debate-novas-metas","status":"publish","type":"post","link":"https:\/\/goias.gov.br\/abc\/estado-comemora-bom-resultado-do-programa-alfamais-e-debate-novas-metas\/","title":{"rendered":"Estado comemora bom resultado do programa AlfaMais e debate novas metas"},"content":{"rendered":"\n<p>Prefeitos e secret\u00e1rios de Educa\u00e7\u00e3o dos 147 munic\u00edpios goianos que alcan\u00e7aram \u00edndice acima da m\u00e9dia na alfabetiza\u00e7\u00e3o infantil se reuniram em Goi\u00e2nia na ter\u00e7a-feira (17), em evento organizado pela Secretaria de Estado da Educa\u00e7\u00e3o (Seduc), Na ocasi\u00e3o foram comemorados o bom desempenho dos alunos e discutidas novas metas no \u00e2mbito do programa AlfaMais Goi\u00e1s, cujo objetivo \u00e9 garantir a alfabetiza\u00e7\u00e3o dos alunos na idade certa, ou seja, at\u00e9 o fim do segundo ano do ensino fundamental. O evento, realizado no audit\u00f3rio da Seduc em Goi\u00e2nia, foi mostrado no programa <em>TBC News<\/em>.<\/p>\n\n\n\n<p>\u201cPodemos comemorar os resultados, mas temos de trabalhar mais para alcan\u00e7ar a meta de alunos alfabetizados at\u00e9 o segundo ano, atingindo 100% que \u00e9 o \u00edndice ideal\u201d, enfatizou a secret\u00e1ria da Educa\u00e7\u00e3o, F\u00e1tima Gavioli, acrescentando que o AlfaMais \u00e9 um programa colaborativo. \u201cSignifica unir as redes e ter um sistema, ent\u00e3o n\u00e3o \u00e9 cada qual fazendo do seu jeito, somos todos fazendo o melhor pela educa\u00e7\u00e3o, juntos\u201d, refor\u00e7ou ela. Conforme avalia\u00e7\u00e3o do Instituto Nacional de Estudos Educacionais An\u00edsio Teixeira (Inep), em Goi\u00e1s 86% dos alunos de 147 munic\u00edpios conseguiram atingir ou superar a meta.<\/p>\n\n\n\n<p>O programa Alfa Mais Goi\u00e1s foi lan\u00e7ado em 2019 ap\u00f3s a constata\u00e7\u00e3o de que mais de 5 mil estudantes da rede p\u00fablica n\u00e3o sabiam ler e nem escrever de forma correta. Com o AlfaMais, em 2023, um total de 67% dos alunos em todos os munic\u00edpios que conclu\u00edram o segundo ano do ensino fundamental ultrapassaram o ponto de corte da avalia\u00e7\u00e3o do Inep, ou seja, numa escala de zero a mil, o \u00edndice alcan\u00e7ado foi de 743, o que significa n\u00edvel satisfat\u00f3rio de alfabetiza\u00e7\u00e3o. Para otimizar os resultados, o governo de Goi\u00e1s j\u00e1 investiu R$ 85 milh\u00f5es em materiais did\u00e1ticos, capacita\u00e7\u00e3o de professores e melhoria da infraestrutura. O programa \u00e9 coordenado pela Seduc e executado pelas secretarias municipais de Educa\u00e7\u00e3o.<\/p>\n\n\n\n<p><strong>ABC Digital<\/strong><\/p>\n","protected":false},"excerpt":{"rendered":"<p>Prefeitos e secret\u00e1rios de Educa\u00e7\u00e3o dos 147 munic\u00edpios goianos que alcan\u00e7aram \u00edndice acima da m\u00e9dia na alfabetiza\u00e7\u00e3o infantil se reuniram em Goi\u00e2nia na ter\u00e7a-feira (17), em evento organizado pela Secretaria de Estado da Educa\u00e7\u00e3o (Seduc), Na ocasi\u00e3o foram comemorados o bom desempenho dos alunos e discutidas novas metas no \u00e2mbito do programa AlfaMais Goi\u00e1s, cujo [&hellip;]<\/p>\n","protected":false},"author":381,"featured_media":33231,"comment_status":"closed","ping_status":"open","sticky":false,"template":"","format":"standard","meta":{"footnotes":""},"categories":[39],"tags":[58],"class_list":["post-33239","post","type-post","status-publish","format-standard","has-post-thumbnail","hentry","category-noticias","tag-jornalismo"],"rttpg_featured_image_url":{"full":["https:\/\/goias.gov.br\/abc\/wp-content\/uploads\/sites\/23\/2024\/09\/2024.09.18_TBCN_EDUCACAO.jpg",1200,600,false],"landscape":["https:\/\/goias.gov.br\/abc\/wp-content\/uploads\/sites\/23\/2024\/09\/2024.09.18_TBCN_EDUCACAO.jpg",1200,600,false],"portraits":["https:\/\/goias.gov.br\/abc\/wp-content\/uploads\/sites\/23\/2024\/09\/2024.09.18_TBCN_EDUCACAO.jpg",1200,600,false],"thumbnail":["https:\/\/goias.gov.br\/abc\/wp-content\/uploads\/sites\/23\/2024\/09\/2024.09.18_TBCN_EDUCACAO-150x150.jpg",150,150,true],"medium":["https:\/\/goias.gov.br\/abc\/wp-content\/uploads\/sites\/23\/2024\/09\/2024.09.18_TBCN_EDUCACAO-300x150.jpg",300,150,true],"large":["https:\/\/goias.gov.br\/abc\/wp-content\/uploads\/sites\/23\/2024\/09\/2024.09.18_TBCN_EDUCACAO-1024x512.jpg",1024,512,true],"1536x1536":["https:\/\/goias.gov.br\/abc\/wp-content\/uploads\/sites\/23\/2024\/09\/2024.09.18_TBCN_EDUCACAO.jpg",1200,600,false],"2048x2048":["https:\/\/goias.gov.br\/abc\/wp-content\/uploads\/sites\/23\/2024\/09\/2024.09.18_TBCN_EDUCACAO.jpg",1200,600,false]},"rttpg_author":{"display_name":"paulolicio","author_link":"https:\/\/goias.gov.br\/abc\/author\/paulolicio\/"},"rttpg_comment":0,"rttpg_category":"<a href=\"https:\/\/goias.gov.br\/abc\/categoria\/institucional\/noticias\/\" rel=\"category tag\">Not\u00edcias<\/a>","rttpg_excerpt":"Prefeitos e secret\u00e1rios de Educa\u00e7\u00e3o dos 147 munic\u00edpios goianos que alcan\u00e7aram \u00edndice acima da m\u00e9dia na alfabetiza\u00e7\u00e3o infantil se reuniram em Goi\u00e2nia na ter\u00e7a-feira (17), em evento organizado pela Secretaria de Estado da Educa\u00e7\u00e3o (Seduc), Na ocasi\u00e3o foram comemorados o bom desempenho dos alunos e discutidas novas metas no \u00e2mbito do programa AlfaMais Goi\u00e1s, cujo&hellip;","_links":{"self":[{"href":"https:\/\/goias.gov.br\/abc\/wp-json\/wp\/v2\/posts\/33239","targetHints":{"allow":["GET"]}}],"collection":[{"href":"https:\/\/goias.gov.br\/abc\/wp-json\/wp\/v2\/posts"}],"about":[{"href":"https:\/\/goias.gov.br\/abc\/wp-json\/wp\/v2\/types\/post"}],"author":[{"embeddable":true,"href":"https:\/\/goias.gov.br\/abc\/wp-json\/wp\/v2\/users\/381"}],"replies":[{"embeddable":true,"href":"https:\/\/goias.gov.br\/abc\/wp-json\/wp\/v2\/comments?post=33239"}],"version-history":[{"count":1,"href":"https:\/\/goias.gov.br\/abc\/wp-json\/wp\/v2\/posts\/33239\/revisions"}],"predecessor-version":[{"id":33242,"href":"https:\/\/goias.gov.br\/abc\/wp-json\/wp\/v2\/posts\/33239\/revisions\/33242"}],"wp:featuredmedia":[{"embeddable":true,"href":"https:\/\/goias.gov.br\/abc\/wp-json\/wp\/v2\/media\/33231"}],"wp:attachment":[{"href":"https:\/\/goias.gov.br\/abc\/wp-json\/wp\/v2\/media?parent=33239"}],"wp:term":[{"taxonomy":"category","embeddable":true,"href":"https:\/\/goias.gov.br\/abc\/wp-json\/wp\/v2\/categories?post=33239"},{"taxonomy":"post_tag","embeddable":true,"href":"https:\/\/goias.gov.br\/abc\/wp-json\/wp\/v2\/tags?post=33239"}],"curies":[{"name":"wp","href":"https:\/\/api.w.org\/{rel}","templated":true}]}}