

{"id":26974,"date":"2024-08-08T10:05:30","date_gmt":"2024-08-08T13:05:30","guid":{"rendered":"https:\/\/goias.gov.br\/abc\/?p=26974"},"modified":"2024-08-08T10:07:07","modified_gmt":"2024-08-08T13:07:07","slug":"programa-de-quinta-traz-convidados-da-amare-fashion-e-banda-ousel","status":"publish","type":"post","link":"https:\/\/goias.gov.br\/abc\/programa-de-quinta-traz-convidados-da-amare-fashion-e-banda-ousel\/","title":{"rendered":"Programa de Quinta traz convidados da Amar\u00ea Fashion e banda Ousel"},"content":{"rendered":"\n<p>O <em>Programa de Quinta <\/em>hoje (8) traz um combinado ao vivo das apresentadoras Maz\u00e9 Alves e Gra\u00e7a Torres. Enquanto Maz\u00e9 comanda a atra\u00e7\u00e3o do est\u00fadio tendo como convidada a banda Ousel, Gra\u00e7a Torres estar\u00e1 em link direto do programa na Amar\u00ea Fashion, a Semana da Moda Goiana, que est\u00e1 sendo realizada no Centro Cultural Oscar Niemeyer. A atra\u00e7\u00e3o vai ao ar \u00e0s 16 horas na tela da TV Brasil Central.<br><\/p>\n\n\n\n<p>A convidada musical do programa no est\u00fadio \u00e9 a banda Ousel, nova sensa\u00e7\u00e3o do rock independente goiano, agora no selo Monstro Discos. Formada em 2017, a Ousel conta com Tha\u00eds Michelone no vocal, o trio de guitarristas e baixistas Renato Fernandes, T\u00falio Queiroz e Pedro Felipe, mais Kisley Silva nos teclados e Raphael de Almeida na bateria. O grupo navega pela sonoridade do chamado <em>dream pop<\/em> e j\u00e1 lan\u00e7ou um \u00e1lbum e dois Eps com m\u00fasicas em ingl\u00eas. O pr\u00f3ximo \u00e1lbum marcar\u00e1 a transi\u00e7\u00e3o para faixas cantadas em portugu\u00eas.<br><br><strong>Moda<\/strong><\/p>\n\n\n\n<p>E l\u00e1 da Amar\u00ea Fashion \u2013 Semana da Moda Goiana, Gra\u00e7a Torres vai falar com convidados especiais do evento. Ela conversar\u00e1 com a estilista Tati Praxedes, criadora da marca Praxedes, com o designer Jum Nakao, Ildeth Dias de Sousa, coordenadora de moda do Senac Goi\u00e1s, o tamb\u00e9m designer de moda Jo\u00e3o Nell e com Thais Oliveira, que \u00e9 gestora estadual de moda do Sebrae.<br><br>Al\u00e9m de falar de suas trajet\u00f3rias, eles contar\u00e3o como atuar\u00e3o na edi\u00e7\u00e3o deste ano da Semana da Moda Goiana, uma realiza\u00e7\u00e3o do Sebrae e Senac em parceria com o governo estadual. Em sua terceira edi\u00e7\u00e3o, Amar\u00ea Fashion conta tamb\u00e9m com apoio institucional da Ag\u00eancia Brasil Central. O evento vai at\u00e9 s\u00e1bado (10) com desfiles, palestras, exposi\u00e7\u00e3o de marcas e rodadas de neg\u00f3cio. Al\u00e9m de assistir ao<em> Programa de Quinta<\/em> pela telinha da TBC, o telespectador pode ver a reprise nesta mesma quinta, \u00e0s 23 horas, ou no domingo, a partir das 19 horas. Ele tamb\u00e9m fica no canal do Youtube da TV Brasil Central.<\/p>\n\n\n\n<p><strong>ABC Digital<\/strong><\/p>\n\n\n\n<figure class=\"wp-block-embed aligncenter is-type-video is-provider-youtube wp-block-embed-youtube wp-embed-aspect-4-3 wp-has-aspect-ratio\"><div class=\"wp-block-embed__wrapper\">\n<iframe title=\"PROGRAMA DE QUINTA | 08\/08\/2024\" width=\"500\" height=\"375\" src=\"https:\/\/www.youtube.com\/embed\/rKlxQ97_pX0?feature=oembed\" frameborder=\"0\" allow=\"accelerometer; autoplay; clipboard-write; encrypted-media; gyroscope; picture-in-picture; web-share\" referrerpolicy=\"strict-origin-when-cross-origin\" allowfullscreen><\/iframe>\n<\/div><\/figure>\n","protected":false},"excerpt":{"rendered":"<p>O Programa de Quinta hoje (8) traz um combinado ao vivo das apresentadoras Maz\u00e9 Alves e Gra\u00e7a Torres. Enquanto Maz\u00e9 comanda a atra\u00e7\u00e3o do est\u00fadio tendo como convidada a banda Ousel, Gra\u00e7a Torres estar\u00e1 em link direto do programa na Amar\u00ea Fashion, a Semana da Moda Goiana, que est\u00e1 sendo realizada no Centro Cultural Oscar [&hellip;]<\/p>\n","protected":false},"author":380,"featured_media":26977,"comment_status":"closed","ping_status":"open","sticky":false,"template":"","format":"standard","meta":{"footnotes":""},"categories":[39],"tags":[57],"class_list":["post-26974","post","type-post","status-publish","format-standard","has-post-thumbnail","hentry","category-noticias","tag-programacao"],"rttpg_featured_image_url":{"full":["https:\/\/goias.gov.br\/abc\/wp-content\/uploads\/sites\/23\/2024\/08\/8.8_PROGRAMA_QUINTA.jpeg",1200,600,false],"landscape":["https:\/\/goias.gov.br\/abc\/wp-content\/uploads\/sites\/23\/2024\/08\/8.8_PROGRAMA_QUINTA.jpeg",1200,600,false],"portraits":["https:\/\/goias.gov.br\/abc\/wp-content\/uploads\/sites\/23\/2024\/08\/8.8_PROGRAMA_QUINTA.jpeg",1200,600,false],"thumbnail":["https:\/\/goias.gov.br\/abc\/wp-content\/uploads\/sites\/23\/2024\/08\/8.8_PROGRAMA_QUINTA-150x150.jpeg",150,150,true],"medium":["https:\/\/goias.gov.br\/abc\/wp-content\/uploads\/sites\/23\/2024\/08\/8.8_PROGRAMA_QUINTA-300x150.jpeg",300,150,true],"large":["https:\/\/goias.gov.br\/abc\/wp-content\/uploads\/sites\/23\/2024\/08\/8.8_PROGRAMA_QUINTA-1024x512.jpeg",1024,512,true],"1536x1536":["https:\/\/goias.gov.br\/abc\/wp-content\/uploads\/sites\/23\/2024\/08\/8.8_PROGRAMA_QUINTA.jpeg",1200,600,false],"2048x2048":["https:\/\/goias.gov.br\/abc\/wp-content\/uploads\/sites\/23\/2024\/08\/8.8_PROGRAMA_QUINTA.jpeg",1200,600,false]},"rttpg_author":{"display_name":"nadialima","author_link":"https:\/\/goias.gov.br\/abc\/author\/nadialima\/"},"rttpg_comment":0,"rttpg_category":"<a href=\"https:\/\/goias.gov.br\/abc\/categoria\/institucional\/noticias\/\" rel=\"category tag\">Not\u00edcias<\/a>","rttpg_excerpt":"O Programa de Quinta hoje (8) traz um combinado ao vivo das apresentadoras Maz\u00e9 Alves e Gra\u00e7a Torres. Enquanto Maz\u00e9 comanda a atra\u00e7\u00e3o do est\u00fadio tendo como convidada a banda Ousel, Gra\u00e7a Torres estar\u00e1 em link direto do programa na Amar\u00ea Fashion, a Semana da Moda Goiana, que est\u00e1 sendo realizada no Centro Cultural Oscar&hellip;","_links":{"self":[{"href":"https:\/\/goias.gov.br\/abc\/wp-json\/wp\/v2\/posts\/26974","targetHints":{"allow":["GET"]}}],"collection":[{"href":"https:\/\/goias.gov.br\/abc\/wp-json\/wp\/v2\/posts"}],"about":[{"href":"https:\/\/goias.gov.br\/abc\/wp-json\/wp\/v2\/types\/post"}],"author":[{"embeddable":true,"href":"https:\/\/goias.gov.br\/abc\/wp-json\/wp\/v2\/users\/380"}],"replies":[{"embeddable":true,"href":"https:\/\/goias.gov.br\/abc\/wp-json\/wp\/v2\/comments?post=26974"}],"version-history":[{"count":2,"href":"https:\/\/goias.gov.br\/abc\/wp-json\/wp\/v2\/posts\/26974\/revisions"}],"predecessor-version":[{"id":26983,"href":"https:\/\/goias.gov.br\/abc\/wp-json\/wp\/v2\/posts\/26974\/revisions\/26983"}],"wp:featuredmedia":[{"embeddable":true,"href":"https:\/\/goias.gov.br\/abc\/wp-json\/wp\/v2\/media\/26977"}],"wp:attachment":[{"href":"https:\/\/goias.gov.br\/abc\/wp-json\/wp\/v2\/media?parent=26974"}],"wp:term":[{"taxonomy":"category","embeddable":true,"href":"https:\/\/goias.gov.br\/abc\/wp-json\/wp\/v2\/categories?post=26974"},{"taxonomy":"post_tag","embeddable":true,"href":"https:\/\/goias.gov.br\/abc\/wp-json\/wp\/v2\/tags?post=26974"}],"curies":[{"name":"wp","href":"https:\/\/api.w.org\/{rel}","templated":true}]}}